{"id":162798,"date":"2025-03-20T14:00:18","date_gmt":"2025-03-20T17:00:18","guid":{"rendered":"https:\/\/lavras.tv\/site\/?p=162798"},"modified":"2025-03-20T14:00:19","modified_gmt":"2025-03-20T17:00:19","slug":"datena-elogia-desistencia-de-gusttavo-lima-da-politica-e-desabafa","status":"publish","type":"post","link":"https:\/\/lavras.tv\/site\/2025\/03\/20\/datena-elogia-desistencia-de-gusttavo-lima-da-politica-e-desabafa\/","title":{"rendered":"Datena elogia desist\u00eancia de Gusttavo Lima da pol\u00edtica e desabafa"},"content":{"rendered":"<div class=\"lavra-antes-do-conteudo_2\" id=\"lavra-3571622609\"><div id=\"lavra-slider-27\" class=\"custom-slider lavra-slider-1918342661 lavra-slider\"><ul><li><div style=\"margin-left: auto;margin-right: auto;text-align: center;\" id=\"lavra-1798306915\"><a href=\"https:\/\/sistemas.lavras.mg.gov.br\/portalcidadao\/#df1b1a7c7b2a290bcb31e32771e610784662739a88807c0dacac58ede5f391a7530e299dc302d611ee73cb143fc22eaf93592e53e7b5bdb01b00a0b8d28dae460c141dd2ff83412e4dc1c31b16b25f33144a9e5620ea73b13f5bc1c59411d98439ad226e8af03840603796067d87afe130812cf3de24982d0e306f9e61e764e5\" aria-label=\"Lavras-TV&#8211;720x104px (1) (1)\"><img src=\"https:\/\/lavras.tv\/site\/wp-content\/uploads\/2025\/01\/Lavras-TV-720x104px-1-1.png\" alt=\"\"  srcset=\"https:\/\/lavras.tv\/site\/wp-content\/uploads\/2025\/01\/Lavras-TV-720x104px-1-1.png 720w, https:\/\/lavras.tv\/site\/wp-content\/uploads\/2025\/01\/Lavras-TV-720x104px-1-1-470x68.png 470w, https:\/\/lavras.tv\/site\/wp-content\/uploads\/2025\/01\/Lavras-TV-720x104px-1-1-170x25.png 170w, https:\/\/lavras.tv\/site\/wp-content\/uploads\/2025\/01\/Lavras-TV-720x104px-1-1-200x29.png 200w\" sizes=\"(max-width: 720px) 100vw, 720px\" width=\"720\" height=\"104\"  style=\"display: inline-block;\" \/><\/a><\/div><\/li><li><a href=\"https:\/\/sistemas.lavras.mg.gov.br\/portalcidadao\/#df1b1a7c7b2a290bcb31e32771e610784662739a88807c0dacac58ede5f391a7530e299dc302d611ee73cb143fc22eaf93592e53e7b5bdb01b00a0b8d28dae460c141dd2ff83412e4dc1c31b16b25f33144a9e5620ea73b13f5bc1c59411d98439ad226e8af03840603796067d87afe130812cf3de24982d0e306f9e61e764e5\" aria-label=\"Banner_Emprego_PortallavrasTV\"><img src=\"https:\/\/lavras.tv\/site\/wp-content\/uploads\/2025\/03\/Banner_Emprego_PortallavrasTV.png\" alt=\"\"  srcset=\"https:\/\/lavras.tv\/site\/wp-content\/uploads\/2025\/03\/Banner_Emprego_PortallavrasTV.png 720w, https:\/\/lavras.tv\/site\/wp-content\/uploads\/2025\/03\/Banner_Emprego_PortallavrasTV-470x68.png 470w, https:\/\/lavras.tv\/site\/wp-content\/uploads\/2025\/03\/Banner_Emprego_PortallavrasTV-170x25.png 170w, https:\/\/lavras.tv\/site\/wp-content\/uploads\/2025\/03\/Banner_Emprego_PortallavrasTV-200x29.png 200w\" sizes=\"(max-width: 720px) 100vw, 720px\" width=\"720\" height=\"104\"   \/><\/a><\/li><li><a href=\"https:\/\/sistemas.lavras.mg.gov.br\/portalcidadao\/#df1b1a7c7b2a290bcb31e32771e610784662739a88807c0dacac58ede5f391a7530e299dc302d611ee73cb143fc22eaf93592e53e7b5bdb01b00a0b8d28dae460c141dd2ff83412e4dc1c31b16b25f33144a9e5620ea73b13f5bc1c59411d98439ad226e8af03840603796067d87afe130812cf3de24982d0e306f9e61e764e5\" aria-label=\"Banner_Obras_PortallavrasTV\"><img src=\"https:\/\/lavras.tv\/site\/wp-content\/uploads\/2025\/03\/Banner_Obras_PortallavrasTV.png\" alt=\"\"  srcset=\"https:\/\/lavras.tv\/site\/wp-content\/uploads\/2025\/03\/Banner_Obras_PortallavrasTV.png 720w, https:\/\/lavras.tv\/site\/wp-content\/uploads\/2025\/03\/Banner_Obras_PortallavrasTV-470x68.png 470w, https:\/\/lavras.tv\/site\/wp-content\/uploads\/2025\/03\/Banner_Obras_PortallavrasTV-170x25.png 170w, https:\/\/lavras.tv\/site\/wp-content\/uploads\/2025\/03\/Banner_Obras_PortallavrasTV-200x29.png 200w\" sizes=\"(max-width: 720px) 100vw, 720px\" width=\"720\" height=\"104\"   \/><\/a><\/li><li><div style=\"margin-left: auto;margin-right: auto;text-align: center;\" id=\"lavra-1681070272\"><a href=\"https:\/\/sistemas.lavras.mg.gov.br\/portalcidadao\/#df1b1a7c7b2a290bcb31e32771e610784662739a88807c0dacac58ede5f391a7530e299dc302d611ee73cb143fc22eaf93592e53e7b5bdb01b00a0b8d28dae460c141dd2ff83412e4dc1c31b16b25f33144a9e5620ea73b13f5bc1c59411d98439ad226e8af03840603796067d87afe130812cf3de24982d0e306f9e61e764e5\" aria-label=\"Banner_Educa\u00e7\u00e3o_PortallavrasTV\"><img src=\"https:\/\/lavras.tv\/site\/wp-content\/uploads\/2025\/01\/Banner_Educacao_PortallavrasTV.png\" alt=\"\"  srcset=\"https:\/\/lavras.tv\/site\/wp-content\/uploads\/2025\/01\/Banner_Educacao_PortallavrasTV.png 720w, https:\/\/lavras.tv\/site\/wp-content\/uploads\/2025\/01\/Banner_Educacao_PortallavrasTV-470x68.png 470w, https:\/\/lavras.tv\/site\/wp-content\/uploads\/2025\/01\/Banner_Educacao_PortallavrasTV-170x25.png 170w, https:\/\/lavras.tv\/site\/wp-content\/uploads\/2025\/01\/Banner_Educacao_PortallavrasTV-200x29.png 200w\" sizes=\"(max-width: 720px) 100vw, 720px\" width=\"720\" height=\"104\"  style=\"display: inline-block;\" \/><\/a><\/div><\/li><li><a href=\"https:\/\/sistemas.lavras.mg.gov.br\/portalcidadao\/#df1b1a7c7b2a290bcb31e32771e610784662739a88807c0dacac58ede5f391a7530e299dc302d611ee73cb143fc22eaf93592e53e7b5bdb01b00a0b8d28dae460c141dd2ff83412e4dc1c31b16b25f33144a9e5620ea73b13f5bc1c59411d98439ad226e8af03840603796067d87afe130812cf3de24982d0e306f9e61e764e5\" aria-label=\"Banner_Sa\u00fade_PortallavrasTV\"><img src=\"https:\/\/lavras.tv\/site\/wp-content\/uploads\/2025\/03\/Banner_Saude_PortallavrasTV.png\" alt=\"\"  srcset=\"https:\/\/lavras.tv\/site\/wp-content\/uploads\/2025\/03\/Banner_Saude_PortallavrasTV.png 720w, https:\/\/lavras.tv\/site\/wp-content\/uploads\/2025\/03\/Banner_Saude_PortallavrasTV-470x68.png 470w, https:\/\/lavras.tv\/site\/wp-content\/uploads\/2025\/03\/Banner_Saude_PortallavrasTV-170x25.png 170w, https:\/\/lavras.tv\/site\/wp-content\/uploads\/2025\/03\/Banner_Saude_PortallavrasTV-200x29.png 200w\" sizes=\"(max-width: 720px) 100vw, 720px\" width=\"720\" height=\"104\"   \/><\/a><\/li><li><div id=\"lavra-608164389\" style=\"width:720px;height:104px;background-color:#ddd;overflow:scroll;\">\n\t<strong>Sa\u00edda da depura\u00e7\u00e3o de an\u00fancios<\/strong>\n\t<br><br>\n\tO an\u00fancio n\u00e3o \u00e9 exibido na p\u00e1gina<br><br>post atual: Datena elogia desist\u00eancia de Gusttavo Lima da pol\u00edtica e desabafa, ID: 162798<br><br><span style=\"color: red;\">O post atual n\u00e3o \u00e9 id\u00eantico ao post principal.<\/span><br><br>An\u00fancios: ROXO - TOPO INTERNA - ROTATIVO 2 (197)<br \/>Grupo de an\u00fancios: Princ_Meio01_720x104 (27)<br><br>Condi\u00e7\u00f5es de exibi\u00e7\u00e3o<div style=\"margin-bottom: 20px; white-space: pre-wrap; font-family: monospace; width: 100%; background: #ffe9e9;\"><strong>condi\u00e7\u00f5es gerais<\/strong><table border=\"1\"><thead><tr><th><\/th><th>An\u00fancios<\/th><th>wp_the_query<\/th><\/tr><\/thead><tr><td>is_main_query<\/td><td>1<\/td><td>1<\/td><\/tr><tr><td>is_rest_api<\/td><td>0<\/td><td>1<\/td><\/tr><tr><td>page<\/td><td>0<\/td><td>1<\/td><\/tr><tr><td>numpages<\/td><td>0<\/td><td>1<\/td><\/tr><tr><td>is_archive<\/td><td>1<\/td><td><\/td><\/tr><tr><td>is_search<\/td><td>1<\/td><td><\/td><\/tr><tr><td>is_home<\/td><td>1<\/td><td><\/td><\/tr><tr><td>is_404<\/td><td>1<\/td><td><\/td><\/tr><tr><td>is_attachment<\/td><td>1<\/td><td><\/td><\/tr><tr><td>is_singular<\/td><td>1<\/td><td><\/td><\/tr><tr><td>is_front_page<\/td><td>1<\/td><td><\/td><\/tr><tr><td>is_feed<\/td><td>1<\/td><td><\/td><\/tr><\/table><\/div><br><br><span style=\"color: red;\">Seu site usa HTTPS, mas o c\u00f3digo do an\u00fancio cont\u00e9m HTTP e pode n\u00e3o funcionar.<\/span>\t<br><br>\n\t<a style=\"color: green;\" href=\"https:\/\/wpadvancedads.com\/manual\/ad-debug-mode\/?utm_source=advanced-ads&utm_medium=link&utm_campaign=ad-debug-mode\" target=\"_blank\" rel=\"nofollow\">Encontre solu\u00e7\u00f5es no manual<\/a>\n<\/div>\n<\/li><\/ul><\/div><script>( window.advanced_ads_ready || jQuery( document ).ready ).call( null, function() {var $lavraslider1918342661 = jQuery( \".lavra-slider-1918342661\" );$lavraslider1918342661.on( \"unslider.ready\", function() { jQuery( \"div.custom-slider ul li\" ).css( \"display\", \"block\" ); });$lavraslider1918342661.unslider({ delay:4000, autoplay:true, nav:false, arrows:false, infinite:true });$lavraslider1918342661.on(\"mouseover\", function() {$lavraslider1918342661.unslider(\"stop\");}).on(\"mouseout\", function() {$lavraslider1918342661.unslider(\"start\");});});<\/script><\/div>\n<p>Apresentador ainda opina sobre o sertanejo como presidente: &#8216;N\u00e3o chegaria nem perto de como cantor&#8217;<\/p>\n\n\n\n<figure class=\"wp-block-image size-large\"><img fetchpriority=\"high\" decoding=\"async\" width=\"970\" height=\"646\" src=\"https:\/\/lavras.tv\/site\/wp-content\/uploads\/2025\/03\/174243016167db5fd1666e4_1742430161_3x2_lg-48263462-970x646.jpg\" alt=\"\" class=\"wp-image-162799\" srcset=\"https:\/\/lavras.tv\/site\/wp-content\/uploads\/2025\/03\/174243016167db5fd1666e4_1742430161_3x2_lg-48263462-970x646.jpg 970w, https:\/\/lavras.tv\/site\/wp-content\/uploads\/2025\/03\/174243016167db5fd1666e4_1742430161_3x2_lg-48263462-451x300.jpg 451w, https:\/\/lavras.tv\/site\/wp-content\/uploads\/2025\/03\/174243016167db5fd1666e4_1742430161_3x2_lg-48263462-170x113.jpg 170w, https:\/\/lavras.tv\/site\/wp-content\/uploads\/2025\/03\/174243016167db5fd1666e4_1742430161_3x2_lg-48263462-200x133.jpg 200w, https:\/\/lavras.tv\/site\/wp-content\/uploads\/2025\/03\/174243016167db5fd1666e4_1742430161_3x2_lg-48263462-1536x1022.jpg 1536w, https:\/\/lavras.tv\/site\/wp-content\/uploads\/2025\/03\/174243016167db5fd1666e4_1742430161_3x2_lg-48263462.jpg 1812w\" sizes=\"(max-width: 970px) 100vw, 970px\" \/><\/figure>\n\n\n\n<p>O apresentador Jos\u00e9 Luiz Datena elogiou<strong><a href=\"https:\/\/www.uai.com.br\/app\/entretenimento\/famosos\/2025\/03\/19\/not-famosos,357849\/gusttavo-lima-desiste-de-candidatura-para-presidencia-e-explica-decisao.shtml\">\u00a0Gusttavo Lima<\/a><\/strong>\u00a0por ter decidido desistir de ser candidato \u00e0 Presid\u00eancia da Rep\u00fablica na elei\u00e7\u00e3o de 2026. Candidato pelo PSDB e derrotado na disputa pela Prefeitura de S\u00e3o Paulo no ano passado, o jornalista comentou que o cantor agiu corretamente ao n\u00e3o entrar agora para a pol\u00edtica e desabafou: &#8220;Era campe\u00e3o mundial de desist\u00eancia de entrar na pol\u00edtica. Eu falava que ia, mas n\u00e3o ia. Resolvi entrar s\u00f3 dessa \u00faltima vez e me ferrei grand\u00e3o.&#8221;<\/p>\n\n\n\n<p>O \u00e2ncora do programa T\u00e1 na Hora, do SBT, continuou comentando a desist\u00eancia do sertanejo da corrida presidencial. &#8220;O Gusttavo Lima fez a melhor coisa da vida dele. Deixa a pol\u00edtica para os pol\u00edticos. Que eles fiquem com a pol\u00edtica, fa\u00e7am bom proveito e que um dia se tornem pol\u00edticos \u00e0 altura do povo brasileiro&#8221;.<\/p>\n\n\n\n<p>Ele tamb\u00e9m deu sua opini\u00e3o sobre pessoas que n\u00e3o s\u00e3o da pol\u00edtica e entram pela primeira vez para concorrer a um cargo p\u00fablico: &#8220;Dificilmente o povo brasileiro tem confian\u00e7a para colocar na pol\u00edtica algu\u00e9m que n\u00e3o seja pol\u00edtico, com rar\u00edssimas exce\u00e7\u00f5es. Ent\u00e3o, tem que participar de uma, duas, tr\u00eas, quatro elei\u00e7\u00f5es para o cara acostumar e votarem nele.&#8221;<\/p>\n\n\n\n<p>Questionado se o sertanejo seria um bom presidente, o apresentador foi direto: &#8220;O Gusttavo Lima seria um bom presidente? Acho que, como cantor, ele \u00e9 maravilhoso, e como presidente n\u00e3o chegaria nem perto de como cantor&#8221;, destacou Datena.<\/p>\n\n\n\n<p>Ele ainda falou sobre sua pr\u00f3pria experi\u00eancia no meio: &#8220;Pelo meu desempenho na pol\u00edtica, nos debates, achei que ia arrebentar. Ainda bem que n\u00e3o fui eleito, porque eu seria engolido pelo sistema que est\u00e1 a\u00ed. Ent\u00e3o, que o Gusttavo Lima continue sendo esse cantor brilhante e com f\u00e3s pelo Brasil &#8220;, disse Datena, que terminou em quinto lugar na elei\u00e7\u00e3o para a Prefeitura de S\u00e3o Paulo, com 2% dos votos v\u00e1lidos.<\/p>\n\n\n\n<p>O apresentador tamb\u00e9m ficou marcado na elei\u00e7\u00e3o pela cadeirada que deu em Pablo Mar\u00e7al (PRTB) durante o debate da TV Cultura para a Prefeitura de S\u00e3o Paulo. O incidente aconteceu ap\u00f3s uma sequ\u00eancia de discuss\u00f5es entre os dois, quando Mar\u00e7al provocou o apresentador ao resgatar uma den\u00fancia de ass\u00e9dio sexual contra Datena. O jornalista rebateu, dizendo que o caso ocorreu em 2019, nunca foi confirmado pela pol\u00edcia e acabou arquivado pela Justi\u00e7a.<\/p>\n","protected":false},"excerpt":{"rendered":"<p>Apresentador ainda opina sobre o sertanejo como presidente: &#8216;N\u00e3o chegaria nem perto de como cantor&#8217; O apresentador Jos\u00e9 Luiz Datena elogiou\u00a0Gusttavo Lima\u00a0por ter decidido desistir de ser candidato \u00e0 Presid\u00eancia da Rep\u00fablica na elei\u00e7\u00e3o de 2026. Candidato pelo PSDB e derrotado na disputa pela Prefeitura de S\u00e3o Paulo no ano passado, o jornalista comentou que [&hellip;]<\/p>\n","protected":false},"author":5,"featured_media":162799,"comment_status":"closed","ping_status":"open","sticky":false,"template":"","format":"standard","meta":{"advgb_blocks_editor_width":"","advgb_blocks_columns_visual_guide":"","_exactmetrics_skip_tracking":false,"_exactmetrics_sitenote_active":false,"_exactmetrics_sitenote_note":"","_exactmetrics_sitenote_category":0,"footnotes":""},"categories":[7,2,12],"tags":[],"class_list":["post-162798","post","type-post","status-publish","format-standard","has-post-thumbnail","hentry","category-destaques","category-noticias","category-politica"],"better_featured_image":{"id":162799,"alt_text":"","caption":"","description":"","media_type":"image","media_details":{"width":1812,"height":1206,"file":"2025\/03\/174243016167db5fd1666e4_1742430161_3x2_lg-48263462.jpg","filesize":320601,"sizes":{"medium":{"file":"174243016167db5fd1666e4_1742430161_3x2_lg-48263462-451x300.jpg","width":451,"height":300,"mime-type":"image\/jpeg","filesize":24548,"source_url":"https:\/\/lavras.tv\/site\/wp-content\/uploads\/2025\/03\/174243016167db5fd1666e4_1742430161_3x2_lg-48263462-451x300.jpg"},"large":{"file":"174243016167db5fd1666e4_1742430161_3x2_lg-48263462-970x646.jpg","width":970,"height":646,"mime-type":"image\/jpeg","filesize":86704,"source_url":"https:\/\/lavras.tv\/site\/wp-content\/uploads\/2025\/03\/174243016167db5fd1666e4_1742430161_3x2_lg-48263462-970x646.jpg"},"thumbnail":{"file":"174243016167db5fd1666e4_1742430161_3x2_lg-48263462-170x113.jpg","width":170,"height":113,"mime-type":"image\/jpeg","filesize":5184,"source_url":"https:\/\/lavras.tv\/site\/wp-content\/uploads\/2025\/03\/174243016167db5fd1666e4_1742430161_3x2_lg-48263462-170x113.jpg"},"lshowcase-thumb":{"file":"174243016167db5fd1666e4_1742430161_3x2_lg-48263462-200x133.jpg","width":200,"height":133,"mime-type":"image\/jpeg","filesize":6559,"source_url":"https:\/\/lavras.tv\/site\/wp-content\/uploads\/2025\/03\/174243016167db5fd1666e4_1742430161_3x2_lg-48263462-200x133.jpg"},"1536x1536":{"file":"174243016167db5fd1666e4_1742430161_3x2_lg-48263462-1536x1022.jpg","width":1536,"height":1022,"mime-type":"image\/jpeg","filesize":174240,"source_url":"https:\/\/lavras.tv\/site\/wp-content\/uploads\/2025\/03\/174243016167db5fd1666e4_1742430161_3x2_lg-48263462-1536x1022.jpg"},"alm-thumbnail":{"file":"174243016167db5fd1666e4_1742430161_3x2_lg-48263462-150x150.jpg","width":150,"height":150,"mime-type":"image\/jpeg","filesize":5922,"source_url":"https:\/\/lavras.tv\/site\/wp-content\/uploads\/2025\/03\/174243016167db5fd1666e4_1742430161_3x2_lg-48263462-150x150.jpg"}},"image_meta":{"aperture":"0","credit":"","camera":"","caption":"","created_timestamp":"0","copyright":"","focal_length":"0","iso":"0","shutter_speed":"0","title":"","orientation":"0","keywords":[]}},"post":162798,"source_url":"https:\/\/lavras.tv\/site\/wp-content\/uploads\/2025\/03\/174243016167db5fd1666e4_1742430161_3x2_lg-48263462.jpg"},"author_meta":{"display_name":"Vinicius Bustamante","author_link":"https:\/\/lavras.tv\/site\/author\/vinicius-bustamante\/"},"featured_img":"https:\/\/lavras.tv\/site\/wp-content\/uploads\/2025\/03\/174243016167db5fd1666e4_1742430161_3x2_lg-48263462-451x300.jpg","coauthors":[],"tax_additional":{"categories":{"linked":["<a href=\"https:\/\/lavras.tv\/site\/category\/destaques\/\" class=\"advgb-post-tax-term\">Destaques<\/a>","<a href=\"https:\/\/lavras.tv\/site\/category\/noticias\/\" class=\"advgb-post-tax-term\">Not\u00edcias<\/a>","<a href=\"https:\/\/lavras.tv\/site\/category\/politica\/\" class=\"advgb-post-tax-term\">Pol\u00edtica<\/a>"],"unlinked":["<span class=\"advgb-post-tax-term\">Destaques<\/span>","<span class=\"advgb-post-tax-term\">Not\u00edcias<\/span>","<span class=\"advgb-post-tax-term\">Pol\u00edtica<\/span>"]}},"comment_count":"0","relative_dates":{"created":"Publicado 1 ano atr\u00e1s","modified":"Atualizado 1 ano atr\u00e1s"},"absolute_dates":{"created":"Publicado em 20 de mar\u00e7o de 2025","modified":"Atualizado em 20 de mar\u00e7o de 2025"},"absolute_dates_time":{"created":"Publicado em 20 de mar\u00e7o de 2025 14:00","modified":"Atualizado em 20 de mar\u00e7o de 2025 14:00"},"featured_img_caption":"","series_order":"","_links":{"self":[{"href":"https:\/\/lavras.tv\/site\/wp-json\/wp\/v2\/posts\/162798","targetHints":{"allow":["GET"]}}],"collection":[{"href":"https:\/\/lavras.tv\/site\/wp-json\/wp\/v2\/posts"}],"about":[{"href":"https:\/\/lavras.tv\/site\/wp-json\/wp\/v2\/types\/post"}],"author":[{"embeddable":true,"href":"https:\/\/lavras.tv\/site\/wp-json\/wp\/v2\/users\/5"}],"replies":[{"embeddable":true,"href":"https:\/\/lavras.tv\/site\/wp-json\/wp\/v2\/comments?post=162798"}],"version-history":[{"count":1,"href":"https:\/\/lavras.tv\/site\/wp-json\/wp\/v2\/posts\/162798\/revisions"}],"predecessor-version":[{"id":162800,"href":"https:\/\/lavras.tv\/site\/wp-json\/wp\/v2\/posts\/162798\/revisions\/162800"}],"wp:featuredmedia":[{"embeddable":true,"href":"https:\/\/lavras.tv\/site\/wp-json\/wp\/v2\/media\/162799"}],"wp:attachment":[{"href":"https:\/\/lavras.tv\/site\/wp-json\/wp\/v2\/media?parent=162798"}],"wp:term":[{"taxonomy":"category","embeddable":true,"href":"https:\/\/lavras.tv\/site\/wp-json\/wp\/v2\/categories?post=162798"},{"taxonomy":"post_tag","embeddable":true,"href":"https:\/\/lavras.tv\/site\/wp-json\/wp\/v2\/tags?post=162798"}],"curies":[{"name":"wp","href":"https:\/\/api.w.org\/{rel}","templated":true}]}}