{"id":16281,"date":"2018-05-19T09:56:32","date_gmt":"2018-05-19T12:56:32","guid":{"rendered":"http:\/\/lavras.tv\/site\/?p=16281"},"modified":"2018-05-19T09:56:32","modified_gmt":"2018-05-19T12:56:32","slug":"informe-parlamentar-br-265-deputada-damina-pereira-quer-mais-seguranca-na-rodovia","status":"publish","type":"post","link":"https:\/\/lavras.tv\/site\/2018\/05\/19\/informe-parlamentar-br-265-deputada-damina-pereira-quer-mais-seguranca-na-rodovia\/","title":{"rendered":"[Informe Parlamentar] BR-265: Deputada D\u00e2mina Pereira quer mais seguran\u00e7a na rodovia"},"content":{"rendered":"<div class=\"lavra-antes-do-conteudo_2\" id=\"lavra-3285268015\"><div id=\"lavra-slider-27\" class=\"custom-slider lavra-slider-3024206511 lavra-slider\"><ul><li><div style=\"margin-left: auto;margin-right: auto;text-align: center;\" id=\"lavra-257272138\"><a href=\"https:\/\/sistemas.lavras.mg.gov.br\/portalcidadao\/#df1b1a7c7b2a290bcb31e32771e610784662739a88807c0dacac58ede5f391a7530e299dc302d611ee73cb143fc22eaf93592e53e7b5bdb01b00a0b8d28dae460c141dd2ff83412e4dc1c31b16b25f33144a9e5620ea73b13f5bc1c59411d98439ad226e8af03840603796067d87afe130812cf3de24982d0e306f9e61e764e5\" aria-label=\"Lavras-TV&#8211;720x104px (1) (1)\"><img src=\"https:\/\/lavras.tv\/site\/wp-content\/uploads\/2025\/01\/Lavras-TV-720x104px-1-1.png\" alt=\"\"  srcset=\"https:\/\/lavras.tv\/site\/wp-content\/uploads\/2025\/01\/Lavras-TV-720x104px-1-1.png 720w, https:\/\/lavras.tv\/site\/wp-content\/uploads\/2025\/01\/Lavras-TV-720x104px-1-1-470x68.png 470w, https:\/\/lavras.tv\/site\/wp-content\/uploads\/2025\/01\/Lavras-TV-720x104px-1-1-170x25.png 170w, https:\/\/lavras.tv\/site\/wp-content\/uploads\/2025\/01\/Lavras-TV-720x104px-1-1-200x29.png 200w\" sizes=\"(max-width: 720px) 100vw, 720px\" width=\"720\" height=\"104\"  style=\"display: inline-block;\" \/><\/a><\/div><\/li><li><a href=\"https:\/\/sistemas.lavras.mg.gov.br\/portalcidadao\/#df1b1a7c7b2a290bcb31e32771e610784662739a88807c0dacac58ede5f391a7530e299dc302d611ee73cb143fc22eaf93592e53e7b5bdb01b00a0b8d28dae460c141dd2ff83412e4dc1c31b16b25f33144a9e5620ea73b13f5bc1c59411d98439ad226e8af03840603796067d87afe130812cf3de24982d0e306f9e61e764e5\" aria-label=\"Banner_Emprego_PortallavrasTV\"><img src=\"https:\/\/lavras.tv\/site\/wp-content\/uploads\/2025\/03\/Banner_Emprego_PortallavrasTV.png\" alt=\"\"  srcset=\"https:\/\/lavras.tv\/site\/wp-content\/uploads\/2025\/03\/Banner_Emprego_PortallavrasTV.png 720w, https:\/\/lavras.tv\/site\/wp-content\/uploads\/2025\/03\/Banner_Emprego_PortallavrasTV-470x68.png 470w, https:\/\/lavras.tv\/site\/wp-content\/uploads\/2025\/03\/Banner_Emprego_PortallavrasTV-170x25.png 170w, https:\/\/lavras.tv\/site\/wp-content\/uploads\/2025\/03\/Banner_Emprego_PortallavrasTV-200x29.png 200w\" sizes=\"(max-width: 720px) 100vw, 720px\" width=\"720\" height=\"104\"   \/><\/a><\/li><li><a href=\"https:\/\/sistemas.lavras.mg.gov.br\/portalcidadao\/#df1b1a7c7b2a290bcb31e32771e610784662739a88807c0dacac58ede5f391a7530e299dc302d611ee73cb143fc22eaf93592e53e7b5bdb01b00a0b8d28dae460c141dd2ff83412e4dc1c31b16b25f33144a9e5620ea73b13f5bc1c59411d98439ad226e8af03840603796067d87afe130812cf3de24982d0e306f9e61e764e5\" aria-label=\"Banner_Obras_PortallavrasTV\"><img src=\"https:\/\/lavras.tv\/site\/wp-content\/uploads\/2025\/03\/Banner_Obras_PortallavrasTV.png\" alt=\"\"  srcset=\"https:\/\/lavras.tv\/site\/wp-content\/uploads\/2025\/03\/Banner_Obras_PortallavrasTV.png 720w, https:\/\/lavras.tv\/site\/wp-content\/uploads\/2025\/03\/Banner_Obras_PortallavrasTV-470x68.png 470w, https:\/\/lavras.tv\/site\/wp-content\/uploads\/2025\/03\/Banner_Obras_PortallavrasTV-170x25.png 170w, https:\/\/lavras.tv\/site\/wp-content\/uploads\/2025\/03\/Banner_Obras_PortallavrasTV-200x29.png 200w\" sizes=\"(max-width: 720px) 100vw, 720px\" width=\"720\" height=\"104\"   \/><\/a><\/li><li><div style=\"margin-left: auto;margin-right: auto;text-align: center;\" id=\"lavra-2043326600\"><a href=\"https:\/\/sistemas.lavras.mg.gov.br\/portalcidadao\/#df1b1a7c7b2a290bcb31e32771e610784662739a88807c0dacac58ede5f391a7530e299dc302d611ee73cb143fc22eaf93592e53e7b5bdb01b00a0b8d28dae460c141dd2ff83412e4dc1c31b16b25f33144a9e5620ea73b13f5bc1c59411d98439ad226e8af03840603796067d87afe130812cf3de24982d0e306f9e61e764e5\" aria-label=\"Banner_Educa\u00e7\u00e3o_PortallavrasTV\"><img src=\"https:\/\/lavras.tv\/site\/wp-content\/uploads\/2025\/01\/Banner_Educacao_PortallavrasTV.png\" alt=\"\"  srcset=\"https:\/\/lavras.tv\/site\/wp-content\/uploads\/2025\/01\/Banner_Educacao_PortallavrasTV.png 720w, https:\/\/lavras.tv\/site\/wp-content\/uploads\/2025\/01\/Banner_Educacao_PortallavrasTV-470x68.png 470w, https:\/\/lavras.tv\/site\/wp-content\/uploads\/2025\/01\/Banner_Educacao_PortallavrasTV-170x25.png 170w, https:\/\/lavras.tv\/site\/wp-content\/uploads\/2025\/01\/Banner_Educacao_PortallavrasTV-200x29.png 200w\" sizes=\"(max-width: 720px) 100vw, 720px\" width=\"720\" height=\"104\"  style=\"display: inline-block;\" \/><\/a><\/div><\/li><li><a href=\"https:\/\/sistemas.lavras.mg.gov.br\/portalcidadao\/#df1b1a7c7b2a290bcb31e32771e610784662739a88807c0dacac58ede5f391a7530e299dc302d611ee73cb143fc22eaf93592e53e7b5bdb01b00a0b8d28dae460c141dd2ff83412e4dc1c31b16b25f33144a9e5620ea73b13f5bc1c59411d98439ad226e8af03840603796067d87afe130812cf3de24982d0e306f9e61e764e5\" aria-label=\"Banner_Sa\u00fade_PortallavrasTV\"><img src=\"https:\/\/lavras.tv\/site\/wp-content\/uploads\/2025\/03\/Banner_Saude_PortallavrasTV.png\" alt=\"\"  srcset=\"https:\/\/lavras.tv\/site\/wp-content\/uploads\/2025\/03\/Banner_Saude_PortallavrasTV.png 720w, https:\/\/lavras.tv\/site\/wp-content\/uploads\/2025\/03\/Banner_Saude_PortallavrasTV-470x68.png 470w, https:\/\/lavras.tv\/site\/wp-content\/uploads\/2025\/03\/Banner_Saude_PortallavrasTV-170x25.png 170w, https:\/\/lavras.tv\/site\/wp-content\/uploads\/2025\/03\/Banner_Saude_PortallavrasTV-200x29.png 200w\" sizes=\"(max-width: 720px) 100vw, 720px\" width=\"720\" height=\"104\"   \/><\/a><\/li><li><div id=\"lavra-2312605833\" style=\"width:720px;height:104px;background-color:#ddd;overflow:scroll;\">\n\t<strong>Sa\u00edda da depura\u00e7\u00e3o de an\u00fancios<\/strong>\n\t<br><br>\n\tO an\u00fancio n\u00e3o \u00e9 exibido na p\u00e1gina<br><br>post atual: [Informe Parlamentar] BR-265: Deputada D\u00e2mina Pereira quer mais seguran\u00e7a na rodovia, ID: 16281<br><br><span style=\"color: red;\">O post atual n\u00e3o \u00e9 id\u00eantico ao post principal.<\/span><br><br>An\u00fancios: ROXO - TOPO INTERNA - ROTATIVO 2 (197)<br \/>Grupo de an\u00fancios: Princ_Meio01_720x104 (27)<br><br>Condi\u00e7\u00f5es de exibi\u00e7\u00e3o<div style=\"margin-bottom: 20px; white-space: pre-wrap; font-family: monospace; width: 100%; background: #ffe9e9;\"><strong>condi\u00e7\u00f5es gerais<\/strong><table border=\"1\"><thead><tr><th><\/th><th>An\u00fancios<\/th><th>wp_the_query<\/th><\/tr><\/thead><tr><td>is_main_query<\/td><td>1<\/td><td>1<\/td><\/tr><tr><td>is_rest_api<\/td><td>0<\/td><td>1<\/td><\/tr><tr><td>page<\/td><td>0<\/td><td>1<\/td><\/tr><tr><td>numpages<\/td><td>0<\/td><td>1<\/td><\/tr><tr><td>is_archive<\/td><td>1<\/td><td><\/td><\/tr><tr><td>is_search<\/td><td>1<\/td><td><\/td><\/tr><tr><td>is_home<\/td><td>1<\/td><td><\/td><\/tr><tr><td>is_404<\/td><td>1<\/td><td><\/td><\/tr><tr><td>is_attachment<\/td><td>1<\/td><td><\/td><\/tr><tr><td>is_singular<\/td><td>1<\/td><td><\/td><\/tr><tr><td>is_front_page<\/td><td>1<\/td><td><\/td><\/tr><tr><td>is_feed<\/td><td>1<\/td><td><\/td><\/tr><\/table><\/div><br><br><span style=\"color: red;\">Seu site usa HTTPS, mas o c\u00f3digo do an\u00fancio cont\u00e9m HTTP e pode n\u00e3o funcionar.<\/span>\t<br><br>\n\t<a style=\"color: green;\" href=\"https:\/\/wpadvancedads.com\/manual\/ad-debug-mode\/?utm_source=advanced-ads&utm_medium=link&utm_campaign=ad-debug-mode\" target=\"_blank\" rel=\"nofollow\">Encontre solu\u00e7\u00f5es no manual<\/a>\n<\/div>\n<\/li><\/ul><\/div><script>( window.advanced_ads_ready || jQuery( document ).ready ).call( null, function() {var $lavraslider3024206511 = jQuery( \".lavra-slider-3024206511\" );$lavraslider3024206511.on( \"unslider.ready\", function() { jQuery( \"div.custom-slider ul li\" ).css( \"display\", \"block\" ); });$lavraslider3024206511.unslider({ delay:4000, autoplay:true, nav:false, arrows:false, infinite:true });$lavraslider3024206511.on(\"mouseover\", function() {$lavraslider3024206511.unslider(\"stop\");}).on(\"mouseout\", function() {$lavraslider3024206511.unslider(\"start\");});});<\/script><\/div><p style=\"font-weight: 400;\">Para atender pedido do movimento \u2018Somos todos V\u00edtimas da BR-265, a deputada federal D\u00e2mina Pereira (Podemos\/MG), marcou audi\u00eancia com o ministro dos Transportes, Valter Casimiro Silveira.\u00a0\u00a0<!--more-->No pr\u00f3ximo dia 23 de maio a parlamentar e representantes do movimento estar\u00e3o em Bras\u00edlia para tratar dos seguintes assuntos:<\/p>\n<ul>\n<li style=\"font-weight: 400;\">Implanta\u00e7\u00e3o de 40 km de terceiras faixas no segmento S\u00e3o Jo\u00e3o del-Rei<\/li>\n<li style=\"font-weight: 400;\">Lavras com acostamentos na: BR 265 km 353 &#8211; trevo pr\u00f3ximo ao bairro Fonte Verde em Lavras; e na BR 265 km 333 &#8211; instala\u00e7\u00e3o de radar nas curvas do Rio Capivari, divisa Lavras\/Itumirim, entre o KM\u00a0306-290;<\/li>\n<li style=\"font-weight: 400;\">Instala\u00e7\u00e3o de radar na &#8220;curva do Dr. H\u00e9lcio&#8221;, localizada depois da ponte do Rio Grande, sentido Itutinga-Nazareno (entre o KM\u00a0306-290);<\/li>\n<li style=\"font-weight: 400;\">BR\u00a0265 km 287 &#8211; balan\u00e7a para pesagem est\u00e1tica de caminh\u00f5es;<\/li>\n<\/ul>\n<p style=\"font-weight: 400;\">\u00a0<img fetchpriority=\"high\" decoding=\"async\" class=\"alignnone size-full wp-image-16282 aligncenter\" src=\"http:\/\/lavras.tv\/site\/wp-content\/uploads\/2018\/05\/12916190_1719556374926102_4911936720672436650_o.jpg\" alt=\"12916190_1719556374926102_4911936720672436650_o\" width=\"2048\" height=\"1362\" srcset=\"https:\/\/lavras.tv\/site\/wp-content\/uploads\/2018\/05\/12916190_1719556374926102_4911936720672436650_o.jpg 2048w, https:\/\/lavras.tv\/site\/wp-content\/uploads\/2018\/05\/12916190_1719556374926102_4911936720672436650_o-150x100.jpg 150w, https:\/\/lavras.tv\/site\/wp-content\/uploads\/2018\/05\/12916190_1719556374926102_4911936720672436650_o-300x200.jpg 300w, https:\/\/lavras.tv\/site\/wp-content\/uploads\/2018\/05\/12916190_1719556374926102_4911936720672436650_o-1024x681.jpg 1024w, https:\/\/lavras.tv\/site\/wp-content\/uploads\/2018\/05\/12916190_1719556374926102_4911936720672436650_o-480x320.jpg 480w, https:\/\/lavras.tv\/site\/wp-content\/uploads\/2018\/05\/12916190_1719556374926102_4911936720672436650_o-272x182.jpg 272w\" sizes=\"(max-width: 2048px) 100vw, 2048px\" \/><\/p>\n<p style=\"font-weight: 400;\">Um estudo da Confedera\u00e7\u00e3o Nacional dos Transportes (CNT) sobre as condi\u00e7\u00f5es das rodovias brasileiras revelou que dos 427 km da BR-265, apenas 10 km est\u00e3o em \u00f3timas condi\u00e7\u00f5es, 238 km regulares, 75 km ruins e 10 km p\u00e9ssimos.<\/p>\n<p style=\"font-weight: 400;\">Dados do movimento \u2018Somos Todos V\u00edtimas da BR-265\u2019 apontam que em quatro anos 123 pessoas perderam suas vidas no trecho entre Lavras e S\u00e3o Jo\u00e3o del Rei\/MG.<\/p>\n<p style=\"font-weight: 400;\"><strong>Mais seguran\u00e7a<\/strong><\/p>\n<p style=\"font-weight: 400;\">J\u00e1 no primeiro ano de mandato a deputada vem buscando mais seguran\u00e7a na rodovia. Ela apresentou junto \u00e0 Comiss\u00e3o Mista de Or\u00e7amento \u00e0 Lei de Diretrizes Or\u00e7ament\u00e1rias (LDO) uma emenda de bancada pedindo a adequa\u00e7\u00e3o do trecho rodovi\u00e1rio da BR.<\/p>\n<p style=\"font-weight: 400;\">Em 2016, a parlamentar esteve com engenheiros do Departamento Nacional de Infraestrutura de Transportes (DNIT), em Belo Horizonte (MG), para pedir alternativas que viabilizassem uma maior seguran\u00e7a para quem mora e trafega ao longo da rodovia. O pedido mais recente foi feito em 2017, ao presidente da Rep\u00fablica, Michel Temer, onde D\u00e2mina solicitou a conclus\u00e3o da 3\u00aa faixa da BR no sentido Lavras a S\u00e3o Jo\u00e3o del-Rei\/MG.<\/p>\n<p style=\"font-weight: 400;\">D\u00e2mina ressalta que buscar melhorias para a regi\u00e3o \u00e9 um trabalho que precisa ser feito em parceria com outros parlamentares e prefeitos. \u201cOs recursos n\u00f3s sabemos que s\u00e3o limitados, n\u00e3o podemos esperar mais, devemos nos unir em prol de um benef\u00edcio para nossa popula\u00e7\u00e3o.&#8221;<\/p>\n<p style=\"font-weight: 400;\">Fonte: gabinete da deputada D\u00e2mina Pereira<\/p>\n","protected":false},"excerpt":{"rendered":"<p>Para atender pedido do movimento \u2018Somos todos V\u00edtimas da BR-265, a deputada federal D\u00e2mina Pereira (Podemos\/MG), marcou audi\u00eancia com o ministro dos Transportes, Valter Casimiro Silveira.\u00a0\u00a0<\/p>\n","protected":false},"author":2,"featured_media":16282,"comment_status":"closed","ping_status":"open","sticky":false,"template":"","format":"standard","meta":{"advgb_blocks_editor_width":"","advgb_blocks_columns_visual_guide":"","_exactmetrics_skip_tracking":false,"_exactmetrics_sitenote_active":false,"_exactmetrics_sitenote_note":"","_exactmetrics_sitenote_category":0,"footnotes":""},"categories":[7,12],"tags":[79,671],"class_list":["post-16281","post","type-post","status-publish","format-standard","has-post-thumbnail","hentry","category-destaques","category-politica","tag-br-265","tag-damina-pereira"],"better_featured_image":{"id":16282,"alt_text":"","caption":"","description":"","media_type":"image","media_details":{"width":2048,"height":1362,"file":"2018\/05\/12916190_1719556374926102_4911936720672436650_o.jpg","sizes":{"thumbnail":{"file":"12916190_1719556374926102_4911936720672436650_o-150x100.jpg","width":150,"height":100,"mime-type":"image\/jpeg","source_url":"https:\/\/lavras.tv\/site\/wp-content\/uploads\/2018\/05\/12916190_1719556374926102_4911936720672436650_o-150x100.jpg"},"medium":{"file":"12916190_1719556374926102_4911936720672436650_o-300x200.jpg","width":300,"height":200,"mime-type":"image\/jpeg","source_url":"https:\/\/lavras.tv\/site\/wp-content\/uploads\/2018\/05\/12916190_1719556374926102_4911936720672436650_o-300x200.jpg"},"large":{"file":"12916190_1719556374926102_4911936720672436650_o-1024x681.jpg","width":1024,"height":681,"mime-type":"image\/jpeg","source_url":"https:\/\/lavras.tv\/site\/wp-content\/uploads\/2018\/05\/12916190_1719556374926102_4911936720672436650_o-1024x681.jpg"},"featured-slider-img":{"file":"12916190_1719556374926102_4911936720672436650_o-640x480.jpg","width":640,"height":480,"mime-type":"image\/jpeg","source_url":"https:\/\/lavras.tv\/site\/wp-content\/uploads\/2018\/05\/12916190_1719556374926102_4911936720672436650_o-640x480.jpg"},"featured-post-img":{"file":"12916190_1719556374926102_4911936720672436650_o-480x320.jpg","width":480,"height":320,"mime-type":"image\/jpeg","source_url":"https:\/\/lavras.tv\/site\/wp-content\/uploads\/2018\/05\/12916190_1719556374926102_4911936720672436650_o-480x320.jpg"},"sow-carousel-default":{"file":"12916190_1719556374926102_4911936720672436650_o-272x182.jpg","width":272,"height":182,"mime-type":"image\/jpeg","source_url":"https:\/\/lavras.tv\/site\/wp-content\/uploads\/2018\/05\/12916190_1719556374926102_4911936720672436650_o-272x182.jpg"}},"image_meta":{"aperture":"0","credit":"Edilson Rodrigues","camera":"","caption":"","created_timestamp":"0","copyright":"Senado Federal do Brasil","focal_length":"0","iso":"0","shutter_speed":"0","title":"","orientation":"0","keywords":[]}},"post":16281,"source_url":"https:\/\/lavras.tv\/site\/wp-content\/uploads\/2018\/05\/12916190_1719556374926102_4911936720672436650_o.jpg"},"author_meta":{"display_name":"Lavras TV","author_link":"https:\/\/lavras.tv\/site\/author\/lavrastv\/"},"featured_img":"https:\/\/lavras.tv\/site\/wp-content\/uploads\/2018\/05\/12916190_1719556374926102_4911936720672436650_o-300x200.jpg","coauthors":[],"tax_additional":{"categories":{"linked":["<a href=\"https:\/\/lavras.tv\/site\/category\/destaques\/\" class=\"advgb-post-tax-term\">Destaques<\/a>","<a href=\"https:\/\/lavras.tv\/site\/category\/politica\/\" class=\"advgb-post-tax-term\">Pol\u00edtica<\/a>"],"unlinked":["<span class=\"advgb-post-tax-term\">Destaques<\/span>","<span class=\"advgb-post-tax-term\">Pol\u00edtica<\/span>"]},"tags":{"linked":["<a href=\"https:\/\/lavras.tv\/site\/category\/politica\/\" class=\"advgb-post-tax-term\">br 265<\/a>","<a href=\"https:\/\/lavras.tv\/site\/category\/politica\/\" class=\"advgb-post-tax-term\">D\u00e2mina Pereira<\/a>"],"unlinked":["<span class=\"advgb-post-tax-term\">br 265<\/span>","<span class=\"advgb-post-tax-term\">D\u00e2mina Pereira<\/span>"]}},"comment_count":"0","relative_dates":{"created":"Publicado 8 anos atr\u00e1s","modified":"Atualizado 8 anos atr\u00e1s"},"absolute_dates":{"created":"Publicado em 19 de maio de 2018","modified":"Atualizado em 19 de maio de 2018"},"absolute_dates_time":{"created":"Publicado em 19 de maio de 2018 09:56","modified":"Atualizado em 19 de maio de 2018 09:56"},"featured_img_caption":"","series_order":"","_links":{"self":[{"href":"https:\/\/lavras.tv\/site\/wp-json\/wp\/v2\/posts\/16281","targetHints":{"allow":["GET"]}}],"collection":[{"href":"https:\/\/lavras.tv\/site\/wp-json\/wp\/v2\/posts"}],"about":[{"href":"https:\/\/lavras.tv\/site\/wp-json\/wp\/v2\/types\/post"}],"author":[{"embeddable":true,"href":"https:\/\/lavras.tv\/site\/wp-json\/wp\/v2\/users\/2"}],"replies":[{"embeddable":true,"href":"https:\/\/lavras.tv\/site\/wp-json\/wp\/v2\/comments?post=16281"}],"version-history":[{"count":1,"href":"https:\/\/lavras.tv\/site\/wp-json\/wp\/v2\/posts\/16281\/revisions"}],"predecessor-version":[{"id":16283,"href":"https:\/\/lavras.tv\/site\/wp-json\/wp\/v2\/posts\/16281\/revisions\/16283"}],"wp:featuredmedia":[{"embeddable":true,"href":"https:\/\/lavras.tv\/site\/wp-json\/wp\/v2\/media\/16282"}],"wp:attachment":[{"href":"https:\/\/lavras.tv\/site\/wp-json\/wp\/v2\/media?parent=16281"}],"wp:term":[{"taxonomy":"category","embeddable":true,"href":"https:\/\/lavras.tv\/site\/wp-json\/wp\/v2\/categories?post=16281"},{"taxonomy":"post_tag","embeddable":true,"href":"https:\/\/lavras.tv\/site\/wp-json\/wp\/v2\/tags?post=16281"}],"curies":[{"name":"wp","href":"https:\/\/api.w.org\/{rel}","templated":true}]}}