{"id":16365,"date":"2018-05-25T09:34:31","date_gmt":"2018-05-25T12:34:31","guid":{"rendered":"http:\/\/lavras.tv\/site\/?p=16365"},"modified":"2018-05-25T09:34:31","modified_gmt":"2018-05-25T12:34:31","slug":"informe-parlamentar-em-brasilia-damina-pereira-viabiliza-melhorias-para-a-br-265","status":"publish","type":"post","link":"https:\/\/lavras.tv\/site\/2018\/05\/25\/informe-parlamentar-em-brasilia-damina-pereira-viabiliza-melhorias-para-a-br-265\/","title":{"rendered":"[Informe Parlamentar] Em Bras\u00edlia, D\u00e2mina Pereira viabiliza melhorias para a BR-265"},"content":{"rendered":"<div class=\"lavra-antes-do-conteudo_2\" id=\"lavra-3237345565\"><div id=\"lavra-slider-27\" class=\"custom-slider lavra-slider-2124155260 lavra-slider\"><ul><li><div style=\"margin-left: auto;margin-right: auto;text-align: center;\" id=\"lavra-907166816\"><a href=\"https:\/\/sistemas.lavras.mg.gov.br\/portalcidadao\/#df1b1a7c7b2a290bcb31e32771e610784662739a88807c0dacac58ede5f391a7530e299dc302d611ee73cb143fc22eaf93592e53e7b5bdb01b00a0b8d28dae460c141dd2ff83412e4dc1c31b16b25f33144a9e5620ea73b13f5bc1c59411d98439ad226e8af03840603796067d87afe130812cf3de24982d0e306f9e61e764e5\" aria-label=\"Lavras-TV&#8211;720x104px (1) (1)\"><img src=\"https:\/\/lavras.tv\/site\/wp-content\/uploads\/2025\/01\/Lavras-TV-720x104px-1-1.png\" alt=\"\"  srcset=\"https:\/\/lavras.tv\/site\/wp-content\/uploads\/2025\/01\/Lavras-TV-720x104px-1-1.png 720w, https:\/\/lavras.tv\/site\/wp-content\/uploads\/2025\/01\/Lavras-TV-720x104px-1-1-470x68.png 470w, https:\/\/lavras.tv\/site\/wp-content\/uploads\/2025\/01\/Lavras-TV-720x104px-1-1-170x25.png 170w, https:\/\/lavras.tv\/site\/wp-content\/uploads\/2025\/01\/Lavras-TV-720x104px-1-1-200x29.png 200w\" sizes=\"(max-width: 720px) 100vw, 720px\" width=\"720\" height=\"104\"  style=\"display: inline-block;\" \/><\/a><\/div><\/li><li><a href=\"https:\/\/sistemas.lavras.mg.gov.br\/portalcidadao\/#df1b1a7c7b2a290bcb31e32771e610784662739a88807c0dacac58ede5f391a7530e299dc302d611ee73cb143fc22eaf93592e53e7b5bdb01b00a0b8d28dae460c141dd2ff83412e4dc1c31b16b25f33144a9e5620ea73b13f5bc1c59411d98439ad226e8af03840603796067d87afe130812cf3de24982d0e306f9e61e764e5\" aria-label=\"Banner_Emprego_PortallavrasTV\"><img src=\"https:\/\/lavras.tv\/site\/wp-content\/uploads\/2025\/03\/Banner_Emprego_PortallavrasTV.png\" alt=\"\"  srcset=\"https:\/\/lavras.tv\/site\/wp-content\/uploads\/2025\/03\/Banner_Emprego_PortallavrasTV.png 720w, https:\/\/lavras.tv\/site\/wp-content\/uploads\/2025\/03\/Banner_Emprego_PortallavrasTV-470x68.png 470w, https:\/\/lavras.tv\/site\/wp-content\/uploads\/2025\/03\/Banner_Emprego_PortallavrasTV-170x25.png 170w, https:\/\/lavras.tv\/site\/wp-content\/uploads\/2025\/03\/Banner_Emprego_PortallavrasTV-200x29.png 200w\" sizes=\"(max-width: 720px) 100vw, 720px\" width=\"720\" height=\"104\"   \/><\/a><\/li><li><a href=\"https:\/\/sistemas.lavras.mg.gov.br\/portalcidadao\/#df1b1a7c7b2a290bcb31e32771e610784662739a88807c0dacac58ede5f391a7530e299dc302d611ee73cb143fc22eaf93592e53e7b5bdb01b00a0b8d28dae460c141dd2ff83412e4dc1c31b16b25f33144a9e5620ea73b13f5bc1c59411d98439ad226e8af03840603796067d87afe130812cf3de24982d0e306f9e61e764e5\" aria-label=\"Banner_Obras_PortallavrasTV\"><img src=\"https:\/\/lavras.tv\/site\/wp-content\/uploads\/2025\/03\/Banner_Obras_PortallavrasTV.png\" alt=\"\"  srcset=\"https:\/\/lavras.tv\/site\/wp-content\/uploads\/2025\/03\/Banner_Obras_PortallavrasTV.png 720w, https:\/\/lavras.tv\/site\/wp-content\/uploads\/2025\/03\/Banner_Obras_PortallavrasTV-470x68.png 470w, https:\/\/lavras.tv\/site\/wp-content\/uploads\/2025\/03\/Banner_Obras_PortallavrasTV-170x25.png 170w, https:\/\/lavras.tv\/site\/wp-content\/uploads\/2025\/03\/Banner_Obras_PortallavrasTV-200x29.png 200w\" sizes=\"(max-width: 720px) 100vw, 720px\" width=\"720\" height=\"104\"   \/><\/a><\/li><li><div style=\"margin-left: auto;margin-right: auto;text-align: center;\" id=\"lavra-1221167606\"><a href=\"https:\/\/sistemas.lavras.mg.gov.br\/portalcidadao\/#df1b1a7c7b2a290bcb31e32771e610784662739a88807c0dacac58ede5f391a7530e299dc302d611ee73cb143fc22eaf93592e53e7b5bdb01b00a0b8d28dae460c141dd2ff83412e4dc1c31b16b25f33144a9e5620ea73b13f5bc1c59411d98439ad226e8af03840603796067d87afe130812cf3de24982d0e306f9e61e764e5\" aria-label=\"Banner_Educa\u00e7\u00e3o_PortallavrasTV\"><img src=\"https:\/\/lavras.tv\/site\/wp-content\/uploads\/2025\/01\/Banner_Educacao_PortallavrasTV.png\" alt=\"\"  srcset=\"https:\/\/lavras.tv\/site\/wp-content\/uploads\/2025\/01\/Banner_Educacao_PortallavrasTV.png 720w, https:\/\/lavras.tv\/site\/wp-content\/uploads\/2025\/01\/Banner_Educacao_PortallavrasTV-470x68.png 470w, https:\/\/lavras.tv\/site\/wp-content\/uploads\/2025\/01\/Banner_Educacao_PortallavrasTV-170x25.png 170w, https:\/\/lavras.tv\/site\/wp-content\/uploads\/2025\/01\/Banner_Educacao_PortallavrasTV-200x29.png 200w\" sizes=\"(max-width: 720px) 100vw, 720px\" width=\"720\" height=\"104\"  style=\"display: inline-block;\" \/><\/a><\/div><\/li><li><a href=\"https:\/\/sistemas.lavras.mg.gov.br\/portalcidadao\/#df1b1a7c7b2a290bcb31e32771e610784662739a88807c0dacac58ede5f391a7530e299dc302d611ee73cb143fc22eaf93592e53e7b5bdb01b00a0b8d28dae460c141dd2ff83412e4dc1c31b16b25f33144a9e5620ea73b13f5bc1c59411d98439ad226e8af03840603796067d87afe130812cf3de24982d0e306f9e61e764e5\" aria-label=\"Banner_Sa\u00fade_PortallavrasTV\"><img src=\"https:\/\/lavras.tv\/site\/wp-content\/uploads\/2025\/03\/Banner_Saude_PortallavrasTV.png\" alt=\"\"  srcset=\"https:\/\/lavras.tv\/site\/wp-content\/uploads\/2025\/03\/Banner_Saude_PortallavrasTV.png 720w, https:\/\/lavras.tv\/site\/wp-content\/uploads\/2025\/03\/Banner_Saude_PortallavrasTV-470x68.png 470w, https:\/\/lavras.tv\/site\/wp-content\/uploads\/2025\/03\/Banner_Saude_PortallavrasTV-170x25.png 170w, https:\/\/lavras.tv\/site\/wp-content\/uploads\/2025\/03\/Banner_Saude_PortallavrasTV-200x29.png 200w\" sizes=\"(max-width: 720px) 100vw, 720px\" width=\"720\" height=\"104\"   \/><\/a><\/li><li><div id=\"lavra-1675421277\" style=\"width:720px;height:104px;background-color:#ddd;overflow:scroll;\">\n\t<strong>Sa\u00edda da depura\u00e7\u00e3o de an\u00fancios<\/strong>\n\t<br><br>\n\tO an\u00fancio n\u00e3o \u00e9 exibido na p\u00e1gina<br><br>post atual: [Informe Parlamentar] Em Bras\u00edlia, D\u00e2mina Pereira viabiliza melhorias para a BR-265, ID: 16365<br><br><span style=\"color: red;\">O post atual n\u00e3o \u00e9 id\u00eantico ao post principal.<\/span><br><br>An\u00fancios: ROXO - TOPO INTERNA - ROTATIVO 2 (197)<br \/>Grupo de an\u00fancios: Princ_Meio01_720x104 (27)<br><br>Condi\u00e7\u00f5es de exibi\u00e7\u00e3o<div style=\"margin-bottom: 20px; white-space: pre-wrap; font-family: monospace; width: 100%; background: #ffe9e9;\"><strong>condi\u00e7\u00f5es gerais<\/strong><table border=\"1\"><thead><tr><th><\/th><th>An\u00fancios<\/th><th>wp_the_query<\/th><\/tr><\/thead><tr><td>is_main_query<\/td><td>1<\/td><td>1<\/td><\/tr><tr><td>is_rest_api<\/td><td>0<\/td><td>1<\/td><\/tr><tr><td>page<\/td><td>0<\/td><td>1<\/td><\/tr><tr><td>numpages<\/td><td>0<\/td><td>1<\/td><\/tr><tr><td>is_archive<\/td><td>1<\/td><td><\/td><\/tr><tr><td>is_search<\/td><td>1<\/td><td><\/td><\/tr><tr><td>is_home<\/td><td>1<\/td><td><\/td><\/tr><tr><td>is_404<\/td><td>1<\/td><td><\/td><\/tr><tr><td>is_attachment<\/td><td>1<\/td><td><\/td><\/tr><tr><td>is_singular<\/td><td>1<\/td><td><\/td><\/tr><tr><td>is_front_page<\/td><td>1<\/td><td><\/td><\/tr><tr><td>is_feed<\/td><td>1<\/td><td><\/td><\/tr><\/table><\/div><br><br><span style=\"color: red;\">Seu site usa HTTPS, mas o c\u00f3digo do an\u00fancio cont\u00e9m HTTP e pode n\u00e3o funcionar.<\/span>\t<br><br>\n\t<a style=\"color: green;\" href=\"https:\/\/wpadvancedads.com\/manual\/ad-debug-mode\/?utm_source=advanced-ads&utm_medium=link&utm_campaign=ad-debug-mode\" target=\"_blank\" rel=\"nofollow\">Encontre solu\u00e7\u00f5es no manual<\/a>\n<\/div>\n<\/li><\/ul><\/div><script>( window.advanced_ads_ready || jQuery( document ).ready ).call( null, function() {var $lavraslider2124155260 = jQuery( \".lavra-slider-2124155260\" );$lavraslider2124155260.on( \"unslider.ready\", function() { jQuery( \"div.custom-slider ul li\" ).css( \"display\", \"block\" ); });$lavraslider2124155260.unslider({ delay:4000, autoplay:true, nav:false, arrows:false, infinite:true });$lavraslider2124155260.on(\"mouseover\", function() {$lavraslider2124155260.unslider(\"stop\");}).on(\"mouseout\", function() {$lavraslider2124155260.unslider(\"start\");});});<\/script><\/div><p class=\"m_3879749844959375037gmail-MsoNoSpacing\">A deputada federal D\u00e2mina Pereira (Podemos\/MG) se reuniu, em Bras\u00edlia, com o ministro dos Transportes, Valter Casimiro Silveira, para discutir melhorias para a BR-265. <!--more-->O encontro foi um pedido da parlamentar, a partir de uma reivindica\u00e7\u00e3o do movimento \u2018Somos todos V\u00edtimas da BR-265\u2019. O l\u00edder do grupo, Daniel Gedder, o vice-presidente do Podemos\/MG, Carlos Alberto Pereira, e o superintendente do DNIT\/MG, Fabiano Martins Cunha, participaram da agenda.<\/p>\n<p class=\"m_3879749844959375037gmail-MsoNoSpacing\">\u00a0<img fetchpriority=\"high\" decoding=\"async\" class=\"alignnone size-full wp-image-16366 aligncenter\" src=\"http:\/\/lavras.tv\/site\/wp-content\/uploads\/2018\/05\/27431310807_d3c826f186_o.jpg\" alt=\"27431310807_d3c826f186_o\" width=\"4928\" height=\"3280\" srcset=\"https:\/\/lavras.tv\/site\/wp-content\/uploads\/2018\/05\/27431310807_d3c826f186_o.jpg 4928w, https:\/\/lavras.tv\/site\/wp-content\/uploads\/2018\/05\/27431310807_d3c826f186_o-150x100.jpg 150w, https:\/\/lavras.tv\/site\/wp-content\/uploads\/2018\/05\/27431310807_d3c826f186_o-300x200.jpg 300w, https:\/\/lavras.tv\/site\/wp-content\/uploads\/2018\/05\/27431310807_d3c826f186_o-1024x682.jpg 1024w, https:\/\/lavras.tv\/site\/wp-content\/uploads\/2018\/05\/27431310807_d3c826f186_o-480x320.jpg 480w, https:\/\/lavras.tv\/site\/wp-content\/uploads\/2018\/05\/27431310807_d3c826f186_o-272x182.jpg 272w\" sizes=\"(max-width: 4928px) 100vw, 4928px\" \/><\/p>\n<p class=\"m_3879749844959375037gmail-MsoNoSpacing\">O ministro explicou que a constru\u00e7\u00e3o da 3\u00ba faixa no trecho de Lavras a S\u00e3o Jo\u00e3o del-Rei est\u00e1 dentro da escala de prioridades do \u00f3rg\u00e3o. \u201cA previs\u00e3o \u00e9 que seja constru\u00edda 40 km naquela regi\u00e3o. Por enquanto novas obras n\u00e3o ser\u00e3o iniciadas, contudo,  de forma mais r\u00e1pida, podemos garantir a manuten\u00e7\u00e3o da via. Fazer corre\u00e7\u00e3o das curvas, refor\u00e7o de sinaliza\u00e7\u00e3o, redesenho de tra\u00e7ados e instala\u00e7\u00e3o de radares\u201d, disse.<\/p>\n<p class=\"m_3879749844959375037gmail-MsoNoSpacing\">\u00a0<img decoding=\"async\" class=\"alignnone size-full wp-image-16367 aligncenter\" src=\"http:\/\/lavras.tv\/site\/wp-content\/uploads\/2018\/05\/41578793124_9fb023433c_o.jpg\" alt=\"41578793124_9fb023433c_o\" width=\"4928\" height=\"3280\" srcset=\"https:\/\/lavras.tv\/site\/wp-content\/uploads\/2018\/05\/41578793124_9fb023433c_o.jpg 4928w, https:\/\/lavras.tv\/site\/wp-content\/uploads\/2018\/05\/41578793124_9fb023433c_o-150x100.jpg 150w, https:\/\/lavras.tv\/site\/wp-content\/uploads\/2018\/05\/41578793124_9fb023433c_o-300x200.jpg 300w, https:\/\/lavras.tv\/site\/wp-content\/uploads\/2018\/05\/41578793124_9fb023433c_o-1024x682.jpg 1024w, https:\/\/lavras.tv\/site\/wp-content\/uploads\/2018\/05\/41578793124_9fb023433c_o-480x320.jpg 480w, https:\/\/lavras.tv\/site\/wp-content\/uploads\/2018\/05\/41578793124_9fb023433c_o-272x182.jpg 272w\" sizes=\"(max-width: 4928px) 100vw, 4928px\" \/><\/p>\n<p class=\"m_3879749844959375037gmail-MsoNoSpacing\">J\u00e1 o superintendente do DNIT prometeu que o \u00f3rg\u00e3o vai dispor de recurso para iniciar essas obras. \u201cA ideia \u00e9 come\u00e7ar pelos pontos mais cr\u00edticos para que diminua os acidentes na via. Vale lembrar, que independente da mudan\u00e7a de governo o contrato firmando com o DNIT \u00e9 executado. O prazo m\u00e1ximo para a conclus\u00e3o \u00e9 de cinco anos\u201d, explicou.<\/p>\n<p class=\"m_3879749844959375037gmail-MsoNoSpacing\">\n<p class=\"m_3879749844959375037gmail-MsoNoSpacing\">\u00a0Daniel agradeceu a parlamentar pelo esfor\u00e7o em consegui a reuni\u00e3o com o ministro.\u00a0\u00a0\u201cSa\u00ed confiante. Conseguimos o que o movimento tanto queria que \u00e9 a adequa\u00e7\u00e3o da BR-265, para comportar o alto fluxo de ve\u00edculos que trafegam por l\u00e1 todos os dias. Minha gratid\u00e3o a deputada D\u00e2mina por atender nosso pedido\u201d, pontuou.<\/p>\n<p class=\"m_3879749844959375037gmail-MsoNoSpacing\">\u00a0<img decoding=\"async\" class=\"alignnone size-full wp-image-16368 aligncenter\" src=\"http:\/\/lavras.tv\/site\/wp-content\/uploads\/2018\/05\/42253282762_bf0a8f646b_o.jpg\" alt=\"42253282762_bf0a8f646b_o\" width=\"4928\" height=\"3280\" srcset=\"https:\/\/lavras.tv\/site\/wp-content\/uploads\/2018\/05\/42253282762_bf0a8f646b_o.jpg 4928w, https:\/\/lavras.tv\/site\/wp-content\/uploads\/2018\/05\/42253282762_bf0a8f646b_o-150x100.jpg 150w, https:\/\/lavras.tv\/site\/wp-content\/uploads\/2018\/05\/42253282762_bf0a8f646b_o-300x200.jpg 300w, https:\/\/lavras.tv\/site\/wp-content\/uploads\/2018\/05\/42253282762_bf0a8f646b_o-1024x682.jpg 1024w, https:\/\/lavras.tv\/site\/wp-content\/uploads\/2018\/05\/42253282762_bf0a8f646b_o-480x320.jpg 480w, https:\/\/lavras.tv\/site\/wp-content\/uploads\/2018\/05\/42253282762_bf0a8f646b_o-272x182.jpg 272w\" sizes=\"(max-width: 4928px) 100vw, 4928px\" \/><\/p>\n<p class=\"m_3879749844959375037gmail-MsoNoSpacing\">\u00a0<b>BR-265<\/b><\/p>\n<p class=\"m_3879749844959375037gmail-MsoNoSpacing\">Um estudo da Confedera\u00e7\u00e3o Nacional dos Transportes (CNT) sobre as condi\u00e7\u00f5es das rodovias brasileiras revelou que dos 427 km da BR-265, apenas 10 km est\u00e3o em \u00f3timas condi\u00e7\u00f5es, 238 km regulares, 75 km ruins e 10 km p\u00e9ssimos.<\/p>\n<p class=\"m_3879749844959375037gmail-MsoNoSpacing\">\u00a0Dados do movimento \u2018Somos Todos V\u00edtimas da BR-265\u2019 apontam que em quatro anos 123 pessoas perderam suas vidas no trecho entre Lavras e S\u00e3o Jo\u00e3o del Rei\/MG.<\/p>\n<p class=\"m_3879749844959375037gmail-MsoNoSpacing\">\u00a0<img loading=\"lazy\" decoding=\"async\" class=\"alignnone size-full wp-image-16369 aligncenter\" src=\"http:\/\/lavras.tv\/site\/wp-content\/uploads\/2018\/05\/ESL_8829_01.jpg\" alt=\"ESL_8829_01\" width=\"4452\" height=\"2857\" srcset=\"https:\/\/lavras.tv\/site\/wp-content\/uploads\/2018\/05\/ESL_8829_01.jpg 4452w, https:\/\/lavras.tv\/site\/wp-content\/uploads\/2018\/05\/ESL_8829_01-150x96.jpg 150w, https:\/\/lavras.tv\/site\/wp-content\/uploads\/2018\/05\/ESL_8829_01-300x193.jpg 300w, https:\/\/lavras.tv\/site\/wp-content\/uploads\/2018\/05\/ESL_8829_01-1024x657.jpg 1024w\" sizes=\"(max-width: 4452px) 100vw, 4452px\" \/><\/p>\n<p class=\"m_3879749844959375037gmail-MsoNoSpacing\"><b>Mais seguran\u00e7a<\/b><\/p>\n<p class=\"m_3879749844959375037gmail-MsoNoSpacing\">J\u00e1 no primeiro ano de mandato a deputada vem buscando mais seguran\u00e7a na rodovia. Ela apresentou junto \u00e0 Comiss\u00e3o Mista de Or\u00e7amento \u00e0 Lei de Diretrizes Or\u00e7ament\u00e1rias (LDO) uma emenda de bancada pedindo a adequa\u00e7\u00e3o do trecho rodovi\u00e1rio da BR.<\/p>\n<p class=\"m_3879749844959375037gmail-MsoNoSpacing\">\u00a0Em 2016, a parlamentar esteve com engenheiros do Departamento Nacional de Infraestrutura de Transportes (DNIT), em Belo Horizonte (MG), para pedir alternativas que viabilizassem uma maior seguran\u00e7a para quem mora e trafega ao longo da rodovia. O pedido mais recente foi feito em 2017, ao presidente da Rep\u00fablica, Michel Temer, onde D\u00e2mina Pereira solicitou a conclus\u00e3o da 3\u00aa faixa da BR no sentido Lavras a S\u00e3o Jo\u00e3o del-Rei\/MG.<\/p>\n<p class=\"m_3879749844959375037gmail-MsoNoSpacing\">D\u00e2mina ressalta que buscar melhorias para a regi\u00e3o \u00e9 um trabalho que precisa ser feito em parceria com outros parlamentares e prefeitos. \u201cOs recursos n\u00f3s sabemos que s\u00e3o limitados. N\u00e3o podemos esperar mais, devemos nos unir em prol de um benef\u00edcio para nossa popula\u00e7\u00e3o.&#8221;<\/p>\n<p class=\"m_3879749844959375037gmail-MsoNoSpacing\"><img loading=\"lazy\" decoding=\"async\" class=\"alignnone size-full wp-image-16370 aligncenter\" src=\"http:\/\/lavras.tv\/site\/wp-content\/uploads\/2018\/05\/IMG_7965.jpg\" alt=\"IMG_7965\" width=\"4032\" height=\"3024\" srcset=\"https:\/\/lavras.tv\/site\/wp-content\/uploads\/2018\/05\/IMG_7965.jpg 4032w, https:\/\/lavras.tv\/site\/wp-content\/uploads\/2018\/05\/IMG_7965-150x113.jpg 150w, https:\/\/lavras.tv\/site\/wp-content\/uploads\/2018\/05\/IMG_7965-300x225.jpg 300w, https:\/\/lavras.tv\/site\/wp-content\/uploads\/2018\/05\/IMG_7965-1024x768.jpg 1024w, https:\/\/lavras.tv\/site\/wp-content\/uploads\/2018\/05\/IMG_7965-640x480.jpg 640w\" sizes=\"(max-width: 4032px) 100vw, 4032px\" \/><\/p>\n<p class=\"m_3879749844959375037gmail-MsoNoSpacing\">Fonte: gabinete da deputada D\u00e2mina Pereira<\/p>\n","protected":false},"excerpt":{"rendered":"<p>A deputada federal D\u00e2mina Pereira (Podemos\/MG) se reuniu, em Bras\u00edlia, com o ministro dos Transportes, Valter Casimiro Silveira, para discutir melhorias para a BR-265.<\/p>\n","protected":false},"author":2,"featured_media":16366,"comment_status":"closed","ping_status":"open","sticky":false,"template":"","format":"standard","meta":{"advgb_blocks_editor_width":"","advgb_blocks_columns_visual_guide":"","_exactmetrics_skip_tracking":false,"_exactmetrics_sitenote_active":false,"_exactmetrics_sitenote_note":"","_exactmetrics_sitenote_category":0,"footnotes":""},"categories":[7,12],"tags":[79,671,2780],"class_list":["post-16365","post","type-post","status-publish","format-standard","has-post-thumbnail","hentry","category-destaques","category-politica","tag-br-265","tag-damina-pereira","tag-somos-todos-vitimas-da-br-265"],"better_featured_image":{"id":16366,"alt_text":"","caption":"","description":"","media_type":"image","media_details":{"width":4928,"height":3280,"file":"2018\/05\/27431310807_d3c826f186_o.jpg","sizes":{"thumbnail":{"file":"27431310807_d3c826f186_o-150x100.jpg","width":150,"height":100,"mime-type":"image\/jpeg","source_url":"https:\/\/lavras.tv\/site\/wp-content\/uploads\/2018\/05\/27431310807_d3c826f186_o-150x100.jpg"},"medium":{"file":"27431310807_d3c826f186_o-300x200.jpg","width":300,"height":200,"mime-type":"image\/jpeg","source_url":"https:\/\/lavras.tv\/site\/wp-content\/uploads\/2018\/05\/27431310807_d3c826f186_o-300x200.jpg"},"large":{"file":"27431310807_d3c826f186_o-1024x682.jpg","width":1024,"height":682,"mime-type":"image\/jpeg","source_url":"https:\/\/lavras.tv\/site\/wp-content\/uploads\/2018\/05\/27431310807_d3c826f186_o-1024x682.jpg"},"featured-slider-img":{"file":"27431310807_d3c826f186_o-640x480.jpg","width":640,"height":480,"mime-type":"image\/jpeg","source_url":"https:\/\/lavras.tv\/site\/wp-content\/uploads\/2018\/05\/27431310807_d3c826f186_o-640x480.jpg"},"featured-post-img":{"file":"27431310807_d3c826f186_o-480x320.jpg","width":480,"height":320,"mime-type":"image\/jpeg","source_url":"https:\/\/lavras.tv\/site\/wp-content\/uploads\/2018\/05\/27431310807_d3c826f186_o-480x320.jpg"},"sow-carousel-default":{"file":"27431310807_d3c826f186_o-272x182.jpg","width":272,"height":182,"mime-type":"image\/jpeg","source_url":"https:\/\/lavras.tv\/site\/wp-content\/uploads\/2018\/05\/27431310807_d3c826f186_o-272x182.jpg"}},"image_meta":{"aperture":"5","credit":"Foto: Edsom Leite","camera":"NIKON D4","caption":"","created_timestamp":"1527072512","copyright":"","focal_length":"29","iso":"2000","shutter_speed":"0.01","title":"","orientation":"1","keywords":[]}},"post":16365,"source_url":"https:\/\/lavras.tv\/site\/wp-content\/uploads\/2018\/05\/27431310807_d3c826f186_o.jpg"},"author_meta":{"display_name":"Lavras TV","author_link":"https:\/\/lavras.tv\/site\/author\/lavrastv\/"},"featured_img":"https:\/\/lavras.tv\/site\/wp-content\/uploads\/2018\/05\/27431310807_d3c826f186_o-300x200.jpg","coauthors":[],"tax_additional":{"categories":{"linked":["<a href=\"https:\/\/lavras.tv\/site\/category\/destaques\/\" class=\"advgb-post-tax-term\">Destaques<\/a>","<a href=\"https:\/\/lavras.tv\/site\/category\/politica\/\" class=\"advgb-post-tax-term\">Pol\u00edtica<\/a>"],"unlinked":["<span class=\"advgb-post-tax-term\">Destaques<\/span>","<span class=\"advgb-post-tax-term\">Pol\u00edtica<\/span>"]},"tags":{"linked":["<a href=\"https:\/\/lavras.tv\/site\/category\/politica\/\" class=\"advgb-post-tax-term\">br 265<\/a>","<a href=\"https:\/\/lavras.tv\/site\/category\/politica\/\" class=\"advgb-post-tax-term\">D\u00e2mina Pereira<\/a>","<a href=\"https:\/\/lavras.tv\/site\/category\/politica\/\" class=\"advgb-post-tax-term\">somos todos v\u00edtimas da BR 265<\/a>"],"unlinked":["<span class=\"advgb-post-tax-term\">br 265<\/span>","<span class=\"advgb-post-tax-term\">D\u00e2mina Pereira<\/span>","<span class=\"advgb-post-tax-term\">somos todos v\u00edtimas da BR 265<\/span>"]}},"comment_count":"0","relative_dates":{"created":"Publicado 8 anos atr\u00e1s","modified":"Atualizado 8 anos atr\u00e1s"},"absolute_dates":{"created":"Publicado em 25 de maio de 2018","modified":"Atualizado em 25 de maio de 2018"},"absolute_dates_time":{"created":"Publicado em 25 de maio de 2018 09:34","modified":"Atualizado em 25 de maio de 2018 09:34"},"featured_img_caption":"","series_order":"","_links":{"self":[{"href":"https:\/\/lavras.tv\/site\/wp-json\/wp\/v2\/posts\/16365","targetHints":{"allow":["GET"]}}],"collection":[{"href":"https:\/\/lavras.tv\/site\/wp-json\/wp\/v2\/posts"}],"about":[{"href":"https:\/\/lavras.tv\/site\/wp-json\/wp\/v2\/types\/post"}],"author":[{"embeddable":true,"href":"https:\/\/lavras.tv\/site\/wp-json\/wp\/v2\/users\/2"}],"replies":[{"embeddable":true,"href":"https:\/\/lavras.tv\/site\/wp-json\/wp\/v2\/comments?post=16365"}],"version-history":[{"count":1,"href":"https:\/\/lavras.tv\/site\/wp-json\/wp\/v2\/posts\/16365\/revisions"}],"predecessor-version":[{"id":16371,"href":"https:\/\/lavras.tv\/site\/wp-json\/wp\/v2\/posts\/16365\/revisions\/16371"}],"wp:featuredmedia":[{"embeddable":true,"href":"https:\/\/lavras.tv\/site\/wp-json\/wp\/v2\/media\/16366"}],"wp:attachment":[{"href":"https:\/\/lavras.tv\/site\/wp-json\/wp\/v2\/media?parent=16365"}],"wp:term":[{"taxonomy":"category","embeddable":true,"href":"https:\/\/lavras.tv\/site\/wp-json\/wp\/v2\/categories?post=16365"},{"taxonomy":"post_tag","embeddable":true,"href":"https:\/\/lavras.tv\/site\/wp-json\/wp\/v2\/tags?post=16365"}],"curies":[{"name":"wp","href":"https:\/\/api.w.org\/{rel}","templated":true}]}}