{"id":163688,"date":"2025-03-24T16:07:45","date_gmt":"2025-03-24T19:07:45","guid":{"rendered":"https:\/\/lavras.tv\/site\/?p=163688"},"modified":"2025-03-24T16:07:46","modified_gmt":"2025-03-24T19:07:46","slug":"minas-tem-15-barragens-em-risco-construidas-com-mesmo-metodo-de-tragedias","status":"publish","type":"post","link":"https:\/\/lavras.tv\/site\/2025\/03\/24\/minas-tem-15-barragens-em-risco-construidas-com-mesmo-metodo-de-tragedias\/","title":{"rendered":"Minas tem 15 barragens em risco constru\u00eddas com mesmo m\u00e9todo de trag\u00e9dias"},"content":{"rendered":"<div class=\"lavra-antes-do-conteudo_2\" id=\"lavra-3511949766\"><div id=\"lavra-slider-27\" class=\"custom-slider lavra-slider-1854261742 lavra-slider\"><ul><li><div style=\"margin-left: auto;margin-right: auto;text-align: center;\" id=\"lavra-4263870866\"><a href=\"https:\/\/sistemas.lavras.mg.gov.br\/portalcidadao\/#df1b1a7c7b2a290bcb31e32771e610784662739a88807c0dacac58ede5f391a7530e299dc302d611ee73cb143fc22eaf93592e53e7b5bdb01b00a0b8d28dae460c141dd2ff83412e4dc1c31b16b25f33144a9e5620ea73b13f5bc1c59411d98439ad226e8af03840603796067d87afe130812cf3de24982d0e306f9e61e764e5\" aria-label=\"Lavras-TV&#8211;720x104px (1) (1)\"><img src=\"https:\/\/lavras.tv\/site\/wp-content\/uploads\/2025\/01\/Lavras-TV-720x104px-1-1.png\" alt=\"\"  srcset=\"https:\/\/lavras.tv\/site\/wp-content\/uploads\/2025\/01\/Lavras-TV-720x104px-1-1.png 720w, https:\/\/lavras.tv\/site\/wp-content\/uploads\/2025\/01\/Lavras-TV-720x104px-1-1-470x68.png 470w, https:\/\/lavras.tv\/site\/wp-content\/uploads\/2025\/01\/Lavras-TV-720x104px-1-1-170x25.png 170w, https:\/\/lavras.tv\/site\/wp-content\/uploads\/2025\/01\/Lavras-TV-720x104px-1-1-200x29.png 200w\" sizes=\"(max-width: 720px) 100vw, 720px\" width=\"720\" height=\"104\"  style=\"display: inline-block;\" \/><\/a><\/div><\/li><li><a href=\"https:\/\/sistemas.lavras.mg.gov.br\/portalcidadao\/#df1b1a7c7b2a290bcb31e32771e610784662739a88807c0dacac58ede5f391a7530e299dc302d611ee73cb143fc22eaf93592e53e7b5bdb01b00a0b8d28dae460c141dd2ff83412e4dc1c31b16b25f33144a9e5620ea73b13f5bc1c59411d98439ad226e8af03840603796067d87afe130812cf3de24982d0e306f9e61e764e5\" aria-label=\"Banner_Emprego_PortallavrasTV\"><img src=\"https:\/\/lavras.tv\/site\/wp-content\/uploads\/2025\/03\/Banner_Emprego_PortallavrasTV.png\" alt=\"\"  srcset=\"https:\/\/lavras.tv\/site\/wp-content\/uploads\/2025\/03\/Banner_Emprego_PortallavrasTV.png 720w, https:\/\/lavras.tv\/site\/wp-content\/uploads\/2025\/03\/Banner_Emprego_PortallavrasTV-470x68.png 470w, https:\/\/lavras.tv\/site\/wp-content\/uploads\/2025\/03\/Banner_Emprego_PortallavrasTV-170x25.png 170w, https:\/\/lavras.tv\/site\/wp-content\/uploads\/2025\/03\/Banner_Emprego_PortallavrasTV-200x29.png 200w\" sizes=\"(max-width: 720px) 100vw, 720px\" width=\"720\" height=\"104\"   \/><\/a><\/li><li><a href=\"https:\/\/sistemas.lavras.mg.gov.br\/portalcidadao\/#df1b1a7c7b2a290bcb31e32771e610784662739a88807c0dacac58ede5f391a7530e299dc302d611ee73cb143fc22eaf93592e53e7b5bdb01b00a0b8d28dae460c141dd2ff83412e4dc1c31b16b25f33144a9e5620ea73b13f5bc1c59411d98439ad226e8af03840603796067d87afe130812cf3de24982d0e306f9e61e764e5\" aria-label=\"Banner_Obras_PortallavrasTV\"><img src=\"https:\/\/lavras.tv\/site\/wp-content\/uploads\/2025\/03\/Banner_Obras_PortallavrasTV.png\" alt=\"\"  srcset=\"https:\/\/lavras.tv\/site\/wp-content\/uploads\/2025\/03\/Banner_Obras_PortallavrasTV.png 720w, https:\/\/lavras.tv\/site\/wp-content\/uploads\/2025\/03\/Banner_Obras_PortallavrasTV-470x68.png 470w, https:\/\/lavras.tv\/site\/wp-content\/uploads\/2025\/03\/Banner_Obras_PortallavrasTV-170x25.png 170w, https:\/\/lavras.tv\/site\/wp-content\/uploads\/2025\/03\/Banner_Obras_PortallavrasTV-200x29.png 200w\" sizes=\"(max-width: 720px) 100vw, 720px\" width=\"720\" height=\"104\"   \/><\/a><\/li><li><div style=\"margin-left: auto;margin-right: auto;text-align: center;\" id=\"lavra-1962875581\"><a href=\"https:\/\/sistemas.lavras.mg.gov.br\/portalcidadao\/#df1b1a7c7b2a290bcb31e32771e610784662739a88807c0dacac58ede5f391a7530e299dc302d611ee73cb143fc22eaf93592e53e7b5bdb01b00a0b8d28dae460c141dd2ff83412e4dc1c31b16b25f33144a9e5620ea73b13f5bc1c59411d98439ad226e8af03840603796067d87afe130812cf3de24982d0e306f9e61e764e5\" aria-label=\"Banner_Educa\u00e7\u00e3o_PortallavrasTV\"><img src=\"https:\/\/lavras.tv\/site\/wp-content\/uploads\/2025\/01\/Banner_Educacao_PortallavrasTV.png\" alt=\"\"  srcset=\"https:\/\/lavras.tv\/site\/wp-content\/uploads\/2025\/01\/Banner_Educacao_PortallavrasTV.png 720w, https:\/\/lavras.tv\/site\/wp-content\/uploads\/2025\/01\/Banner_Educacao_PortallavrasTV-470x68.png 470w, https:\/\/lavras.tv\/site\/wp-content\/uploads\/2025\/01\/Banner_Educacao_PortallavrasTV-170x25.png 170w, https:\/\/lavras.tv\/site\/wp-content\/uploads\/2025\/01\/Banner_Educacao_PortallavrasTV-200x29.png 200w\" sizes=\"(max-width: 720px) 100vw, 720px\" width=\"720\" height=\"104\"  style=\"display: inline-block;\" \/><\/a><\/div><\/li><li><a href=\"https:\/\/sistemas.lavras.mg.gov.br\/portalcidadao\/#df1b1a7c7b2a290bcb31e32771e610784662739a88807c0dacac58ede5f391a7530e299dc302d611ee73cb143fc22eaf93592e53e7b5bdb01b00a0b8d28dae460c141dd2ff83412e4dc1c31b16b25f33144a9e5620ea73b13f5bc1c59411d98439ad226e8af03840603796067d87afe130812cf3de24982d0e306f9e61e764e5\" aria-label=\"Banner_Sa\u00fade_PortallavrasTV\"><img src=\"https:\/\/lavras.tv\/site\/wp-content\/uploads\/2025\/03\/Banner_Saude_PortallavrasTV.png\" alt=\"\"  srcset=\"https:\/\/lavras.tv\/site\/wp-content\/uploads\/2025\/03\/Banner_Saude_PortallavrasTV.png 720w, https:\/\/lavras.tv\/site\/wp-content\/uploads\/2025\/03\/Banner_Saude_PortallavrasTV-470x68.png 470w, https:\/\/lavras.tv\/site\/wp-content\/uploads\/2025\/03\/Banner_Saude_PortallavrasTV-170x25.png 170w, https:\/\/lavras.tv\/site\/wp-content\/uploads\/2025\/03\/Banner_Saude_PortallavrasTV-200x29.png 200w\" sizes=\"(max-width: 720px) 100vw, 720px\" width=\"720\" height=\"104\"   \/><\/a><\/li><li><div id=\"lavra-4176009140\" style=\"width:720px;height:104px;background-color:#ddd;overflow:scroll;\">\n\t<strong>Sa\u00edda da depura\u00e7\u00e3o de an\u00fancios<\/strong>\n\t<br><br>\n\tO an\u00fancio n\u00e3o \u00e9 exibido na p\u00e1gina<br><br>post atual: Minas tem 15 barragens em risco constru\u00eddas com mesmo m\u00e9todo de trag\u00e9dias, ID: 163688<br><br><span style=\"color: red;\">O post atual n\u00e3o \u00e9 id\u00eantico ao post principal.<\/span><br><br>An\u00fancios: ROXO - TOPO INTERNA - ROTATIVO 2 (197)<br \/>Grupo de an\u00fancios: Princ_Meio01_720x104 (27)<br><br>Condi\u00e7\u00f5es de exibi\u00e7\u00e3o<div style=\"margin-bottom: 20px; white-space: pre-wrap; font-family: monospace; width: 100%; background: #ffe9e9;\"><strong>condi\u00e7\u00f5es gerais<\/strong><table border=\"1\"><thead><tr><th><\/th><th>An\u00fancios<\/th><th>wp_the_query<\/th><\/tr><\/thead><tr><td>is_main_query<\/td><td>1<\/td><td>1<\/td><\/tr><tr><td>is_rest_api<\/td><td>0<\/td><td>1<\/td><\/tr><tr><td>page<\/td><td>0<\/td><td>1<\/td><\/tr><tr><td>numpages<\/td><td>0<\/td><td>1<\/td><\/tr><tr><td>is_archive<\/td><td>1<\/td><td><\/td><\/tr><tr><td>is_search<\/td><td>1<\/td><td><\/td><\/tr><tr><td>is_home<\/td><td>1<\/td><td><\/td><\/tr><tr><td>is_404<\/td><td>1<\/td><td><\/td><\/tr><tr><td>is_attachment<\/td><td>1<\/td><td><\/td><\/tr><tr><td>is_singular<\/td><td>1<\/td><td><\/td><\/tr><tr><td>is_front_page<\/td><td>1<\/td><td><\/td><\/tr><tr><td>is_feed<\/td><td>1<\/td><td><\/td><\/tr><\/table><\/div><br><br><span style=\"color: red;\">Seu site usa HTTPS, mas o c\u00f3digo do an\u00fancio cont\u00e9m HTTP e pode n\u00e3o funcionar.<\/span>\t<br><br>\n\t<a style=\"color: green;\" href=\"https:\/\/wpadvancedads.com\/manual\/ad-debug-mode\/?utm_source=advanced-ads&utm_medium=link&utm_campaign=ad-debug-mode\" target=\"_blank\" rel=\"nofollow\">Encontre solu\u00e7\u00f5es no manual<\/a>\n<\/div>\n<\/li><\/ul><\/div><script>( window.advanced_ads_ready || jQuery( document ).ready ).call( null, function() {var $lavraslider1854261742 = jQuery( \".lavra-slider-1854261742\" );$lavraslider1854261742.on( \"unslider.ready\", function() { jQuery( \"div.custom-slider ul li\" ).css( \"display\", \"block\" ); });$lavraslider1854261742.unslider({ delay:4000, autoplay:true, nav:false, arrows:false, infinite:true });$lavraslider1854261742.on(\"mouseover\", function() {$lavraslider1854261742.unslider(\"stop\");}).on(\"mouseout\", function() {$lavraslider1854261742.unslider(\"start\");});});<\/script><\/div>\n<p>O estado tem 43 represas em alerta ou em emerg\u00eancia, sendo que 34% delas foram alteadas da mesma maneira que as que se romperam em Brumadinho e Mariana<\/p>\n\n\n\n<figure class=\"wp-block-image size-large\"><img fetchpriority=\"high\" decoding=\"async\" width=\"970\" height=\"581\" src=\"https:\/\/lavras.tv\/site\/wp-content\/uploads\/2025\/03\/1_wge8barragens01-48507268-970x581.jpg\" alt=\"\" class=\"wp-image-163689\" srcset=\"https:\/\/lavras.tv\/site\/wp-content\/uploads\/2025\/03\/1_wge8barragens01-48507268-970x581.jpg 970w, https:\/\/lavras.tv\/site\/wp-content\/uploads\/2025\/03\/1_wge8barragens01-48507268-470x282.jpg 470w, https:\/\/lavras.tv\/site\/wp-content\/uploads\/2025\/03\/1_wge8barragens01-48507268-170x102.jpg 170w, https:\/\/lavras.tv\/site\/wp-content\/uploads\/2025\/03\/1_wge8barragens01-48507268-200x120.jpg 200w, https:\/\/lavras.tv\/site\/wp-content\/uploads\/2025\/03\/1_wge8barragens01-48507268.jpg 1200w\" sizes=\"(max-width: 970px) 100vw, 970px\" \/><\/figure>\n\n\n\n<p>Das 43 barragens em alerta ou emerg\u00eancia em Minas Gerais, 15 (34,8%)\u00a0<strong><a href=\"https:\/\/www.em.com.br\/gerais\/2024\/06\/amp\/6882210-barragens-de-mineracao-a-montante-no-pais-cairam-quase-30-desde-brumadinho.html\" target=\"_blank\" rel=\"noreferrer noopener\">foram constru\u00eddas no m\u00e9todo a montante,<\/a><\/strong>\u00a0considerado o menos seguro pela engenharia. Na pr\u00e1tica, as mineradoras constroem a represa em cima do rejeito. Pela caracter\u00edstica desse tipo de mat\u00e9ria, h\u00e1 risco de deslizamentos, sobretudo em per\u00edodos chuvosos. N\u00e3o por acaso, os colapsos de Brumadinho e Mariana ocorreram durante a temporada de precipita\u00e7\u00e3o, em janeiro e novembro, respectivamente. As duas represas foram alteadas a montante.<\/p>\n\n\n\n<p>Segundo o cruzamento de dados feito pela reportagem, s\u00e3o cerca de 95,3 mil pessoas vivendo nos arredores desses 15 barramentos a montante em estado de alerta ou emerg\u00eancia, que acumulam 384,2 milh\u00f5es de metros c\u00fabicos de rejeito.<\/p>\n\n\n\n<p>Outras 19 barragens em risco foram constru\u00eddas em etapa \u00fanica. Esse modelo de engenharia, geralmente, \u00e9 usado para estruturas menores, justamente porque n\u00e3o permite alteamento (amplia\u00e7\u00e3o) constante. S\u00e3o 156 mil pessoas nos arredores dessas estruturas, que abrigam 46,5 milh\u00f5es de metros c\u00fabicos de rejeito.<\/p>\n\n\n\n<figure class=\"wp-block-image\"><img decoding=\"async\" src=\"https:\/\/midias.em.com.br\/_midias\/jpg\/2025\/03\/23\/arte_barragens_construcao-48507411.jpeg\" alt=\"Arte detalha o tamanho do risco das barragens em Minas Gerais\" title=\"Arte detalha o tamanho do risco das barragens em Minas Gerais\"\/><\/figure>\n\n\n\n<p>Arte detalha o tamanho do risco das barragens em Minas Gerais<\/p>\n\n\n\n<p>Dois outros m\u00e9todos de constru\u00e7\u00e3o est\u00e3o inclu\u00eddos na lista de barragens em alerta e em emerg\u00eancia da ANM. S\u00e3o quatro represas com alteamento a jusante (o contr\u00e1rio do a montante, com o rejeito em cima do alteamento); e outras cinco com eleva\u00e7\u00e3o por linha de centro, engenharia que soma caracter\u00edsticas a montante e a jusante.<\/p>\n\n\n\n<p>No caso do alteamento a jusante, considerado o mais seguro, ainda que represente risco por se tratar de uma barragem de minera\u00e7\u00e3o, s\u00e3o cerca de 44 mil pessoas morando no raio de 10 quil\u00f4metros das quatro represas amea\u00e7adas. Juntas, elas somam 87,8 milh\u00f5es de metros c\u00fabicos de rejeito.<\/p>\n\n\n\n<p>J\u00e1 nas cinco barragens alteadas por linha de centro s\u00e3o aproximadamente 1,5 milh\u00e3o de pessoas vizinhas do risco de trag\u00e9dia. Essas cinco represas abrigam 6,7 milh\u00f5es de metros c\u00fabicos de rejeito.<\/p>\n\n\n\n<h2 class=\"wp-block-heading\"><br>Governan\u00e7a<\/h2>\n\n\n\n<p><br><strong><a href=\"https:\/\/www.em.com.br\/gerais\/2024\/12\/7015360-anm-retira-nivel-de-emergencia-de-barragem-da-vale-em-cidade-de-mg.html\" target=\"_blank\" rel=\"noreferrer noopener\">Respons\u00e1vel pela fiscaliza\u00e7\u00e3o do setor,<\/a><\/strong>&nbsp;a ANM exige a entrega, por parte das empresas, de um documento que comprova a seguran\u00e7a das barragens em mar\u00e7o e setembro de todos os anos, denominado Declara\u00e7\u00e3o de Condi\u00e7\u00e3o de Estabilidade (DCE). Segundo a base de dados da ag\u00eancia, por\u00e9m, apenas 16 das 43 represas em alerta ou emerg\u00eancia em Minas est\u00e3o com o DCE aprovado. Ou seja, 63% das estruturas amea\u00e7adas ignoraram o prazo da autoridade ou n\u00e3o tiveram suas declara\u00e7\u00f5es aprovadas.<\/p>\n\n\n\n<p><br>Para o professor de engenharia de minas da Universidade Federal de Minas Gerais (UFMG) Evandro Moraes da Gama, o problema tamb\u00e9m passa pela fiscaliza\u00e7\u00e3o. Segundo ele, historicamente, a ANM sempre conviveu com a falta de pessoal. \u201cEu sinto que a ANM n\u00e3o tem t\u00e9cnicos suficientes para a quantidade de barragens que existem no Brasil. \u00c9 rid\u00edculo. Em 2022, o governo abriu vagas, hoje preenchidas. Mas a disponibilidade da ANM, para um pa\u00eds deste tamanho, \u00e9 humanamente imposs\u00edvel\u201d, afirma.<\/p>\n\n\n\n<p><br>Sobre o dado de 1,8 milh\u00e3o de mineiros vivendo nos arredores de barragens em alerta ou em emerg\u00eancia, o especialista aponta que o problema se agrava por conta das limita\u00e7\u00f5es habitacionais do pa\u00eds. \u201cTodos os empreendimentos miner\u00e1rios t\u00eam as chamadas \u00e1reas de servid\u00e3o, delimita\u00e7\u00f5es geogr\u00e1ficas escolhidas pelas empresas para instalar a mina longe da popula\u00e7\u00e3o. Depois dos eventos de Mariana e Brumadinho, foi dada uma aten\u00e7\u00e3o maior a esse fato. O que acontece, tamb\u00e9m, \u00e9 que a popula\u00e7\u00e3o cresce e se instala nessa \u00e1rea. \u00c9 uma pr\u00e1tica constante durante os anos\u201d, diz.<\/p>\n\n\n\n<h2 class=\"wp-block-heading\">Poss\u00edvel solu\u00e7\u00e3o<\/h2>\n\n\n\n<p>Para o professor Evandro Moraes da Gama, o maior erro das empresas de minera\u00e7\u00e3o no passado foi a escolha pelo dep\u00f3sito de rejeito em barragens. O docente, inclusive, \u00e9 contra a denomina\u00e7\u00e3o \u201crejeito\u201d. \u201cA verdade \u00e9 que a barragem n\u00e3o \u00e9 indicada em cen\u00e1rio algum. O correto \u00e9 tratar o rejeito logo ap\u00f3s a produ\u00e7\u00e3o dele. J\u00e1 est\u00e1 errado de chamar assim. \u00c9 um coproduto\u201d, afirma.<\/p>\n\n\n\n<p><br>No \u00e2mbito da pesquisa, Evandro criou o projeto \u201cRejeito Zero\u201d, que tem o objetivo de usar o material armazenado em barragens como mat\u00e9ria-prima de outros produtos, usados, por exemplo, na constru\u00e7\u00e3o civil. &#8220;Cito a China, que hoje trabalha com tratamento de rejeito para transformar 80% dele em outros produtos, como porcelanato, outros tipos de pisos e at\u00e9 material para pavimenta\u00e7\u00e3o de estradas. Uma parceria entre o p\u00fablico e o privado seria bem-vinda no Brasil. Basta vontade de lado a lado&#8221;.<\/p>\n\n\n\n<p>Apesar disso, o professor admite que \u00e9 preciso uma mudan\u00e7a de cultura, tamb\u00e9m, entre os empres\u00e1rios do setor. &#8220;As mineradoras t\u00eam o h\u00e1bito de demitir engenheiros e contratar advogados para ficar nesse jogo (de empurra) durante os anos. H\u00e1 uma press\u00e3o muito grande, porque o cara \u00e9 demitido porque n\u00e3o quer fazer um procedimento menos seguro&#8221;, diz.<\/p>\n","protected":false},"excerpt":{"rendered":"<p>O estado tem 43 represas em alerta ou em emerg\u00eancia, sendo que 34% delas foram alteadas da mesma maneira que as que se romperam em Brumadinho e Mariana Das 43 barragens em alerta ou emerg\u00eancia em Minas Gerais, 15 (34,8%)\u00a0foram constru\u00eddas no m\u00e9todo a montante,\u00a0considerado o menos seguro pela engenharia. Na pr\u00e1tica, as mineradoras constroem [&hellip;]<\/p>\n","protected":false},"author":5,"featured_media":163689,"comment_status":"closed","ping_status":"open","sticky":false,"template":"","format":"standard","meta":{"advgb_blocks_editor_width":"","advgb_blocks_columns_visual_guide":"","_exactmetrics_skip_tracking":false,"_exactmetrics_sitenote_active":false,"_exactmetrics_sitenote_note":"","_exactmetrics_sitenote_category":0,"footnotes":""},"categories":[7,2],"tags":[],"class_list":["post-163688","post","type-post","status-publish","format-standard","has-post-thumbnail","hentry","category-destaques","category-noticias"],"better_featured_image":{"id":163689,"alt_text":"","caption":"","description":"","media_type":"image","media_details":{"width":1200,"height":719,"file":"2025\/03\/1_wge8barragens01-48507268.jpg","filesize":397715,"sizes":{"medium":{"file":"1_wge8barragens01-48507268-470x282.jpg","width":470,"height":282,"mime-type":"image\/jpeg","filesize":42266,"source_url":"https:\/\/lavras.tv\/site\/wp-content\/uploads\/2025\/03\/1_wge8barragens01-48507268-470x282.jpg"},"large":{"file":"1_wge8barragens01-48507268-970x581.jpg","width":970,"height":581,"mime-type":"image\/jpeg","filesize":188757,"source_url":"https:\/\/lavras.tv\/site\/wp-content\/uploads\/2025\/03\/1_wge8barragens01-48507268-970x581.jpg"},"thumbnail":{"file":"1_wge8barragens01-48507268-170x102.jpg","width":170,"height":102,"mime-type":"image\/jpeg","filesize":5912,"source_url":"https:\/\/lavras.tv\/site\/wp-content\/uploads\/2025\/03\/1_wge8barragens01-48507268-170x102.jpg"},"lshowcase-thumb":{"file":"1_wge8barragens01-48507268-200x120.jpg","width":200,"height":120,"mime-type":"image\/jpeg","filesize":7722,"source_url":"https:\/\/lavras.tv\/site\/wp-content\/uploads\/2025\/03\/1_wge8barragens01-48507268-200x120.jpg"},"alm-thumbnail":{"file":"1_wge8barragens01-48507268-150x150.jpg","width":150,"height":150,"mime-type":"image\/jpeg","filesize":7438,"source_url":"https:\/\/lavras.tv\/site\/wp-content\/uploads\/2025\/03\/1_wge8barragens01-48507268-150x150.jpg"}},"image_meta":{"aperture":"0","credit":"","camera":"","caption":"","created_timestamp":"0","copyright":"","focal_length":"0","iso":"0","shutter_speed":"0","title":"","orientation":"0","keywords":[]}},"post":163688,"source_url":"https:\/\/lavras.tv\/site\/wp-content\/uploads\/2025\/03\/1_wge8barragens01-48507268.jpg"},"author_meta":{"display_name":"Vinicius Bustamante","author_link":"https:\/\/lavras.tv\/site\/author\/vinicius-bustamante\/"},"featured_img":"https:\/\/lavras.tv\/site\/wp-content\/uploads\/2025\/03\/1_wge8barragens01-48507268-470x282.jpg","coauthors":[],"tax_additional":{"categories":{"linked":["<a href=\"https:\/\/lavras.tv\/site\/category\/destaques\/\" class=\"advgb-post-tax-term\">Destaques<\/a>","<a href=\"https:\/\/lavras.tv\/site\/category\/noticias\/\" class=\"advgb-post-tax-term\">Not\u00edcias<\/a>"],"unlinked":["<span class=\"advgb-post-tax-term\">Destaques<\/span>","<span class=\"advgb-post-tax-term\">Not\u00edcias<\/span>"]}},"comment_count":"0","relative_dates":{"created":"Publicado 1 ano atr\u00e1s","modified":"Atualizado 1 ano atr\u00e1s"},"absolute_dates":{"created":"Publicado em 24 de mar\u00e7o de 2025","modified":"Atualizado em 24 de mar\u00e7o de 2025"},"absolute_dates_time":{"created":"Publicado em 24 de mar\u00e7o de 2025 16:07","modified":"Atualizado em 24 de mar\u00e7o de 2025 16:07"},"featured_img_caption":"","series_order":"","_links":{"self":[{"href":"https:\/\/lavras.tv\/site\/wp-json\/wp\/v2\/posts\/163688","targetHints":{"allow":["GET"]}}],"collection":[{"href":"https:\/\/lavras.tv\/site\/wp-json\/wp\/v2\/posts"}],"about":[{"href":"https:\/\/lavras.tv\/site\/wp-json\/wp\/v2\/types\/post"}],"author":[{"embeddable":true,"href":"https:\/\/lavras.tv\/site\/wp-json\/wp\/v2\/users\/5"}],"replies":[{"embeddable":true,"href":"https:\/\/lavras.tv\/site\/wp-json\/wp\/v2\/comments?post=163688"}],"version-history":[{"count":1,"href":"https:\/\/lavras.tv\/site\/wp-json\/wp\/v2\/posts\/163688\/revisions"}],"predecessor-version":[{"id":163690,"href":"https:\/\/lavras.tv\/site\/wp-json\/wp\/v2\/posts\/163688\/revisions\/163690"}],"wp:featuredmedia":[{"embeddable":true,"href":"https:\/\/lavras.tv\/site\/wp-json\/wp\/v2\/media\/163689"}],"wp:attachment":[{"href":"https:\/\/lavras.tv\/site\/wp-json\/wp\/v2\/media?parent=163688"}],"wp:term":[{"taxonomy":"category","embeddable":true,"href":"https:\/\/lavras.tv\/site\/wp-json\/wp\/v2\/categories?post=163688"},{"taxonomy":"post_tag","embeddable":true,"href":"https:\/\/lavras.tv\/site\/wp-json\/wp\/v2\/tags?post=163688"}],"curies":[{"name":"wp","href":"https:\/\/api.w.org\/{rel}","templated":true}]}}