{"id":163691,"date":"2025-03-24T16:11:35","date_gmt":"2025-03-24T19:11:35","guid":{"rendered":"https:\/\/lavras.tv\/site\/?p=163691"},"modified":"2025-03-24T16:11:36","modified_gmt":"2025-03-24T19:11:36","slug":"equinocio-de-outono-entenda-como-ele-muda-a-duracao-dos-dias","status":"publish","type":"post","link":"https:\/\/lavras.tv\/site\/2025\/03\/24\/equinocio-de-outono-entenda-como-ele-muda-a-duracao-dos-dias\/","title":{"rendered":"Equin\u00f3cio de outono: entenda como ele \u201cmuda\u201d a dura\u00e7\u00e3o dos dias"},"content":{"rendered":"<div class=\"lavra-antes-do-conteudo_2\" id=\"lavra-2967636550\"><div id=\"lavra-slider-27\" class=\"custom-slider lavra-slider-3540169827 lavra-slider\"><ul><li><div style=\"margin-left: auto;margin-right: auto;text-align: center;\" id=\"lavra-530577617\"><a href=\"https:\/\/sistemas.lavras.mg.gov.br\/portalcidadao\/#df1b1a7c7b2a290bcb31e32771e610784662739a88807c0dacac58ede5f391a7530e299dc302d611ee73cb143fc22eaf93592e53e7b5bdb01b00a0b8d28dae460c141dd2ff83412e4dc1c31b16b25f33144a9e5620ea73b13f5bc1c59411d98439ad226e8af03840603796067d87afe130812cf3de24982d0e306f9e61e764e5\" aria-label=\"Lavras-TV&#8211;720x104px (1) (1)\"><img src=\"https:\/\/lavras.tv\/site\/wp-content\/uploads\/2025\/01\/Lavras-TV-720x104px-1-1.png\" alt=\"\"  srcset=\"https:\/\/lavras.tv\/site\/wp-content\/uploads\/2025\/01\/Lavras-TV-720x104px-1-1.png 720w, https:\/\/lavras.tv\/site\/wp-content\/uploads\/2025\/01\/Lavras-TV-720x104px-1-1-470x68.png 470w, https:\/\/lavras.tv\/site\/wp-content\/uploads\/2025\/01\/Lavras-TV-720x104px-1-1-170x25.png 170w, https:\/\/lavras.tv\/site\/wp-content\/uploads\/2025\/01\/Lavras-TV-720x104px-1-1-200x29.png 200w\" sizes=\"(max-width: 720px) 100vw, 720px\" width=\"720\" height=\"104\"  style=\"display: inline-block;\" \/><\/a><\/div><\/li><li><a href=\"https:\/\/sistemas.lavras.mg.gov.br\/portalcidadao\/#df1b1a7c7b2a290bcb31e32771e610784662739a88807c0dacac58ede5f391a7530e299dc302d611ee73cb143fc22eaf93592e53e7b5bdb01b00a0b8d28dae460c141dd2ff83412e4dc1c31b16b25f33144a9e5620ea73b13f5bc1c59411d98439ad226e8af03840603796067d87afe130812cf3de24982d0e306f9e61e764e5\" aria-label=\"Banner_Emprego_PortallavrasTV\"><img src=\"https:\/\/lavras.tv\/site\/wp-content\/uploads\/2025\/03\/Banner_Emprego_PortallavrasTV.png\" alt=\"\"  srcset=\"https:\/\/lavras.tv\/site\/wp-content\/uploads\/2025\/03\/Banner_Emprego_PortallavrasTV.png 720w, https:\/\/lavras.tv\/site\/wp-content\/uploads\/2025\/03\/Banner_Emprego_PortallavrasTV-470x68.png 470w, https:\/\/lavras.tv\/site\/wp-content\/uploads\/2025\/03\/Banner_Emprego_PortallavrasTV-170x25.png 170w, https:\/\/lavras.tv\/site\/wp-content\/uploads\/2025\/03\/Banner_Emprego_PortallavrasTV-200x29.png 200w\" sizes=\"(max-width: 720px) 100vw, 720px\" width=\"720\" height=\"104\"   \/><\/a><\/li><li><a href=\"https:\/\/sistemas.lavras.mg.gov.br\/portalcidadao\/#df1b1a7c7b2a290bcb31e32771e610784662739a88807c0dacac58ede5f391a7530e299dc302d611ee73cb143fc22eaf93592e53e7b5bdb01b00a0b8d28dae460c141dd2ff83412e4dc1c31b16b25f33144a9e5620ea73b13f5bc1c59411d98439ad226e8af03840603796067d87afe130812cf3de24982d0e306f9e61e764e5\" aria-label=\"Banner_Obras_PortallavrasTV\"><img src=\"https:\/\/lavras.tv\/site\/wp-content\/uploads\/2025\/03\/Banner_Obras_PortallavrasTV.png\" alt=\"\"  srcset=\"https:\/\/lavras.tv\/site\/wp-content\/uploads\/2025\/03\/Banner_Obras_PortallavrasTV.png 720w, https:\/\/lavras.tv\/site\/wp-content\/uploads\/2025\/03\/Banner_Obras_PortallavrasTV-470x68.png 470w, https:\/\/lavras.tv\/site\/wp-content\/uploads\/2025\/03\/Banner_Obras_PortallavrasTV-170x25.png 170w, https:\/\/lavras.tv\/site\/wp-content\/uploads\/2025\/03\/Banner_Obras_PortallavrasTV-200x29.png 200w\" sizes=\"(max-width: 720px) 100vw, 720px\" width=\"720\" height=\"104\"   \/><\/a><\/li><li><div style=\"margin-left: auto;margin-right: auto;text-align: center;\" id=\"lavra-1501303956\"><a href=\"https:\/\/sistemas.lavras.mg.gov.br\/portalcidadao\/#df1b1a7c7b2a290bcb31e32771e610784662739a88807c0dacac58ede5f391a7530e299dc302d611ee73cb143fc22eaf93592e53e7b5bdb01b00a0b8d28dae460c141dd2ff83412e4dc1c31b16b25f33144a9e5620ea73b13f5bc1c59411d98439ad226e8af03840603796067d87afe130812cf3de24982d0e306f9e61e764e5\" aria-label=\"Banner_Educa\u00e7\u00e3o_PortallavrasTV\"><img src=\"https:\/\/lavras.tv\/site\/wp-content\/uploads\/2025\/01\/Banner_Educacao_PortallavrasTV.png\" alt=\"\"  srcset=\"https:\/\/lavras.tv\/site\/wp-content\/uploads\/2025\/01\/Banner_Educacao_PortallavrasTV.png 720w, https:\/\/lavras.tv\/site\/wp-content\/uploads\/2025\/01\/Banner_Educacao_PortallavrasTV-470x68.png 470w, https:\/\/lavras.tv\/site\/wp-content\/uploads\/2025\/01\/Banner_Educacao_PortallavrasTV-170x25.png 170w, https:\/\/lavras.tv\/site\/wp-content\/uploads\/2025\/01\/Banner_Educacao_PortallavrasTV-200x29.png 200w\" sizes=\"(max-width: 720px) 100vw, 720px\" width=\"720\" height=\"104\"  style=\"display: inline-block;\" \/><\/a><\/div><\/li><li><a href=\"https:\/\/sistemas.lavras.mg.gov.br\/portalcidadao\/#df1b1a7c7b2a290bcb31e32771e610784662739a88807c0dacac58ede5f391a7530e299dc302d611ee73cb143fc22eaf93592e53e7b5bdb01b00a0b8d28dae460c141dd2ff83412e4dc1c31b16b25f33144a9e5620ea73b13f5bc1c59411d98439ad226e8af03840603796067d87afe130812cf3de24982d0e306f9e61e764e5\" aria-label=\"Banner_Sa\u00fade_PortallavrasTV\"><img src=\"https:\/\/lavras.tv\/site\/wp-content\/uploads\/2025\/03\/Banner_Saude_PortallavrasTV.png\" alt=\"\"  srcset=\"https:\/\/lavras.tv\/site\/wp-content\/uploads\/2025\/03\/Banner_Saude_PortallavrasTV.png 720w, https:\/\/lavras.tv\/site\/wp-content\/uploads\/2025\/03\/Banner_Saude_PortallavrasTV-470x68.png 470w, https:\/\/lavras.tv\/site\/wp-content\/uploads\/2025\/03\/Banner_Saude_PortallavrasTV-170x25.png 170w, https:\/\/lavras.tv\/site\/wp-content\/uploads\/2025\/03\/Banner_Saude_PortallavrasTV-200x29.png 200w\" sizes=\"(max-width: 720px) 100vw, 720px\" width=\"720\" height=\"104\"   \/><\/a><\/li><li><div id=\"lavra-2851783931\" style=\"width:720px;height:104px;background-color:#ddd;overflow:scroll;\">\n\t<strong>Sa\u00edda da depura\u00e7\u00e3o de an\u00fancios<\/strong>\n\t<br><br>\n\tO an\u00fancio n\u00e3o \u00e9 exibido na p\u00e1gina<br><br>post atual: Equin\u00f3cio de outono: entenda como ele \u201cmuda\u201d a dura\u00e7\u00e3o dos dias, ID: 163691<br><br><span style=\"color: red;\">O post atual n\u00e3o \u00e9 id\u00eantico ao post principal.<\/span><br><br>An\u00fancios: ROXO - TOPO INTERNA - ROTATIVO 2 (197)<br \/>Grupo de an\u00fancios: Princ_Meio01_720x104 (27)<br><br>Condi\u00e7\u00f5es de exibi\u00e7\u00e3o<div style=\"margin-bottom: 20px; white-space: pre-wrap; font-family: monospace; width: 100%; background: #ffe9e9;\"><strong>condi\u00e7\u00f5es gerais<\/strong><table border=\"1\"><thead><tr><th><\/th><th>An\u00fancios<\/th><th>wp_the_query<\/th><\/tr><\/thead><tr><td>is_main_query<\/td><td>1<\/td><td>1<\/td><\/tr><tr><td>is_rest_api<\/td><td>0<\/td><td>1<\/td><\/tr><tr><td>page<\/td><td>0<\/td><td>1<\/td><\/tr><tr><td>numpages<\/td><td>0<\/td><td>1<\/td><\/tr><tr><td>is_archive<\/td><td>1<\/td><td><\/td><\/tr><tr><td>is_search<\/td><td>1<\/td><td><\/td><\/tr><tr><td>is_home<\/td><td>1<\/td><td><\/td><\/tr><tr><td>is_404<\/td><td>1<\/td><td><\/td><\/tr><tr><td>is_attachment<\/td><td>1<\/td><td><\/td><\/tr><tr><td>is_singular<\/td><td>1<\/td><td><\/td><\/tr><tr><td>is_front_page<\/td><td>1<\/td><td><\/td><\/tr><tr><td>is_feed<\/td><td>1<\/td><td><\/td><\/tr><\/table><\/div><br><br><span style=\"color: red;\">Seu site usa HTTPS, mas o c\u00f3digo do an\u00fancio cont\u00e9m HTTP e pode n\u00e3o funcionar.<\/span>\t<br><br>\n\t<a style=\"color: green;\" href=\"https:\/\/wpadvancedads.com\/manual\/ad-debug-mode\/?utm_source=advanced-ads&utm_medium=link&utm_campaign=ad-debug-mode\" target=\"_blank\" rel=\"nofollow\">Encontre solu\u00e7\u00f5es no manual<\/a>\n<\/div>\n<\/li><\/ul><\/div><script>( window.advanced_ads_ready || jQuery( document ).ready ).call( null, function() {var $lavraslider3540169827 = jQuery( \".lavra-slider-3540169827\" );$lavraslider3540169827.on( \"unslider.ready\", function() { jQuery( \"div.custom-slider ul li\" ).css( \"display\", \"block\" ); });$lavraslider3540169827.unslider({ delay:4000, autoplay:true, nav:false, arrows:false, infinite:true });$lavraslider3540169827.on(\"mouseover\", function() {$lavraslider3540169827.unslider(\"stop\");}).on(\"mouseout\", function() {$lavraslider3540169827.unslider(\"start\");});});<\/script><\/div>\n<p>O equin\u00f3cio de outono aconteceu na \u00faltima quinta-feira e marcou o come\u00e7o do outono no Hemisf\u00e9rio Sul do planeta<\/p>\n\n\n\n<figure class=\"wp-block-image size-full\"><img fetchpriority=\"high\" decoding=\"async\" width=\"960\" height=\"640\" src=\"https:\/\/lavras.tv\/site\/wp-content\/uploads\/2025\/03\/autumn-1913485_1280-scaled-1.jpg\" alt=\"\" class=\"wp-image-163692\" srcset=\"https:\/\/lavras.tv\/site\/wp-content\/uploads\/2025\/03\/autumn-1913485_1280-scaled-1.jpg 960w, https:\/\/lavras.tv\/site\/wp-content\/uploads\/2025\/03\/autumn-1913485_1280-scaled-1-450x300.jpg 450w, https:\/\/lavras.tv\/site\/wp-content\/uploads\/2025\/03\/autumn-1913485_1280-scaled-1-170x113.jpg 170w, https:\/\/lavras.tv\/site\/wp-content\/uploads\/2025\/03\/autumn-1913485_1280-scaled-1-200x133.jpg 200w\" sizes=\"(max-width: 960px) 100vw, 960px\" \/><\/figure>\n\n\n\n<p>O outono come\u00e7ou na \u00faltima quinta-feira (20), exatamente \u00e0s 6h01. A data \u00e9 marcada pelo fen\u00f4meno conhecido como equin\u00f3cio de outono, isto \u00e9, quando o dia e a noite t\u00eam a mesma dura\u00e7\u00e3o em ambos os hemisf\u00e9rios (norte e sul), mas voc\u00ea sabe o que isso significa?<\/p>\n\n\n\n<p>O equin\u00f3cio ocorre duas vezes ao ano, marcando o in\u00edcio do outono e da primavera. Quando acontece em mar\u00e7o, ele marca o come\u00e7o do outono no hemisf\u00e9rio sul e da primavera no hemisf\u00e9rio norte. J\u00e1 a sua ocorr\u00eancia em setembro significa a chegada da primavera no hemisf\u00e9rio sul e o in\u00edcio do outono no hemisf\u00e9rio norte.<\/p>\n\n\n\n<h2 class=\"wp-block-heading\" id=\"h-por-que-a-duracao-dos-dias-muda\">Por que a dura\u00e7\u00e3o dos dias muda?<\/h2>\n\n\n\n<p>O eixo da Terra est\u00e1 inclinado em aproximadamente 23,5 graus em rela\u00e7\u00e3o ao plano de sua \u00f3rbita ao redor do Sol. Isso faz com que, ao longo do ano, diferentes regi\u00f5es do planeta recebam quantidades variadas de luz solar, o que resulta nas esta\u00e7\u00f5es do ano.<\/p>\n\n\n\n<p>No equin\u00f3cio, o Sol se posiciona diretamente sobre a linha do Equador. Nesse momento, a luz solar distribui-se de maneira quase uniforme entre os hemisf\u00e9rios, fazendo com que o dia e a noite tenham exatamente a mesma dura\u00e7\u00e3o.<\/p>\n\n\n\n<p>Ap\u00f3s o fen\u00f4meno de mar\u00e7o, o Hemisf\u00e9rio Norte come\u00e7a a inclinar-se mais em dire\u00e7\u00e3o ao Sol, resultando em dias mais longos e noites mais curtas at\u00e9 o solst\u00edcio de junho. O Hemisf\u00e9rio Sul passa pelo processo inverso, recebendo menos incid\u00eancia de luz solar, com noites mais longas e dias mais curtos.<\/p>\n\n\n\n<h2 class=\"wp-block-heading\" id=\"h-o-que-e-um-solsticio\">O que \u00e9 um solst\u00edcio?<\/h2>\n\n\n\n<p>Al\u00e9m do equin\u00f3cio, outro fen\u00f4meno astron\u00f4mico que ocorre no planeta \u00e9 o solst\u00edcio. Ele marca o momento em que o Sol alcan\u00e7a sua maior ou menor altura aparente no c\u00e9u ao meio-dia, resultando no dia mais longo ou mais curto do ano.<\/p>\n\n\n\n<p>O solst\u00edcio acontece duas vezes por ano: o de inverno ocorre em janeiro no Hemisf\u00e9rio Norte e em junho no Hemisf\u00e9rio Sul, enquanto o de ver\u00e3o acontece em janeiro no Hemisf\u00e9rio Sul e em junho no Hemisf\u00e9rio Norte.<\/p>\n\n\n\n<p>No solst\u00edcio de ver\u00e3o, o dia \u00e9 sempre o mais longo do ano, e a noite, a mais curta. J\u00e1 no solst\u00edcio de inverno, ocorre o contr\u00e1rio: o dia se torna o mais curto, e a noite, a mais longa.<\/p>\n","protected":false},"excerpt":{"rendered":"<p>O equin\u00f3cio de outono aconteceu na \u00faltima quinta-feira e marcou o come\u00e7o do outono no Hemisf\u00e9rio Sul do planeta O outono come\u00e7ou na \u00faltima quinta-feira (20), exatamente \u00e0s 6h01. A data \u00e9 marcada pelo fen\u00f4meno conhecido como equin\u00f3cio de outono, isto \u00e9, quando o dia e a noite t\u00eam a mesma dura\u00e7\u00e3o em ambos os [&hellip;]<\/p>\n","protected":false},"author":5,"featured_media":163692,"comment_status":"closed","ping_status":"open","sticky":false,"template":"","format":"standard","meta":{"advgb_blocks_editor_width":"","advgb_blocks_columns_visual_guide":"","_exactmetrics_skip_tracking":false,"_exactmetrics_sitenote_active":false,"_exactmetrics_sitenote_note":"","_exactmetrics_sitenote_category":0,"footnotes":""},"categories":[7,2],"tags":[],"class_list":["post-163691","post","type-post","status-publish","format-standard","has-post-thumbnail","hentry","category-destaques","category-noticias"],"better_featured_image":{"id":163692,"alt_text":"","caption":"","description":"","media_type":"image","media_details":{"width":960,"height":640,"file":"2025\/03\/autumn-1913485_1280-scaled-1.jpg","filesize":181691,"sizes":{"medium":{"file":"autumn-1913485_1280-scaled-1-450x300.jpg","width":450,"height":300,"mime-type":"image\/jpeg","filesize":46645,"source_url":"https:\/\/lavras.tv\/site\/wp-content\/uploads\/2025\/03\/autumn-1913485_1280-scaled-1-450x300.jpg"},"thumbnail":{"file":"autumn-1913485_1280-scaled-1-170x113.jpg","width":170,"height":113,"mime-type":"image\/jpeg","filesize":8188,"source_url":"https:\/\/lavras.tv\/site\/wp-content\/uploads\/2025\/03\/autumn-1913485_1280-scaled-1-170x113.jpg"},"lshowcase-thumb":{"file":"autumn-1913485_1280-scaled-1-200x133.jpg","width":200,"height":133,"mime-type":"image\/jpeg","filesize":10902,"source_url":"https:\/\/lavras.tv\/site\/wp-content\/uploads\/2025\/03\/autumn-1913485_1280-scaled-1-200x133.jpg"},"alm-thumbnail":{"file":"autumn-1913485_1280-scaled-1-150x150.jpg","width":150,"height":150,"mime-type":"image\/jpeg","filesize":9319,"source_url":"https:\/\/lavras.tv\/site\/wp-content\/uploads\/2025\/03\/autumn-1913485_1280-scaled-1-150x150.jpg"}},"image_meta":{"aperture":"0","credit":"","camera":"","caption":"","created_timestamp":"0","copyright":"","focal_length":"0","iso":"0","shutter_speed":"0","title":"","orientation":"0","keywords":[]}},"post":163691,"source_url":"https:\/\/lavras.tv\/site\/wp-content\/uploads\/2025\/03\/autumn-1913485_1280-scaled-1.jpg"},"author_meta":{"display_name":"Vinicius Bustamante","author_link":"https:\/\/lavras.tv\/site\/author\/vinicius-bustamante\/"},"featured_img":"https:\/\/lavras.tv\/site\/wp-content\/uploads\/2025\/03\/autumn-1913485_1280-scaled-1-450x300.jpg","coauthors":[],"tax_additional":{"categories":{"linked":["<a href=\"https:\/\/lavras.tv\/site\/category\/destaques\/\" class=\"advgb-post-tax-term\">Destaques<\/a>","<a href=\"https:\/\/lavras.tv\/site\/category\/noticias\/\" class=\"advgb-post-tax-term\">Not\u00edcias<\/a>"],"unlinked":["<span class=\"advgb-post-tax-term\">Destaques<\/span>","<span class=\"advgb-post-tax-term\">Not\u00edcias<\/span>"]}},"comment_count":"0","relative_dates":{"created":"Publicado 1 ano atr\u00e1s","modified":"Atualizado 1 ano atr\u00e1s"},"absolute_dates":{"created":"Publicado em 24 de mar\u00e7o de 2025","modified":"Atualizado em 24 de mar\u00e7o de 2025"},"absolute_dates_time":{"created":"Publicado em 24 de mar\u00e7o de 2025 16:11","modified":"Atualizado em 24 de mar\u00e7o de 2025 16:11"},"featured_img_caption":"","series_order":"","_links":{"self":[{"href":"https:\/\/lavras.tv\/site\/wp-json\/wp\/v2\/posts\/163691","targetHints":{"allow":["GET"]}}],"collection":[{"href":"https:\/\/lavras.tv\/site\/wp-json\/wp\/v2\/posts"}],"about":[{"href":"https:\/\/lavras.tv\/site\/wp-json\/wp\/v2\/types\/post"}],"author":[{"embeddable":true,"href":"https:\/\/lavras.tv\/site\/wp-json\/wp\/v2\/users\/5"}],"replies":[{"embeddable":true,"href":"https:\/\/lavras.tv\/site\/wp-json\/wp\/v2\/comments?post=163691"}],"version-history":[{"count":1,"href":"https:\/\/lavras.tv\/site\/wp-json\/wp\/v2\/posts\/163691\/revisions"}],"predecessor-version":[{"id":163693,"href":"https:\/\/lavras.tv\/site\/wp-json\/wp\/v2\/posts\/163691\/revisions\/163693"}],"wp:featuredmedia":[{"embeddable":true,"href":"https:\/\/lavras.tv\/site\/wp-json\/wp\/v2\/media\/163692"}],"wp:attachment":[{"href":"https:\/\/lavras.tv\/site\/wp-json\/wp\/v2\/media?parent=163691"}],"wp:term":[{"taxonomy":"category","embeddable":true,"href":"https:\/\/lavras.tv\/site\/wp-json\/wp\/v2\/categories?post=163691"},{"taxonomy":"post_tag","embeddable":true,"href":"https:\/\/lavras.tv\/site\/wp-json\/wp\/v2\/tags?post=163691"}],"curies":[{"name":"wp","href":"https:\/\/api.w.org\/{rel}","templated":true}]}}