{"id":163697,"date":"2025-03-24T16:21:07","date_gmt":"2025-03-24T19:21:07","guid":{"rendered":"https:\/\/lavras.tv\/site\/?p=163697"},"modified":"2025-03-24T16:21:08","modified_gmt":"2025-03-24T19:21:08","slug":"raphinha-da-selecao-promete-porrada-neles-contra-argentina","status":"publish","type":"post","link":"https:\/\/lavras.tv\/site\/2025\/03\/24\/raphinha-da-selecao-promete-porrada-neles-contra-argentina\/","title":{"rendered":"Raphinha, da Sele\u00e7\u00e3o, promete \u201cporrada neles\u201d contra Argentina"},"content":{"rendered":"<div class=\"lavra-antes-do-conteudo_2\" id=\"lavra-2414675865\"><div id=\"lavra-slider-27\" class=\"custom-slider lavra-slider-3331851232 lavra-slider\"><ul><li><div style=\"margin-left: auto;margin-right: auto;text-align: center;\" id=\"lavra-2264715223\"><a href=\"https:\/\/sistemas.lavras.mg.gov.br\/portalcidadao\/#df1b1a7c7b2a290bcb31e32771e610784662739a88807c0dacac58ede5f391a7530e299dc302d611ee73cb143fc22eaf93592e53e7b5bdb01b00a0b8d28dae460c141dd2ff83412e4dc1c31b16b25f33144a9e5620ea73b13f5bc1c59411d98439ad226e8af03840603796067d87afe130812cf3de24982d0e306f9e61e764e5\" aria-label=\"Lavras-TV&#8211;720x104px (1) (1)\"><img src=\"https:\/\/lavras.tv\/site\/wp-content\/uploads\/2025\/01\/Lavras-TV-720x104px-1-1.png\" alt=\"\"  srcset=\"https:\/\/lavras.tv\/site\/wp-content\/uploads\/2025\/01\/Lavras-TV-720x104px-1-1.png 720w, https:\/\/lavras.tv\/site\/wp-content\/uploads\/2025\/01\/Lavras-TV-720x104px-1-1-470x68.png 470w, https:\/\/lavras.tv\/site\/wp-content\/uploads\/2025\/01\/Lavras-TV-720x104px-1-1-170x25.png 170w, https:\/\/lavras.tv\/site\/wp-content\/uploads\/2025\/01\/Lavras-TV-720x104px-1-1-200x29.png 200w\" sizes=\"(max-width: 720px) 100vw, 720px\" width=\"720\" height=\"104\"  style=\"display: inline-block;\" \/><\/a><\/div><\/li><li><a href=\"https:\/\/sistemas.lavras.mg.gov.br\/portalcidadao\/#df1b1a7c7b2a290bcb31e32771e610784662739a88807c0dacac58ede5f391a7530e299dc302d611ee73cb143fc22eaf93592e53e7b5bdb01b00a0b8d28dae460c141dd2ff83412e4dc1c31b16b25f33144a9e5620ea73b13f5bc1c59411d98439ad226e8af03840603796067d87afe130812cf3de24982d0e306f9e61e764e5\" aria-label=\"Banner_Emprego_PortallavrasTV\"><img src=\"https:\/\/lavras.tv\/site\/wp-content\/uploads\/2025\/03\/Banner_Emprego_PortallavrasTV.png\" alt=\"\"  srcset=\"https:\/\/lavras.tv\/site\/wp-content\/uploads\/2025\/03\/Banner_Emprego_PortallavrasTV.png 720w, https:\/\/lavras.tv\/site\/wp-content\/uploads\/2025\/03\/Banner_Emprego_PortallavrasTV-470x68.png 470w, https:\/\/lavras.tv\/site\/wp-content\/uploads\/2025\/03\/Banner_Emprego_PortallavrasTV-170x25.png 170w, https:\/\/lavras.tv\/site\/wp-content\/uploads\/2025\/03\/Banner_Emprego_PortallavrasTV-200x29.png 200w\" sizes=\"(max-width: 720px) 100vw, 720px\" width=\"720\" height=\"104\"   \/><\/a><\/li><li><a href=\"https:\/\/sistemas.lavras.mg.gov.br\/portalcidadao\/#df1b1a7c7b2a290bcb31e32771e610784662739a88807c0dacac58ede5f391a7530e299dc302d611ee73cb143fc22eaf93592e53e7b5bdb01b00a0b8d28dae460c141dd2ff83412e4dc1c31b16b25f33144a9e5620ea73b13f5bc1c59411d98439ad226e8af03840603796067d87afe130812cf3de24982d0e306f9e61e764e5\" aria-label=\"Banner_Obras_PortallavrasTV\"><img src=\"https:\/\/lavras.tv\/site\/wp-content\/uploads\/2025\/03\/Banner_Obras_PortallavrasTV.png\" alt=\"\"  srcset=\"https:\/\/lavras.tv\/site\/wp-content\/uploads\/2025\/03\/Banner_Obras_PortallavrasTV.png 720w, https:\/\/lavras.tv\/site\/wp-content\/uploads\/2025\/03\/Banner_Obras_PortallavrasTV-470x68.png 470w, https:\/\/lavras.tv\/site\/wp-content\/uploads\/2025\/03\/Banner_Obras_PortallavrasTV-170x25.png 170w, https:\/\/lavras.tv\/site\/wp-content\/uploads\/2025\/03\/Banner_Obras_PortallavrasTV-200x29.png 200w\" sizes=\"(max-width: 720px) 100vw, 720px\" width=\"720\" height=\"104\"   \/><\/a><\/li><li><div style=\"margin-left: auto;margin-right: auto;text-align: center;\" id=\"lavra-927761224\"><a href=\"https:\/\/sistemas.lavras.mg.gov.br\/portalcidadao\/#df1b1a7c7b2a290bcb31e32771e610784662739a88807c0dacac58ede5f391a7530e299dc302d611ee73cb143fc22eaf93592e53e7b5bdb01b00a0b8d28dae460c141dd2ff83412e4dc1c31b16b25f33144a9e5620ea73b13f5bc1c59411d98439ad226e8af03840603796067d87afe130812cf3de24982d0e306f9e61e764e5\" aria-label=\"Banner_Educa\u00e7\u00e3o_PortallavrasTV\"><img src=\"https:\/\/lavras.tv\/site\/wp-content\/uploads\/2025\/01\/Banner_Educacao_PortallavrasTV.png\" alt=\"\"  srcset=\"https:\/\/lavras.tv\/site\/wp-content\/uploads\/2025\/01\/Banner_Educacao_PortallavrasTV.png 720w, https:\/\/lavras.tv\/site\/wp-content\/uploads\/2025\/01\/Banner_Educacao_PortallavrasTV-470x68.png 470w, https:\/\/lavras.tv\/site\/wp-content\/uploads\/2025\/01\/Banner_Educacao_PortallavrasTV-170x25.png 170w, https:\/\/lavras.tv\/site\/wp-content\/uploads\/2025\/01\/Banner_Educacao_PortallavrasTV-200x29.png 200w\" sizes=\"(max-width: 720px) 100vw, 720px\" width=\"720\" height=\"104\"  style=\"display: inline-block;\" \/><\/a><\/div><\/li><li><a href=\"https:\/\/sistemas.lavras.mg.gov.br\/portalcidadao\/#df1b1a7c7b2a290bcb31e32771e610784662739a88807c0dacac58ede5f391a7530e299dc302d611ee73cb143fc22eaf93592e53e7b5bdb01b00a0b8d28dae460c141dd2ff83412e4dc1c31b16b25f33144a9e5620ea73b13f5bc1c59411d98439ad226e8af03840603796067d87afe130812cf3de24982d0e306f9e61e764e5\" aria-label=\"Banner_Sa\u00fade_PortallavrasTV\"><img src=\"https:\/\/lavras.tv\/site\/wp-content\/uploads\/2025\/03\/Banner_Saude_PortallavrasTV.png\" alt=\"\"  srcset=\"https:\/\/lavras.tv\/site\/wp-content\/uploads\/2025\/03\/Banner_Saude_PortallavrasTV.png 720w, https:\/\/lavras.tv\/site\/wp-content\/uploads\/2025\/03\/Banner_Saude_PortallavrasTV-470x68.png 470w, https:\/\/lavras.tv\/site\/wp-content\/uploads\/2025\/03\/Banner_Saude_PortallavrasTV-170x25.png 170w, https:\/\/lavras.tv\/site\/wp-content\/uploads\/2025\/03\/Banner_Saude_PortallavrasTV-200x29.png 200w\" sizes=\"(max-width: 720px) 100vw, 720px\" width=\"720\" height=\"104\"   \/><\/a><\/li><li><div id=\"lavra-1449860187\" style=\"width:720px;height:104px;background-color:#ddd;overflow:scroll;\">\n\t<strong>Sa\u00edda da depura\u00e7\u00e3o de an\u00fancios<\/strong>\n\t<br><br>\n\tO an\u00fancio n\u00e3o \u00e9 exibido na p\u00e1gina<br><br>post atual: Raphinha, da Sele\u00e7\u00e3o, promete \u201cporrada neles\u201d contra Argentina, ID: 163697<br><br><span style=\"color: red;\">O post atual n\u00e3o \u00e9 id\u00eantico ao post principal.<\/span><br><br>An\u00fancios: ROXO - TOPO INTERNA - ROTATIVO 2 (197)<br \/>Grupo de an\u00fancios: Princ_Meio01_720x104 (27)<br><br>Condi\u00e7\u00f5es de exibi\u00e7\u00e3o<div style=\"margin-bottom: 20px; white-space: pre-wrap; font-family: monospace; width: 100%; background: #ffe9e9;\"><strong>condi\u00e7\u00f5es gerais<\/strong><table border=\"1\"><thead><tr><th><\/th><th>An\u00fancios<\/th><th>wp_the_query<\/th><\/tr><\/thead><tr><td>is_main_query<\/td><td>1<\/td><td>1<\/td><\/tr><tr><td>is_rest_api<\/td><td>0<\/td><td>1<\/td><\/tr><tr><td>page<\/td><td>0<\/td><td>1<\/td><\/tr><tr><td>numpages<\/td><td>0<\/td><td>1<\/td><\/tr><tr><td>is_archive<\/td><td>1<\/td><td><\/td><\/tr><tr><td>is_search<\/td><td>1<\/td><td><\/td><\/tr><tr><td>is_home<\/td><td>1<\/td><td><\/td><\/tr><tr><td>is_404<\/td><td>1<\/td><td><\/td><\/tr><tr><td>is_attachment<\/td><td>1<\/td><td><\/td><\/tr><tr><td>is_singular<\/td><td>1<\/td><td><\/td><\/tr><tr><td>is_front_page<\/td><td>1<\/td><td><\/td><\/tr><tr><td>is_feed<\/td><td>1<\/td><td><\/td><\/tr><\/table><\/div><br><br><span style=\"color: red;\">Seu site usa HTTPS, mas o c\u00f3digo do an\u00fancio cont\u00e9m HTTP e pode n\u00e3o funcionar.<\/span>\t<br><br>\n\t<a style=\"color: green;\" href=\"https:\/\/wpadvancedads.com\/manual\/ad-debug-mode\/?utm_source=advanced-ads&utm_medium=link&utm_campaign=ad-debug-mode\" target=\"_blank\" rel=\"nofollow\">Encontre solu\u00e7\u00f5es no manual<\/a>\n<\/div>\n<\/li><\/ul><\/div><script>( window.advanced_ads_ready || jQuery( document ).ready ).call( null, function() {var $lavraslider3331851232 = jQuery( \".lavra-slider-3331851232\" );$lavraslider3331851232.on( \"unslider.ready\", function() { jQuery( \"div.custom-slider ul li\" ).css( \"display\", \"block\" ); });$lavraslider3331851232.unslider({ delay:4000, autoplay:true, nav:false, arrows:false, infinite:true });$lavraslider3331851232.on(\"mouseover\", function() {$lavraslider3331851232.unslider(\"stop\");}).on(\"mouseout\", function() {$lavraslider3331851232.unslider(\"start\");});});<\/script><\/div>\n<p>&#8220;Porrada neles! Sem d\u00favida! Porrada neles! No campo e fora do campo se tiver que ser&#8221;, disse o atacante<\/p>\n\n\n\n<figure class=\"wp-block-image size-full\"><img fetchpriority=\"high\" decoding=\"async\" width=\"610\" height=\"400\" src=\"https:\/\/lavras.tv\/site\/wp-content\/uploads\/2025\/03\/Jogada10-Noticias_Brasil-x-Colombia-Copa-America-Raphinha-3-610x400-1.jpg\" alt=\"\" class=\"wp-image-163698\" srcset=\"https:\/\/lavras.tv\/site\/wp-content\/uploads\/2025\/03\/Jogada10-Noticias_Brasil-x-Colombia-Copa-America-Raphinha-3-610x400-1.jpg 610w, https:\/\/lavras.tv\/site\/wp-content\/uploads\/2025\/03\/Jogada10-Noticias_Brasil-x-Colombia-Copa-America-Raphinha-3-610x400-1-458x300.jpg 458w, https:\/\/lavras.tv\/site\/wp-content\/uploads\/2025\/03\/Jogada10-Noticias_Brasil-x-Colombia-Copa-America-Raphinha-3-610x400-1-170x111.jpg 170w, https:\/\/lavras.tv\/site\/wp-content\/uploads\/2025\/03\/Jogada10-Noticias_Brasil-x-Colombia-Copa-America-Raphinha-3-610x400-1-200x131.jpg 200w\" sizes=\"(max-width: 610px) 100vw, 610px\" \/><\/figure>\n\n\n\n<p>Na v\u00e9spera do jogo contra a Sele\u00e7\u00e3o Argentina, o atacante&nbsp;<strong><a href=\"https:\/\/noataque.com.br\/futebol\/liga-dos-campeoes\/time\/barcelona\/noticia\/2025\/03\/11\/raphinha-iguala-marca-de-ronaldo-e-barcelona-elimina-o-benfica-na-champions\/\">Raphinha<\/a><\/strong>&nbsp;causou pol\u00eamica ao prometer dar porrada nos advers\u00e1rios se for preciso. Em entrevista ao canal do craque Rom\u00e1rio no&nbsp;<em>Youtube<\/em>, o jogador do Brasil ainda garantiu que ir\u00e1 estufar as redes dos rivais.<\/p>\n\n\n\n<p>\u201cJogar contra a Argentina, nosso maior rival, sem o&nbsp;<strong><a href=\"https:\/\/noataque.com.br\/futebol\/noticia\/2025\/03\/17\/messi-sera-baixa-da-argentina-e-nao-enfrentara-a-selecao-brasileira\/\">Messi<\/a><\/strong>. Porrada neles?\u201d, perguntou Rom\u00e1rio.<\/p>\n\n\n\n<p>\u201cPorrada neles! Sem d\u00favida! Porrada neles! No campo e fora do campo se tiver que ser\u201d, respondeu o atacante.<\/p>\n\n\n\n<p>\u201cGostei! Em argentino tem que bater mesmo, do\u00eddo! Eles s\u00e3o f***\u201d, disse Rom\u00e1rio.<\/p>\n\n\n\n<p>\u201cVai fazer a p**** do gol contra a Argentina?\u201d, perguntou o campe\u00e3o do mundo de 1994.<\/p>\n\n\n\n<p>\u201cSim\u201d, respondeu Raphinha.<\/p>\n\n\n\n<p>\u201cF**-se eles?\u201d, questionou&nbsp;<strong><a href=\"https:\/\/noataque.com.br\/futebol\/eliminatorias-da-copa\/selecao-brasileira\/noticia\/2025\/03\/20\/romario-anuncia-entrevistas-com-astros-da-selecao-brasileira\/\">Rom\u00e1rio<\/a><\/strong>.<\/p>\n\n\n\n<p>\u201cF**-se eles\u201d, respondeu Raphinha.<\/p>\n\n\n\n<p>O Brasil enfrenta a Argentina nesta ter\u00e7a-feira (25\/3), a partir das 21h (de Bras\u00edlia), no Monumental de Nu\u00f1ez.<\/p>\n\n\n\n<h1 class=\"wp-block-heading\" id=\"h-classificacao-das-eliminatorias\"><strong>Classifica\u00e7\u00e3o das Eliminat\u00f3rias<\/strong><\/h1>\n\n\n\n<ol class=\"wp-block-list\">\n<li>Argentina \u2013 28 pontos<\/li>\n\n\n\n<li>Equador \u2013 22 pontos<\/li>\n\n\n\n<li><strong>Brasil \u2013 21 pontos<\/strong><\/li>\n\n\n\n<li>Uruguai \u2013 20 pontos<\/li>\n\n\n\n<li>Paraguai \u2013 20 pontos<\/li>\n\n\n\n<li>Col\u00f4mbia \u2013 19 pontos<\/li>\n\n\n\n<li>Bol\u00edvia \u2013 13 pontos<\/li>\n\n\n\n<li>Venezuela \u2013 12 pontos<\/li>\n\n\n\n<li>Peru \u2013 10 pontos<\/li>\n\n\n\n<li>Chile \u2013 9 pontos<\/li>\n<\/ol>\n","protected":false},"excerpt":{"rendered":"<p>&#8220;Porrada neles! Sem d\u00favida! Porrada neles! No campo e fora do campo se tiver que ser&#8221;, disse o atacante Na v\u00e9spera do jogo contra a Sele\u00e7\u00e3o Argentina, o atacante&nbsp;Raphinha&nbsp;causou pol\u00eamica ao prometer dar porrada nos advers\u00e1rios se for preciso. Em entrevista ao canal do craque Rom\u00e1rio no&nbsp;Youtube, o jogador do Brasil ainda garantiu que ir\u00e1 [&hellip;]<\/p>\n","protected":false},"author":5,"featured_media":163698,"comment_status":"closed","ping_status":"open","sticky":false,"template":"","format":"standard","meta":{"advgb_blocks_editor_width":"","advgb_blocks_columns_visual_guide":"","_exactmetrics_skip_tracking":false,"_exactmetrics_sitenote_active":false,"_exactmetrics_sitenote_note":"","_exactmetrics_sitenote_category":0,"footnotes":""},"categories":[7,3,2],"tags":[],"class_list":["post-163697","post","type-post","status-publish","format-standard","has-post-thumbnail","hentry","category-destaques","category-esportes","category-noticias"],"better_featured_image":{"id":163698,"alt_text":"","caption":"","description":"","media_type":"image","media_details":{"width":610,"height":400,"file":"2025\/03\/Jogada10-Noticias_Brasil-x-Colombia-Copa-America-Raphinha-3-610x400-1.jpg","filesize":33132,"sizes":{"medium":{"file":"Jogada10-Noticias_Brasil-x-Colombia-Copa-America-Raphinha-3-610x400-1-458x300.jpg","width":458,"height":300,"mime-type":"image\/jpeg","filesize":20599,"source_url":"https:\/\/lavras.tv\/site\/wp-content\/uploads\/2025\/03\/Jogada10-Noticias_Brasil-x-Colombia-Copa-America-Raphinha-3-610x400-1-458x300.jpg"},"thumbnail":{"file":"Jogada10-Noticias_Brasil-x-Colombia-Copa-America-Raphinha-3-610x400-1-170x111.jpg","width":170,"height":111,"mime-type":"image\/jpeg","filesize":4692,"source_url":"https:\/\/lavras.tv\/site\/wp-content\/uploads\/2025\/03\/Jogada10-Noticias_Brasil-x-Colombia-Copa-America-Raphinha-3-610x400-1-170x111.jpg"},"lshowcase-thumb":{"file":"Jogada10-Noticias_Brasil-x-Colombia-Copa-America-Raphinha-3-610x400-1-200x131.jpg","width":200,"height":131,"mime-type":"image\/jpeg","filesize":6150,"source_url":"https:\/\/lavras.tv\/site\/wp-content\/uploads\/2025\/03\/Jogada10-Noticias_Brasil-x-Colombia-Copa-America-Raphinha-3-610x400-1-200x131.jpg"},"alm-thumbnail":{"file":"Jogada10-Noticias_Brasil-x-Colombia-Copa-America-Raphinha-3-610x400-1-150x150.jpg","width":150,"height":150,"mime-type":"image\/jpeg","filesize":5628,"source_url":"https:\/\/lavras.tv\/site\/wp-content\/uploads\/2025\/03\/Jogada10-Noticias_Brasil-x-Colombia-Copa-America-Raphinha-3-610x400-1-150x150.jpg"}},"image_meta":{"aperture":"0","credit":"","camera":"","caption":"","created_timestamp":"0","copyright":"","focal_length":"0","iso":"0","shutter_speed":"0","title":"","orientation":"0","keywords":[]}},"post":163697,"source_url":"https:\/\/lavras.tv\/site\/wp-content\/uploads\/2025\/03\/Jogada10-Noticias_Brasil-x-Colombia-Copa-America-Raphinha-3-610x400-1.jpg"},"author_meta":{"display_name":"Vinicius Bustamante","author_link":"https:\/\/lavras.tv\/site\/author\/vinicius-bustamante\/"},"featured_img":"https:\/\/lavras.tv\/site\/wp-content\/uploads\/2025\/03\/Jogada10-Noticias_Brasil-x-Colombia-Copa-America-Raphinha-3-610x400-1-458x300.jpg","coauthors":[],"tax_additional":{"categories":{"linked":["<a href=\"https:\/\/lavras.tv\/site\/category\/destaques\/\" class=\"advgb-post-tax-term\">Destaques<\/a>","<a href=\"https:\/\/lavras.tv\/site\/category\/esportes\/\" class=\"advgb-post-tax-term\">Esportes<\/a>","<a href=\"https:\/\/lavras.tv\/site\/category\/noticias\/\" class=\"advgb-post-tax-term\">Not\u00edcias<\/a>"],"unlinked":["<span class=\"advgb-post-tax-term\">Destaques<\/span>","<span class=\"advgb-post-tax-term\">Esportes<\/span>","<span class=\"advgb-post-tax-term\">Not\u00edcias<\/span>"]}},"comment_count":"0","relative_dates":{"created":"Publicado 1 ano atr\u00e1s","modified":"Atualizado 1 ano atr\u00e1s"},"absolute_dates":{"created":"Publicado em 24 de mar\u00e7o de 2025","modified":"Atualizado em 24 de mar\u00e7o de 2025"},"absolute_dates_time":{"created":"Publicado em 24 de mar\u00e7o de 2025 16:21","modified":"Atualizado em 24 de mar\u00e7o de 2025 16:21"},"featured_img_caption":"","series_order":"","_links":{"self":[{"href":"https:\/\/lavras.tv\/site\/wp-json\/wp\/v2\/posts\/163697","targetHints":{"allow":["GET"]}}],"collection":[{"href":"https:\/\/lavras.tv\/site\/wp-json\/wp\/v2\/posts"}],"about":[{"href":"https:\/\/lavras.tv\/site\/wp-json\/wp\/v2\/types\/post"}],"author":[{"embeddable":true,"href":"https:\/\/lavras.tv\/site\/wp-json\/wp\/v2\/users\/5"}],"replies":[{"embeddable":true,"href":"https:\/\/lavras.tv\/site\/wp-json\/wp\/v2\/comments?post=163697"}],"version-history":[{"count":1,"href":"https:\/\/lavras.tv\/site\/wp-json\/wp\/v2\/posts\/163697\/revisions"}],"predecessor-version":[{"id":163699,"href":"https:\/\/lavras.tv\/site\/wp-json\/wp\/v2\/posts\/163697\/revisions\/163699"}],"wp:featuredmedia":[{"embeddable":true,"href":"https:\/\/lavras.tv\/site\/wp-json\/wp\/v2\/media\/163698"}],"wp:attachment":[{"href":"https:\/\/lavras.tv\/site\/wp-json\/wp\/v2\/media?parent=163697"}],"wp:term":[{"taxonomy":"category","embeddable":true,"href":"https:\/\/lavras.tv\/site\/wp-json\/wp\/v2\/categories?post=163697"},{"taxonomy":"post_tag","embeddable":true,"href":"https:\/\/lavras.tv\/site\/wp-json\/wp\/v2\/tags?post=163697"}],"curies":[{"name":"wp","href":"https:\/\/api.w.org\/{rel}","templated":true}]}}