{"id":163754,"date":"2025-03-24T20:25:16","date_gmt":"2025-03-24T23:25:16","guid":{"rendered":"https:\/\/lavras.tv\/site\/?p=163754"},"modified":"2025-03-24T20:25:17","modified_gmt":"2025-03-24T23:25:17","slug":"policia-militar-identifica-adolescente-suspeito-de-ameacar-cometer-atentado-contra-escola-em-carmo-da-mata","status":"publish","type":"post","link":"https:\/\/lavras.tv\/site\/2025\/03\/24\/policia-militar-identifica-adolescente-suspeito-de-ameacar-cometer-atentado-contra-escola-em-carmo-da-mata\/","title":{"rendered":"POL\u00cdCIA MILITAR IDENTIFICA ADOLESCENTE SUSPEITO DE AMEA\u00c7AR COMETER ATENTADO CONTRA ESCOLA EM CARMO DA MATA"},"content":{"rendered":"<div class=\"lavra-antes-do-conteudo_2\" id=\"lavra-1938267761\"><div id=\"lavra-slider-27\" class=\"custom-slider lavra-slider-873976266 lavra-slider\"><ul><li><div style=\"margin-left: auto;margin-right: auto;text-align: center;\" id=\"lavra-3841954502\"><a href=\"https:\/\/sistemas.lavras.mg.gov.br\/portalcidadao\/#df1b1a7c7b2a290bcb31e32771e610784662739a88807c0dacac58ede5f391a7530e299dc302d611ee73cb143fc22eaf93592e53e7b5bdb01b00a0b8d28dae460c141dd2ff83412e4dc1c31b16b25f33144a9e5620ea73b13f5bc1c59411d98439ad226e8af03840603796067d87afe130812cf3de24982d0e306f9e61e764e5\" aria-label=\"Lavras-TV&#8211;720x104px (1) (1)\"><img src=\"https:\/\/lavras.tv\/site\/wp-content\/uploads\/2025\/01\/Lavras-TV-720x104px-1-1.png\" alt=\"\"  srcset=\"https:\/\/lavras.tv\/site\/wp-content\/uploads\/2025\/01\/Lavras-TV-720x104px-1-1.png 720w, https:\/\/lavras.tv\/site\/wp-content\/uploads\/2025\/01\/Lavras-TV-720x104px-1-1-470x68.png 470w, https:\/\/lavras.tv\/site\/wp-content\/uploads\/2025\/01\/Lavras-TV-720x104px-1-1-170x25.png 170w, https:\/\/lavras.tv\/site\/wp-content\/uploads\/2025\/01\/Lavras-TV-720x104px-1-1-200x29.png 200w\" sizes=\"(max-width: 720px) 100vw, 720px\" width=\"720\" height=\"104\"  style=\"display: inline-block;\" \/><\/a><\/div><\/li><li><a href=\"https:\/\/sistemas.lavras.mg.gov.br\/portalcidadao\/#df1b1a7c7b2a290bcb31e32771e610784662739a88807c0dacac58ede5f391a7530e299dc302d611ee73cb143fc22eaf93592e53e7b5bdb01b00a0b8d28dae460c141dd2ff83412e4dc1c31b16b25f33144a9e5620ea73b13f5bc1c59411d98439ad226e8af03840603796067d87afe130812cf3de24982d0e306f9e61e764e5\" aria-label=\"Banner_Emprego_PortallavrasTV\"><img src=\"https:\/\/lavras.tv\/site\/wp-content\/uploads\/2025\/03\/Banner_Emprego_PortallavrasTV.png\" alt=\"\"  srcset=\"https:\/\/lavras.tv\/site\/wp-content\/uploads\/2025\/03\/Banner_Emprego_PortallavrasTV.png 720w, https:\/\/lavras.tv\/site\/wp-content\/uploads\/2025\/03\/Banner_Emprego_PortallavrasTV-470x68.png 470w, https:\/\/lavras.tv\/site\/wp-content\/uploads\/2025\/03\/Banner_Emprego_PortallavrasTV-170x25.png 170w, https:\/\/lavras.tv\/site\/wp-content\/uploads\/2025\/03\/Banner_Emprego_PortallavrasTV-200x29.png 200w\" sizes=\"(max-width: 720px) 100vw, 720px\" width=\"720\" height=\"104\"   \/><\/a><\/li><li><a href=\"https:\/\/sistemas.lavras.mg.gov.br\/portalcidadao\/#df1b1a7c7b2a290bcb31e32771e610784662739a88807c0dacac58ede5f391a7530e299dc302d611ee73cb143fc22eaf93592e53e7b5bdb01b00a0b8d28dae460c141dd2ff83412e4dc1c31b16b25f33144a9e5620ea73b13f5bc1c59411d98439ad226e8af03840603796067d87afe130812cf3de24982d0e306f9e61e764e5\" aria-label=\"Banner_Obras_PortallavrasTV\"><img src=\"https:\/\/lavras.tv\/site\/wp-content\/uploads\/2025\/03\/Banner_Obras_PortallavrasTV.png\" alt=\"\"  srcset=\"https:\/\/lavras.tv\/site\/wp-content\/uploads\/2025\/03\/Banner_Obras_PortallavrasTV.png 720w, https:\/\/lavras.tv\/site\/wp-content\/uploads\/2025\/03\/Banner_Obras_PortallavrasTV-470x68.png 470w, https:\/\/lavras.tv\/site\/wp-content\/uploads\/2025\/03\/Banner_Obras_PortallavrasTV-170x25.png 170w, https:\/\/lavras.tv\/site\/wp-content\/uploads\/2025\/03\/Banner_Obras_PortallavrasTV-200x29.png 200w\" sizes=\"(max-width: 720px) 100vw, 720px\" width=\"720\" height=\"104\"   \/><\/a><\/li><li><div style=\"margin-left: auto;margin-right: auto;text-align: center;\" id=\"lavra-2566557268\"><a href=\"https:\/\/sistemas.lavras.mg.gov.br\/portalcidadao\/#df1b1a7c7b2a290bcb31e32771e610784662739a88807c0dacac58ede5f391a7530e299dc302d611ee73cb143fc22eaf93592e53e7b5bdb01b00a0b8d28dae460c141dd2ff83412e4dc1c31b16b25f33144a9e5620ea73b13f5bc1c59411d98439ad226e8af03840603796067d87afe130812cf3de24982d0e306f9e61e764e5\" aria-label=\"Banner_Educa\u00e7\u00e3o_PortallavrasTV\"><img src=\"https:\/\/lavras.tv\/site\/wp-content\/uploads\/2025\/01\/Banner_Educacao_PortallavrasTV.png\" alt=\"\"  srcset=\"https:\/\/lavras.tv\/site\/wp-content\/uploads\/2025\/01\/Banner_Educacao_PortallavrasTV.png 720w, https:\/\/lavras.tv\/site\/wp-content\/uploads\/2025\/01\/Banner_Educacao_PortallavrasTV-470x68.png 470w, https:\/\/lavras.tv\/site\/wp-content\/uploads\/2025\/01\/Banner_Educacao_PortallavrasTV-170x25.png 170w, https:\/\/lavras.tv\/site\/wp-content\/uploads\/2025\/01\/Banner_Educacao_PortallavrasTV-200x29.png 200w\" sizes=\"(max-width: 720px) 100vw, 720px\" width=\"720\" height=\"104\"  style=\"display: inline-block;\" \/><\/a><\/div><\/li><li><a href=\"https:\/\/sistemas.lavras.mg.gov.br\/portalcidadao\/#df1b1a7c7b2a290bcb31e32771e610784662739a88807c0dacac58ede5f391a7530e299dc302d611ee73cb143fc22eaf93592e53e7b5bdb01b00a0b8d28dae460c141dd2ff83412e4dc1c31b16b25f33144a9e5620ea73b13f5bc1c59411d98439ad226e8af03840603796067d87afe130812cf3de24982d0e306f9e61e764e5\" aria-label=\"Banner_Sa\u00fade_PortallavrasTV\"><img src=\"https:\/\/lavras.tv\/site\/wp-content\/uploads\/2025\/03\/Banner_Saude_PortallavrasTV.png\" alt=\"\"  srcset=\"https:\/\/lavras.tv\/site\/wp-content\/uploads\/2025\/03\/Banner_Saude_PortallavrasTV.png 720w, https:\/\/lavras.tv\/site\/wp-content\/uploads\/2025\/03\/Banner_Saude_PortallavrasTV-470x68.png 470w, https:\/\/lavras.tv\/site\/wp-content\/uploads\/2025\/03\/Banner_Saude_PortallavrasTV-170x25.png 170w, https:\/\/lavras.tv\/site\/wp-content\/uploads\/2025\/03\/Banner_Saude_PortallavrasTV-200x29.png 200w\" sizes=\"(max-width: 720px) 100vw, 720px\" width=\"720\" height=\"104\"   \/><\/a><\/li><li><div id=\"lavra-2737808820\" style=\"width:720px;height:104px;background-color:#ddd;overflow:scroll;\">\n\t<strong>Sa\u00edda da depura\u00e7\u00e3o de an\u00fancios<\/strong>\n\t<br><br>\n\tO an\u00fancio n\u00e3o \u00e9 exibido na p\u00e1gina<br><br>post atual: POL\u00cdCIA MILITAR IDENTIFICA ADOLESCENTE SUSPEITO DE AMEA\u00c7AR COMETER ATENTADO CONTRA ESCOLA EM CARMO DA MATA, ID: 163754<br><br><span style=\"color: red;\">O post atual n\u00e3o \u00e9 id\u00eantico ao post principal.<\/span><br><br>An\u00fancios: ROXO - TOPO INTERNA - ROTATIVO 2 (197)<br \/>Grupo de an\u00fancios: Princ_Meio01_720x104 (27)<br><br>Condi\u00e7\u00f5es de exibi\u00e7\u00e3o<div style=\"margin-bottom: 20px; white-space: pre-wrap; font-family: monospace; width: 100%; background: #ffe9e9;\"><strong>condi\u00e7\u00f5es gerais<\/strong><table border=\"1\"><thead><tr><th><\/th><th>An\u00fancios<\/th><th>wp_the_query<\/th><\/tr><\/thead><tr><td>is_main_query<\/td><td>1<\/td><td>1<\/td><\/tr><tr><td>is_rest_api<\/td><td>0<\/td><td>1<\/td><\/tr><tr><td>page<\/td><td>0<\/td><td>1<\/td><\/tr><tr><td>numpages<\/td><td>0<\/td><td>1<\/td><\/tr><tr><td>is_archive<\/td><td>1<\/td><td><\/td><\/tr><tr><td>is_search<\/td><td>1<\/td><td><\/td><\/tr><tr><td>is_home<\/td><td>1<\/td><td><\/td><\/tr><tr><td>is_404<\/td><td>1<\/td><td><\/td><\/tr><tr><td>is_attachment<\/td><td>1<\/td><td><\/td><\/tr><tr><td>is_singular<\/td><td>1<\/td><td><\/td><\/tr><tr><td>is_front_page<\/td><td>1<\/td><td><\/td><\/tr><tr><td>is_feed<\/td><td>1<\/td><td><\/td><\/tr><\/table><\/div><br><br><span style=\"color: red;\">Seu site usa HTTPS, mas o c\u00f3digo do an\u00fancio cont\u00e9m HTTP e pode n\u00e3o funcionar.<\/span>\t<br><br>\n\t<a style=\"color: green;\" href=\"https:\/\/wpadvancedads.com\/manual\/ad-debug-mode\/?utm_source=advanced-ads&utm_medium=link&utm_campaign=ad-debug-mode\" target=\"_blank\" rel=\"nofollow\">Encontre solu\u00e7\u00f5es no manual<\/a>\n<\/div>\n<\/li><\/ul><\/div><script>( window.advanced_ads_ready || jQuery( document ).ready ).call( null, function() {var $lavraslider873976266 = jQuery( \".lavra-slider-873976266\" );$lavraslider873976266.on( \"unslider.ready\", function() { jQuery( \"div.custom-slider ul li\" ).css( \"display\", \"block\" ); });$lavraslider873976266.unslider({ delay:4000, autoplay:true, nav:false, arrows:false, infinite:true });$lavraslider873976266.on(\"mouseover\", function() {$lavraslider873976266.unslider(\"stop\");}).on(\"mouseout\", function() {$lavraslider873976266.unslider(\"start\");});});<\/script><\/div>\n<figure class=\"wp-block-image size-large is-resized\"><img fetchpriority=\"high\" decoding=\"async\" width=\"970\" height=\"970\" src=\"https:\/\/lavras.tv\/site\/wp-content\/uploads\/2025\/03\/Snapinst.app_486227709_18060277187047360_6529146483964125342_n_1080-970x970.jpg\" alt=\"\" class=\"wp-image-163755\" style=\"width:498px;height:auto\" srcset=\"https:\/\/lavras.tv\/site\/wp-content\/uploads\/2025\/03\/Snapinst.app_486227709_18060277187047360_6529146483964125342_n_1080-970x970.jpg 970w, https:\/\/lavras.tv\/site\/wp-content\/uploads\/2025\/03\/Snapinst.app_486227709_18060277187047360_6529146483964125342_n_1080-300x300.jpg 300w, https:\/\/lavras.tv\/site\/wp-content\/uploads\/2025\/03\/Snapinst.app_486227709_18060277187047360_6529146483964125342_n_1080-150x150.jpg 150w, https:\/\/lavras.tv\/site\/wp-content\/uploads\/2025\/03\/Snapinst.app_486227709_18060277187047360_6529146483964125342_n_1080-200x200.jpg 200w, https:\/\/lavras.tv\/site\/wp-content\/uploads\/2025\/03\/Snapinst.app_486227709_18060277187047360_6529146483964125342_n_1080.jpg 1080w\" sizes=\"(max-width: 970px) 100vw, 970px\" \/><\/figure>\n\n\n\n<p>A Pol\u00edcia Militar agiu com rapidez para identificar o respons\u00e1vel por amea\u00e7as feitas contra uma Escola no munic\u00edpio de Carmo da Mata.<\/p>\n\n\n\n<p>As amea\u00e7as teriam ocorrido no dia 07 de mar\u00e7o do corrente ano, quando um aluno de uma escola teria postado nas redes sociais a foto de uma arma de fogo e proferido amea\u00e7as de um atentado contra funcion\u00e1rios e alunos da Institui\u00e7\u00e3o que ocorreria dias depois.<\/p>\n\n\n\n<p>\u00c0 \u00e9poca, a Pol\u00edcia Militar, a fim de proteger a comunidade escolar intensificou o policiamento, bem como a presen\u00e7a policial na escola e, continuamente, buscou identificar o autor das postagens.<\/p>\n\n\n\n<p>Com a imediata presen\u00e7a da Pol\u00edcia Militar, nenhum atentado ocorreu como postado, sendo ent\u00e3o iniciadas diversas a\u00e7\u00f5es para se descobrir o autor das amea\u00e7as.<\/p>\n\n\n\n<p>Depois de v\u00e1rias tratativas envolvendo Poder Judici\u00e1rio, Minist\u00e9rio P\u00fablico e Pol\u00edcia Civil, a Pol\u00edcia Militar, depois da quebra de dados da rede social, cumpriu um mandado de busca e apreens\u00e3o, conseguindo identificar e localizar o autor das postagens, sendo ele um adolescente de 13 anos. Os dispositivos eletr\u00f4nicos supostamente utilizados no ato tamb\u00e9m foram apreendidos.<\/p>\n\n\n\n<p>O adolescente foi encaminhado \u00e0 Delegacia para prestar declara\u00e7\u00e3o, acompanhado de sua genitora. Se confirmado, ele pode responder pelo cometimento de ato infracional an\u00e1logo \u00e0 amea\u00e7a.<\/p>\n\n\n\n<p>Pol\u00edcia Militar de Minas Gerais, rumo aos 250 anos.<\/p>\n\n\n\n<p>ALCO\/8\u00ba BPM<\/p>\n","protected":false},"excerpt":{"rendered":"<p>A Pol\u00edcia Militar agiu com rapidez para identificar o respons\u00e1vel por amea\u00e7as feitas contra uma Escola no munic\u00edpio de Carmo da Mata. As amea\u00e7as teriam ocorrido no dia 07 de mar\u00e7o do corrente ano, quando um aluno de uma escola teria postado nas redes sociais a foto de uma arma de fogo e proferido amea\u00e7as [&hellip;]<\/p>\n","protected":false},"author":5,"featured_media":163755,"comment_status":"closed","ping_status":"open","sticky":false,"template":"","format":"standard","meta":{"advgb_blocks_editor_width":"","advgb_blocks_columns_visual_guide":"","_exactmetrics_skip_tracking":false,"_exactmetrics_sitenote_active":false,"_exactmetrics_sitenote_note":"","_exactmetrics_sitenote_category":0,"footnotes":""},"categories":[7,2],"tags":[],"class_list":["post-163754","post","type-post","status-publish","format-standard","has-post-thumbnail","hentry","category-destaques","category-noticias"],"better_featured_image":{"id":163755,"alt_text":"","caption":"","description":"","media_type":"image","media_details":{"width":1080,"height":1080,"file":"2025\/03\/Snapinst.app_486227709_18060277187047360_6529146483964125342_n_1080.jpg","filesize":142725,"sizes":{"medium":{"file":"Snapinst.app_486227709_18060277187047360_6529146483964125342_n_1080-300x300.jpg","width":300,"height":300,"mime-type":"image\/jpeg","filesize":20374,"source_url":"https:\/\/lavras.tv\/site\/wp-content\/uploads\/2025\/03\/Snapinst.app_486227709_18060277187047360_6529146483964125342_n_1080-300x300.jpg"},"large":{"file":"Snapinst.app_486227709_18060277187047360_6529146483964125342_n_1080-970x970.jpg","width":970,"height":970,"mime-type":"image\/jpeg","filesize":142897,"source_url":"https:\/\/lavras.tv\/site\/wp-content\/uploads\/2025\/03\/Snapinst.app_486227709_18060277187047360_6529146483964125342_n_1080-970x970.jpg"},"thumbnail":{"file":"Snapinst.app_486227709_18060277187047360_6529146483964125342_n_1080-150x150.jpg","width":150,"height":150,"mime-type":"image\/jpeg","filesize":6390,"source_url":"https:\/\/lavras.tv\/site\/wp-content\/uploads\/2025\/03\/Snapinst.app_486227709_18060277187047360_6529146483964125342_n_1080-150x150.jpg"},"lshowcase-thumb":{"file":"Snapinst.app_486227709_18060277187047360_6529146483964125342_n_1080-200x200.jpg","width":200,"height":200,"mime-type":"image\/jpeg","filesize":10263,"source_url":"https:\/\/lavras.tv\/site\/wp-content\/uploads\/2025\/03\/Snapinst.app_486227709_18060277187047360_6529146483964125342_n_1080-200x200.jpg"},"alm-thumbnail":{"file":"Snapinst.app_486227709_18060277187047360_6529146483964125342_n_1080-150x150.jpg","width":150,"height":150,"mime-type":"image\/jpeg","filesize":6390,"source_url":"https:\/\/lavras.tv\/site\/wp-content\/uploads\/2025\/03\/Snapinst.app_486227709_18060277187047360_6529146483964125342_n_1080-150x150.jpg"}},"image_meta":{"aperture":"0","credit":"","camera":"","caption":"","created_timestamp":"0","copyright":"","focal_length":"0","iso":"0","shutter_speed":"0","title":"","orientation":"0","keywords":[]}},"post":163754,"source_url":"https:\/\/lavras.tv\/site\/wp-content\/uploads\/2025\/03\/Snapinst.app_486227709_18060277187047360_6529146483964125342_n_1080.jpg"},"author_meta":{"display_name":"Vinicius Bustamante","author_link":"https:\/\/lavras.tv\/site\/author\/vinicius-bustamante\/"},"featured_img":"https:\/\/lavras.tv\/site\/wp-content\/uploads\/2025\/03\/Snapinst.app_486227709_18060277187047360_6529146483964125342_n_1080-300x300.jpg","coauthors":[],"tax_additional":{"categories":{"linked":["<a href=\"https:\/\/lavras.tv\/site\/category\/destaques\/\" class=\"advgb-post-tax-term\">Destaques<\/a>","<a href=\"https:\/\/lavras.tv\/site\/category\/noticias\/\" class=\"advgb-post-tax-term\">Not\u00edcias<\/a>"],"unlinked":["<span class=\"advgb-post-tax-term\">Destaques<\/span>","<span class=\"advgb-post-tax-term\">Not\u00edcias<\/span>"]}},"comment_count":"0","relative_dates":{"created":"Publicado 1 ano atr\u00e1s","modified":"Atualizado 1 ano atr\u00e1s"},"absolute_dates":{"created":"Publicado em 24 de mar\u00e7o de 2025","modified":"Atualizado em 24 de mar\u00e7o de 2025"},"absolute_dates_time":{"created":"Publicado em 24 de mar\u00e7o de 2025 20:25","modified":"Atualizado em 24 de mar\u00e7o de 2025 20:25"},"featured_img_caption":"","series_order":"","_links":{"self":[{"href":"https:\/\/lavras.tv\/site\/wp-json\/wp\/v2\/posts\/163754","targetHints":{"allow":["GET"]}}],"collection":[{"href":"https:\/\/lavras.tv\/site\/wp-json\/wp\/v2\/posts"}],"about":[{"href":"https:\/\/lavras.tv\/site\/wp-json\/wp\/v2\/types\/post"}],"author":[{"embeddable":true,"href":"https:\/\/lavras.tv\/site\/wp-json\/wp\/v2\/users\/5"}],"replies":[{"embeddable":true,"href":"https:\/\/lavras.tv\/site\/wp-json\/wp\/v2\/comments?post=163754"}],"version-history":[{"count":1,"href":"https:\/\/lavras.tv\/site\/wp-json\/wp\/v2\/posts\/163754\/revisions"}],"predecessor-version":[{"id":163756,"href":"https:\/\/lavras.tv\/site\/wp-json\/wp\/v2\/posts\/163754\/revisions\/163756"}],"wp:featuredmedia":[{"embeddable":true,"href":"https:\/\/lavras.tv\/site\/wp-json\/wp\/v2\/media\/163755"}],"wp:attachment":[{"href":"https:\/\/lavras.tv\/site\/wp-json\/wp\/v2\/media?parent=163754"}],"wp:term":[{"taxonomy":"category","embeddable":true,"href":"https:\/\/lavras.tv\/site\/wp-json\/wp\/v2\/categories?post=163754"},{"taxonomy":"post_tag","embeddable":true,"href":"https:\/\/lavras.tv\/site\/wp-json\/wp\/v2\/tags?post=163754"}],"curies":[{"name":"wp","href":"https:\/\/api.w.org\/{rel}","templated":true}]}}