{"id":163924,"date":"2025-03-25T14:07:56","date_gmt":"2025-03-25T17:07:56","guid":{"rendered":"http:\/\/lavras.tv\/site\/?p=163924"},"modified":"2025-03-25T14:07:57","modified_gmt":"2025-03-25T17:07:57","slug":"cristian-cravinhos-rompe-o-silencio-e-fala-sobre-crime","status":"publish","type":"post","link":"https:\/\/lavras.tv\/site\/2025\/03\/25\/cristian-cravinhos-rompe-o-silencio-e-fala-sobre-crime\/","title":{"rendered":"Cristian Cravinhos rompe o sil\u00eancio e fala sobre crime"},"content":{"rendered":"<div class=\"lavra-antes-do-conteudo_2\" id=\"lavra-4161823679\"><div id=\"lavra-slider-27\" class=\"custom-slider lavra-slider-1129306964 lavra-slider\"><ul><li><div style=\"margin-left: auto;margin-right: auto;text-align: center;\" id=\"lavra-1026297642\"><a href=\"https:\/\/sistemas.lavras.mg.gov.br\/portalcidadao\/#df1b1a7c7b2a290bcb31e32771e610784662739a88807c0dacac58ede5f391a7530e299dc302d611ee73cb143fc22eaf93592e53e7b5bdb01b00a0b8d28dae460c141dd2ff83412e4dc1c31b16b25f33144a9e5620ea73b13f5bc1c59411d98439ad226e8af03840603796067d87afe130812cf3de24982d0e306f9e61e764e5\" aria-label=\"Lavras-TV&#8211;720x104px (1) (1)\"><img src=\"https:\/\/lavras.tv\/site\/wp-content\/uploads\/2025\/01\/Lavras-TV-720x104px-1-1.png\" alt=\"\"  srcset=\"https:\/\/lavras.tv\/site\/wp-content\/uploads\/2025\/01\/Lavras-TV-720x104px-1-1.png 720w, https:\/\/lavras.tv\/site\/wp-content\/uploads\/2025\/01\/Lavras-TV-720x104px-1-1-470x68.png 470w, https:\/\/lavras.tv\/site\/wp-content\/uploads\/2025\/01\/Lavras-TV-720x104px-1-1-170x25.png 170w, https:\/\/lavras.tv\/site\/wp-content\/uploads\/2025\/01\/Lavras-TV-720x104px-1-1-200x29.png 200w\" sizes=\"(max-width: 720px) 100vw, 720px\" width=\"720\" height=\"104\"  style=\"display: inline-block;\" \/><\/a><\/div><\/li><li><a href=\"https:\/\/sistemas.lavras.mg.gov.br\/portalcidadao\/#df1b1a7c7b2a290bcb31e32771e610784662739a88807c0dacac58ede5f391a7530e299dc302d611ee73cb143fc22eaf93592e53e7b5bdb01b00a0b8d28dae460c141dd2ff83412e4dc1c31b16b25f33144a9e5620ea73b13f5bc1c59411d98439ad226e8af03840603796067d87afe130812cf3de24982d0e306f9e61e764e5\" aria-label=\"Banner_Emprego_PortallavrasTV\"><img src=\"https:\/\/lavras.tv\/site\/wp-content\/uploads\/2025\/03\/Banner_Emprego_PortallavrasTV.png\" alt=\"\"  srcset=\"https:\/\/lavras.tv\/site\/wp-content\/uploads\/2025\/03\/Banner_Emprego_PortallavrasTV.png 720w, https:\/\/lavras.tv\/site\/wp-content\/uploads\/2025\/03\/Banner_Emprego_PortallavrasTV-470x68.png 470w, https:\/\/lavras.tv\/site\/wp-content\/uploads\/2025\/03\/Banner_Emprego_PortallavrasTV-170x25.png 170w, https:\/\/lavras.tv\/site\/wp-content\/uploads\/2025\/03\/Banner_Emprego_PortallavrasTV-200x29.png 200w\" sizes=\"(max-width: 720px) 100vw, 720px\" width=\"720\" height=\"104\"   \/><\/a><\/li><li><a href=\"https:\/\/sistemas.lavras.mg.gov.br\/portalcidadao\/#df1b1a7c7b2a290bcb31e32771e610784662739a88807c0dacac58ede5f391a7530e299dc302d611ee73cb143fc22eaf93592e53e7b5bdb01b00a0b8d28dae460c141dd2ff83412e4dc1c31b16b25f33144a9e5620ea73b13f5bc1c59411d98439ad226e8af03840603796067d87afe130812cf3de24982d0e306f9e61e764e5\" aria-label=\"Banner_Obras_PortallavrasTV\"><img src=\"https:\/\/lavras.tv\/site\/wp-content\/uploads\/2025\/03\/Banner_Obras_PortallavrasTV.png\" alt=\"\"  srcset=\"https:\/\/lavras.tv\/site\/wp-content\/uploads\/2025\/03\/Banner_Obras_PortallavrasTV.png 720w, https:\/\/lavras.tv\/site\/wp-content\/uploads\/2025\/03\/Banner_Obras_PortallavrasTV-470x68.png 470w, https:\/\/lavras.tv\/site\/wp-content\/uploads\/2025\/03\/Banner_Obras_PortallavrasTV-170x25.png 170w, https:\/\/lavras.tv\/site\/wp-content\/uploads\/2025\/03\/Banner_Obras_PortallavrasTV-200x29.png 200w\" sizes=\"(max-width: 720px) 100vw, 720px\" width=\"720\" height=\"104\"   \/><\/a><\/li><li><div style=\"margin-left: auto;margin-right: auto;text-align: center;\" id=\"lavra-1722576149\"><a href=\"https:\/\/sistemas.lavras.mg.gov.br\/portalcidadao\/#df1b1a7c7b2a290bcb31e32771e610784662739a88807c0dacac58ede5f391a7530e299dc302d611ee73cb143fc22eaf93592e53e7b5bdb01b00a0b8d28dae460c141dd2ff83412e4dc1c31b16b25f33144a9e5620ea73b13f5bc1c59411d98439ad226e8af03840603796067d87afe130812cf3de24982d0e306f9e61e764e5\" aria-label=\"Banner_Educa\u00e7\u00e3o_PortallavrasTV\"><img src=\"https:\/\/lavras.tv\/site\/wp-content\/uploads\/2025\/01\/Banner_Educacao_PortallavrasTV.png\" alt=\"\"  srcset=\"https:\/\/lavras.tv\/site\/wp-content\/uploads\/2025\/01\/Banner_Educacao_PortallavrasTV.png 720w, https:\/\/lavras.tv\/site\/wp-content\/uploads\/2025\/01\/Banner_Educacao_PortallavrasTV-470x68.png 470w, https:\/\/lavras.tv\/site\/wp-content\/uploads\/2025\/01\/Banner_Educacao_PortallavrasTV-170x25.png 170w, https:\/\/lavras.tv\/site\/wp-content\/uploads\/2025\/01\/Banner_Educacao_PortallavrasTV-200x29.png 200w\" sizes=\"(max-width: 720px) 100vw, 720px\" width=\"720\" height=\"104\"  style=\"display: inline-block;\" \/><\/a><\/div><\/li><li><a href=\"https:\/\/sistemas.lavras.mg.gov.br\/portalcidadao\/#df1b1a7c7b2a290bcb31e32771e610784662739a88807c0dacac58ede5f391a7530e299dc302d611ee73cb143fc22eaf93592e53e7b5bdb01b00a0b8d28dae460c141dd2ff83412e4dc1c31b16b25f33144a9e5620ea73b13f5bc1c59411d98439ad226e8af03840603796067d87afe130812cf3de24982d0e306f9e61e764e5\" aria-label=\"Banner_Sa\u00fade_PortallavrasTV\"><img src=\"https:\/\/lavras.tv\/site\/wp-content\/uploads\/2025\/03\/Banner_Saude_PortallavrasTV.png\" alt=\"\"  srcset=\"https:\/\/lavras.tv\/site\/wp-content\/uploads\/2025\/03\/Banner_Saude_PortallavrasTV.png 720w, https:\/\/lavras.tv\/site\/wp-content\/uploads\/2025\/03\/Banner_Saude_PortallavrasTV-470x68.png 470w, https:\/\/lavras.tv\/site\/wp-content\/uploads\/2025\/03\/Banner_Saude_PortallavrasTV-170x25.png 170w, https:\/\/lavras.tv\/site\/wp-content\/uploads\/2025\/03\/Banner_Saude_PortallavrasTV-200x29.png 200w\" sizes=\"(max-width: 720px) 100vw, 720px\" width=\"720\" height=\"104\"   \/><\/a><\/li><li><div id=\"lavra-966871948\" style=\"width:720px;height:104px;background-color:#ddd;overflow:scroll;\">\n\t<strong>Sa\u00edda da depura\u00e7\u00e3o de an\u00fancios<\/strong>\n\t<br><br>\n\tO an\u00fancio n\u00e3o \u00e9 exibido na p\u00e1gina<br><br>post atual: Cristian Cravinhos rompe o sil\u00eancio e fala sobre crime, ID: 163924<br><br><span style=\"color: red;\">O post atual n\u00e3o \u00e9 id\u00eantico ao post principal.<\/span><br><br>An\u00fancios: ROXO - TOPO INTERNA - ROTATIVO 2 (197)<br \/>Grupo de an\u00fancios: Princ_Meio01_720x104 (27)<br><br>Condi\u00e7\u00f5es de exibi\u00e7\u00e3o<div style=\"margin-bottom: 20px; white-space: pre-wrap; font-family: monospace; width: 100%; background: #ffe9e9;\"><strong>condi\u00e7\u00f5es gerais<\/strong><table border=\"1\"><thead><tr><th><\/th><th>An\u00fancios<\/th><th>wp_the_query<\/th><\/tr><\/thead><tr><td>is_main_query<\/td><td>1<\/td><td>1<\/td><\/tr><tr><td>is_rest_api<\/td><td>0<\/td><td>1<\/td><\/tr><tr><td>page<\/td><td>0<\/td><td>1<\/td><\/tr><tr><td>numpages<\/td><td>0<\/td><td>1<\/td><\/tr><tr><td>is_archive<\/td><td>1<\/td><td><\/td><\/tr><tr><td>is_search<\/td><td>1<\/td><td><\/td><\/tr><tr><td>is_home<\/td><td>1<\/td><td><\/td><\/tr><tr><td>is_404<\/td><td>1<\/td><td><\/td><\/tr><tr><td>is_attachment<\/td><td>1<\/td><td><\/td><\/tr><tr><td>is_singular<\/td><td>1<\/td><td><\/td><\/tr><tr><td>is_front_page<\/td><td>1<\/td><td><\/td><\/tr><tr><td>is_feed<\/td><td>1<\/td><td><\/td><\/tr><\/table><\/div><br><br><span style=\"color: red;\">Seu site usa HTTPS, mas o c\u00f3digo do an\u00fancio cont\u00e9m HTTP e pode n\u00e3o funcionar.<\/span>\t<br><br>\n\t<a style=\"color: green;\" href=\"https:\/\/wpadvancedads.com\/manual\/ad-debug-mode\/?utm_source=advanced-ads&utm_medium=link&utm_campaign=ad-debug-mode\" target=\"_blank\" rel=\"nofollow\">Encontre solu\u00e7\u00f5es no manual<\/a>\n<\/div>\n<\/li><\/ul><\/div><script>( window.advanced_ads_ready || jQuery( document ).ready ).call( null, function() {var $lavraslider1129306964 = jQuery( \".lavra-slider-1129306964\" );$lavraslider1129306964.on( \"unslider.ready\", function() { jQuery( \"div.custom-slider ul li\" ).css( \"display\", \"block\" ); });$lavraslider1129306964.unslider({ delay:4000, autoplay:true, nav:false, arrows:false, infinite:true });$lavraslider1129306964.on(\"mouseover\", function() {$lavraslider1129306964.unslider(\"stop\");}).on(\"mouseout\", function() {$lavraslider1129306964.unslider(\"start\");});});<\/script><\/div>\n<p>Em entrevista, ele relembra o caso Von Richthofen e afirma que a senten\u00e7a da sociedade \u00e9 maior que a da Justi\u00e7a<\/p>\n\n\n\n<figure class=\"wp-block-image size-full\"><img fetchpriority=\"high\" decoding=\"async\" width=\"689\" height=\"370\" src=\"http:\/\/lavras.tv\/site\/wp-content\/uploads\/2025\/03\/Cravinhos-progressao-de-pena-689x370-1.jpeg\" alt=\"\" class=\"wp-image-163925\" srcset=\"https:\/\/lavras.tv\/site\/wp-content\/uploads\/2025\/03\/Cravinhos-progressao-de-pena-689x370-1.jpeg 689w, https:\/\/lavras.tv\/site\/wp-content\/uploads\/2025\/03\/Cravinhos-progressao-de-pena-689x370-1-470x252.jpeg 470w, https:\/\/lavras.tv\/site\/wp-content\/uploads\/2025\/03\/Cravinhos-progressao-de-pena-689x370-1-170x91.jpeg 170w, https:\/\/lavras.tv\/site\/wp-content\/uploads\/2025\/03\/Cravinhos-progressao-de-pena-689x370-1-200x107.jpeg 200w\" sizes=\"(max-width: 689px) 100vw, 689px\" \/><\/figure>\n\n\n\n<p>Cristian Cravinhos, hoje com 49 anos, voltou a falar publicamente sobre um dos crimes que mais chocaram o pa\u00eds. Em entrevista ao jornal O Globo, ele comentou sobre o assassinato de Manfred e Mar\u00edsia Von Richthofen, pais de Suzane Von Richthofen, e refletiu sobre sua participa\u00e7\u00e3o no caso, a pena cumprida e o julgamento social que carrega at\u00e9 hoje.<\/p>\n\n\n\n<p>Cristian, assim como o irm\u00e3o Daniel, j\u00e1 est\u00e1 em liberdade. Vinte e dois anos depois do crime, ele afirma que ainda n\u00e3o tem uma resposta clara sobre por que se envolveu na situa\u00e7\u00e3o.&nbsp;<\/p>\n\n\n\n<blockquote class=\"wp-block-quote is-layout-flow wp-block-quote-is-layout-flow\">\n<p>\u201cSe o tempo voltasse, eu diria \u2018n\u00e3o\u2019. Mas at\u00e9 hoje tenho dificuldade de dizer \u2018n\u00e3o\u2019. Naquela \u00e9poca, eu vivia desesperado, sem controle emocional. N\u00e3o sei responder.\u201d<\/p>\n<\/blockquote>\n\n\n\n<p><strong>Ele reconhece que cometeu um erro grave, mas faz quest\u00e3o de negar que tenha agido por dinheiro<\/strong>, como foi muitas vezes interpretado. \u201cS\u00f3 n\u00e3o vai por nessa entrevista que fiz o que fiz por dinheiro, porque n\u00e3o \u00e9 verdade.\u201d<\/p>\n\n\n\n<p>Cristian contou que acreditou, por um momento, que conseguiria impedir o que estava prestes a acontecer \u2014 mas acabou envolvido. \u201cEu n\u00e3o tinha um hist\u00f3rico criminal, nunca fiz nada parecido antes. Talvez por isso as pessoas questionem tanto minha participa\u00e7\u00e3o.\u201d<\/p>\n\n\n\n<p>Mesmo depois de cumprir a pena determinada pela Justi\u00e7a, ele afirma que continua sendo punido todos os dias.<\/p>\n\n\n\n<blockquote class=\"wp-block-quote is-layout-flow wp-block-quote-is-layout-flow\">\n<p>\u201cA Justi\u00e7a me deu um tempo de pena, mas a sociedade imp\u00f5e uma senten\u00e7a perp\u00e9tua. A puni\u00e7\u00e3o que recebi foi consequ\u00eancia dos meus atos, mas o julgamento social \u00e9 muito maior.\u201d<\/p>\n<\/blockquote>\n\n\n\n<p>H\u00e1 palavras que ele ainda evita usar. Diz que, ao chamar o crime de \u201cerro\u201d, n\u00e3o est\u00e1 tentando amenizar a gravidade do que aconteceu, mas que ainda sente um bloqueio emocional ao falar abertamente sobre isso. \u201cTem certas palavras que n\u00e3o consigo falar no dia a dia sem me emocionar.\u201d<\/p>\n\n\n\n<p>Ao contr\u00e1rio do irm\u00e3o, que decidiu mudar de nome ap\u00f3s deixar a pris\u00e3o, Cristian diz que continuar\u00e1 com o sobrenome Cravinhos. \u201cEu vou honrar o meu sobrenome at\u00e9 o final da vida. Eu ca\u00ed com esse nome e vou me levantar com ele. Estou disposto a pagar esse pre\u00e7o.\u201d<\/p>\n\n\n\n<p>Mesmo com ataques frequentes nas redes sociais, ele afirma que n\u00e3o costuma sofrer retalia\u00e7\u00f5es na rua. \u201cMeus haters v\u00eam mais da internet, mas consigo tirar de letra\u201d, disse.<\/p>\n","protected":false},"excerpt":{"rendered":"<p>Em entrevista, ele relembra o caso Von Richthofen e afirma que a senten\u00e7a da sociedade \u00e9 maior que a da Justi\u00e7a Cristian Cravinhos, hoje com 49 anos, voltou a falar publicamente sobre um dos crimes que mais chocaram o pa\u00eds. Em entrevista ao jornal O Globo, ele comentou sobre o assassinato de Manfred e Mar\u00edsia [&hellip;]<\/p>\n","protected":false},"author":5,"featured_media":163925,"comment_status":"closed","ping_status":"open","sticky":false,"template":"","format":"standard","meta":{"advgb_blocks_editor_width":"","advgb_blocks_columns_visual_guide":"","_exactmetrics_skip_tracking":false,"_exactmetrics_sitenote_active":false,"_exactmetrics_sitenote_note":"","_exactmetrics_sitenote_category":0,"footnotes":""},"categories":[7,2],"tags":[],"class_list":["post-163924","post","type-post","status-publish","format-standard","has-post-thumbnail","hentry","category-destaques","category-noticias"],"better_featured_image":{"id":163925,"alt_text":"","caption":"","description":"","media_type":"image","media_details":{"width":689,"height":370,"file":"2025\/03\/Cravinhos-progressao-de-pena-689x370-1.jpeg","filesize":24521,"sizes":{"medium":{"file":"Cravinhos-progressao-de-pena-689x370-1-470x252.jpeg","width":470,"height":252,"mime-type":"image\/jpeg","filesize":13073,"source_url":"https:\/\/lavras.tv\/site\/wp-content\/uploads\/2025\/03\/Cravinhos-progressao-de-pena-689x370-1-470x252.jpeg"},"thumbnail":{"file":"Cravinhos-progressao-de-pena-689x370-1-170x91.jpeg","width":170,"height":91,"mime-type":"image\/jpeg","filesize":2891,"source_url":"https:\/\/lavras.tv\/site\/wp-content\/uploads\/2025\/03\/Cravinhos-progressao-de-pena-689x370-1-170x91.jpeg"},"lshowcase-thumb":{"file":"Cravinhos-progressao-de-pena-689x370-1-200x107.jpeg","width":200,"height":107,"mime-type":"image\/jpeg","filesize":3613,"source_url":"https:\/\/lavras.tv\/site\/wp-content\/uploads\/2025\/03\/Cravinhos-progressao-de-pena-689x370-1-200x107.jpeg"},"alm-thumbnail":{"file":"Cravinhos-progressao-de-pena-689x370-1-150x150.jpeg","width":150,"height":150,"mime-type":"image\/jpeg","filesize":4948,"source_url":"https:\/\/lavras.tv\/site\/wp-content\/uploads\/2025\/03\/Cravinhos-progressao-de-pena-689x370-1-150x150.jpeg"}},"image_meta":{"aperture":"0","credit":"","camera":"","caption":"","created_timestamp":"0","copyright":"","focal_length":"0","iso":"0","shutter_speed":"0","title":"","orientation":"0","keywords":[]}},"post":163924,"source_url":"https:\/\/lavras.tv\/site\/wp-content\/uploads\/2025\/03\/Cravinhos-progressao-de-pena-689x370-1.jpeg"},"author_meta":{"display_name":"Vinicius Bustamante","author_link":"https:\/\/lavras.tv\/site\/author\/vinicius-bustamante\/"},"featured_img":"https:\/\/lavras.tv\/site\/wp-content\/uploads\/2025\/03\/Cravinhos-progressao-de-pena-689x370-1-470x252.jpeg","coauthors":[],"tax_additional":{"categories":{"linked":["<a href=\"https:\/\/lavras.tv\/site\/category\/destaques\/\" class=\"advgb-post-tax-term\">Destaques<\/a>","<a href=\"https:\/\/lavras.tv\/site\/category\/noticias\/\" class=\"advgb-post-tax-term\">Not\u00edcias<\/a>"],"unlinked":["<span class=\"advgb-post-tax-term\">Destaques<\/span>","<span class=\"advgb-post-tax-term\">Not\u00edcias<\/span>"]}},"comment_count":"0","relative_dates":{"created":"Publicado 1 ano atr\u00e1s","modified":"Atualizado 1 ano atr\u00e1s"},"absolute_dates":{"created":"Publicado em 25 de mar\u00e7o de 2025","modified":"Atualizado em 25 de mar\u00e7o de 2025"},"absolute_dates_time":{"created":"Publicado em 25 de mar\u00e7o de 2025 14:07","modified":"Atualizado em 25 de mar\u00e7o de 2025 14:07"},"featured_img_caption":"","series_order":"","_links":{"self":[{"href":"https:\/\/lavras.tv\/site\/wp-json\/wp\/v2\/posts\/163924","targetHints":{"allow":["GET"]}}],"collection":[{"href":"https:\/\/lavras.tv\/site\/wp-json\/wp\/v2\/posts"}],"about":[{"href":"https:\/\/lavras.tv\/site\/wp-json\/wp\/v2\/types\/post"}],"author":[{"embeddable":true,"href":"https:\/\/lavras.tv\/site\/wp-json\/wp\/v2\/users\/5"}],"replies":[{"embeddable":true,"href":"https:\/\/lavras.tv\/site\/wp-json\/wp\/v2\/comments?post=163924"}],"version-history":[{"count":1,"href":"https:\/\/lavras.tv\/site\/wp-json\/wp\/v2\/posts\/163924\/revisions"}],"predecessor-version":[{"id":163926,"href":"https:\/\/lavras.tv\/site\/wp-json\/wp\/v2\/posts\/163924\/revisions\/163926"}],"wp:featuredmedia":[{"embeddable":true,"href":"https:\/\/lavras.tv\/site\/wp-json\/wp\/v2\/media\/163925"}],"wp:attachment":[{"href":"https:\/\/lavras.tv\/site\/wp-json\/wp\/v2\/media?parent=163924"}],"wp:term":[{"taxonomy":"category","embeddable":true,"href":"https:\/\/lavras.tv\/site\/wp-json\/wp\/v2\/categories?post=163924"},{"taxonomy":"post_tag","embeddable":true,"href":"https:\/\/lavras.tv\/site\/wp-json\/wp\/v2\/tags?post=163924"}],"curies":[{"name":"wp","href":"https:\/\/api.w.org\/{rel}","templated":true}]}}