{"id":163927,"date":"2025-03-25T14:18:16","date_gmt":"2025-03-25T17:18:16","guid":{"rendered":"http:\/\/lavras.tv\/site\/?p=163927"},"modified":"2025-03-25T14:18:17","modified_gmt":"2025-03-25T17:18:17","slug":"atletico-117-anos-clube-mira-novos-investidores-titulos-e-arena-mrv-perfeita","status":"publish","type":"post","link":"https:\/\/lavras.tv\/site\/2025\/03\/25\/atletico-117-anos-clube-mira-novos-investidores-titulos-e-arena-mrv-perfeita\/","title":{"rendered":"Atl\u00e9tico 117 anos: clube mira novos investidores, t\u00edtulos e Arena MRV \u2018perfeita\u2019"},"content":{"rendered":"<div class=\"lavra-antes-do-conteudo_2\" id=\"lavra-74945580\"><div id=\"lavra-slider-27\" class=\"custom-slider lavra-slider-3570509581 lavra-slider\"><ul><li><div style=\"margin-left: auto;margin-right: auto;text-align: center;\" id=\"lavra-3262941809\"><a href=\"https:\/\/sistemas.lavras.mg.gov.br\/portalcidadao\/#df1b1a7c7b2a290bcb31e32771e610784662739a88807c0dacac58ede5f391a7530e299dc302d611ee73cb143fc22eaf93592e53e7b5bdb01b00a0b8d28dae460c141dd2ff83412e4dc1c31b16b25f33144a9e5620ea73b13f5bc1c59411d98439ad226e8af03840603796067d87afe130812cf3de24982d0e306f9e61e764e5\" aria-label=\"Lavras-TV&#8211;720x104px (1) (1)\"><img src=\"https:\/\/lavras.tv\/site\/wp-content\/uploads\/2025\/01\/Lavras-TV-720x104px-1-1.png\" alt=\"\"  srcset=\"https:\/\/lavras.tv\/site\/wp-content\/uploads\/2025\/01\/Lavras-TV-720x104px-1-1.png 720w, https:\/\/lavras.tv\/site\/wp-content\/uploads\/2025\/01\/Lavras-TV-720x104px-1-1-470x68.png 470w, https:\/\/lavras.tv\/site\/wp-content\/uploads\/2025\/01\/Lavras-TV-720x104px-1-1-170x25.png 170w, https:\/\/lavras.tv\/site\/wp-content\/uploads\/2025\/01\/Lavras-TV-720x104px-1-1-200x29.png 200w\" sizes=\"(max-width: 720px) 100vw, 720px\" width=\"720\" height=\"104\"  style=\"display: inline-block;\" \/><\/a><\/div><\/li><li><a href=\"https:\/\/sistemas.lavras.mg.gov.br\/portalcidadao\/#df1b1a7c7b2a290bcb31e32771e610784662739a88807c0dacac58ede5f391a7530e299dc302d611ee73cb143fc22eaf93592e53e7b5bdb01b00a0b8d28dae460c141dd2ff83412e4dc1c31b16b25f33144a9e5620ea73b13f5bc1c59411d98439ad226e8af03840603796067d87afe130812cf3de24982d0e306f9e61e764e5\" aria-label=\"Banner_Emprego_PortallavrasTV\"><img src=\"https:\/\/lavras.tv\/site\/wp-content\/uploads\/2025\/03\/Banner_Emprego_PortallavrasTV.png\" alt=\"\"  srcset=\"https:\/\/lavras.tv\/site\/wp-content\/uploads\/2025\/03\/Banner_Emprego_PortallavrasTV.png 720w, https:\/\/lavras.tv\/site\/wp-content\/uploads\/2025\/03\/Banner_Emprego_PortallavrasTV-470x68.png 470w, https:\/\/lavras.tv\/site\/wp-content\/uploads\/2025\/03\/Banner_Emprego_PortallavrasTV-170x25.png 170w, https:\/\/lavras.tv\/site\/wp-content\/uploads\/2025\/03\/Banner_Emprego_PortallavrasTV-200x29.png 200w\" sizes=\"(max-width: 720px) 100vw, 720px\" width=\"720\" height=\"104\"   \/><\/a><\/li><li><a href=\"https:\/\/sistemas.lavras.mg.gov.br\/portalcidadao\/#df1b1a7c7b2a290bcb31e32771e610784662739a88807c0dacac58ede5f391a7530e299dc302d611ee73cb143fc22eaf93592e53e7b5bdb01b00a0b8d28dae460c141dd2ff83412e4dc1c31b16b25f33144a9e5620ea73b13f5bc1c59411d98439ad226e8af03840603796067d87afe130812cf3de24982d0e306f9e61e764e5\" aria-label=\"Banner_Obras_PortallavrasTV\"><img src=\"https:\/\/lavras.tv\/site\/wp-content\/uploads\/2025\/03\/Banner_Obras_PortallavrasTV.png\" alt=\"\"  srcset=\"https:\/\/lavras.tv\/site\/wp-content\/uploads\/2025\/03\/Banner_Obras_PortallavrasTV.png 720w, https:\/\/lavras.tv\/site\/wp-content\/uploads\/2025\/03\/Banner_Obras_PortallavrasTV-470x68.png 470w, https:\/\/lavras.tv\/site\/wp-content\/uploads\/2025\/03\/Banner_Obras_PortallavrasTV-170x25.png 170w, https:\/\/lavras.tv\/site\/wp-content\/uploads\/2025\/03\/Banner_Obras_PortallavrasTV-200x29.png 200w\" sizes=\"(max-width: 720px) 100vw, 720px\" width=\"720\" height=\"104\"   \/><\/a><\/li><li><div style=\"margin-left: auto;margin-right: auto;text-align: center;\" id=\"lavra-3568740741\"><a href=\"https:\/\/sistemas.lavras.mg.gov.br\/portalcidadao\/#df1b1a7c7b2a290bcb31e32771e610784662739a88807c0dacac58ede5f391a7530e299dc302d611ee73cb143fc22eaf93592e53e7b5bdb01b00a0b8d28dae460c141dd2ff83412e4dc1c31b16b25f33144a9e5620ea73b13f5bc1c59411d98439ad226e8af03840603796067d87afe130812cf3de24982d0e306f9e61e764e5\" aria-label=\"Banner_Educa\u00e7\u00e3o_PortallavrasTV\"><img src=\"https:\/\/lavras.tv\/site\/wp-content\/uploads\/2025\/01\/Banner_Educacao_PortallavrasTV.png\" alt=\"\"  srcset=\"https:\/\/lavras.tv\/site\/wp-content\/uploads\/2025\/01\/Banner_Educacao_PortallavrasTV.png 720w, https:\/\/lavras.tv\/site\/wp-content\/uploads\/2025\/01\/Banner_Educacao_PortallavrasTV-470x68.png 470w, https:\/\/lavras.tv\/site\/wp-content\/uploads\/2025\/01\/Banner_Educacao_PortallavrasTV-170x25.png 170w, https:\/\/lavras.tv\/site\/wp-content\/uploads\/2025\/01\/Banner_Educacao_PortallavrasTV-200x29.png 200w\" sizes=\"(max-width: 720px) 100vw, 720px\" width=\"720\" height=\"104\"  style=\"display: inline-block;\" \/><\/a><\/div><\/li><li><a href=\"https:\/\/sistemas.lavras.mg.gov.br\/portalcidadao\/#df1b1a7c7b2a290bcb31e32771e610784662739a88807c0dacac58ede5f391a7530e299dc302d611ee73cb143fc22eaf93592e53e7b5bdb01b00a0b8d28dae460c141dd2ff83412e4dc1c31b16b25f33144a9e5620ea73b13f5bc1c59411d98439ad226e8af03840603796067d87afe130812cf3de24982d0e306f9e61e764e5\" aria-label=\"Banner_Sa\u00fade_PortallavrasTV\"><img src=\"https:\/\/lavras.tv\/site\/wp-content\/uploads\/2025\/03\/Banner_Saude_PortallavrasTV.png\" alt=\"\"  srcset=\"https:\/\/lavras.tv\/site\/wp-content\/uploads\/2025\/03\/Banner_Saude_PortallavrasTV.png 720w, https:\/\/lavras.tv\/site\/wp-content\/uploads\/2025\/03\/Banner_Saude_PortallavrasTV-470x68.png 470w, https:\/\/lavras.tv\/site\/wp-content\/uploads\/2025\/03\/Banner_Saude_PortallavrasTV-170x25.png 170w, https:\/\/lavras.tv\/site\/wp-content\/uploads\/2025\/03\/Banner_Saude_PortallavrasTV-200x29.png 200w\" sizes=\"(max-width: 720px) 100vw, 720px\" width=\"720\" height=\"104\"   \/><\/a><\/li><li><div id=\"lavra-3245920830\" style=\"width:720px;height:104px;background-color:#ddd;overflow:scroll;\">\n\t<strong>Sa\u00edda da depura\u00e7\u00e3o de an\u00fancios<\/strong>\n\t<br><br>\n\tO an\u00fancio n\u00e3o \u00e9 exibido na p\u00e1gina<br><br>post atual: Atl\u00e9tico 117 anos: clube mira novos investidores, t\u00edtulos e Arena MRV \u2018perfeita\u2019, ID: 163927<br><br><span style=\"color: red;\">O post atual n\u00e3o \u00e9 id\u00eantico ao post principal.<\/span><br><br>An\u00fancios: ROXO - TOPO INTERNA - ROTATIVO 2 (197)<br \/>Grupo de an\u00fancios: Princ_Meio01_720x104 (27)<br><br>Condi\u00e7\u00f5es de exibi\u00e7\u00e3o<div style=\"margin-bottom: 20px; white-space: pre-wrap; font-family: monospace; width: 100%; background: #ffe9e9;\"><strong>condi\u00e7\u00f5es gerais<\/strong><table border=\"1\"><thead><tr><th><\/th><th>An\u00fancios<\/th><th>wp_the_query<\/th><\/tr><\/thead><tr><td>is_main_query<\/td><td>1<\/td><td>1<\/td><\/tr><tr><td>is_rest_api<\/td><td>0<\/td><td>1<\/td><\/tr><tr><td>page<\/td><td>0<\/td><td>1<\/td><\/tr><tr><td>numpages<\/td><td>0<\/td><td>1<\/td><\/tr><tr><td>is_archive<\/td><td>1<\/td><td><\/td><\/tr><tr><td>is_search<\/td><td>1<\/td><td><\/td><\/tr><tr><td>is_home<\/td><td>1<\/td><td><\/td><\/tr><tr><td>is_404<\/td><td>1<\/td><td><\/td><\/tr><tr><td>is_attachment<\/td><td>1<\/td><td><\/td><\/tr><tr><td>is_singular<\/td><td>1<\/td><td><\/td><\/tr><tr><td>is_front_page<\/td><td>1<\/td><td><\/td><\/tr><tr><td>is_feed<\/td><td>1<\/td><td><\/td><\/tr><\/table><\/div><br><br><span style=\"color: red;\">Seu site usa HTTPS, mas o c\u00f3digo do an\u00fancio cont\u00e9m HTTP e pode n\u00e3o funcionar.<\/span>\t<br><br>\n\t<a style=\"color: green;\" href=\"https:\/\/wpadvancedads.com\/manual\/ad-debug-mode\/?utm_source=advanced-ads&utm_medium=link&utm_campaign=ad-debug-mode\" target=\"_blank\" rel=\"nofollow\">Encontre solu\u00e7\u00f5es no manual<\/a>\n<\/div>\n<\/li><\/ul><\/div><script>( window.advanced_ads_ready || jQuery( document ).ready ).call( null, function() {var $lavraslider3570509581 = jQuery( \".lavra-slider-3570509581\" );$lavraslider3570509581.on( \"unslider.ready\", function() { jQuery( \"div.custom-slider ul li\" ).css( \"display\", \"block\" ); });$lavraslider3570509581.unslider({ delay:4000, autoplay:true, nav:false, arrows:false, infinite:true });$lavraslider3570509581.on(\"mouseover\", function() {$lavraslider3570509581.unslider(\"stop\");}).on(\"mouseout\", function() {$lavraslider3570509581.unslider(\"start\");});});<\/script><\/div>\n<p>Galo completa mais um ano de vida nesta ter\u00e7a-feira, 25 de mar\u00e7o, com temas dentro e fora de campo como principais pautas<\/p>\n\n\n\n<figure class=\"wp-block-image size-full\"><img fetchpriority=\"high\" decoding=\"async\" width=\"900\" height=\"506\" src=\"http:\/\/lavras.tv\/site\/wp-content\/uploads\/2025\/03\/arena-mrv-atletico-900x506-1.jpg\" alt=\"\" class=\"wp-image-163928\" srcset=\"https:\/\/lavras.tv\/site\/wp-content\/uploads\/2025\/03\/arena-mrv-atletico-900x506-1.jpg 900w, https:\/\/lavras.tv\/site\/wp-content\/uploads\/2025\/03\/arena-mrv-atletico-900x506-1-470x264.jpg 470w, https:\/\/lavras.tv\/site\/wp-content\/uploads\/2025\/03\/arena-mrv-atletico-900x506-1-170x96.jpg 170w, https:\/\/lavras.tv\/site\/wp-content\/uploads\/2025\/03\/arena-mrv-atletico-900x506-1-200x112.jpg 200w\" sizes=\"(max-width: 900px) 100vw, 900px\" \/><\/figure>\n\n\n\n<p>Renascimento, nobreza, car\u00e1ter, destemor e coragem. Todas essas palavras s\u00e3o ligadas ao significado simb\u00f3lico e cultural da figura do Galo. E s\u00e3o elas que inspiram o Atl\u00e9tico nesta ter\u00e7a-feira, 25 de mar\u00e7o, data em que o clube completa 117 anos de hist\u00f3ria.<\/p>\n\n\n\n<p>N\u00e3o \u00e9 como se o time precisasse ressurgir das cinzas em 2025, mas o objetivo \u00e9 empilhar novas ta\u00e7as no cen\u00e1rio nacional e continental. Dominante em Minas Gerais, com seis t\u00edtulos do Campeonato Mineiro nos \u00faltimos seis anos, o Atl\u00e9tico bateu na trave na temporada passada e quer voltar a vencer uma competi\u00e7\u00e3o de mais peso, algo que n\u00e3o ocorre desde fevereiro de 2022, com a Supercopa do Brasil.<\/p>\n\n\n\n<p>O&nbsp;<a href=\"https:\/\/noataque.com.br\/futebol\/time\/atletico-mg\/noticia\/2025\/03\/25\/atletico-sergio-coelho-anuncia-investimentos-milionarios-da-associacao\/\" target=\"_blank\" rel=\"noreferrer noopener\">Galo&nbsp;<\/a>foi vice-campe\u00e3o da Copa do Brasil e da Copa Libertadores no ano passado. Agora, segue na disputa do torneio nacional, al\u00e9m do Campeonato Brasileiro e da Copa Sul-Americana.&nbsp;<\/p>\n\n\n\n<p>\u201cEu estou animado, acho que as contrata\u00e7\u00f5es foram boas, se encaixaram. No futebol temos que ter t\u00e9cnica, e o Atl\u00e9tico tem. Estou animado, mas \u00e9 dif\u00edcil. O futebol brasileiro hoje \u00e9 muito diferente do que era no passado, tem oito, 10 times muito bons. Vamos tentar ganhar? Vamos. Tem muito time? Tem. Somos favoritos? Somos, mas n\u00e3o sabemos o que vai dar\u201d, afirmou Rubens Menin, s\u00f3cio majorit\u00e1rio do clube, ap\u00f3s a conquista do Mineiro.<\/p>\n\n\n\n<figure class=\"wp-block-image\"><img decoding=\"async\" src=\"https:\/\/noataque.com.br\/wp-content\/uploads\/2025\/03\/menin-atletico-2.jpg\" alt=\"Rubens Menin, s\u00f3cio-majorit\u00e1rio do Atl\u00e9tico - (foto: Pedro Souza\/Atl\u00e9tico)\" title=\"Rubens Menin, s\u00f3cio-majorit\u00e1rio do Atl\u00e9tico - (foto: Pedro Souza\/Atl\u00e9tico)\"\/><figcaption class=\"wp-element-caption\"><small>Rubens Menin, s\u00f3cio-majorit\u00e1rio do Atl\u00e9tico<\/small><small>(foto: Pedro Souza\/Atl\u00e9tico)<\/small><\/figcaption><\/figure>\n\n\n\n<h2 class=\"wp-block-heading\" id=\"h-a-busca-por-fortalecer-a-saf\"><strong>A busca por fortalecer a SAF<\/strong><\/h2>\n\n\n\n<p>Este \u00e9 apenas o segundo ano em que o Atl\u00e9tico estar\u00e1 sob gest\u00e3o dos s\u00f3cios da Sociedade An\u00f4nima do Futebol (SAF) em sua hist\u00f3ria, j\u00e1 que a venda de 75% das a\u00e7\u00f5es foi conclu\u00edda em novembro de 2023.<\/p>\n\n\n\n<p>O principal nome no comando do Galo segue sendo Rafael Menin, que ao lado do pai, Rubens, tem 41,8% das a\u00e7\u00f5es do clube. Daniel Vorcaro vem em seguida, com 20,2%; depois, Ricardo Guimar\u00e3es, com 6,3%. Outros investidores se encontram no Fundo de Investimento do Galo (Figa), como Renato Salvador e Marcelo Patrus, entre outros empres\u00e1rios.<\/p>\n\n\n\n<p>E \u00e9 nesse grupo que o Atl\u00e9tico busca novos aportes. CEO do alvinegro, Bruno Muzzi faz reuni\u00f5es constantes com interessados, mas ainda resta arrecadar cerca de R$ 90 milh\u00f5es. De toda forma, Rubens Menin se prontificou a completar o montante previsto na compra da SAF caso n\u00e3o surjam novos empreendedores.<\/p>\n\n\n\n<p>Ainda no sentido financeiro, o Galo luta contra os altos juros para reduzir a d\u00edvida, projetada em R$ 1,3 bilh\u00e3o em 2025. No entanto, a tend\u00eancia \u00e9 que o d\u00e9bito s\u00f3 comece a ser reduzido a partir de 2028, caso n\u00e3o ocorram novos aportes.<\/p>\n\n\n\n<h2 class=\"wp-block-heading\" id=\"h-arena-mrv-perfeita\"><strong>Arena MRV \u201cperfeita\u201d?<\/strong><\/h2>\n\n\n\n<p>O Atl\u00e9tico tamb\u00e9m sonha em ter a Arena MRV praticamente \u201cperfeita\u201d nesta temporada. Ap\u00f3s sofrer com cr\u00edticas por falhas no gramado e na ac\u00fastica, o est\u00e1dio passa por reformas e deve corrigir os principais problemas desde a inaugura\u00e7\u00e3o.<\/p>\n\n\n\n<p>Em rela\u00e7\u00e3o ao campo, est\u00e1 sendo instalado o sint\u00e9tico desde o final do ano passado. A tend\u00eancia \u00e9 que o time dispute a primeira partida em casa em 12 de abril \u2013 quando o Atl\u00e9tico enfrentar\u00e1 o Vit\u00f3ria pela terceira rodada do Campeonato Brasileiro.<\/p>\n\n\n\n<p>J\u00e1 o problema da ac\u00fastica afetou diretamente os sons emitidos pela torcida, que n\u00e3o chegam com clareza aos jogadores e a outras partes do est\u00e1dio. Dessa forma, o clube est\u00e1 adicionando placas no setor sul, para que o barulho bata e retorne de forma imediata.<\/p>\n\n\n\n<figure class=\"wp-block-image\"><img decoding=\"async\" src=\"https:\/\/noataque.com.br\/wp-content\/uploads\/2025\/02\/Imagem-do-WhatsApp-de-2025-02-28-as-18.19.14_9f6fd54e.jpg\" alt=\"Obras para instala\u00e7\u00e3o do gramado sint\u00e9tico na Arena MRV em 21 de fevereiro - (foto: Lucas Bretas\/No Ataque)\" title=\"Obras para instala\u00e7\u00e3o do gramado sint\u00e9tico na Arena MRV em 21 de fevereiro - (foto: Lucas Bretas\/No Ataque)\"\/><figcaption class=\"wp-element-caption\"><small>Obras para instala\u00e7\u00e3o do gramado sint\u00e9tico na Arena MRV em 21 de fevereiro<\/small><\/figcaption><\/figure>\n\n\n\n<p>A Arena MRV tamb\u00e9m se tornou a casa de todos os funcion\u00e1rios do Galo neste ano, j\u00e1 que a sede administrativa do clube deixou o im\u00f3vel onde se situava, no Bairro de Lourdes, Regi\u00e3o Sul de Belo Horizonte.&nbsp;<\/p>\n\n\n\n<p>Ainda em rela\u00e7\u00e3o \u00e0s obras realizadas pelo Atl\u00e9tico, a associa\u00e7\u00e3o trabalha para moderniza\u00e7\u00e3o da Vila Ol\u00edmpica e no Clube Labareda, al\u00e9m de ajustes na Cidade do Galo e a cria\u00e7\u00e3o do Museu do Galo.<\/p>\n\n\n\n<p>Mirando um futuro promissor, mas ainda amea\u00e7ado pelas d\u00edvidas, o clube busca o encaixe perfeito dentro e fora de campo para ter sucesso esportivo e, assim, se tornar autossustent\u00e1vel.&nbsp;<\/p>\n","protected":false},"excerpt":{"rendered":"<p>Galo completa mais um ano de vida nesta ter\u00e7a-feira, 25 de mar\u00e7o, com temas dentro e fora de campo como principais pautas Renascimento, nobreza, car\u00e1ter, destemor e coragem. Todas essas palavras s\u00e3o ligadas ao significado simb\u00f3lico e cultural da figura do Galo. E s\u00e3o elas que inspiram o Atl\u00e9tico nesta ter\u00e7a-feira, 25 de mar\u00e7o, data [&hellip;]<\/p>\n","protected":false},"author":5,"featured_media":163928,"comment_status":"closed","ping_status":"open","sticky":false,"template":"","format":"standard","meta":{"advgb_blocks_editor_width":"","advgb_blocks_columns_visual_guide":"","_exactmetrics_skip_tracking":false,"_exactmetrics_sitenote_active":false,"_exactmetrics_sitenote_note":"","_exactmetrics_sitenote_category":0,"footnotes":""},"categories":[7,3,2],"tags":[],"class_list":["post-163927","post","type-post","status-publish","format-standard","has-post-thumbnail","hentry","category-destaques","category-esportes","category-noticias"],"better_featured_image":{"id":163928,"alt_text":"","caption":"","description":"","media_type":"image","media_details":{"width":900,"height":506,"file":"2025\/03\/arena-mrv-atletico-900x506-1.jpg","filesize":54181,"sizes":{"medium":{"file":"arena-mrv-atletico-900x506-1-470x264.jpg","width":470,"height":264,"mime-type":"image\/jpeg","filesize":18251,"source_url":"https:\/\/lavras.tv\/site\/wp-content\/uploads\/2025\/03\/arena-mrv-atletico-900x506-1-470x264.jpg"},"thumbnail":{"file":"arena-mrv-atletico-900x506-1-170x96.jpg","width":170,"height":96,"mime-type":"image\/jpeg","filesize":4070,"source_url":"https:\/\/lavras.tv\/site\/wp-content\/uploads\/2025\/03\/arena-mrv-atletico-900x506-1-170x96.jpg"},"lshowcase-thumb":{"file":"arena-mrv-atletico-900x506-1-200x112.jpg","width":200,"height":112,"mime-type":"image\/jpeg","filesize":5021,"source_url":"https:\/\/lavras.tv\/site\/wp-content\/uploads\/2025\/03\/arena-mrv-atletico-900x506-1-200x112.jpg"},"alm-thumbnail":{"file":"arena-mrv-atletico-900x506-1-150x150.jpg","width":150,"height":150,"mime-type":"image\/jpeg","filesize":5235,"source_url":"https:\/\/lavras.tv\/site\/wp-content\/uploads\/2025\/03\/arena-mrv-atletico-900x506-1-150x150.jpg"}},"image_meta":{"aperture":"0","credit":"","camera":"","caption":"","created_timestamp":"0","copyright":"","focal_length":"0","iso":"0","shutter_speed":"0","title":"","orientation":"0","keywords":[]}},"post":163927,"source_url":"https:\/\/lavras.tv\/site\/wp-content\/uploads\/2025\/03\/arena-mrv-atletico-900x506-1.jpg"},"author_meta":{"display_name":"Vinicius Bustamante","author_link":"https:\/\/lavras.tv\/site\/author\/vinicius-bustamante\/"},"featured_img":"https:\/\/lavras.tv\/site\/wp-content\/uploads\/2025\/03\/arena-mrv-atletico-900x506-1-470x264.jpg","coauthors":[],"tax_additional":{"categories":{"linked":["<a href=\"https:\/\/lavras.tv\/site\/category\/destaques\/\" class=\"advgb-post-tax-term\">Destaques<\/a>","<a href=\"https:\/\/lavras.tv\/site\/category\/esportes\/\" class=\"advgb-post-tax-term\">Esportes<\/a>","<a href=\"https:\/\/lavras.tv\/site\/category\/noticias\/\" class=\"advgb-post-tax-term\">Not\u00edcias<\/a>"],"unlinked":["<span class=\"advgb-post-tax-term\">Destaques<\/span>","<span class=\"advgb-post-tax-term\">Esportes<\/span>","<span class=\"advgb-post-tax-term\">Not\u00edcias<\/span>"]}},"comment_count":"0","relative_dates":{"created":"Publicado 1 ano atr\u00e1s","modified":"Atualizado 1 ano atr\u00e1s"},"absolute_dates":{"created":"Publicado em 25 de mar\u00e7o de 2025","modified":"Atualizado em 25 de mar\u00e7o de 2025"},"absolute_dates_time":{"created":"Publicado em 25 de mar\u00e7o de 2025 14:18","modified":"Atualizado em 25 de mar\u00e7o de 2025 14:18"},"featured_img_caption":"","series_order":"","_links":{"self":[{"href":"https:\/\/lavras.tv\/site\/wp-json\/wp\/v2\/posts\/163927","targetHints":{"allow":["GET"]}}],"collection":[{"href":"https:\/\/lavras.tv\/site\/wp-json\/wp\/v2\/posts"}],"about":[{"href":"https:\/\/lavras.tv\/site\/wp-json\/wp\/v2\/types\/post"}],"author":[{"embeddable":true,"href":"https:\/\/lavras.tv\/site\/wp-json\/wp\/v2\/users\/5"}],"replies":[{"embeddable":true,"href":"https:\/\/lavras.tv\/site\/wp-json\/wp\/v2\/comments?post=163927"}],"version-history":[{"count":1,"href":"https:\/\/lavras.tv\/site\/wp-json\/wp\/v2\/posts\/163927\/revisions"}],"predecessor-version":[{"id":163929,"href":"https:\/\/lavras.tv\/site\/wp-json\/wp\/v2\/posts\/163927\/revisions\/163929"}],"wp:featuredmedia":[{"embeddable":true,"href":"https:\/\/lavras.tv\/site\/wp-json\/wp\/v2\/media\/163928"}],"wp:attachment":[{"href":"https:\/\/lavras.tv\/site\/wp-json\/wp\/v2\/media?parent=163927"}],"wp:term":[{"taxonomy":"category","embeddable":true,"href":"https:\/\/lavras.tv\/site\/wp-json\/wp\/v2\/categories?post=163927"},{"taxonomy":"post_tag","embeddable":true,"href":"https:\/\/lavras.tv\/site\/wp-json\/wp\/v2\/tags?post=163927"}],"curies":[{"name":"wp","href":"https:\/\/api.w.org\/{rel}","templated":true}]}}