{"id":163942,"date":"2025-03-25T14:49:35","date_gmt":"2025-03-25T17:49:35","guid":{"rendered":"http:\/\/lavras.tv\/site\/?p=163942"},"modified":"2025-03-25T14:49:36","modified_gmt":"2025-03-25T17:49:36","slug":"cemig-orienta-como-ajudar-instituicoes-beneficentes-com-imposto-de-renda","status":"publish","type":"post","link":"https:\/\/lavras.tv\/site\/2025\/03\/25\/cemig-orienta-como-ajudar-instituicoes-beneficentes-com-imposto-de-renda\/","title":{"rendered":"Cemig orienta como ajudar institui\u00e7\u00f5es beneficentes com Imposto de Renda"},"content":{"rendered":"<div class=\"lavra-antes-do-conteudo_2\" id=\"lavra-2575107296\"><div id=\"lavra-slider-27\" class=\"custom-slider lavra-slider-4098764212 lavra-slider\"><ul><li><div style=\"margin-left: auto;margin-right: auto;text-align: center;\" id=\"lavra-1865167922\"><a href=\"https:\/\/sistemas.lavras.mg.gov.br\/portalcidadao\/#df1b1a7c7b2a290bcb31e32771e610784662739a88807c0dacac58ede5f391a7530e299dc302d611ee73cb143fc22eaf93592e53e7b5bdb01b00a0b8d28dae460c141dd2ff83412e4dc1c31b16b25f33144a9e5620ea73b13f5bc1c59411d98439ad226e8af03840603796067d87afe130812cf3de24982d0e306f9e61e764e5\" aria-label=\"Lavras-TV&#8211;720x104px (1) (1)\"><img src=\"https:\/\/lavras.tv\/site\/wp-content\/uploads\/2025\/01\/Lavras-TV-720x104px-1-1.png\" alt=\"\"  srcset=\"https:\/\/lavras.tv\/site\/wp-content\/uploads\/2025\/01\/Lavras-TV-720x104px-1-1.png 720w, https:\/\/lavras.tv\/site\/wp-content\/uploads\/2025\/01\/Lavras-TV-720x104px-1-1-470x68.png 470w, https:\/\/lavras.tv\/site\/wp-content\/uploads\/2025\/01\/Lavras-TV-720x104px-1-1-170x25.png 170w, https:\/\/lavras.tv\/site\/wp-content\/uploads\/2025\/01\/Lavras-TV-720x104px-1-1-200x29.png 200w\" sizes=\"(max-width: 720px) 100vw, 720px\" width=\"720\" height=\"104\"  style=\"display: inline-block;\" \/><\/a><\/div><\/li><li><a href=\"https:\/\/sistemas.lavras.mg.gov.br\/portalcidadao\/#df1b1a7c7b2a290bcb31e32771e610784662739a88807c0dacac58ede5f391a7530e299dc302d611ee73cb143fc22eaf93592e53e7b5bdb01b00a0b8d28dae460c141dd2ff83412e4dc1c31b16b25f33144a9e5620ea73b13f5bc1c59411d98439ad226e8af03840603796067d87afe130812cf3de24982d0e306f9e61e764e5\" aria-label=\"Banner_Emprego_PortallavrasTV\"><img src=\"https:\/\/lavras.tv\/site\/wp-content\/uploads\/2025\/03\/Banner_Emprego_PortallavrasTV.png\" alt=\"\"  srcset=\"https:\/\/lavras.tv\/site\/wp-content\/uploads\/2025\/03\/Banner_Emprego_PortallavrasTV.png 720w, https:\/\/lavras.tv\/site\/wp-content\/uploads\/2025\/03\/Banner_Emprego_PortallavrasTV-470x68.png 470w, https:\/\/lavras.tv\/site\/wp-content\/uploads\/2025\/03\/Banner_Emprego_PortallavrasTV-170x25.png 170w, https:\/\/lavras.tv\/site\/wp-content\/uploads\/2025\/03\/Banner_Emprego_PortallavrasTV-200x29.png 200w\" sizes=\"(max-width: 720px) 100vw, 720px\" width=\"720\" height=\"104\"   \/><\/a><\/li><li><a href=\"https:\/\/sistemas.lavras.mg.gov.br\/portalcidadao\/#df1b1a7c7b2a290bcb31e32771e610784662739a88807c0dacac58ede5f391a7530e299dc302d611ee73cb143fc22eaf93592e53e7b5bdb01b00a0b8d28dae460c141dd2ff83412e4dc1c31b16b25f33144a9e5620ea73b13f5bc1c59411d98439ad226e8af03840603796067d87afe130812cf3de24982d0e306f9e61e764e5\" aria-label=\"Banner_Obras_PortallavrasTV\"><img src=\"https:\/\/lavras.tv\/site\/wp-content\/uploads\/2025\/03\/Banner_Obras_PortallavrasTV.png\" alt=\"\"  srcset=\"https:\/\/lavras.tv\/site\/wp-content\/uploads\/2025\/03\/Banner_Obras_PortallavrasTV.png 720w, https:\/\/lavras.tv\/site\/wp-content\/uploads\/2025\/03\/Banner_Obras_PortallavrasTV-470x68.png 470w, https:\/\/lavras.tv\/site\/wp-content\/uploads\/2025\/03\/Banner_Obras_PortallavrasTV-170x25.png 170w, https:\/\/lavras.tv\/site\/wp-content\/uploads\/2025\/03\/Banner_Obras_PortallavrasTV-200x29.png 200w\" sizes=\"(max-width: 720px) 100vw, 720px\" width=\"720\" height=\"104\"   \/><\/a><\/li><li><div style=\"margin-left: auto;margin-right: auto;text-align: center;\" id=\"lavra-185345533\"><a href=\"https:\/\/sistemas.lavras.mg.gov.br\/portalcidadao\/#df1b1a7c7b2a290bcb31e32771e610784662739a88807c0dacac58ede5f391a7530e299dc302d611ee73cb143fc22eaf93592e53e7b5bdb01b00a0b8d28dae460c141dd2ff83412e4dc1c31b16b25f33144a9e5620ea73b13f5bc1c59411d98439ad226e8af03840603796067d87afe130812cf3de24982d0e306f9e61e764e5\" aria-label=\"Banner_Educa\u00e7\u00e3o_PortallavrasTV\"><img src=\"https:\/\/lavras.tv\/site\/wp-content\/uploads\/2025\/01\/Banner_Educacao_PortallavrasTV.png\" alt=\"\"  srcset=\"https:\/\/lavras.tv\/site\/wp-content\/uploads\/2025\/01\/Banner_Educacao_PortallavrasTV.png 720w, https:\/\/lavras.tv\/site\/wp-content\/uploads\/2025\/01\/Banner_Educacao_PortallavrasTV-470x68.png 470w, https:\/\/lavras.tv\/site\/wp-content\/uploads\/2025\/01\/Banner_Educacao_PortallavrasTV-170x25.png 170w, https:\/\/lavras.tv\/site\/wp-content\/uploads\/2025\/01\/Banner_Educacao_PortallavrasTV-200x29.png 200w\" sizes=\"(max-width: 720px) 100vw, 720px\" width=\"720\" height=\"104\"  style=\"display: inline-block;\" \/><\/a><\/div><\/li><li><a href=\"https:\/\/sistemas.lavras.mg.gov.br\/portalcidadao\/#df1b1a7c7b2a290bcb31e32771e610784662739a88807c0dacac58ede5f391a7530e299dc302d611ee73cb143fc22eaf93592e53e7b5bdb01b00a0b8d28dae460c141dd2ff83412e4dc1c31b16b25f33144a9e5620ea73b13f5bc1c59411d98439ad226e8af03840603796067d87afe130812cf3de24982d0e306f9e61e764e5\" aria-label=\"Banner_Sa\u00fade_PortallavrasTV\"><img src=\"https:\/\/lavras.tv\/site\/wp-content\/uploads\/2025\/03\/Banner_Saude_PortallavrasTV.png\" alt=\"\"  srcset=\"https:\/\/lavras.tv\/site\/wp-content\/uploads\/2025\/03\/Banner_Saude_PortallavrasTV.png 720w, https:\/\/lavras.tv\/site\/wp-content\/uploads\/2025\/03\/Banner_Saude_PortallavrasTV-470x68.png 470w, https:\/\/lavras.tv\/site\/wp-content\/uploads\/2025\/03\/Banner_Saude_PortallavrasTV-170x25.png 170w, https:\/\/lavras.tv\/site\/wp-content\/uploads\/2025\/03\/Banner_Saude_PortallavrasTV-200x29.png 200w\" sizes=\"(max-width: 720px) 100vw, 720px\" width=\"720\" height=\"104\"   \/><\/a><\/li><li><div id=\"lavra-35928378\" style=\"width:720px;height:104px;background-color:#ddd;overflow:scroll;\">\n\t<strong>Sa\u00edda da depura\u00e7\u00e3o de an\u00fancios<\/strong>\n\t<br><br>\n\tO an\u00fancio n\u00e3o \u00e9 exibido na p\u00e1gina<br><br>post atual: Cemig orienta como ajudar institui\u00e7\u00f5es beneficentes com Imposto de Renda, ID: 163942<br><br><span style=\"color: red;\">O post atual n\u00e3o \u00e9 id\u00eantico ao post principal.<\/span><br><br>An\u00fancios: ROXO - TOPO INTERNA - ROTATIVO 2 (197)<br \/>Grupo de an\u00fancios: Princ_Meio01_720x104 (27)<br><br>Condi\u00e7\u00f5es de exibi\u00e7\u00e3o<div style=\"margin-bottom: 20px; white-space: pre-wrap; font-family: monospace; width: 100%; background: #ffe9e9;\"><strong>condi\u00e7\u00f5es gerais<\/strong><table border=\"1\"><thead><tr><th><\/th><th>An\u00fancios<\/th><th>wp_the_query<\/th><\/tr><\/thead><tr><td>is_main_query<\/td><td>1<\/td><td>1<\/td><\/tr><tr><td>is_rest_api<\/td><td>0<\/td><td>1<\/td><\/tr><tr><td>page<\/td><td>0<\/td><td>1<\/td><\/tr><tr><td>numpages<\/td><td>0<\/td><td>1<\/td><\/tr><tr><td>is_archive<\/td><td>1<\/td><td><\/td><\/tr><tr><td>is_search<\/td><td>1<\/td><td><\/td><\/tr><tr><td>is_home<\/td><td>1<\/td><td><\/td><\/tr><tr><td>is_404<\/td><td>1<\/td><td><\/td><\/tr><tr><td>is_attachment<\/td><td>1<\/td><td><\/td><\/tr><tr><td>is_singular<\/td><td>1<\/td><td><\/td><\/tr><tr><td>is_front_page<\/td><td>1<\/td><td><\/td><\/tr><tr><td>is_feed<\/td><td>1<\/td><td><\/td><\/tr><\/table><\/div><br><br><span style=\"color: red;\">Seu site usa HTTPS, mas o c\u00f3digo do an\u00fancio cont\u00e9m HTTP e pode n\u00e3o funcionar.<\/span>\t<br><br>\n\t<a style=\"color: green;\" href=\"https:\/\/wpadvancedads.com\/manual\/ad-debug-mode\/?utm_source=advanced-ads&utm_medium=link&utm_campaign=ad-debug-mode\" target=\"_blank\" rel=\"nofollow\">Encontre solu\u00e7\u00f5es no manual<\/a>\n<\/div>\n<\/li><\/ul><\/div><script>( window.advanced_ads_ready || jQuery( document ).ready ).call( null, function() {var $lavraslider4098764212 = jQuery( \".lavra-slider-4098764212\" );$lavraslider4098764212.on( \"unslider.ready\", function() { jQuery( \"div.custom-slider ul li\" ).css( \"display\", \"block\" ); });$lavraslider4098764212.unslider({ delay:4000, autoplay:true, nav:false, arrows:false, infinite:true });$lavraslider4098764212.on(\"mouseover\", function() {$lavraslider4098764212.unslider(\"stop\");}).on(\"mouseout\", function() {$lavraslider4098764212.unslider(\"start\");});});<\/script><\/div>\n<p>Companhia e seus colaboradores destinaram, no ano passado, mais de R$ 2,7 milh\u00f5es\u00a0do tributo devido; programa de voluntariado envolveu 1445 empregados<\/p>\n\n\n\n<figure class=\"wp-block-video\"><video height=\"478\" style=\"aspect-ratio: 848 \/ 478;\" width=\"848\" controls src=\"http:\/\/lavras.tv\/site\/wp-content\/uploads\/2025\/03\/WhatsApp-Video-2025-03-25-at-09.18.17.mp4\"><\/video><\/figure>\n\n\n\n<p>Com o in\u00edcio do per\u00edodo anual disponibilizado pela Receita Federal para a entrega da declara\u00e7\u00e3o do Imposto de Renda Pessoa F\u00edsica (IRPF) 2024, milh\u00f5es de cidad\u00e3os no pa\u00eds dever\u00e3o cumprir com essa obriga\u00e7\u00e3o e ficar em dia com o \u00f3rg\u00e3o fiscal. Mas o que muitos contribuintes n\u00e3o sabem \u00e9 que, na hora de declarar o IRPF, \u00e9 poss\u00edvel ajudar muitas pessoas por meio da destina\u00e7\u00e3o de&nbsp;at\u00e9&nbsp;3%&nbsp;do seu imposto devido em benef\u00edcio dos Fundos da Inf\u00e2ncia e do Adolescente (FIAs) cadastrados de todo o Brasil. As leis federais de incentivo tamb\u00e9m permitem que pessoas jur\u00eddicas destinem at\u00e9 1% do seu tributo devido aos FIAs.<\/p>\n\n\n\n<p>A Cemig, que possui diversas a\u00e7\u00f5es importantes de cunho social, valoriza esta iniciativa e mant\u00e9m, por meio do Programa de Voluntariado Empresarial, o&nbsp;Projeto \u201cAI6% &#8211; Formando Cidad\u00e3os\u201d.&nbsp;\u201cEssa iniciativa contribui com centenas de entidades beneficentes, tanto pela Cemig, que destina 1% do seu imposto devido, quanto pelo incentivo aos seus empregados a destinarem at\u00e9 6% do IR devido para os FIAs\u201d, explica Marina Souza L\u00facio Oliveira, analista de Sustentabilidade Empresarial da Cemig.<\/p>\n\n\n\n<p>A analista conta que, no \u00faltimo ano, a Cemig e seus colaboradores destinaram mais de R$ 2,7 milh\u00f5es em favor dos FIAs, beneficiando 146 institui\u00e7\u00f5es&nbsp;de 75 munic\u00edpios mineiros.&nbsp;\u201cA destina\u00e7\u00e3o dos colaboradores arrecadou mais de R$ 1,4 milh\u00e3o, com a participa\u00e7\u00e3o de 1.445 empregados. Os recursos da companhia e suas controladas resultaram em mais de R$ 1,3&nbsp; milh\u00e3o\u201d, detalha Marina.<\/p>\n\n\n\n<figure class=\"wp-block-image size-full\"><img fetchpriority=\"high\" decoding=\"async\" width=\"776\" height=\"449\" src=\"http:\/\/lavras.tv\/site\/wp-content\/uploads\/2025\/03\/WhatsApp-Image-2025-03-25-at-09.18.17.jpeg\" alt=\"\" class=\"wp-image-163944\" srcset=\"https:\/\/lavras.tv\/site\/wp-content\/uploads\/2025\/03\/WhatsApp-Image-2025-03-25-at-09.18.17.jpeg 776w, https:\/\/lavras.tv\/site\/wp-content\/uploads\/2025\/03\/WhatsApp-Image-2025-03-25-at-09.18.17-470x272.jpeg 470w, https:\/\/lavras.tv\/site\/wp-content\/uploads\/2025\/03\/WhatsApp-Image-2025-03-25-at-09.18.17-170x98.jpeg 170w, https:\/\/lavras.tv\/site\/wp-content\/uploads\/2025\/03\/WhatsApp-Image-2025-03-25-at-09.18.17-200x116.jpeg 200w\" sizes=\"(max-width: 776px) 100vw, 776px\" \/><\/figure>\n\n\n\n<p>Iniciativa que faz a diferen\u00e7a<br>Os recursos repassados pela Cemig e seus empregados t\u00eam feito a diferen\u00e7a em muitas institui\u00e7\u00f5es beneficiadas. A iniciativa contribui para a implementa\u00e7\u00e3o de projetos educacionais ou culturais e para melhorias significativas em suas instala\u00e7\u00f5es, como reforma e constru\u00e7\u00e3o de novos espa\u00e7os, beneficiando&nbsp;aproximadamente&nbsp;20 mil&nbsp;crian\u00e7as&nbsp;e&nbsp;adolescentes da \u00e1rea de influ\u00eancia da Cemig. Dessa forma, a empresa colabora com os Objetivos de Desenvolvimento Sustent\u00e1vel da ONU a serem alcan\u00e7ados at\u00e9 2030, plano de a\u00e7\u00e3o global para eliminar a pobreza extrema e a fome, oferecer educa\u00e7\u00e3o de qualidade ao longo da vida para todos, proteger o planeta e promover sociedades pac\u00edficas e inclusivas at\u00e9 2030.<\/p>\n\n\n\n<p>A&nbsp;Funda\u00e7\u00e3o Sara&nbsp;&#8211; institui\u00e7\u00e3o beneficiada pelo Programa AI6%, que presta assist\u00eancia social para crian\u00e7as e adolescentes com c\u00e2ncer &#8211; possui unidades nos munic\u00edpios de Montes Claros e Belo Horizonte e \u00e9 mantida por associados, parceiros empresariais, doadores e volunt\u00e1rios.&nbsp;<\/p>\n\n\n\n<p>Segundo&nbsp;\u00c1lvaro Gaspar Costa, Presidente da Funda\u00e7\u00e3o Sara,&nbsp;o Programa AI6% faz parte da hist\u00f3ria e da miss\u00e3o da entidade. &#8220;Trata-se de uma parceria que contribui diretamente para os tr\u00eas pilares de atua\u00e7\u00e3o da institui\u00e7\u00e3o: assist\u00eancia social, promo\u00e7\u00e3o do conhecimento e melhorias no tratamento oncol\u00f3gico. Exemplo claro disso \u00e9 a constru\u00e7\u00e3o da sede pr\u00f3pria da institui\u00e7\u00e3o em 2007, que recebeu um significativo impulso do programa&#8221;, declara.&nbsp;<\/p>\n\n\n\n<p>&#8220;Muito do que conseguimos hoje, como arcar com exames de diagn\u00f3stico de alto custo, \u00e9 resultado do apoio do AI6%. Esta parceria nos enche de orgulho e gratid\u00e3o, servindo de inspira\u00e7\u00e3o para outras empresas incentivarem seus colaboradores a apoiarem causas por meio do incentivo fiscal&#8221;, completa \u00c1lvaro.<\/p>\n\n\n\n<p>Como fazer a doa\u00e7\u00e3o<\/p>\n\n\n\n<p>No ato da declara\u00e7\u00e3o do IRRF, as pessoas podem contribuir com os projetos sociais dos FIAs, destinando at\u00e9 3% do seu imposto devido. O montante a ser destinado \u00e9 indicado pelo pr\u00f3prio programa da Receita Federal e o contribuinte n\u00e3o tem nenhum \u00f4nus com esse tipo de destina\u00e7\u00e3o, j\u00e1 que na verdade trata-se apenas de um redirecionamento do Imposto de Renda devido a uma institui\u00e7\u00e3o beneficente.<\/p>\n\n\n\n<p>Ao preencher a declara\u00e7\u00e3o, na ficha &#8220;Doa\u00e7\u00f5es Diretamente na Declara\u00e7\u00e3o &#8211; ECA&#8221;, basta escolher qual o Fundo que o contribuinte deseja apoiar.&nbsp;O valor que pode ser destinado \u00e9 calculado pelo pr\u00f3prio&nbsp;sistema,&nbsp;dentro do limite dedut\u00edvel apontado pela&nbsp;Receita Federal. O programa do IRPF ir\u00e1 gerar uma DARF que precisa ser paga at\u00e9 a data de seu vencimento.<\/p>\n\n\n\n<p>Outra forma de efetivar essa doa\u00e7\u00e3o \u00e9 destinando at\u00e9 6% do IR devido, se pessoa f\u00edsica, e at\u00e9 1%, se pessoa jur\u00eddica, at\u00e9 o \u00faltimo dia banc\u00e1rio do ano-base. Neste caso, o contribuinte precisa realizar a destina\u00e7\u00e3o para um Conselho da Crian\u00e7a e do Adolescente de sua prefer\u00eancia e informar que realizou essa doa\u00e7\u00e3o em sua declara\u00e7\u00e3o. O valor doado no ano anterior retorna para a pessoa, adicionado ao Imposto de Renda a ser restitu\u00eddo ou reduzindo o IR a ser pago.<\/p>\n\n\n\n<p>Mais informa\u00e7\u00f5es no site da&nbsp;Receita Federal.<\/p>\n","protected":false},"excerpt":{"rendered":"<p>Companhia e seus colaboradores destinaram, no ano passado, mais de R$ 2,7 milh\u00f5es\u00a0do tributo devido; programa de voluntariado envolveu 1445 empregados Com o in\u00edcio do per\u00edodo anual disponibilizado pela Receita Federal para a entrega da declara\u00e7\u00e3o do Imposto de Renda Pessoa F\u00edsica (IRPF) 2024, milh\u00f5es de cidad\u00e3os no pa\u00eds dever\u00e3o cumprir com essa obriga\u00e7\u00e3o e [&hellip;]<\/p>\n","protected":false},"author":5,"featured_media":163945,"comment_status":"closed","ping_status":"open","sticky":false,"template":"","format":"standard","meta":{"advgb_blocks_editor_width":"","advgb_blocks_columns_visual_guide":"","_exactmetrics_skip_tracking":false,"_exactmetrics_sitenote_active":false,"_exactmetrics_sitenote_note":"","_exactmetrics_sitenote_category":0,"footnotes":""},"categories":[7,2],"tags":[],"class_list":["post-163942","post","type-post","status-publish","format-standard","has-post-thumbnail","hentry","category-destaques","category-noticias"],"better_featured_image":{"id":163945,"alt_text":"","caption":"","description":"","media_type":"image","media_details":{"width":1235,"height":823,"file":"2025\/03\/WhatsApp-Image-2025-03-25-at-09.18.17-1.jpeg","filesize":121876,"sizes":{"medium":{"file":"WhatsApp-Image-2025-03-25-at-09.18.17-1-450x300.jpeg","width":450,"height":300,"mime-type":"image\/jpeg","filesize":16346,"source_url":"https:\/\/lavras.tv\/site\/wp-content\/uploads\/2025\/03\/WhatsApp-Image-2025-03-25-at-09.18.17-1-450x300.jpeg"},"large":{"file":"WhatsApp-Image-2025-03-25-at-09.18.17-1-970x646.jpeg","width":970,"height":646,"mime-type":"image\/jpeg","filesize":52931,"source_url":"https:\/\/lavras.tv\/site\/wp-content\/uploads\/2025\/03\/WhatsApp-Image-2025-03-25-at-09.18.17-1-970x646.jpeg"},"thumbnail":{"file":"WhatsApp-Image-2025-03-25-at-09.18.17-1-170x113.jpeg","width":170,"height":113,"mime-type":"image\/jpeg","filesize":3950,"source_url":"https:\/\/lavras.tv\/site\/wp-content\/uploads\/2025\/03\/WhatsApp-Image-2025-03-25-at-09.18.17-1-170x113.jpeg"},"lshowcase-thumb":{"file":"WhatsApp-Image-2025-03-25-at-09.18.17-1-200x133.jpeg","width":200,"height":133,"mime-type":"image\/jpeg","filesize":5012,"source_url":"https:\/\/lavras.tv\/site\/wp-content\/uploads\/2025\/03\/WhatsApp-Image-2025-03-25-at-09.18.17-1-200x133.jpeg"},"alm-thumbnail":{"file":"WhatsApp-Image-2025-03-25-at-09.18.17-1-150x150.jpeg","width":150,"height":150,"mime-type":"image\/jpeg","filesize":4210,"source_url":"https:\/\/lavras.tv\/site\/wp-content\/uploads\/2025\/03\/WhatsApp-Image-2025-03-25-at-09.18.17-1-150x150.jpeg"}},"image_meta":{"aperture":"0","credit":"","camera":"","caption":"","created_timestamp":"0","copyright":"","focal_length":"0","iso":"0","shutter_speed":"0","title":"","orientation":"0","keywords":[]}},"post":163942,"source_url":"https:\/\/lavras.tv\/site\/wp-content\/uploads\/2025\/03\/WhatsApp-Image-2025-03-25-at-09.18.17-1.jpeg"},"author_meta":{"display_name":"Vinicius Bustamante","author_link":"https:\/\/lavras.tv\/site\/author\/vinicius-bustamante\/"},"featured_img":"https:\/\/lavras.tv\/site\/wp-content\/uploads\/2025\/03\/WhatsApp-Image-2025-03-25-at-09.18.17-1-450x300.jpeg","coauthors":[],"tax_additional":{"categories":{"linked":["<a href=\"https:\/\/lavras.tv\/site\/category\/destaques\/\" class=\"advgb-post-tax-term\">Destaques<\/a>","<a href=\"https:\/\/lavras.tv\/site\/category\/noticias\/\" class=\"advgb-post-tax-term\">Not\u00edcias<\/a>"],"unlinked":["<span class=\"advgb-post-tax-term\">Destaques<\/span>","<span class=\"advgb-post-tax-term\">Not\u00edcias<\/span>"]}},"comment_count":"0","relative_dates":{"created":"Publicado 1 ano atr\u00e1s","modified":"Atualizado 1 ano atr\u00e1s"},"absolute_dates":{"created":"Publicado em 25 de mar\u00e7o de 2025","modified":"Atualizado em 25 de mar\u00e7o de 2025"},"absolute_dates_time":{"created":"Publicado em 25 de mar\u00e7o de 2025 14:49","modified":"Atualizado em 25 de mar\u00e7o de 2025 14:49"},"featured_img_caption":"","series_order":"","_links":{"self":[{"href":"https:\/\/lavras.tv\/site\/wp-json\/wp\/v2\/posts\/163942","targetHints":{"allow":["GET"]}}],"collection":[{"href":"https:\/\/lavras.tv\/site\/wp-json\/wp\/v2\/posts"}],"about":[{"href":"https:\/\/lavras.tv\/site\/wp-json\/wp\/v2\/types\/post"}],"author":[{"embeddable":true,"href":"https:\/\/lavras.tv\/site\/wp-json\/wp\/v2\/users\/5"}],"replies":[{"embeddable":true,"href":"https:\/\/lavras.tv\/site\/wp-json\/wp\/v2\/comments?post=163942"}],"version-history":[{"count":1,"href":"https:\/\/lavras.tv\/site\/wp-json\/wp\/v2\/posts\/163942\/revisions"}],"predecessor-version":[{"id":163946,"href":"https:\/\/lavras.tv\/site\/wp-json\/wp\/v2\/posts\/163942\/revisions\/163946"}],"wp:featuredmedia":[{"embeddable":true,"href":"https:\/\/lavras.tv\/site\/wp-json\/wp\/v2\/media\/163945"}],"wp:attachment":[{"href":"https:\/\/lavras.tv\/site\/wp-json\/wp\/v2\/media?parent=163942"}],"wp:term":[{"taxonomy":"category","embeddable":true,"href":"https:\/\/lavras.tv\/site\/wp-json\/wp\/v2\/categories?post=163942"},{"taxonomy":"post_tag","embeddable":true,"href":"https:\/\/lavras.tv\/site\/wp-json\/wp\/v2\/tags?post=163942"}],"curies":[{"name":"wp","href":"https:\/\/api.w.org\/{rel}","templated":true}]}}