{"id":163951,"date":"2025-03-25T15:08:16","date_gmt":"2025-03-25T18:08:16","guid":{"rendered":"http:\/\/lavras.tv\/site\/?p=163951"},"modified":"2025-03-25T15:08:17","modified_gmt":"2025-03-25T18:08:17","slug":"affair-de-neymar-diz-sentir-o-sexo-do-bebe-nao-errei","status":"publish","type":"post","link":"https:\/\/lavras.tv\/site\/2025\/03\/25\/affair-de-neymar-diz-sentir-o-sexo-do-bebe-nao-errei\/","title":{"rendered":"Affair de Neymar diz sentir o sexo do beb\u00ea: \u2018N\u00e3o Errei\u2019"},"content":{"rendered":"<div class=\"lavra-antes-do-conteudo_2\" id=\"lavra-3842367886\"><div id=\"lavra-slider-27\" class=\"custom-slider lavra-slider-1928595240 lavra-slider\"><ul><li><div style=\"margin-left: auto;margin-right: auto;text-align: center;\" id=\"lavra-2577522628\"><a href=\"https:\/\/sistemas.lavras.mg.gov.br\/portalcidadao\/#df1b1a7c7b2a290bcb31e32771e610784662739a88807c0dacac58ede5f391a7530e299dc302d611ee73cb143fc22eaf93592e53e7b5bdb01b00a0b8d28dae460c141dd2ff83412e4dc1c31b16b25f33144a9e5620ea73b13f5bc1c59411d98439ad226e8af03840603796067d87afe130812cf3de24982d0e306f9e61e764e5\" aria-label=\"Lavras-TV&#8211;720x104px (1) (1)\"><img src=\"https:\/\/lavras.tv\/site\/wp-content\/uploads\/2025\/01\/Lavras-TV-720x104px-1-1.png\" alt=\"\"  srcset=\"https:\/\/lavras.tv\/site\/wp-content\/uploads\/2025\/01\/Lavras-TV-720x104px-1-1.png 720w, https:\/\/lavras.tv\/site\/wp-content\/uploads\/2025\/01\/Lavras-TV-720x104px-1-1-470x68.png 470w, https:\/\/lavras.tv\/site\/wp-content\/uploads\/2025\/01\/Lavras-TV-720x104px-1-1-170x25.png 170w, https:\/\/lavras.tv\/site\/wp-content\/uploads\/2025\/01\/Lavras-TV-720x104px-1-1-200x29.png 200w\" sizes=\"(max-width: 720px) 100vw, 720px\" width=\"720\" height=\"104\"  style=\"display: inline-block;\" \/><\/a><\/div><\/li><li><a href=\"https:\/\/sistemas.lavras.mg.gov.br\/portalcidadao\/#df1b1a7c7b2a290bcb31e32771e610784662739a88807c0dacac58ede5f391a7530e299dc302d611ee73cb143fc22eaf93592e53e7b5bdb01b00a0b8d28dae460c141dd2ff83412e4dc1c31b16b25f33144a9e5620ea73b13f5bc1c59411d98439ad226e8af03840603796067d87afe130812cf3de24982d0e306f9e61e764e5\" aria-label=\"Banner_Emprego_PortallavrasTV\"><img src=\"https:\/\/lavras.tv\/site\/wp-content\/uploads\/2025\/03\/Banner_Emprego_PortallavrasTV.png\" alt=\"\"  srcset=\"https:\/\/lavras.tv\/site\/wp-content\/uploads\/2025\/03\/Banner_Emprego_PortallavrasTV.png 720w, https:\/\/lavras.tv\/site\/wp-content\/uploads\/2025\/03\/Banner_Emprego_PortallavrasTV-470x68.png 470w, https:\/\/lavras.tv\/site\/wp-content\/uploads\/2025\/03\/Banner_Emprego_PortallavrasTV-170x25.png 170w, https:\/\/lavras.tv\/site\/wp-content\/uploads\/2025\/03\/Banner_Emprego_PortallavrasTV-200x29.png 200w\" sizes=\"(max-width: 720px) 100vw, 720px\" width=\"720\" height=\"104\"   \/><\/a><\/li><li><a href=\"https:\/\/sistemas.lavras.mg.gov.br\/portalcidadao\/#df1b1a7c7b2a290bcb31e32771e610784662739a88807c0dacac58ede5f391a7530e299dc302d611ee73cb143fc22eaf93592e53e7b5bdb01b00a0b8d28dae460c141dd2ff83412e4dc1c31b16b25f33144a9e5620ea73b13f5bc1c59411d98439ad226e8af03840603796067d87afe130812cf3de24982d0e306f9e61e764e5\" aria-label=\"Banner_Obras_PortallavrasTV\"><img src=\"https:\/\/lavras.tv\/site\/wp-content\/uploads\/2025\/03\/Banner_Obras_PortallavrasTV.png\" alt=\"\"  srcset=\"https:\/\/lavras.tv\/site\/wp-content\/uploads\/2025\/03\/Banner_Obras_PortallavrasTV.png 720w, https:\/\/lavras.tv\/site\/wp-content\/uploads\/2025\/03\/Banner_Obras_PortallavrasTV-470x68.png 470w, https:\/\/lavras.tv\/site\/wp-content\/uploads\/2025\/03\/Banner_Obras_PortallavrasTV-170x25.png 170w, https:\/\/lavras.tv\/site\/wp-content\/uploads\/2025\/03\/Banner_Obras_PortallavrasTV-200x29.png 200w\" sizes=\"(max-width: 720px) 100vw, 720px\" width=\"720\" height=\"104\"   \/><\/a><\/li><li><div style=\"margin-left: auto;margin-right: auto;text-align: center;\" id=\"lavra-3190984036\"><a href=\"https:\/\/sistemas.lavras.mg.gov.br\/portalcidadao\/#df1b1a7c7b2a290bcb31e32771e610784662739a88807c0dacac58ede5f391a7530e299dc302d611ee73cb143fc22eaf93592e53e7b5bdb01b00a0b8d28dae460c141dd2ff83412e4dc1c31b16b25f33144a9e5620ea73b13f5bc1c59411d98439ad226e8af03840603796067d87afe130812cf3de24982d0e306f9e61e764e5\" aria-label=\"Banner_Educa\u00e7\u00e3o_PortallavrasTV\"><img src=\"https:\/\/lavras.tv\/site\/wp-content\/uploads\/2025\/01\/Banner_Educacao_PortallavrasTV.png\" alt=\"\"  srcset=\"https:\/\/lavras.tv\/site\/wp-content\/uploads\/2025\/01\/Banner_Educacao_PortallavrasTV.png 720w, https:\/\/lavras.tv\/site\/wp-content\/uploads\/2025\/01\/Banner_Educacao_PortallavrasTV-470x68.png 470w, https:\/\/lavras.tv\/site\/wp-content\/uploads\/2025\/01\/Banner_Educacao_PortallavrasTV-170x25.png 170w, https:\/\/lavras.tv\/site\/wp-content\/uploads\/2025\/01\/Banner_Educacao_PortallavrasTV-200x29.png 200w\" sizes=\"(max-width: 720px) 100vw, 720px\" width=\"720\" height=\"104\"  style=\"display: inline-block;\" \/><\/a><\/div><\/li><li><a href=\"https:\/\/sistemas.lavras.mg.gov.br\/portalcidadao\/#df1b1a7c7b2a290bcb31e32771e610784662739a88807c0dacac58ede5f391a7530e299dc302d611ee73cb143fc22eaf93592e53e7b5bdb01b00a0b8d28dae460c141dd2ff83412e4dc1c31b16b25f33144a9e5620ea73b13f5bc1c59411d98439ad226e8af03840603796067d87afe130812cf3de24982d0e306f9e61e764e5\" aria-label=\"Banner_Sa\u00fade_PortallavrasTV\"><img src=\"https:\/\/lavras.tv\/site\/wp-content\/uploads\/2025\/03\/Banner_Saude_PortallavrasTV.png\" alt=\"\"  srcset=\"https:\/\/lavras.tv\/site\/wp-content\/uploads\/2025\/03\/Banner_Saude_PortallavrasTV.png 720w, https:\/\/lavras.tv\/site\/wp-content\/uploads\/2025\/03\/Banner_Saude_PortallavrasTV-470x68.png 470w, https:\/\/lavras.tv\/site\/wp-content\/uploads\/2025\/03\/Banner_Saude_PortallavrasTV-170x25.png 170w, https:\/\/lavras.tv\/site\/wp-content\/uploads\/2025\/03\/Banner_Saude_PortallavrasTV-200x29.png 200w\" sizes=\"(max-width: 720px) 100vw, 720px\" width=\"720\" height=\"104\"   \/><\/a><\/li><li><div id=\"lavra-3186743413\" style=\"width:720px;height:104px;background-color:#ddd;overflow:scroll;\">\n\t<strong>Sa\u00edda da depura\u00e7\u00e3o de an\u00fancios<\/strong>\n\t<br><br>\n\tO an\u00fancio n\u00e3o \u00e9 exibido na p\u00e1gina<br><br>post atual: Affair de Neymar diz sentir o sexo do beb\u00ea: \u2018N\u00e3o Errei\u2019, ID: 163951<br><br><span style=\"color: red;\">O post atual n\u00e3o \u00e9 id\u00eantico ao post principal.<\/span><br><br>An\u00fancios: ROXO - TOPO INTERNA - ROTATIVO 2 (197)<br \/>Grupo de an\u00fancios: Princ_Meio01_720x104 (27)<br><br>Condi\u00e7\u00f5es de exibi\u00e7\u00e3o<div style=\"margin-bottom: 20px; white-space: pre-wrap; font-family: monospace; width: 100%; background: #ffe9e9;\"><strong>condi\u00e7\u00f5es gerais<\/strong><table border=\"1\"><thead><tr><th><\/th><th>An\u00fancios<\/th><th>wp_the_query<\/th><\/tr><\/thead><tr><td>is_main_query<\/td><td>1<\/td><td>1<\/td><\/tr><tr><td>is_rest_api<\/td><td>0<\/td><td>1<\/td><\/tr><tr><td>page<\/td><td>0<\/td><td>1<\/td><\/tr><tr><td>numpages<\/td><td>0<\/td><td>1<\/td><\/tr><tr><td>is_archive<\/td><td>1<\/td><td><\/td><\/tr><tr><td>is_search<\/td><td>1<\/td><td><\/td><\/tr><tr><td>is_home<\/td><td>1<\/td><td><\/td><\/tr><tr><td>is_404<\/td><td>1<\/td><td><\/td><\/tr><tr><td>is_attachment<\/td><td>1<\/td><td><\/td><\/tr><tr><td>is_singular<\/td><td>1<\/td><td><\/td><\/tr><tr><td>is_front_page<\/td><td>1<\/td><td><\/td><\/tr><tr><td>is_feed<\/td><td>1<\/td><td><\/td><\/tr><\/table><\/div><br><br><span style=\"color: red;\">Seu site usa HTTPS, mas o c\u00f3digo do an\u00fancio cont\u00e9m HTTP e pode n\u00e3o funcionar.<\/span>\t<br><br>\n\t<a style=\"color: green;\" href=\"https:\/\/wpadvancedads.com\/manual\/ad-debug-mode\/?utm_source=advanced-ads&utm_medium=link&utm_campaign=ad-debug-mode\" target=\"_blank\" rel=\"nofollow\">Encontre solu\u00e7\u00f5es no manual<\/a>\n<\/div>\n<\/li><\/ul><\/div><script>( window.advanced_ads_ready || jQuery( document ).ready ).call( null, function() {var $lavraslider1928595240 = jQuery( \".lavra-slider-1928595240\" );$lavraslider1928595240.on( \"unslider.ready\", function() { jQuery( \"div.custom-slider ul li\" ).css( \"display\", \"block\" ); });$lavraslider1928595240.unslider({ delay:4000, autoplay:true, nav:false, arrows:false, infinite:true });$lavraslider1928595240.on(\"mouseover\", function() {$lavraslider1928595240.unslider(\"stop\");}).on(\"mouseout\", function() {$lavraslider1928595240.unslider(\"start\");});});<\/script><\/div>\n<p>Em meio \u00e0 pol\u00eamica, modelo quebra o sil\u00eancio, revela sintomas da gravidez e aposta em palpite certeiro sobre o beb\u00ea que segundo ela, espera de Neymar.<\/p>\n\n\n\n<figure class=\"wp-block-image size-large\"><img fetchpriority=\"high\" decoding=\"async\" width=\"970\" height=\"546\" src=\"http:\/\/lavras.tv\/site\/wp-content\/uploads\/2025\/03\/Neymar-e-Any-2048x1152-1-970x546.jpg\" alt=\"\" class=\"wp-image-163952\" srcset=\"https:\/\/lavras.tv\/site\/wp-content\/uploads\/2025\/03\/Neymar-e-Any-2048x1152-1-970x546.jpg 970w, https:\/\/lavras.tv\/site\/wp-content\/uploads\/2025\/03\/Neymar-e-Any-2048x1152-1-470x264.jpg 470w, https:\/\/lavras.tv\/site\/wp-content\/uploads\/2025\/03\/Neymar-e-Any-2048x1152-1-170x96.jpg 170w, https:\/\/lavras.tv\/site\/wp-content\/uploads\/2025\/03\/Neymar-e-Any-2048x1152-1-200x113.jpg 200w, https:\/\/lavras.tv\/site\/wp-content\/uploads\/2025\/03\/Neymar-e-Any-2048x1152-1-1536x864.jpg 1536w, https:\/\/lavras.tv\/site\/wp-content\/uploads\/2025\/03\/Neymar-e-Any-2048x1152-1.jpg 2048w\" sizes=\"(max-width: 970px) 100vw, 970px\" \/><\/figure>\n\n\n\n<p>O clima de mist\u00e9rio em torno da nova gravidez de\u00a0<strong><a href=\"https:\/\/www.tupi.fm\/tag\/any-awuada\/\" target=\"_blank\" rel=\"noreferrer noopener\">Any Awuada<\/a><\/strong>, a mulher apontada como amante de\u00a0<strong>Neymar Jr.<\/strong>, acaba de ganhar mais um cap\u00edtulo. Na noite desta segunda-feira (24), a modelo decidiu se abrir com os seguidores e fez uma revela\u00e7\u00e3o que deu o que falar: ela acredita, com convic\u00e7\u00e3o, que est\u00e1 esperando um menino.<\/p>\n\n\n\n<p>A declara\u00e7\u00e3o foi feita por meio dos stories em seu perfil oficial no Instagram. Sem esconder a empolga\u00e7\u00e3o,&nbsp;<strong>Any<\/strong>&nbsp;cujo nome verdadeiro \u00e9&nbsp;<strong>Nayara Macedo<\/strong>&nbsp;compartilhou suas impress\u00f5es sobre o beb\u00ea que est\u00e1 por vir. \u201cGente, eu acho, \u00e9 minha opini\u00e3o, t\u00e1? Que \u00e9 menino. N\u00e3o sei o porqu\u00ea. Da primeira gravidez, da&nbsp;<strong>Maria Luiza<\/strong>, que agora \u00e9 a filha mais velha, porque vai vir a\u00ed um irm\u00e3ozinho\u2026 mas enfim, eu acho que \u00e9 menininho, porque da minha mais novinha eu n\u00e3o errei. Eu falei \u00e9 menina e era menina\u201d, disse, confiante.<\/p>\n\n\n\n<p>A fala causou forte repercuss\u00e3o entre os f\u00e3s, que seguem atentos a cada passo da influenciadora desde que o caso com o craque foi exposto. Na mesma sequ\u00eancia de v\u00eddeos, Any ainda relatou os sintomas que, segundo ela, confirmam sua suspeita. \u201cMas eu acho que \u00e9 menininho, gente. Eu estou com muito enjoo e dizem que quando enjoa bastante assim \u00e9 menino, n\u00e9? E eu estou enjoada, nossa, uma dor nas costas\u201d, completou.<\/p>\n\n\n\n<p>Horas antes, um novo momento \u00edntimo havia sido compartilhado com o p\u00fablico. A modelo registrou sua visita \u00e0 maternidade e exibiu, emocionada, o primeiro ultrassom do beb\u00ea. Deitada na maca, ela chegou a demonstrar ansiedade ao procurar as imagens do&nbsp;<a href=\"https:\/\/www.tupi.fm\/tag\/neymar\/\" target=\"_blank\" rel=\"noreferrer noopener\">filho<\/a>&nbsp;na tela. \u201cOnde est\u00e1 o nen\u00e9m?\u201d, questionou durante o exame.<\/p>\n\n\n\n<p>A m\u00e9dica respons\u00e1vel logo tranquilizou a futura mam\u00e3e. \u201cEst\u00e1 aqui, bem pequenininho, dentro do saco gestacional\u201d, informou a profissional. A emo\u00e7\u00e3o foi registrada em v\u00eddeo, seguido por uma declara\u00e7\u00e3o carinhosa de&nbsp;<strong>Any<\/strong>. \u201cMam\u00e3e j\u00e1 espera ansiosamente por voc\u00ea. E j\u00e1 te ama muito\u201d, escreveu, refor\u00e7ando o v\u00ednculo precoce com o beb\u00ea.<\/p>\n","protected":false},"excerpt":{"rendered":"<p>Em meio \u00e0 pol\u00eamica, modelo quebra o sil\u00eancio, revela sintomas da gravidez e aposta em palpite certeiro sobre o beb\u00ea que segundo ela, espera de Neymar. O clima de mist\u00e9rio em torno da nova gravidez de\u00a0Any Awuada, a mulher apontada como amante de\u00a0Neymar Jr., acaba de ganhar mais um cap\u00edtulo. Na noite desta segunda-feira (24), [&hellip;]<\/p>\n","protected":false},"author":5,"featured_media":163952,"comment_status":"closed","ping_status":"open","sticky":false,"template":"","format":"standard","meta":{"advgb_blocks_editor_width":"","advgb_blocks_columns_visual_guide":"","_exactmetrics_skip_tracking":false,"_exactmetrics_sitenote_active":false,"_exactmetrics_sitenote_note":"","_exactmetrics_sitenote_category":0,"footnotes":""},"categories":[7,4,2],"tags":[],"class_list":["post-163951","post","type-post","status-publish","format-standard","has-post-thumbnail","hentry","category-destaques","category-entretenimento","category-noticias"],"better_featured_image":{"id":163952,"alt_text":"","caption":"","description":"","media_type":"image","media_details":{"width":2048,"height":1152,"file":"2025\/03\/Neymar-e-Any-2048x1152-1.jpg","filesize":181958,"sizes":{"medium":{"file":"Neymar-e-Any-2048x1152-1-470x264.jpg","width":470,"height":264,"mime-type":"image\/jpeg","filesize":25013,"source_url":"https:\/\/lavras.tv\/site\/wp-content\/uploads\/2025\/03\/Neymar-e-Any-2048x1152-1-470x264.jpg"},"large":{"file":"Neymar-e-Any-2048x1152-1-970x546.jpg","width":970,"height":546,"mime-type":"image\/jpeg","filesize":65035,"source_url":"https:\/\/lavras.tv\/site\/wp-content\/uploads\/2025\/03\/Neymar-e-Any-2048x1152-1-970x546.jpg"},"thumbnail":{"file":"Neymar-e-Any-2048x1152-1-170x96.jpg","width":170,"height":96,"mime-type":"image\/jpeg","filesize":8480,"source_url":"https:\/\/lavras.tv\/site\/wp-content\/uploads\/2025\/03\/Neymar-e-Any-2048x1152-1-170x96.jpg"},"lshowcase-thumb":{"file":"Neymar-e-Any-2048x1152-1-200x113.jpg","width":200,"height":113,"mime-type":"image\/jpeg","filesize":10003,"source_url":"https:\/\/lavras.tv\/site\/wp-content\/uploads\/2025\/03\/Neymar-e-Any-2048x1152-1-200x113.jpg"},"1536x1536":{"file":"Neymar-e-Any-2048x1152-1-1536x864.jpg","width":1536,"height":864,"mime-type":"image\/jpeg","filesize":121517,"source_url":"https:\/\/lavras.tv\/site\/wp-content\/uploads\/2025\/03\/Neymar-e-Any-2048x1152-1-1536x864.jpg"},"alm-thumbnail":{"file":"Neymar-e-Any-2048x1152-1-150x150.jpg","width":150,"height":150,"mime-type":"image\/jpeg","filesize":8976,"source_url":"https:\/\/lavras.tv\/site\/wp-content\/uploads\/2025\/03\/Neymar-e-Any-2048x1152-1-150x150.jpg"}},"image_meta":{"aperture":"0","credit":"","camera":"","caption":"","created_timestamp":"0","copyright":"","focal_length":"0","iso":"0","shutter_speed":"0","title":"","orientation":"1","keywords":[]}},"post":163951,"source_url":"https:\/\/lavras.tv\/site\/wp-content\/uploads\/2025\/03\/Neymar-e-Any-2048x1152-1.jpg"},"author_meta":{"display_name":"Vinicius Bustamante","author_link":"https:\/\/lavras.tv\/site\/author\/vinicius-bustamante\/"},"featured_img":"https:\/\/lavras.tv\/site\/wp-content\/uploads\/2025\/03\/Neymar-e-Any-2048x1152-1-470x264.jpg","coauthors":[],"tax_additional":{"categories":{"linked":["<a href=\"https:\/\/lavras.tv\/site\/category\/destaques\/\" class=\"advgb-post-tax-term\">Destaques<\/a>","<a href=\"https:\/\/lavras.tv\/site\/category\/entretenimento\/\" class=\"advgb-post-tax-term\">Entretenimento<\/a>","<a href=\"https:\/\/lavras.tv\/site\/category\/noticias\/\" class=\"advgb-post-tax-term\">Not\u00edcias<\/a>"],"unlinked":["<span class=\"advgb-post-tax-term\">Destaques<\/span>","<span class=\"advgb-post-tax-term\">Entretenimento<\/span>","<span class=\"advgb-post-tax-term\">Not\u00edcias<\/span>"]}},"comment_count":"0","relative_dates":{"created":"Publicado 1 ano atr\u00e1s","modified":"Atualizado 1 ano atr\u00e1s"},"absolute_dates":{"created":"Publicado em 25 de mar\u00e7o de 2025","modified":"Atualizado em 25 de mar\u00e7o de 2025"},"absolute_dates_time":{"created":"Publicado em 25 de mar\u00e7o de 2025 15:08","modified":"Atualizado em 25 de mar\u00e7o de 2025 15:08"},"featured_img_caption":"","series_order":"","_links":{"self":[{"href":"https:\/\/lavras.tv\/site\/wp-json\/wp\/v2\/posts\/163951","targetHints":{"allow":["GET"]}}],"collection":[{"href":"https:\/\/lavras.tv\/site\/wp-json\/wp\/v2\/posts"}],"about":[{"href":"https:\/\/lavras.tv\/site\/wp-json\/wp\/v2\/types\/post"}],"author":[{"embeddable":true,"href":"https:\/\/lavras.tv\/site\/wp-json\/wp\/v2\/users\/5"}],"replies":[{"embeddable":true,"href":"https:\/\/lavras.tv\/site\/wp-json\/wp\/v2\/comments?post=163951"}],"version-history":[{"count":1,"href":"https:\/\/lavras.tv\/site\/wp-json\/wp\/v2\/posts\/163951\/revisions"}],"predecessor-version":[{"id":163953,"href":"https:\/\/lavras.tv\/site\/wp-json\/wp\/v2\/posts\/163951\/revisions\/163953"}],"wp:featuredmedia":[{"embeddable":true,"href":"https:\/\/lavras.tv\/site\/wp-json\/wp\/v2\/media\/163952"}],"wp:attachment":[{"href":"https:\/\/lavras.tv\/site\/wp-json\/wp\/v2\/media?parent=163951"}],"wp:term":[{"taxonomy":"category","embeddable":true,"href":"https:\/\/lavras.tv\/site\/wp-json\/wp\/v2\/categories?post=163951"},{"taxonomy":"post_tag","embeddable":true,"href":"https:\/\/lavras.tv\/site\/wp-json\/wp\/v2\/tags?post=163951"}],"curies":[{"name":"wp","href":"https:\/\/api.w.org\/{rel}","templated":true}]}}