{"id":1641,"date":"2016-08-18T11:14:44","date_gmt":"2016-08-18T11:14:44","guid":{"rendered":"http:\/\/lavras.tv\/site\/?p=1641"},"modified":"2016-08-18T11:14:44","modified_gmt":"2016-08-18T11:14:44","slug":"volei-de-prata","status":"publish","type":"post","link":"https:\/\/lavras.tv\/site\/2016\/08\/18\/volei-de-prata\/","title":{"rendered":"V\u00f4lei de prata"},"content":{"rendered":"<div class=\"lavra-antes-do-conteudo_2\" id=\"lavra-3318515122\"><div id=\"lavra-slider-27\" class=\"custom-slider lavra-slider-438594342 lavra-slider\"><ul><li><div style=\"margin-left: auto;margin-right: auto;text-align: center;\" id=\"lavra-1831658560\"><a href=\"https:\/\/sistemas.lavras.mg.gov.br\/portalcidadao\/#df1b1a7c7b2a290bcb31e32771e610784662739a88807c0dacac58ede5f391a7530e299dc302d611ee73cb143fc22eaf93592e53e7b5bdb01b00a0b8d28dae460c141dd2ff83412e4dc1c31b16b25f33144a9e5620ea73b13f5bc1c59411d98439ad226e8af03840603796067d87afe130812cf3de24982d0e306f9e61e764e5\" aria-label=\"Lavras-TV&#8211;720x104px (1) (1)\"><img src=\"https:\/\/lavras.tv\/site\/wp-content\/uploads\/2025\/01\/Lavras-TV-720x104px-1-1.png\" alt=\"\"  srcset=\"https:\/\/lavras.tv\/site\/wp-content\/uploads\/2025\/01\/Lavras-TV-720x104px-1-1.png 720w, https:\/\/lavras.tv\/site\/wp-content\/uploads\/2025\/01\/Lavras-TV-720x104px-1-1-470x68.png 470w, https:\/\/lavras.tv\/site\/wp-content\/uploads\/2025\/01\/Lavras-TV-720x104px-1-1-170x25.png 170w, https:\/\/lavras.tv\/site\/wp-content\/uploads\/2025\/01\/Lavras-TV-720x104px-1-1-200x29.png 200w\" sizes=\"(max-width: 720px) 100vw, 720px\" width=\"720\" height=\"104\"  style=\"display: inline-block;\" \/><\/a><\/div><\/li><li><a href=\"https:\/\/sistemas.lavras.mg.gov.br\/portalcidadao\/#df1b1a7c7b2a290bcb31e32771e610784662739a88807c0dacac58ede5f391a7530e299dc302d611ee73cb143fc22eaf93592e53e7b5bdb01b00a0b8d28dae460c141dd2ff83412e4dc1c31b16b25f33144a9e5620ea73b13f5bc1c59411d98439ad226e8af03840603796067d87afe130812cf3de24982d0e306f9e61e764e5\" aria-label=\"Banner_Emprego_PortallavrasTV\"><img src=\"https:\/\/lavras.tv\/site\/wp-content\/uploads\/2025\/03\/Banner_Emprego_PortallavrasTV.png\" alt=\"\"  srcset=\"https:\/\/lavras.tv\/site\/wp-content\/uploads\/2025\/03\/Banner_Emprego_PortallavrasTV.png 720w, https:\/\/lavras.tv\/site\/wp-content\/uploads\/2025\/03\/Banner_Emprego_PortallavrasTV-470x68.png 470w, https:\/\/lavras.tv\/site\/wp-content\/uploads\/2025\/03\/Banner_Emprego_PortallavrasTV-170x25.png 170w, https:\/\/lavras.tv\/site\/wp-content\/uploads\/2025\/03\/Banner_Emprego_PortallavrasTV-200x29.png 200w\" sizes=\"(max-width: 720px) 100vw, 720px\" width=\"720\" height=\"104\"   \/><\/a><\/li><li><a href=\"https:\/\/sistemas.lavras.mg.gov.br\/portalcidadao\/#df1b1a7c7b2a290bcb31e32771e610784662739a88807c0dacac58ede5f391a7530e299dc302d611ee73cb143fc22eaf93592e53e7b5bdb01b00a0b8d28dae460c141dd2ff83412e4dc1c31b16b25f33144a9e5620ea73b13f5bc1c59411d98439ad226e8af03840603796067d87afe130812cf3de24982d0e306f9e61e764e5\" aria-label=\"Banner_Obras_PortallavrasTV\"><img src=\"https:\/\/lavras.tv\/site\/wp-content\/uploads\/2025\/03\/Banner_Obras_PortallavrasTV.png\" alt=\"\"  srcset=\"https:\/\/lavras.tv\/site\/wp-content\/uploads\/2025\/03\/Banner_Obras_PortallavrasTV.png 720w, https:\/\/lavras.tv\/site\/wp-content\/uploads\/2025\/03\/Banner_Obras_PortallavrasTV-470x68.png 470w, https:\/\/lavras.tv\/site\/wp-content\/uploads\/2025\/03\/Banner_Obras_PortallavrasTV-170x25.png 170w, https:\/\/lavras.tv\/site\/wp-content\/uploads\/2025\/03\/Banner_Obras_PortallavrasTV-200x29.png 200w\" sizes=\"(max-width: 720px) 100vw, 720px\" width=\"720\" height=\"104\"   \/><\/a><\/li><li><div style=\"margin-left: auto;margin-right: auto;text-align: center;\" id=\"lavra-2675112833\"><a href=\"https:\/\/sistemas.lavras.mg.gov.br\/portalcidadao\/#df1b1a7c7b2a290bcb31e32771e610784662739a88807c0dacac58ede5f391a7530e299dc302d611ee73cb143fc22eaf93592e53e7b5bdb01b00a0b8d28dae460c141dd2ff83412e4dc1c31b16b25f33144a9e5620ea73b13f5bc1c59411d98439ad226e8af03840603796067d87afe130812cf3de24982d0e306f9e61e764e5\" aria-label=\"Banner_Educa\u00e7\u00e3o_PortallavrasTV\"><img src=\"https:\/\/lavras.tv\/site\/wp-content\/uploads\/2025\/01\/Banner_Educacao_PortallavrasTV.png\" alt=\"\"  srcset=\"https:\/\/lavras.tv\/site\/wp-content\/uploads\/2025\/01\/Banner_Educacao_PortallavrasTV.png 720w, https:\/\/lavras.tv\/site\/wp-content\/uploads\/2025\/01\/Banner_Educacao_PortallavrasTV-470x68.png 470w, https:\/\/lavras.tv\/site\/wp-content\/uploads\/2025\/01\/Banner_Educacao_PortallavrasTV-170x25.png 170w, https:\/\/lavras.tv\/site\/wp-content\/uploads\/2025\/01\/Banner_Educacao_PortallavrasTV-200x29.png 200w\" sizes=\"(max-width: 720px) 100vw, 720px\" width=\"720\" height=\"104\"  style=\"display: inline-block;\" \/><\/a><\/div><\/li><li><a href=\"https:\/\/sistemas.lavras.mg.gov.br\/portalcidadao\/#df1b1a7c7b2a290bcb31e32771e610784662739a88807c0dacac58ede5f391a7530e299dc302d611ee73cb143fc22eaf93592e53e7b5bdb01b00a0b8d28dae460c141dd2ff83412e4dc1c31b16b25f33144a9e5620ea73b13f5bc1c59411d98439ad226e8af03840603796067d87afe130812cf3de24982d0e306f9e61e764e5\" aria-label=\"Banner_Sa\u00fade_PortallavrasTV\"><img src=\"https:\/\/lavras.tv\/site\/wp-content\/uploads\/2025\/03\/Banner_Saude_PortallavrasTV.png\" alt=\"\"  srcset=\"https:\/\/lavras.tv\/site\/wp-content\/uploads\/2025\/03\/Banner_Saude_PortallavrasTV.png 720w, https:\/\/lavras.tv\/site\/wp-content\/uploads\/2025\/03\/Banner_Saude_PortallavrasTV-470x68.png 470w, https:\/\/lavras.tv\/site\/wp-content\/uploads\/2025\/03\/Banner_Saude_PortallavrasTV-170x25.png 170w, https:\/\/lavras.tv\/site\/wp-content\/uploads\/2025\/03\/Banner_Saude_PortallavrasTV-200x29.png 200w\" sizes=\"(max-width: 720px) 100vw, 720px\" width=\"720\" height=\"104\"   \/><\/a><\/li><li><div id=\"lavra-184048332\" style=\"width:720px;height:104px;background-color:#ddd;overflow:scroll;\">\n\t<strong>Sa\u00edda da depura\u00e7\u00e3o de an\u00fancios<\/strong>\n\t<br><br>\n\tO an\u00fancio n\u00e3o \u00e9 exibido na p\u00e1gina<br><br>post atual: V\u00f4lei de prata, ID: 1641<br><br><span style=\"color: red;\">O post atual n\u00e3o \u00e9 id\u00eantico ao post principal.<\/span><br><br>An\u00fancios: ROXO - TOPO INTERNA - ROTATIVO 2 (197)<br \/>Grupo de an\u00fancios: Princ_Meio01_720x104 (27)<br><br>Condi\u00e7\u00f5es de exibi\u00e7\u00e3o<div style=\"margin-bottom: 20px; white-space: pre-wrap; font-family: monospace; width: 100%; background: #ffe9e9;\"><strong>condi\u00e7\u00f5es gerais<\/strong><table border=\"1\"><thead><tr><th><\/th><th>An\u00fancios<\/th><th>wp_the_query<\/th><\/tr><\/thead><tr><td>is_main_query<\/td><td>1<\/td><td>1<\/td><\/tr><tr><td>is_rest_api<\/td><td>0<\/td><td>1<\/td><\/tr><tr><td>page<\/td><td>0<\/td><td>1<\/td><\/tr><tr><td>numpages<\/td><td>0<\/td><td>1<\/td><\/tr><tr><td>is_archive<\/td><td>1<\/td><td><\/td><\/tr><tr><td>is_search<\/td><td>1<\/td><td><\/td><\/tr><tr><td>is_home<\/td><td>1<\/td><td><\/td><\/tr><tr><td>is_404<\/td><td>1<\/td><td><\/td><\/tr><tr><td>is_attachment<\/td><td>1<\/td><td><\/td><\/tr><tr><td>is_singular<\/td><td>1<\/td><td><\/td><\/tr><tr><td>is_front_page<\/td><td>1<\/td><td><\/td><\/tr><tr><td>is_feed<\/td><td>1<\/td><td><\/td><\/tr><\/table><\/div><br><br><span style=\"color: red;\">Seu site usa HTTPS, mas o c\u00f3digo do an\u00fancio cont\u00e9m HTTP e pode n\u00e3o funcionar.<\/span>\t<br><br>\n\t<a style=\"color: green;\" href=\"https:\/\/wpadvancedads.com\/manual\/ad-debug-mode\/?utm_source=advanced-ads&utm_medium=link&utm_campaign=ad-debug-mode\" target=\"_blank\" rel=\"nofollow\">Encontre solu\u00e7\u00f5es no manual<\/a>\n<\/div>\n<\/li><\/ul><\/div><script>( window.advanced_ads_ready || jQuery( document ).ready ).call( null, function() {var $lavraslider438594342 = jQuery( \".lavra-slider-438594342\" );$lavraslider438594342.on( \"unslider.ready\", function() { jQuery( \"div.custom-slider ul li\" ).css( \"display\", \"block\" ); });$lavraslider438594342.unslider({ delay:4000, autoplay:true, nav:false, arrows:false, infinite:true });$lavraslider438594342.on(\"mouseover\", function() {$lavraslider438594342.unslider(\"stop\");}).on(\"mouseout\", function() {$lavraslider438594342.unslider(\"start\");});});<\/script><\/div><p>L\u00e1 vem eles &#8211; ou melhor, elas de novo! <!--more-->O clima de Copacabana parecia prop\u00edcio para uma vit\u00f3ria brasileira no v\u00f4lei de praia. Mas a areia sagrada da mais renomada praia brasileira parecia destinada mesmo a coroar a experi\u00eancia da dupla alem\u00e3\u00a0Ludwig e Walkenhorst. O clima euf\u00f3rico do carnaval carioca foi pouco a pouco dando lugar \u00e0 preocupa\u00e7\u00e3o. No fim, o caldeir\u00e3o da Arena mais brasileira dos Jogos Ol\u00edmpicos se rendeu, definitivamente, \u00e0 festa alem\u00e3, vitoriosas por 2 sets a 0 de extrema tranquilidade.<\/p>\n<p>Um golpe duro para \u00c1gatha e B\u00e1rbara, que na semifinal derrotaram ningu\u00e9m menos que a norte-americana Kerri Walsh, at\u00e9 ent\u00e3o invicta em torneios ol\u00edmpicos. Resta o consolo da prata.<\/p>\n<p><strong><img fetchpriority=\"high\" decoding=\"async\" class=\"alignnone size-full wp-image-1642\" src=\"http:\/\/lavras.tv\/site\/wp-content\/uploads\/2016\/08\/volei-de-prata.jpg\" alt=\"volei de prata\" width=\"780\" height=\"450\" srcset=\"https:\/\/lavras.tv\/site\/wp-content\/uploads\/2016\/08\/volei-de-prata.jpg 780w, https:\/\/lavras.tv\/site\/wp-content\/uploads\/2016\/08\/volei-de-prata-150x87.jpg 150w, https:\/\/lavras.tv\/site\/wp-content\/uploads\/2016\/08\/volei-de-prata-300x173.jpg 300w\" sizes=\"(max-width: 780px) 100vw, 780px\" \/><\/strong><\/p>\n<div id=\"showcase-1\" class=\"twelve columns\">\u00a0<strong>O jogo<\/strong><\/div>\n<p>O equil\u00edbrio ditaria o ritmo do confronto, que ganhou um inimigo em comum \u2013 a ventania em Copacabana. Com a recep\u00e7\u00e3o dificultada seria preciso talento para virar a bola. Pouco a pouco, os erros come\u00e7aram a ser minimizados e o talento das duplas passou a figurar.\u00a0 Enquanto as alem\u00e3s eram mais cerebrais para explorar as jogadas de fundo e variar o ataque, as brasileiras buscavam ser mais precisas.<\/p>\n<p>Mas os erros de \u00c1gatha e B\u00e1rbara na recep\u00e7\u00e3o fizeram as alem\u00e3s Ludwig e Walkenhorst abrirem vantagem no placar ainda no primeiro set. Quatro pontos que garantiram tranquilidade para que as rivais fizessem frente e dominassem as a\u00e7\u00f5es at\u00e9 fechar o primeiro set em 21 a 18.<\/p>\n<p>No segundo set, a agilidade das alem\u00e3s continuou not\u00e1vel, dando a n\u00edtida certeza de que \u00c1gatha e B\u00e1rbara deveriam reviver a noite em que despacharam Kerri Walsh e April Ross para faturarem o t\u00e3o sonhado ouro ol\u00edmpico.<\/p>\n<p>Mas tem dias que realmente n\u00e3o s\u00e3o para ser. As alem\u00e3s abriram vantagem muito cedo na segunda parcial, deixando as brasileiras literalmente nas cordas. Com a responsabilidade de fazer um jogo perfeito para n\u00e3o deixar as alem\u00e3s se desgarrarem, ficou dif\u00edcil para \u00c1gatha e B\u00e1rbara, que no fim acabaram derrotadas por 21 a 14.<\/p>\n<p>Uma decis\u00e3o vencida com certa tranquilidade pelas alem\u00e3s, soberanas em um segundo set realmente impec\u00e1vel.<\/p>\n","protected":false},"excerpt":{"rendered":"<p>L\u00e1 vem eles &#8211; ou melhor, elas de novo!<\/p>\n","protected":false},"author":2,"featured_media":1642,"comment_status":"closed","ping_status":"open","sticky":false,"template":"","format":"standard","meta":{"advgb_blocks_editor_width":"","advgb_blocks_columns_visual_guide":"","_exactmetrics_skip_tracking":false,"_exactmetrics_sitenote_active":false,"_exactmetrics_sitenote_note":"","_exactmetrics_sitenote_category":0,"footnotes":""},"categories":[3],"tags":[117,534],"class_list":["post-1641","post","type-post","status-publish","format-standard","has-post-thumbnail","hentry","category-esportes","tag-rio-2016","tag-volei-de-praia"],"better_featured_image":{"id":1642,"alt_text":"","caption":"","description":"","media_type":"image","media_details":{"width":780,"height":450,"file":"2016\/08\/volei-de-prata.jpg","sizes":{"thumbnail":{"file":"volei-de-prata-150x87.jpg","width":150,"height":87,"mime-type":"image\/jpeg","source_url":"https:\/\/lavras.tv\/site\/wp-content\/uploads\/2016\/08\/volei-de-prata-150x87.jpg"},"medium":{"file":"volei-de-prata-300x173.jpg","width":300,"height":173,"mime-type":"image\/jpeg","source_url":"https:\/\/lavras.tv\/site\/wp-content\/uploads\/2016\/08\/volei-de-prata-300x173.jpg"},"featured-slider-img":{"file":"volei-de-prata-640x450.jpg","width":640,"height":450,"mime-type":"image\/jpeg","source_url":"https:\/\/lavras.tv\/site\/wp-content\/uploads\/2016\/08\/volei-de-prata-640x450.jpg"},"featured-post-img":{"file":"volei-de-prata-480x320.jpg","width":480,"height":320,"mime-type":"image\/jpeg","source_url":"https:\/\/lavras.tv\/site\/wp-content\/uploads\/2016\/08\/volei-de-prata-480x320.jpg"},"sow-carousel-default":{"file":"volei-de-prata-272x182.jpg","width":272,"height":182,"mime-type":"image\/jpeg","source_url":"https:\/\/lavras.tv\/site\/wp-content\/uploads\/2016\/08\/volei-de-prata-272x182.jpg"}},"image_meta":{"aperture":"0","credit":"","camera":"","caption":"","created_timestamp":"0","copyright":"","focal_length":"0","iso":"0","shutter_speed":"0","title":"","orientation":"0","keywords":[]}},"post":1641,"source_url":"https:\/\/lavras.tv\/site\/wp-content\/uploads\/2016\/08\/volei-de-prata.jpg"},"author_meta":{"display_name":"Lavras TV","author_link":"https:\/\/lavras.tv\/site\/author\/lavrastv\/"},"featured_img":"https:\/\/lavras.tv\/site\/wp-content\/uploads\/2016\/08\/volei-de-prata-300x173.jpg","coauthors":[],"tax_additional":{"categories":{"linked":["<a href=\"https:\/\/lavras.tv\/site\/category\/esportes\/\" class=\"advgb-post-tax-term\">Esportes<\/a>"],"unlinked":["<span class=\"advgb-post-tax-term\">Esportes<\/span>"]},"tags":{"linked":["<a href=\"https:\/\/lavras.tv\/site\/category\/esportes\/\" class=\"advgb-post-tax-term\">rio 2016<\/a>","<a href=\"https:\/\/lavras.tv\/site\/category\/esportes\/\" class=\"advgb-post-tax-term\">volei de praia<\/a>"],"unlinked":["<span class=\"advgb-post-tax-term\">rio 2016<\/span>","<span class=\"advgb-post-tax-term\">volei de praia<\/span>"]}},"comment_count":"0","relative_dates":{"created":"Publicado 10 anos atr\u00e1s","modified":"Atualizado 10 anos atr\u00e1s"},"absolute_dates":{"created":"Publicado em 18 de agosto de 2016","modified":"Atualizado em 18 de agosto de 2016"},"absolute_dates_time":{"created":"Publicado em 18 de agosto de 2016 11:14","modified":"Atualizado em 18 de agosto de 2016 11:14"},"featured_img_caption":"","series_order":"","_links":{"self":[{"href":"https:\/\/lavras.tv\/site\/wp-json\/wp\/v2\/posts\/1641","targetHints":{"allow":["GET"]}}],"collection":[{"href":"https:\/\/lavras.tv\/site\/wp-json\/wp\/v2\/posts"}],"about":[{"href":"https:\/\/lavras.tv\/site\/wp-json\/wp\/v2\/types\/post"}],"author":[{"embeddable":true,"href":"https:\/\/lavras.tv\/site\/wp-json\/wp\/v2\/users\/2"}],"replies":[{"embeddable":true,"href":"https:\/\/lavras.tv\/site\/wp-json\/wp\/v2\/comments?post=1641"}],"version-history":[{"count":1,"href":"https:\/\/lavras.tv\/site\/wp-json\/wp\/v2\/posts\/1641\/revisions"}],"predecessor-version":[{"id":1643,"href":"https:\/\/lavras.tv\/site\/wp-json\/wp\/v2\/posts\/1641\/revisions\/1643"}],"wp:featuredmedia":[{"embeddable":true,"href":"https:\/\/lavras.tv\/site\/wp-json\/wp\/v2\/media\/1642"}],"wp:attachment":[{"href":"https:\/\/lavras.tv\/site\/wp-json\/wp\/v2\/media?parent=1641"}],"wp:term":[{"taxonomy":"category","embeddable":true,"href":"https:\/\/lavras.tv\/site\/wp-json\/wp\/v2\/categories?post=1641"},{"taxonomy":"post_tag","embeddable":true,"href":"https:\/\/lavras.tv\/site\/wp-json\/wp\/v2\/tags?post=1641"}],"curies":[{"name":"wp","href":"https:\/\/api.w.org\/{rel}","templated":true}]}}