{"id":164167,"date":"2025-03-26T14:17:23","date_gmt":"2025-03-26T17:17:23","guid":{"rendered":"http:\/\/lavras.tv\/site\/?p=164167"},"modified":"2025-03-26T14:17:24","modified_gmt":"2025-03-26T17:17:24","slug":"morre-fuad-noman-prefeito-de-bh-aos-77-anos","status":"publish","type":"post","link":"https:\/\/lavras.tv\/site\/2025\/03\/26\/morre-fuad-noman-prefeito-de-bh-aos-77-anos\/","title":{"rendered":"Morre Fuad Noman, prefeito de BH, aos 77 anos"},"content":{"rendered":"<div class=\"lavra-antes-do-conteudo_2\" id=\"lavra-288986018\"><div id=\"lavra-slider-27\" class=\"custom-slider lavra-slider-1711629249 lavra-slider\"><ul><li><div style=\"margin-left: auto;margin-right: auto;text-align: center;\" id=\"lavra-1561222077\"><a href=\"https:\/\/sistemas.lavras.mg.gov.br\/portalcidadao\/#df1b1a7c7b2a290bcb31e32771e610784662739a88807c0dacac58ede5f391a7530e299dc302d611ee73cb143fc22eaf93592e53e7b5bdb01b00a0b8d28dae460c141dd2ff83412e4dc1c31b16b25f33144a9e5620ea73b13f5bc1c59411d98439ad226e8af03840603796067d87afe130812cf3de24982d0e306f9e61e764e5\" aria-label=\"Lavras-TV&#8211;720x104px (1) (1)\"><img src=\"https:\/\/lavras.tv\/site\/wp-content\/uploads\/2025\/01\/Lavras-TV-720x104px-1-1.png\" alt=\"\"  srcset=\"https:\/\/lavras.tv\/site\/wp-content\/uploads\/2025\/01\/Lavras-TV-720x104px-1-1.png 720w, https:\/\/lavras.tv\/site\/wp-content\/uploads\/2025\/01\/Lavras-TV-720x104px-1-1-470x68.png 470w, https:\/\/lavras.tv\/site\/wp-content\/uploads\/2025\/01\/Lavras-TV-720x104px-1-1-170x25.png 170w, https:\/\/lavras.tv\/site\/wp-content\/uploads\/2025\/01\/Lavras-TV-720x104px-1-1-200x29.png 200w\" sizes=\"(max-width: 720px) 100vw, 720px\" width=\"720\" height=\"104\"  style=\"display: inline-block;\" \/><\/a><\/div><\/li><li><a href=\"https:\/\/sistemas.lavras.mg.gov.br\/portalcidadao\/#df1b1a7c7b2a290bcb31e32771e610784662739a88807c0dacac58ede5f391a7530e299dc302d611ee73cb143fc22eaf93592e53e7b5bdb01b00a0b8d28dae460c141dd2ff83412e4dc1c31b16b25f33144a9e5620ea73b13f5bc1c59411d98439ad226e8af03840603796067d87afe130812cf3de24982d0e306f9e61e764e5\" aria-label=\"Banner_Emprego_PortallavrasTV\"><img src=\"https:\/\/lavras.tv\/site\/wp-content\/uploads\/2025\/03\/Banner_Emprego_PortallavrasTV.png\" alt=\"\"  srcset=\"https:\/\/lavras.tv\/site\/wp-content\/uploads\/2025\/03\/Banner_Emprego_PortallavrasTV.png 720w, https:\/\/lavras.tv\/site\/wp-content\/uploads\/2025\/03\/Banner_Emprego_PortallavrasTV-470x68.png 470w, https:\/\/lavras.tv\/site\/wp-content\/uploads\/2025\/03\/Banner_Emprego_PortallavrasTV-170x25.png 170w, https:\/\/lavras.tv\/site\/wp-content\/uploads\/2025\/03\/Banner_Emprego_PortallavrasTV-200x29.png 200w\" sizes=\"(max-width: 720px) 100vw, 720px\" width=\"720\" height=\"104\"   \/><\/a><\/li><li><a href=\"https:\/\/sistemas.lavras.mg.gov.br\/portalcidadao\/#df1b1a7c7b2a290bcb31e32771e610784662739a88807c0dacac58ede5f391a7530e299dc302d611ee73cb143fc22eaf93592e53e7b5bdb01b00a0b8d28dae460c141dd2ff83412e4dc1c31b16b25f33144a9e5620ea73b13f5bc1c59411d98439ad226e8af03840603796067d87afe130812cf3de24982d0e306f9e61e764e5\" aria-label=\"Banner_Obras_PortallavrasTV\"><img src=\"https:\/\/lavras.tv\/site\/wp-content\/uploads\/2025\/03\/Banner_Obras_PortallavrasTV.png\" alt=\"\"  srcset=\"https:\/\/lavras.tv\/site\/wp-content\/uploads\/2025\/03\/Banner_Obras_PortallavrasTV.png 720w, https:\/\/lavras.tv\/site\/wp-content\/uploads\/2025\/03\/Banner_Obras_PortallavrasTV-470x68.png 470w, https:\/\/lavras.tv\/site\/wp-content\/uploads\/2025\/03\/Banner_Obras_PortallavrasTV-170x25.png 170w, https:\/\/lavras.tv\/site\/wp-content\/uploads\/2025\/03\/Banner_Obras_PortallavrasTV-200x29.png 200w\" sizes=\"(max-width: 720px) 100vw, 720px\" width=\"720\" height=\"104\"   \/><\/a><\/li><li><div style=\"margin-left: auto;margin-right: auto;text-align: center;\" id=\"lavra-2591291931\"><a href=\"https:\/\/sistemas.lavras.mg.gov.br\/portalcidadao\/#df1b1a7c7b2a290bcb31e32771e610784662739a88807c0dacac58ede5f391a7530e299dc302d611ee73cb143fc22eaf93592e53e7b5bdb01b00a0b8d28dae460c141dd2ff83412e4dc1c31b16b25f33144a9e5620ea73b13f5bc1c59411d98439ad226e8af03840603796067d87afe130812cf3de24982d0e306f9e61e764e5\" aria-label=\"Banner_Educa\u00e7\u00e3o_PortallavrasTV\"><img src=\"https:\/\/lavras.tv\/site\/wp-content\/uploads\/2025\/01\/Banner_Educacao_PortallavrasTV.png\" alt=\"\"  srcset=\"https:\/\/lavras.tv\/site\/wp-content\/uploads\/2025\/01\/Banner_Educacao_PortallavrasTV.png 720w, https:\/\/lavras.tv\/site\/wp-content\/uploads\/2025\/01\/Banner_Educacao_PortallavrasTV-470x68.png 470w, https:\/\/lavras.tv\/site\/wp-content\/uploads\/2025\/01\/Banner_Educacao_PortallavrasTV-170x25.png 170w, https:\/\/lavras.tv\/site\/wp-content\/uploads\/2025\/01\/Banner_Educacao_PortallavrasTV-200x29.png 200w\" sizes=\"(max-width: 720px) 100vw, 720px\" width=\"720\" height=\"104\"  style=\"display: inline-block;\" \/><\/a><\/div><\/li><li><a href=\"https:\/\/sistemas.lavras.mg.gov.br\/portalcidadao\/#df1b1a7c7b2a290bcb31e32771e610784662739a88807c0dacac58ede5f391a7530e299dc302d611ee73cb143fc22eaf93592e53e7b5bdb01b00a0b8d28dae460c141dd2ff83412e4dc1c31b16b25f33144a9e5620ea73b13f5bc1c59411d98439ad226e8af03840603796067d87afe130812cf3de24982d0e306f9e61e764e5\" aria-label=\"Banner_Sa\u00fade_PortallavrasTV\"><img src=\"https:\/\/lavras.tv\/site\/wp-content\/uploads\/2025\/03\/Banner_Saude_PortallavrasTV.png\" alt=\"\"  srcset=\"https:\/\/lavras.tv\/site\/wp-content\/uploads\/2025\/03\/Banner_Saude_PortallavrasTV.png 720w, https:\/\/lavras.tv\/site\/wp-content\/uploads\/2025\/03\/Banner_Saude_PortallavrasTV-470x68.png 470w, https:\/\/lavras.tv\/site\/wp-content\/uploads\/2025\/03\/Banner_Saude_PortallavrasTV-170x25.png 170w, https:\/\/lavras.tv\/site\/wp-content\/uploads\/2025\/03\/Banner_Saude_PortallavrasTV-200x29.png 200w\" sizes=\"(max-width: 720px) 100vw, 720px\" width=\"720\" height=\"104\"   \/><\/a><\/li><li><div id=\"lavra-1132798149\" style=\"width:720px;height:104px;background-color:#ddd;overflow:scroll;\">\n\t<strong>Sa\u00edda da depura\u00e7\u00e3o de an\u00fancios<\/strong>\n\t<br><br>\n\tO an\u00fancio n\u00e3o \u00e9 exibido na p\u00e1gina<br><br>post atual: Morre Fuad Noman, prefeito de BH, aos 77 anos, ID: 164167<br><br><span style=\"color: red;\">O post atual n\u00e3o \u00e9 id\u00eantico ao post principal.<\/span><br><br>An\u00fancios: ROXO - TOPO INTERNA - ROTATIVO 2 (197)<br \/>Grupo de an\u00fancios: Princ_Meio01_720x104 (27)<br><br>Condi\u00e7\u00f5es de exibi\u00e7\u00e3o<div style=\"margin-bottom: 20px; white-space: pre-wrap; font-family: monospace; width: 100%; background: #ffe9e9;\"><strong>condi\u00e7\u00f5es gerais<\/strong><table border=\"1\"><thead><tr><th><\/th><th>An\u00fancios<\/th><th>wp_the_query<\/th><\/tr><\/thead><tr><td>is_main_query<\/td><td>1<\/td><td>1<\/td><\/tr><tr><td>is_rest_api<\/td><td>0<\/td><td>1<\/td><\/tr><tr><td>page<\/td><td>0<\/td><td>1<\/td><\/tr><tr><td>numpages<\/td><td>0<\/td><td>1<\/td><\/tr><tr><td>is_archive<\/td><td>1<\/td><td><\/td><\/tr><tr><td>is_search<\/td><td>1<\/td><td><\/td><\/tr><tr><td>is_home<\/td><td>1<\/td><td><\/td><\/tr><tr><td>is_404<\/td><td>1<\/td><td><\/td><\/tr><tr><td>is_attachment<\/td><td>1<\/td><td><\/td><\/tr><tr><td>is_singular<\/td><td>1<\/td><td><\/td><\/tr><tr><td>is_front_page<\/td><td>1<\/td><td><\/td><\/tr><tr><td>is_feed<\/td><td>1<\/td><td><\/td><\/tr><\/table><\/div><br><br><span style=\"color: red;\">Seu site usa HTTPS, mas o c\u00f3digo do an\u00fancio cont\u00e9m HTTP e pode n\u00e3o funcionar.<\/span>\t<br><br>\n\t<a style=\"color: green;\" href=\"https:\/\/wpadvancedads.com\/manual\/ad-debug-mode\/?utm_source=advanced-ads&utm_medium=link&utm_campaign=ad-debug-mode\" target=\"_blank\" rel=\"nofollow\">Encontre solu\u00e7\u00f5es no manual<\/a>\n<\/div>\n<\/li><\/ul><\/div><script>( window.advanced_ads_ready || jQuery( document ).ready ).call( null, function() {var $lavraslider1711629249 = jQuery( \".lavra-slider-1711629249\" );$lavraslider1711629249.on( \"unslider.ready\", function() { jQuery( \"div.custom-slider ul li\" ).css( \"display\", \"block\" ); });$lavraslider1711629249.unslider({ delay:4000, autoplay:true, nav:false, arrows:false, infinite:true });$lavraslider1711629249.on(\"mouseover\", function() {$lavraslider1711629249.unslider(\"stop\");}).on(\"mouseout\", function() {$lavraslider1711629249.unslider(\"start\");});});<\/script><\/div>\n<p>Prefeito estava em estado grave ap\u00f3s sofrer uma parada cardiorrespirat\u00f3ria na noite dessa ter\u00e7a-feira (24\/3)<\/p>\n\n\n\n<figure class=\"wp-block-image size-large\"><img fetchpriority=\"high\" decoding=\"async\" width=\"970\" height=\"581\" src=\"http:\/\/lavras.tv\/site\/wp-content\/uploads\/2025\/03\/1_whatsapp_image_2025_03_26_at_12_11_58-48588277-970x581.jpeg\" alt=\"\" class=\"wp-image-164168\" srcset=\"https:\/\/lavras.tv\/site\/wp-content\/uploads\/2025\/03\/1_whatsapp_image_2025_03_26_at_12_11_58-48588277-970x581.jpeg 970w, https:\/\/lavras.tv\/site\/wp-content\/uploads\/2025\/03\/1_whatsapp_image_2025_03_26_at_12_11_58-48588277-470x282.jpeg 470w, https:\/\/lavras.tv\/site\/wp-content\/uploads\/2025\/03\/1_whatsapp_image_2025_03_26_at_12_11_58-48588277-170x102.jpeg 170w, https:\/\/lavras.tv\/site\/wp-content\/uploads\/2025\/03\/1_whatsapp_image_2025_03_26_at_12_11_58-48588277-200x120.jpeg 200w, https:\/\/lavras.tv\/site\/wp-content\/uploads\/2025\/03\/1_whatsapp_image_2025_03_26_at_12_11_58-48588277.jpeg 1200w\" sizes=\"(max-width: 970px) 100vw, 970px\" \/><\/figure>\n\n\n\n<p>O prefeito de Belo Horizonte, Fuad Noman (PSD), morreu aos 77 anos na manh\u00e3 desta quarta-feira (26\/3). Ele estava em estado grave no Hospital Mater Dei\u00a0depois de\u00a0sofrer<strong><a href=\"https:\/\/www.em.com.br\/politica\/2025\/03\/7093697-fuad-sofre-parada-cardiaca-e-esta-em-estado-grave.html\" target=\"_blank\" rel=\"noreferrer noopener\">\u00a0uma parada cardiorrespirat\u00f3ria<\/a>.\u00a0<\/strong>Segundo o boletim m\u00e9dico, ele faleceu em decorr\u00eancia de complica\u00e7\u00f5es do Linfoma n\u00e3o-Hodgkin.<\/p>\n\n\n\n<p>A morte foi comunicada pela Prefeitura de Belo Horizonte.\u00a0&#8220;\u00c9 com profundo pesar que a Prefeitura de Belo Horizonte informa o falecimento do prefeito Fuad Noman, ocorrido nesta data&#8221;, diz a nota (<em>Confira abaixo a nota completa<\/em>).<\/p>\n\n\n\n<p>Familiares, amigos do prefeito e eleitores de Fuad come\u00e7am a chegar&nbsp;ao&nbsp;Hospital Mater Dei, no bairro Santo Agostinho, onde o chefe do executivo municipal estava internado desde o ano passado.<\/p>\n\n\n\n<p>Fuad estava<strong><a href=\"https:\/\/www.em.com.br\/politica\/2025\/01\/7026828-fuad-noman-tira-licenca-medica-e-vice-assume-prefeitura.html\" target=\"_blank\" rel=\"noreferrer noopener\">&nbsp;afastado do comando da prefeitura desde 3 de janeiro<\/a><\/strong>&nbsp;para tratamento de sa\u00fade. Inicialmente, foi hospitalizado para tratar um quadro de&nbsp;<strong><a href=\"https:\/\/www.em.com.br\/politica\/2025\/01\/7026204-fuad-noman-e-internado-com-insufiiciencia-respiratoria-e-a-4-internacao.html\" target=\"_blank\" rel=\"noreferrer noopener\">insufici\u00eancia respirat\u00f3ria<\/a>&nbsp;<\/strong>aguda, mas teve a licen\u00e7a prorrogada seis vezes consecutivas. Nos \u00faltimos meses, passou por diferentes interna\u00e7\u00f5es, enfrentando<strong>&nbsp;<a href=\"https:\/\/www.em.com.br\/politica\/2024\/11\/6995229-prefeito-de-bh-fuad-e-hospitalizado-com-dores-nas-pernas.html\" target=\"_blank\" rel=\"noreferrer noopener\">dores nas pernas<\/a>,&nbsp;<a href=\"https:\/\/www.em.com.br\/politica\/2024\/12\/7014187-fuad-noman-volta-ao-trabalho-apos-tratamento-contra-pneumonia-e-sinusite.html\" target=\"_blank\" rel=\"noreferrer noopener\">sinusite, pneumonia<\/a>,&nbsp;<a href=\"https:\/\/www.em.com.br\/politica\/2024\/12\/7016784-desidratacao-diarreia-e-sangramento-saiba-estado-de-saude-de-fuad-noman.html\" target=\"_blank\" rel=\"noreferrer noopener\">diarreia e desidrata\u00e7\u00e3o<\/a><\/strong>. Ao longo do tratamento,<strong><a href=\"https:\/\/www.em.com.br\/politica\/2025\/01\/7030955-fuad-noman-volta-a-ser-entubado-apos-seis-dias-internado.html\" target=\"_blank\" rel=\"noreferrer noopener\">&nbsp;chegou a ser entubado duas vezes<\/a><\/strong>&nbsp;e passou por uma&nbsp;<strong><a href=\"https:\/\/www.em.com.br\/politica\/2025\/01\/7031883-fuad-passa-por-traqueostomia-nesta-sexta-feira-10-1.html\" target=\"_blank\" rel=\"noreferrer noopener\">traqueostomia<\/a><\/strong>.<\/p>\n\n\n\n<p>Diagnosticado com um<strong><a href=\"https:\/\/www.em.com.br\/saude\/2024\/07\/6891583-o-que-e-linfoma-nao-hodgkin-cancer-anunciado-pelo-prefeito-de-bh.html\" target=\"_blank\" rel=\"noreferrer noopener\">&nbsp;linfoma n\u00e3o Hodgkin<\/a><\/strong>, Fuad chegou a comemorar a&nbsp;<strong><a href=\"https:\/\/www.em.com.br\/politica\/2024\/10\/6965564-fuad-noman-informa-que-encerrou-tratamento-contra-linfoma-nao-hodgkin.html\" target=\"_blank\" rel=\"noreferrer noopener\">remiss\u00e3o da doen\u00e7a&nbsp;<\/a><\/strong>pouco antes do primeiro turno das elei\u00e7\u00f5es municipais de 2024. Ele deixa a esposa, M\u00f4nica Drummond, dois filhos e quatro netos.<\/p>\n\n\n\n<p>Familiares, amigos do prefeito e eleitores de Fuad come\u00e7am a chegar&nbsp;ao&nbsp;Hospital Mater Dei, no bairro Santo Agostinho, onde o chefe do executivo municipal estava internado desde o ano passado.<\/p>\n\n\n\n<p>Fuad estava<strong><a href=\"https:\/\/www.em.com.br\/politica\/2025\/01\/7026828-fuad-noman-tira-licenca-medica-e-vice-assume-prefeitura.html\" target=\"_blank\" rel=\"noreferrer noopener\">&nbsp;afastado do comando da prefeitura desde 3 de janeiro<\/a><\/strong>&nbsp;para tratamento de sa\u00fade. Inicialmente, foi hospitalizado para tratar um quadro de&nbsp;<strong><a href=\"https:\/\/www.em.com.br\/politica\/2025\/01\/7026204-fuad-noman-e-internado-com-insufiiciencia-respiratoria-e-a-4-internacao.html\" target=\"_blank\" rel=\"noreferrer noopener\">insufici\u00eancia respirat\u00f3ria<\/a>&nbsp;<\/strong>aguda, mas teve a licen\u00e7a prorrogada seis vezes consecutivas. Nos \u00faltimos meses, passou por diferentes interna\u00e7\u00f5es, enfrentando<strong>&nbsp;<a href=\"https:\/\/www.em.com.br\/politica\/2024\/11\/6995229-prefeito-de-bh-fuad-e-hospitalizado-com-dores-nas-pernas.html\" target=\"_blank\" rel=\"noreferrer noopener\">dores nas pernas<\/a>,&nbsp;<a href=\"https:\/\/www.em.com.br\/politica\/2024\/12\/7014187-fuad-noman-volta-ao-trabalho-apos-tratamento-contra-pneumonia-e-sinusite.html\" target=\"_blank\" rel=\"noreferrer noopener\">sinusite, pneumonia<\/a>,&nbsp;<a href=\"https:\/\/www.em.com.br\/politica\/2024\/12\/7016784-desidratacao-diarreia-e-sangramento-saiba-estado-de-saude-de-fuad-noman.html\" target=\"_blank\" rel=\"noreferrer noopener\">diarreia e desidrata\u00e7\u00e3o<\/a><\/strong>. Ao longo do tratamento,<strong><a href=\"https:\/\/www.em.com.br\/politica\/2025\/01\/7030955-fuad-noman-volta-a-ser-entubado-apos-seis-dias-internado.html\" target=\"_blank\" rel=\"noreferrer noopener\">&nbsp;chegou a ser entubado duas vezes<\/a><\/strong>&nbsp;e passou por uma&nbsp;<strong><a href=\"https:\/\/www.em.com.br\/politica\/2025\/01\/7031883-fuad-passa-por-traqueostomia-nesta-sexta-feira-10-1.html\" target=\"_blank\" rel=\"noreferrer noopener\">traqueostomia<\/a><\/strong>.<\/p>\n\n\n\n<p>Diagnosticado com um<strong><a href=\"https:\/\/www.em.com.br\/saude\/2024\/07\/6891583-o-que-e-linfoma-nao-hodgkin-cancer-anunciado-pelo-prefeito-de-bh.html\" target=\"_blank\" rel=\"noreferrer noopener\">&nbsp;linfoma n\u00e3o Hodgkin<\/a><\/strong>, Fuad chegou a comemorar a&nbsp;<strong><a href=\"https:\/\/www.em.com.br\/politica\/2024\/10\/6965564-fuad-noman-informa-que-encerrou-tratamento-contra-linfoma-nao-hodgkin.html\" target=\"_blank\" rel=\"noreferrer noopener\">remiss\u00e3o da doen\u00e7a&nbsp;<\/a><\/strong>pouco antes do primeiro turno das elei\u00e7\u00f5es municipais de 2024. Ele deixa a esposa, M\u00f4nica Drummond, dois filhos e quatro netos.<\/p>\n\n\n\n<figure class=\"wp-block-image\"><img decoding=\"async\" src=\"https:\/\/midias.em.com.br\/_midias\/jpg\/2025\/03\/26\/whatsapp_image_2025_03_26_at_12_58_06__7_-48592576.jpeg\" alt=\"No dia 27 de outubro de 2024, Fuad Noman foi eleito prefeito de Belo Horizonte -Marcos Vieira \/EM\/DA. Press\"\/><\/figure>\n\n\n\n<p>No dia 27 de outubro de 2024, Fuad Noman foi eleito prefeito de Belo HorizonteMarcos Vieira \/EM\/DA. Press<\/p>\n\n\n\n<figure class=\"wp-block-image\"><img decoding=\"async\" src=\"https:\/\/midias.em.com.br\/_midias\/jpg\/2025\/03\/26\/whatsapp_image_2025_03_26_at_12_58_06__6_-48592580.jpeg\" alt=\"No dia 27 de outubro de 2024, Fuad Noman foi eleito prefeito de Belo Horizonte -Marcos Vieira \/EM\/DA. Press\"\/><\/figure>\n\n\n\n<p>No dia 27 de outubro de 2024, Fuad Noman foi eleito prefeito de Belo HorizonteMarcos Vieira \/EM\/DA. Press<\/p>\n\n\n\n<figure class=\"wp-block-image\"><img decoding=\"async\" src=\"https:\/\/midias.em.com.br\/_midias\/jpg\/2025\/03\/26\/whatsapp_image_2025_03_26_at_12_58_06__5_-48592584.jpeg\" alt=\"No dia 27 de outubro de 2024, Fuad Noman foi eleito prefeito de Belo Horizonte -Marcos Vieira \/EM\/DA. Press\"\/><\/figure>\n\n\n\n<p>No dia 27 de outubro de 2024, Fuad Noman foi eleito prefeito de Belo HorizonteMarcos Vieira \/EM\/DA. Press<\/p>\n\n\n\n<figure class=\"wp-block-image\"><img decoding=\"async\" src=\"https:\/\/midias.em.com.br\/_midias\/jpg\/2025\/03\/26\/whatsapp_image_2025_03_26_at_12_58_06__4_-48592586.jpeg\" alt=\"No dia 27 de outubro de 2024, Fuad Noman foi eleito prefeito de Belo Horizonte -Marcos Vieira \/EM\/DA. Press\"\/><\/figure>\n\n\n\n<p>No dia 27 de outubro de 2024, Fuad Noman foi eleito prefeito de Belo HorizonteMarcos Vieira \/EM\/DA. Press<\/p>\n\n\n\n<figure class=\"wp-block-image\"><img decoding=\"async\" src=\"https:\/\/midias.em.com.br\/_midias\/jpg\/2025\/03\/26\/whatsapp_image_2025_03_26_at_12_58_06__3_-48592588.jpeg\" alt=\"No dia 27 de outubro de 2024, Fuad Noman foi eleito prefeito de Belo Horizonte -Marcos Vieira \/EM\/DA. Press\"\/><\/figure>\n\n\n\n<p>No dia 27 de outubro de 2024, Fuad Noman foi eleito prefeito de Belo HorizonteMarcos Vieira \/EM\/DA. Press<\/p>\n\n\n\n<figure class=\"wp-block-image\"><img decoding=\"async\" src=\"https:\/\/midias.em.com.br\/_midias\/jpg\/2025\/03\/26\/whatsapp_image_2025_03_26_at_12_58_06__2_-48592590.jpeg\" alt=\"No dia 27 de outubro de 2024, Fuad Noman foi eleito prefeito de Belo Horizonte -Marcos Vieira \/EM\/DA. Press\"\/><\/figure>\n\n\n\n<p>No dia 27 de outubro de 2024, Fuad Noman foi eleito prefeito de Belo HorizonteMarcos Vieira \/EM\/DA. Press<\/p>\n\n\n\n<figure class=\"wp-block-image\"><img decoding=\"async\" src=\"https:\/\/midias.em.com.br\/_midias\/jpg\/2025\/03\/26\/whatsapp_image_2025_03_26_at_12_58_06__1_-48592592.jpeg\" alt=\"No dia 27 de outubro de 2024, Fuad Noman foi eleito prefeito de Belo Horizonte -Marcos Vieira \/EM\/DA. Press\"\/><\/figure>\n\n\n\n<p>No dia 27 de outubro de 2024, Fuad Noman foi eleito prefeito de Belo HorizonteMarcos Vieira \/EM\/DA. Press<\/p>\n\n\n\n<figure class=\"wp-block-image\"><img decoding=\"async\" src=\"https:\/\/midias.em.com.br\/_midias\/jpg\/2025\/03\/26\/whatsapp_image_2025_03_26_at_12_58_06-48592594.jpeg\" alt=\"No dia 27 de outubro de 2024, Fuad Noman foi eleito prefeito de Belo Horizonte -Marcos Vieira \/EM\/DA. Press\"\/><\/figure>\n\n\n\n<p>No dia 27 de outubro de 2024, Fuad Noman foi eleito prefeito de Belo HorizonteMarcos Vieira \/EM\/DA. Press<\/p>\n\n\n\n<figure class=\"wp-block-image\"><img decoding=\"async\" src=\"https:\/\/midias.em.com.br\/_midias\/jpg\/2025\/03\/26\/whatsapp_image_2025_03_26_at_13_05_40__4_-48592655.jpeg\" alt=\"O prefeito de Belo Horizonte, Fuad Noman (PSD), enfrentou uma s\u00e9rie de complica\u00e7\u00f5es de sa\u00fade no \u00faltimo ano-Jair Amaral\/EM\/D.A Press\"\/><\/figure>\n\n\n\n<p>O prefeito de Belo Horizonte, Fuad Noman (PSD), enfrentou uma s\u00e9rie de complica\u00e7\u00f5es de sa\u00fade no \u00faltimo anoJair Amaral\/EM\/D.A Press<\/p>\n\n\n\n<figure class=\"wp-block-image\"><img decoding=\"async\" src=\"https:\/\/midias.em.com.br\/_midias\/jpg\/2025\/03\/26\/whatsapp_image_2025_03_26_at_13_05_40__3_-48592657.jpeg\" alt=\"O prefeito de Belo Horizonte, Fuad Noman (PSD), enfrentou uma s\u00e9rie de complica\u00e7\u00f5es de sa\u00fade no \u00faltimo ano-Jair Amaral\/EM\/D.A Press\"\/><\/figure>\n\n\n\n<p>O prefeito de Belo Horizonte, Fuad Noman (PSD), enfrentou uma s\u00e9rie de complica\u00e7\u00f5es de sa\u00fade no \u00faltimo anoJair Amaral\/EM\/D.A Press<\/p>\n\n\n\n<figure class=\"wp-block-image\"><img decoding=\"async\" src=\"https:\/\/midias.em.com.br\/_midias\/jpg\/2025\/03\/26\/whatsapp_image_2025_03_26_at_13_05_40__2_-48592659.jpeg\" alt=\"O prefeito de Belo Horizonte, Fuad Noman (PSD), enfrentou uma s\u00e9rie de complica\u00e7\u00f5es de sa\u00fade no \u00faltimo ano-Jair Amaral\/EM\/D.A Press\"\/><\/figure>\n\n\n\n<p>O prefeito de Belo Horizonte, Fuad Noman (PSD), enfrentou uma s\u00e9rie de complica\u00e7\u00f5es de sa\u00fade no \u00faltimo anoJair Amaral\/EM\/D.A Press<\/p>\n\n\n\n<figure class=\"wp-block-image\"><img decoding=\"async\" src=\"https:\/\/midias.em.com.br\/_midias\/jpg\/2025\/03\/26\/whatsapp_image_2025_03_26_at_13_05_40__1_-48592661.jpeg\" alt=\"O prefeito de Belo Horizonte, Fuad Noman (PSD), enfrentou uma s\u00e9rie de complica\u00e7\u00f5es de sa\u00fade no \u00faltimo ano-Jair Amaral\/EM\/D.A Press\"\/><\/figure>\n\n\n\n<p>O prefeito de Belo Horizonte, Fuad Noman (PSD), enfrentou uma s\u00e9rie de complica\u00e7\u00f5es de sa\u00fade no \u00faltimo anoJair Amaral\/EM\/D.A Press<\/p>\n\n\n\n<figure class=\"wp-block-image\"><img decoding=\"async\" src=\"https:\/\/midias.em.com.br\/_midias\/jpg\/2025\/03\/26\/whatsapp_image_2025_03_26_at_13_05_40-48592663.jpeg\" alt=\"O prefeito de Belo Horizonte, Fuad Noman (PSD), enfrentou uma s\u00e9rie de complica\u00e7\u00f5es de sa\u00fade no \u00faltimo ano-Alexandre Guzanshe\/EM\/D.A. Press\"\/><\/figure>\n\n\n\n<p>O prefeito de Belo Horizonte, Fuad Noman (PSD), enfrentou uma s\u00e9rie de complica\u00e7\u00f5es de sa\u00fade no \u00faltimo anoAlexandre Guzanshe\/EM\/D.A. Press<\/p>\n\n\n\n<figure class=\"wp-block-image\"><img decoding=\"async\" src=\"https:\/\/midias.em.com.br\/_midias\/jpg\/2025\/03\/26\/whatsapp_image_2025_03_26_at_13_05_39-48592665.jpeg\" alt=\"O prefeito de Belo Horizonte, Fuad Noman (PSD), enfrentou uma s\u00e9rie de complica\u00e7\u00f5es de sa\u00fade no \u00faltimo ano-Alexandre Guzanshe\/EM\/D.A. Press\"\/><\/figure>\n\n\n\n<p>O prefeito de Belo Horizonte, Fuad Noman (PSD), enfrentou uma s\u00e9rie de complica\u00e7\u00f5es de sa\u00fade no \u00faltimo anoAlexandre Guzanshe\/EM\/D.A. PressVoltarPr\u00f3ximo<\/p>\n\n\n\n<p>Com longa trajet\u00f3ria nos bastidores da pol\u00edtica, ele chegou aos holofotes em 2022, quando o ent\u00e3o prefeito da capital, Alexandre Kalil, deixou o posto para concorrer ao governo do estado. Fuad ent\u00e3o deixou o posto de vice e assumiu o Executivo Municipal.<\/p>\n\n\n\n<p>Ao lado de \u00c1lvaro Dami\u00e3o (Uni\u00e3o Brasil), Fuad enfrentou no \u00faltimo ano sua primeira campanha como cabe\u00e7a de chapa. Ele encerrou o primeiro turno na segunda posi\u00e7\u00e3o, atr\u00e1s de Bruno Engler (PL). No segundo turno, ele conseguiu superar uma diferen\u00e7a de quase 100 mil votos na primeira vota\u00e7\u00e3o e sagrou-se vencedor sobre o advers\u00e1rio bolsonarista.&nbsp;<strong><a href=\"https:\/\/www.em.com.br\/politica\/2024\/12\/7016044-sem-fuad-alvaro-damiao-e-diplomado-como-vice-prefeito-de-bh.html\">\u00c1lvaro Dami\u00e3o<\/a><\/strong>&nbsp;est\u00e1 comandando a prefeitura ainda como vice-prefeito. Agora, precisa ser diplomado prefeito pela C\u00e2mara Municipal de BH para assumir o cargo em definitivo. N\u00e3o h\u00e1 prazo legal para que essa cerim\u00f4nia ocorra.<\/p>\n\n\n\n<h2 class=\"wp-block-heading\">Relembre o estado de sa\u00fade<\/h2>\n\n\n\n<p>Esta era a quarta interna\u00e7\u00e3o de Fuad desde o dia 23 de novembro do ano passado. Ao longo do per\u00edodo, o prefeito precisou ser entubado duas vezes e passou por uma traqueostomia.<\/p>\n\n\n\n<p>Fuad Noman foi reeleito no segundo turno e passou a campanha aliando os compromissos eleitorais com o tratamento contra um<strong><a href=\"https:\/\/www.em.com.br\/saude\/2024\/07\/6891583-o-que-e-linfoma-nao-hodgkin-cancer-anunciado-pelo-prefeito-de-bh.html\" target=\"_blank\" rel=\"noreferrer noopener\">&nbsp;linfoma n\u00e3o-hodgkin<\/a><\/strong>. J\u00e1 vitorioso no pleito e com o&nbsp;<strong><a href=\"https:\/\/www.em.com.br\/politica\/2024\/10\/6965564-fuad-noman-informa-que-encerrou-tratamento-contra-linfoma-nao-hodgkin.html\" target=\"_blank\" rel=\"noreferrer noopener\">c\u00e2ncer vencido<\/a><\/strong>, o pessedista passou por complica\u00e7\u00f5es de sa\u00fade relacionadas ao tratamento oncol\u00f3gico.<\/p>\n\n\n\n<p>O prefeito foi internado entre 23 e 28 de novembro com&nbsp;dores nas pernas&nbsp;<strong><a href=\"https:\/\/www.em.com.br\/politica\/2024\/11\/6995229-prefeito-de-bh-fuad-e-hospitalizado-com-dores-nas-pernas.html\" target=\"_blank\" rel=\"noreferrer noopener\">causadas<\/a>&nbsp;<\/strong>por uma neuropatia perif\u00e9rica; entre 6 e 14 de dezembro voltou \u00e0&nbsp;<strong><a href=\"https:\/\/www.em.com.br\/politica\/2024\/12\/7014187-fuad-noman-volta-ao-trabalho-apos-tratamento-contra-pneumonia-e-sinusite.html\" target=\"_blank\" rel=\"noreferrer noopener\">UTI para tratar sinusite e pneumonia<\/a><\/strong>; e entre 19 e 23 de dezembro, o prefeito deu nova entrada no Mater Dei, esta feita para tratar um quadro de&nbsp;<a href=\"https:\/\/www.em.com.br\/politica\/2024\/12\/7018942-fuad-noman-recebe-alta-apos-ser-internado-com-diarreia-e-sangramento.html\" target=\"_blank\" rel=\"noreferrer noopener\"><strong>diarreia e sangramento intestina<\/strong>l<\/a>.<\/p>\n\n\n\n<h2 class=\"wp-block-heading\">Trajet\u00f3ria pol\u00edtica<\/h2>\n\n\n\n<p>Bacharel em Ci\u00eancias Econ\u00f4micas pelo Centro de Ensino Unificado de Bras\u00edlia (Ceub) e p\u00f3s-graduado em programa\u00e7\u00e3o econ\u00f4mica e execu\u00e7\u00e3o or\u00e7ament\u00e1ria, Fuad foi funcion\u00e1rio de carreira do Banco Central e do Banco do Brasil. Passou a ocupar cargos p\u00fablicos ao ser chamado para a fun\u00e7\u00e3o de secret\u00e1rio-executivo da Casa Civil da Presid\u00eancia da Rep\u00fablica na gest\u00e3o de Fernando Henrique Cardoso (PSDB), eleito em 1994. Ainda no exerc\u00edcio de cargos por tr\u00e1s dos holofotes da pol\u00edtica eleitoral, ele foi consultor do Fundo Monet\u00e1rio Internacional (FMI) no governo de Cabo Verde.<\/p>\n\n\n\n<p>O retorno \u00e0s Minas Gerais ap\u00f3s longa jornada no Planalto Central com passagem pela \u00c1frica Insular se deu a partir do pouso tucano no governo estadual. Na passagem iniciada com A\u00e9cio Neves (PSDB) em 2003 e prosseguida em mais um mandato com Antonio Anastasia (ent\u00e3o no PSDB) pelo Executivo, Fuad Noman chefiou as secretarias da Fazenda; Transporte e Obras P\u00fablicas; e a pasta extraordin\u00e1ria da Copa do Mundo de 2014.<\/p>\n\n\n\n<p>O ingresso na Prefeitura de Belo Horizonte veio junto de Kalil. Em 2017, primeiro ano do ex-correligion\u00e1rio no comando da cidade, Fuad come\u00e7ou seus trabalhos como secret\u00e1rio municipal de Fazenda. Quatro anos mais tarde ele seguiria no n\u00famero 1212 da Avenida Afonso Pena, mas j\u00e1 na condi\u00e7\u00e3o de vice-prefeito.<\/p>\n\n\n\n<h2 class=\"wp-block-heading\">Nota da Prefeitura de BH<\/h2>\n\n\n\n<p><em>&#8220;\u00c9 com profundo pesar que a Prefeitura de Belo Horizonte informa o falecimento do prefeito Fuad Noman, ocorrido nesta data.<\/em><\/p>\n\n\n\n<p><em>Fuad Noman dedicou d\u00e9cadas de sua vida ao servi\u00e7o p\u00fablico, sempre pautado pelo compromisso com a \u00e9tica, o di\u00e1logo e o bem-estar da popula\u00e7\u00e3o de Belo Horizonte. Economista por forma\u00e7\u00e3o, com s\u00f3lida trajet\u00f3ria na administra\u00e7\u00e3o p\u00fablica, Fuad ocupou importantes cargos no Governo Federal, Governo de Minas Gerais e na Prefeitura de Belo Horizonte, sempre deixando marcas de compet\u00eancia, responsabilidade e sensibilidade social.<\/em><\/p>\n\n\n\n<p><em>Em 2022, assumiu o cargo de prefeito da capital mineira, e desde ent\u00e3o conduziu a cidade com serenidade, firmeza e esp\u00edrito p\u00fablico.<\/em><\/p>\n\n\n\n<p><em>Fuad era conhecido por seu trato gentil, sua capacidade de escuta e seu amor por Belo Horizonte. Um homem p\u00fablico \u00edntegro, cuja hist\u00f3ria se confunde com o desenvolvimento da nossa cidade.<\/em><\/p>\n\n\n\n<p><em>Neste momento de dor, nos solidarizamos com os familiares, amigos e todos os cidad\u00e3os belo-horizontinos que perdem n\u00e3o apenas um l\u00edder, mas um exemplo de ser humano. A cidade se despede com gratid\u00e3o e rever\u00eancia.<\/em><\/p>\n\n\n\n<p><em>Informa\u00e7\u00f5es sobre o vel\u00f3rio e homenagens ser\u00e3o divulgadas em breve.<\/em><\/p>\n\n\n\n<p><em>Prefeitura de Belo Horizonte&#8221;<\/em><\/p>\n","protected":false},"excerpt":{"rendered":"<p>Prefeito estava em estado grave ap\u00f3s sofrer uma parada cardiorrespirat\u00f3ria na noite dessa ter\u00e7a-feira (24\/3) O prefeito de Belo Horizonte, Fuad Noman (PSD), morreu aos 77 anos na manh\u00e3 desta quarta-feira (26\/3). Ele estava em estado grave no Hospital Mater Dei\u00a0depois de\u00a0sofrer\u00a0uma parada cardiorrespirat\u00f3ria.\u00a0Segundo o boletim m\u00e9dico, ele faleceu em decorr\u00eancia de complica\u00e7\u00f5es do Linfoma [&hellip;]<\/p>\n","protected":false},"author":5,"featured_media":164168,"comment_status":"closed","ping_status":"open","sticky":false,"template":"","format":"standard","meta":{"advgb_blocks_editor_width":"","advgb_blocks_columns_visual_guide":"","_exactmetrics_skip_tracking":false,"_exactmetrics_sitenote_active":false,"_exactmetrics_sitenote_note":"","_exactmetrics_sitenote_category":0,"footnotes":""},"categories":[7,2],"tags":[],"class_list":["post-164167","post","type-post","status-publish","format-standard","has-post-thumbnail","hentry","category-destaques","category-noticias"],"better_featured_image":{"id":164168,"alt_text":"","caption":"","description":"","media_type":"image","media_details":{"width":1200,"height":719,"file":"2025\/03\/1_whatsapp_image_2025_03_26_at_12_11_58-48588277.jpeg","filesize":220378,"sizes":{"medium":{"file":"1_whatsapp_image_2025_03_26_at_12_11_58-48588277-470x282.jpeg","width":470,"height":282,"mime-type":"image\/jpeg","filesize":23625,"source_url":"https:\/\/lavras.tv\/site\/wp-content\/uploads\/2025\/03\/1_whatsapp_image_2025_03_26_at_12_11_58-48588277-470x282.jpeg"},"large":{"file":"1_whatsapp_image_2025_03_26_at_12_11_58-48588277-970x581.jpeg","width":970,"height":581,"mime-type":"image\/jpeg","filesize":91330,"source_url":"https:\/\/lavras.tv\/site\/wp-content\/uploads\/2025\/03\/1_whatsapp_image_2025_03_26_at_12_11_58-48588277-970x581.jpeg"},"thumbnail":{"file":"1_whatsapp_image_2025_03_26_at_12_11_58-48588277-170x102.jpeg","width":170,"height":102,"mime-type":"image\/jpeg","filesize":4124,"source_url":"https:\/\/lavras.tv\/site\/wp-content\/uploads\/2025\/03\/1_whatsapp_image_2025_03_26_at_12_11_58-48588277-170x102.jpeg"},"lshowcase-thumb":{"file":"1_whatsapp_image_2025_03_26_at_12_11_58-48588277-200x120.jpeg","width":200,"height":120,"mime-type":"image\/jpeg","filesize":5100,"source_url":"https:\/\/lavras.tv\/site\/wp-content\/uploads\/2025\/03\/1_whatsapp_image_2025_03_26_at_12_11_58-48588277-200x120.jpeg"},"alm-thumbnail":{"file":"1_whatsapp_image_2025_03_26_at_12_11_58-48588277-150x150.jpeg","width":150,"height":150,"mime-type":"image\/jpeg","filesize":5772,"source_url":"https:\/\/lavras.tv\/site\/wp-content\/uploads\/2025\/03\/1_whatsapp_image_2025_03_26_at_12_11_58-48588277-150x150.jpeg"}},"image_meta":{"aperture":"0","credit":"","camera":"","caption":"","created_timestamp":"0","copyright":"","focal_length":"0","iso":"0","shutter_speed":"0","title":"","orientation":"0","keywords":[]}},"post":164167,"source_url":"https:\/\/lavras.tv\/site\/wp-content\/uploads\/2025\/03\/1_whatsapp_image_2025_03_26_at_12_11_58-48588277.jpeg"},"author_meta":{"display_name":"Vinicius Bustamante","author_link":"https:\/\/lavras.tv\/site\/author\/vinicius-bustamante\/"},"featured_img":"https:\/\/lavras.tv\/site\/wp-content\/uploads\/2025\/03\/1_whatsapp_image_2025_03_26_at_12_11_58-48588277-470x282.jpeg","coauthors":[],"tax_additional":{"categories":{"linked":["<a href=\"https:\/\/lavras.tv\/site\/category\/destaques\/\" class=\"advgb-post-tax-term\">Destaques<\/a>","<a href=\"https:\/\/lavras.tv\/site\/category\/noticias\/\" class=\"advgb-post-tax-term\">Not\u00edcias<\/a>"],"unlinked":["<span class=\"advgb-post-tax-term\">Destaques<\/span>","<span class=\"advgb-post-tax-term\">Not\u00edcias<\/span>"]}},"comment_count":"0","relative_dates":{"created":"Publicado 1 ano atr\u00e1s","modified":"Atualizado 1 ano atr\u00e1s"},"absolute_dates":{"created":"Publicado em 26 de mar\u00e7o de 2025","modified":"Atualizado em 26 de mar\u00e7o de 2025"},"absolute_dates_time":{"created":"Publicado em 26 de mar\u00e7o de 2025 14:17","modified":"Atualizado em 26 de mar\u00e7o de 2025 14:17"},"featured_img_caption":"","series_order":"","_links":{"self":[{"href":"https:\/\/lavras.tv\/site\/wp-json\/wp\/v2\/posts\/164167","targetHints":{"allow":["GET"]}}],"collection":[{"href":"https:\/\/lavras.tv\/site\/wp-json\/wp\/v2\/posts"}],"about":[{"href":"https:\/\/lavras.tv\/site\/wp-json\/wp\/v2\/types\/post"}],"author":[{"embeddable":true,"href":"https:\/\/lavras.tv\/site\/wp-json\/wp\/v2\/users\/5"}],"replies":[{"embeddable":true,"href":"https:\/\/lavras.tv\/site\/wp-json\/wp\/v2\/comments?post=164167"}],"version-history":[{"count":1,"href":"https:\/\/lavras.tv\/site\/wp-json\/wp\/v2\/posts\/164167\/revisions"}],"predecessor-version":[{"id":164169,"href":"https:\/\/lavras.tv\/site\/wp-json\/wp\/v2\/posts\/164167\/revisions\/164169"}],"wp:featuredmedia":[{"embeddable":true,"href":"https:\/\/lavras.tv\/site\/wp-json\/wp\/v2\/media\/164168"}],"wp:attachment":[{"href":"https:\/\/lavras.tv\/site\/wp-json\/wp\/v2\/media?parent=164167"}],"wp:term":[{"taxonomy":"category","embeddable":true,"href":"https:\/\/lavras.tv\/site\/wp-json\/wp\/v2\/categories?post=164167"},{"taxonomy":"post_tag","embeddable":true,"href":"https:\/\/lavras.tv\/site\/wp-json\/wp\/v2\/tags?post=164167"}],"curies":[{"name":"wp","href":"https:\/\/api.w.org\/{rel}","templated":true}]}}