{"id":164176,"date":"2025-03-26T14:31:53","date_gmt":"2025-03-26T17:31:53","guid":{"rendered":"http:\/\/lavras.tv\/site\/?p=164176"},"modified":"2025-03-26T14:31:54","modified_gmt":"2025-03-26T17:31:54","slug":"minas-gerais-no-clima-da-pascoa-varejo-espera-crescimento-nas-vendas","status":"publish","type":"post","link":"https:\/\/lavras.tv\/site\/2025\/03\/26\/minas-gerais-no-clima-da-pascoa-varejo-espera-crescimento-nas-vendas\/","title":{"rendered":"Minas Gerais no clima da P\u00e1scoa: Varejo espera crescimento nas vendas"},"content":{"rendered":"<div class=\"lavra-antes-do-conteudo_2\" id=\"lavra-1881855465\"><div id=\"lavra-slider-27\" class=\"custom-slider lavra-slider-3008227166 lavra-slider\"><ul><li><div style=\"margin-left: auto;margin-right: auto;text-align: center;\" id=\"lavra-919136421\"><a href=\"https:\/\/sistemas.lavras.mg.gov.br\/portalcidadao\/#df1b1a7c7b2a290bcb31e32771e610784662739a88807c0dacac58ede5f391a7530e299dc302d611ee73cb143fc22eaf93592e53e7b5bdb01b00a0b8d28dae460c141dd2ff83412e4dc1c31b16b25f33144a9e5620ea73b13f5bc1c59411d98439ad226e8af03840603796067d87afe130812cf3de24982d0e306f9e61e764e5\" aria-label=\"Lavras-TV&#8211;720x104px (1) (1)\"><img src=\"https:\/\/lavras.tv\/site\/wp-content\/uploads\/2025\/01\/Lavras-TV-720x104px-1-1.png\" alt=\"\"  srcset=\"https:\/\/lavras.tv\/site\/wp-content\/uploads\/2025\/01\/Lavras-TV-720x104px-1-1.png 720w, https:\/\/lavras.tv\/site\/wp-content\/uploads\/2025\/01\/Lavras-TV-720x104px-1-1-470x68.png 470w, https:\/\/lavras.tv\/site\/wp-content\/uploads\/2025\/01\/Lavras-TV-720x104px-1-1-170x25.png 170w, https:\/\/lavras.tv\/site\/wp-content\/uploads\/2025\/01\/Lavras-TV-720x104px-1-1-200x29.png 200w\" sizes=\"(max-width: 720px) 100vw, 720px\" width=\"720\" height=\"104\"  style=\"display: inline-block;\" \/><\/a><\/div><\/li><li><a href=\"https:\/\/sistemas.lavras.mg.gov.br\/portalcidadao\/#df1b1a7c7b2a290bcb31e32771e610784662739a88807c0dacac58ede5f391a7530e299dc302d611ee73cb143fc22eaf93592e53e7b5bdb01b00a0b8d28dae460c141dd2ff83412e4dc1c31b16b25f33144a9e5620ea73b13f5bc1c59411d98439ad226e8af03840603796067d87afe130812cf3de24982d0e306f9e61e764e5\" aria-label=\"Banner_Emprego_PortallavrasTV\"><img src=\"https:\/\/lavras.tv\/site\/wp-content\/uploads\/2025\/03\/Banner_Emprego_PortallavrasTV.png\" alt=\"\"  srcset=\"https:\/\/lavras.tv\/site\/wp-content\/uploads\/2025\/03\/Banner_Emprego_PortallavrasTV.png 720w, https:\/\/lavras.tv\/site\/wp-content\/uploads\/2025\/03\/Banner_Emprego_PortallavrasTV-470x68.png 470w, https:\/\/lavras.tv\/site\/wp-content\/uploads\/2025\/03\/Banner_Emprego_PortallavrasTV-170x25.png 170w, https:\/\/lavras.tv\/site\/wp-content\/uploads\/2025\/03\/Banner_Emprego_PortallavrasTV-200x29.png 200w\" sizes=\"(max-width: 720px) 100vw, 720px\" width=\"720\" height=\"104\"   \/><\/a><\/li><li><a href=\"https:\/\/sistemas.lavras.mg.gov.br\/portalcidadao\/#df1b1a7c7b2a290bcb31e32771e610784662739a88807c0dacac58ede5f391a7530e299dc302d611ee73cb143fc22eaf93592e53e7b5bdb01b00a0b8d28dae460c141dd2ff83412e4dc1c31b16b25f33144a9e5620ea73b13f5bc1c59411d98439ad226e8af03840603796067d87afe130812cf3de24982d0e306f9e61e764e5\" aria-label=\"Banner_Obras_PortallavrasTV\"><img src=\"https:\/\/lavras.tv\/site\/wp-content\/uploads\/2025\/03\/Banner_Obras_PortallavrasTV.png\" alt=\"\"  srcset=\"https:\/\/lavras.tv\/site\/wp-content\/uploads\/2025\/03\/Banner_Obras_PortallavrasTV.png 720w, https:\/\/lavras.tv\/site\/wp-content\/uploads\/2025\/03\/Banner_Obras_PortallavrasTV-470x68.png 470w, https:\/\/lavras.tv\/site\/wp-content\/uploads\/2025\/03\/Banner_Obras_PortallavrasTV-170x25.png 170w, https:\/\/lavras.tv\/site\/wp-content\/uploads\/2025\/03\/Banner_Obras_PortallavrasTV-200x29.png 200w\" sizes=\"(max-width: 720px) 100vw, 720px\" width=\"720\" height=\"104\"   \/><\/a><\/li><li><div style=\"margin-left: auto;margin-right: auto;text-align: center;\" id=\"lavra-1834763657\"><a href=\"https:\/\/sistemas.lavras.mg.gov.br\/portalcidadao\/#df1b1a7c7b2a290bcb31e32771e610784662739a88807c0dacac58ede5f391a7530e299dc302d611ee73cb143fc22eaf93592e53e7b5bdb01b00a0b8d28dae460c141dd2ff83412e4dc1c31b16b25f33144a9e5620ea73b13f5bc1c59411d98439ad226e8af03840603796067d87afe130812cf3de24982d0e306f9e61e764e5\" aria-label=\"Banner_Educa\u00e7\u00e3o_PortallavrasTV\"><img src=\"https:\/\/lavras.tv\/site\/wp-content\/uploads\/2025\/01\/Banner_Educacao_PortallavrasTV.png\" alt=\"\"  srcset=\"https:\/\/lavras.tv\/site\/wp-content\/uploads\/2025\/01\/Banner_Educacao_PortallavrasTV.png 720w, https:\/\/lavras.tv\/site\/wp-content\/uploads\/2025\/01\/Banner_Educacao_PortallavrasTV-470x68.png 470w, https:\/\/lavras.tv\/site\/wp-content\/uploads\/2025\/01\/Banner_Educacao_PortallavrasTV-170x25.png 170w, https:\/\/lavras.tv\/site\/wp-content\/uploads\/2025\/01\/Banner_Educacao_PortallavrasTV-200x29.png 200w\" sizes=\"(max-width: 720px) 100vw, 720px\" width=\"720\" height=\"104\"  style=\"display: inline-block;\" \/><\/a><\/div><\/li><li><a href=\"https:\/\/sistemas.lavras.mg.gov.br\/portalcidadao\/#df1b1a7c7b2a290bcb31e32771e610784662739a88807c0dacac58ede5f391a7530e299dc302d611ee73cb143fc22eaf93592e53e7b5bdb01b00a0b8d28dae460c141dd2ff83412e4dc1c31b16b25f33144a9e5620ea73b13f5bc1c59411d98439ad226e8af03840603796067d87afe130812cf3de24982d0e306f9e61e764e5\" aria-label=\"Banner_Sa\u00fade_PortallavrasTV\"><img src=\"https:\/\/lavras.tv\/site\/wp-content\/uploads\/2025\/03\/Banner_Saude_PortallavrasTV.png\" alt=\"\"  srcset=\"https:\/\/lavras.tv\/site\/wp-content\/uploads\/2025\/03\/Banner_Saude_PortallavrasTV.png 720w, https:\/\/lavras.tv\/site\/wp-content\/uploads\/2025\/03\/Banner_Saude_PortallavrasTV-470x68.png 470w, https:\/\/lavras.tv\/site\/wp-content\/uploads\/2025\/03\/Banner_Saude_PortallavrasTV-170x25.png 170w, https:\/\/lavras.tv\/site\/wp-content\/uploads\/2025\/03\/Banner_Saude_PortallavrasTV-200x29.png 200w\" sizes=\"(max-width: 720px) 100vw, 720px\" width=\"720\" height=\"104\"   \/><\/a><\/li><li><div id=\"lavra-1649675561\" style=\"width:720px;height:104px;background-color:#ddd;overflow:scroll;\">\n\t<strong>Sa\u00edda da depura\u00e7\u00e3o de an\u00fancios<\/strong>\n\t<br><br>\n\tO an\u00fancio n\u00e3o \u00e9 exibido na p\u00e1gina<br><br>post atual: Minas Gerais no clima da P\u00e1scoa: Varejo espera crescimento nas vendas, ID: 164176<br><br><span style=\"color: red;\">O post atual n\u00e3o \u00e9 id\u00eantico ao post principal.<\/span><br><br>An\u00fancios: ROXO - TOPO INTERNA - ROTATIVO 2 (197)<br \/>Grupo de an\u00fancios: Princ_Meio01_720x104 (27)<br><br>Condi\u00e7\u00f5es de exibi\u00e7\u00e3o<div style=\"margin-bottom: 20px; white-space: pre-wrap; font-family: monospace; width: 100%; background: #ffe9e9;\"><strong>condi\u00e7\u00f5es gerais<\/strong><table border=\"1\"><thead><tr><th><\/th><th>An\u00fancios<\/th><th>wp_the_query<\/th><\/tr><\/thead><tr><td>is_main_query<\/td><td>1<\/td><td>1<\/td><\/tr><tr><td>is_rest_api<\/td><td>0<\/td><td>1<\/td><\/tr><tr><td>page<\/td><td>0<\/td><td>1<\/td><\/tr><tr><td>numpages<\/td><td>0<\/td><td>1<\/td><\/tr><tr><td>is_archive<\/td><td>1<\/td><td><\/td><\/tr><tr><td>is_search<\/td><td>1<\/td><td><\/td><\/tr><tr><td>is_home<\/td><td>1<\/td><td><\/td><\/tr><tr><td>is_404<\/td><td>1<\/td><td><\/td><\/tr><tr><td>is_attachment<\/td><td>1<\/td><td><\/td><\/tr><tr><td>is_singular<\/td><td>1<\/td><td><\/td><\/tr><tr><td>is_front_page<\/td><td>1<\/td><td><\/td><\/tr><tr><td>is_feed<\/td><td>1<\/td><td><\/td><\/tr><\/table><\/div><br><br><span style=\"color: red;\">Seu site usa HTTPS, mas o c\u00f3digo do an\u00fancio cont\u00e9m HTTP e pode n\u00e3o funcionar.<\/span>\t<br><br>\n\t<a style=\"color: green;\" href=\"https:\/\/wpadvancedads.com\/manual\/ad-debug-mode\/?utm_source=advanced-ads&utm_medium=link&utm_campaign=ad-debug-mode\" target=\"_blank\" rel=\"nofollow\">Encontre solu\u00e7\u00f5es no manual<\/a>\n<\/div>\n<\/li><\/ul><\/div><script>( window.advanced_ads_ready || jQuery( document ).ready ).call( null, function() {var $lavraslider3008227166 = jQuery( \".lavra-slider-3008227166\" );$lavraslider3008227166.on( \"unslider.ready\", function() { jQuery( \"div.custom-slider ul li\" ).css( \"display\", \"block\" ); });$lavraslider3008227166.unslider({ delay:4000, autoplay:true, nav:false, arrows:false, infinite:true });$lavraslider3008227166.on(\"mouseover\", function() {$lavraslider3008227166.unslider(\"stop\");}).on(\"mouseout\", function() {$lavraslider3008227166.unslider(\"start\");});});<\/script><\/div>\n<p><strong>Expectativa de crescimento nas vendas de P\u00e1scoa impulsiona o com\u00e9rcio varejista em Minas Gerais<\/strong><\/p>\n\n\n\n<figure class=\"wp-block-image size-full\"><img fetchpriority=\"high\" decoding=\"async\" width=\"860\" height=\"515\" src=\"http:\/\/lavras.tv\/site\/wp-content\/uploads\/2025\/03\/Agencia-Brasil-EBC-860x515-1.png\" alt=\"\" class=\"wp-image-164177\" srcset=\"https:\/\/lavras.tv\/site\/wp-content\/uploads\/2025\/03\/Agencia-Brasil-EBC-860x515-1.png 860w, https:\/\/lavras.tv\/site\/wp-content\/uploads\/2025\/03\/Agencia-Brasil-EBC-860x515-1-470x281.png 470w, https:\/\/lavras.tv\/site\/wp-content\/uploads\/2025\/03\/Agencia-Brasil-EBC-860x515-1-170x102.png 170w, https:\/\/lavras.tv\/site\/wp-content\/uploads\/2025\/03\/Agencia-Brasil-EBC-860x515-1-200x120.png 200w\" sizes=\"(max-width: 860px) 100vw, 860px\" \/><\/figure>\n\n\n\n<p>Com a proximidade da P\u00e1scoa, comerciantes de Minas Gerais esperam um aumento nas vendas. De acordo com a pesquisa \u201cExpectativa do Com\u00e9rcio Varejista \u2013 P\u00e1scoa 2025\u201d, do N\u00facleo de Estudos Econ\u00f4micos e de Intelig\u00eancia &amp; Pesquisa da Fecom\u00e9rcio MG, 41,7% dos varejistas do setor aliment\u00edcio acreditam em um crescimento nas vendas, impulsionado pelas tradi\u00e7\u00f5es da data. Al\u00e9m disso, 39,9% dos empres\u00e1rios esperam faturar mais do que em 2024, indicando um cen\u00e1rio de crescimento para o setor.<\/p>\n\n\n\n<p>Para 47% das empresas impactadas pela P\u00e1scoa, as vendas devem se manter no mesmo n\u00edvel de 2024, enquanto 11,9% preveem um desempenho pior. Al\u00e9m disso, 55% dos neg\u00f3cios do setor aliment\u00edcio n\u00e3o sentem qualquer influ\u00eancia da data nas vendas. O per\u00edodo comercial da P\u00e1scoa vai de 27 de fevereiro a 16 de abril de 2025.<\/p>\n\n\n\n<p>A pesquisa entrevistou 374 empresas entre 10 e 20 de mar\u00e7o, com aproximadamente 37 em cada regi\u00e3o de planejamento, incluindo Alto Parana\u00edba, Central, Centro-Oeste, Jequitinhonha-Mucuri, Zona da Mata, Noroeste, Norte, Rio Doce, Sul de Minas e Tri\u00e2ngulo. As \u00e1reas mais beneficiadas pelas vendas, segundo o levantamento, s\u00e3o Sul de Minas, Zona da Mata, Jequitinhonha-Mucuri e Central.<\/p>\n\n\n\n<p>Entre os fatores apontados para o aumento das vendas, destacam-se o valor afetivo da P\u00e1scoa (49,3%), otimismo (37,3%) e aquecimento do com\u00e9rcio (20,9%). J\u00e1 entre os motivos para uma expectativa negativa est\u00e3o os pre\u00e7os altos (55%), crise econ\u00f4mica (30%) e o endividamento dos consumidores.<\/p>\n\n\n\n<p>A economista Gabriela Martins, da Fecom\u00e9rcio MG, ressalta que a P\u00e1scoa de 2025 traz expectativas positivas e se mant\u00e9m como uma data relevante para o varejo de alimentos em Minas Gerais. \u201cPercebemos que, neste ano, mais empresas esperam ser impactadas. Al\u00e9m disso, mesmo com os pre\u00e7os elevados, h\u00e1 uma proje\u00e7\u00e3o de vendas superiores \u00e0s de 2024. Notamos tamb\u00e9m uma mudan\u00e7a no foco dos empres\u00e1rios, que agora apostam mais na venda de ovos de P\u00e1scoa, ao contr\u00e1rio do ano passado, quando a prefer\u00eancia estava nas caixas de bombons, produtos de menor valor m\u00e9dio. O impacto emocional da data e a disposi\u00e7\u00e3o dos consumidores para gastar, mesmo recorrendo ao parcelamento no cart\u00e3o de cr\u00e9dito, tamb\u00e9m refor\u00e7am as expectativas de crescimento para o per\u00edodo\u201d, afirma Martins.<\/p>\n","protected":false},"excerpt":{"rendered":"<p>Expectativa de crescimento nas vendas de P\u00e1scoa impulsiona o com\u00e9rcio varejista em Minas Gerais Com a proximidade da P\u00e1scoa, comerciantes de Minas Gerais esperam um aumento nas vendas. De acordo com a pesquisa \u201cExpectativa do Com\u00e9rcio Varejista \u2013 P\u00e1scoa 2025\u201d, do N\u00facleo de Estudos Econ\u00f4micos e de Intelig\u00eancia &amp; Pesquisa da Fecom\u00e9rcio MG, 41,7% dos [&hellip;]<\/p>\n","protected":false},"author":5,"featured_media":164177,"comment_status":"closed","ping_status":"open","sticky":false,"template":"","format":"standard","meta":{"advgb_blocks_editor_width":"","advgb_blocks_columns_visual_guide":"","_exactmetrics_skip_tracking":false,"_exactmetrics_sitenote_active":false,"_exactmetrics_sitenote_note":"","_exactmetrics_sitenote_category":0,"footnotes":""},"categories":[7,5717,2],"tags":[],"class_list":["post-164176","post","type-post","status-publish","format-standard","has-post-thumbnail","hentry","category-destaques","category-economia","category-noticias"],"better_featured_image":{"id":164177,"alt_text":"","caption":"","description":"","media_type":"image","media_details":{"width":860,"height":515,"file":"2025\/03\/Agencia-Brasil-EBC-860x515-1.png","filesize":795738,"sizes":{"medium":{"file":"Agencia-Brasil-EBC-860x515-1-470x281.png","width":470,"height":281,"mime-type":"image\/png","filesize":277466,"source_url":"https:\/\/lavras.tv\/site\/wp-content\/uploads\/2025\/03\/Agencia-Brasil-EBC-860x515-1-470x281.png"},"thumbnail":{"file":"Agencia-Brasil-EBC-860x515-1-170x102.png","width":170,"height":102,"mime-type":"image\/png","filesize":44368,"source_url":"https:\/\/lavras.tv\/site\/wp-content\/uploads\/2025\/03\/Agencia-Brasil-EBC-860x515-1-170x102.png"},"lshowcase-thumb":{"file":"Agencia-Brasil-EBC-860x515-1-200x120.png","width":200,"height":120,"mime-type":"image\/png","filesize":59947,"source_url":"https:\/\/lavras.tv\/site\/wp-content\/uploads\/2025\/03\/Agencia-Brasil-EBC-860x515-1-200x120.png"},"alm-thumbnail":{"file":"Agencia-Brasil-EBC-860x515-1-150x150.png","width":150,"height":150,"mime-type":"image\/png","filesize":55050,"source_url":"https:\/\/lavras.tv\/site\/wp-content\/uploads\/2025\/03\/Agencia-Brasil-EBC-860x515-1-150x150.png"}},"image_meta":{"aperture":"0","credit":"","camera":"","caption":"","created_timestamp":"0","copyright":"","focal_length":"0","iso":"0","shutter_speed":"0","title":"","orientation":"0","keywords":[]}},"post":164176,"source_url":"https:\/\/lavras.tv\/site\/wp-content\/uploads\/2025\/03\/Agencia-Brasil-EBC-860x515-1.png"},"author_meta":{"display_name":"Vinicius Bustamante","author_link":"https:\/\/lavras.tv\/site\/author\/vinicius-bustamante\/"},"featured_img":"https:\/\/lavras.tv\/site\/wp-content\/uploads\/2025\/03\/Agencia-Brasil-EBC-860x515-1-470x281.png","coauthors":[],"tax_additional":{"categories":{"linked":["<a href=\"https:\/\/lavras.tv\/site\/category\/destaques\/\" class=\"advgb-post-tax-term\">Destaques<\/a>","<a href=\"https:\/\/lavras.tv\/site\/category\/economia\/\" class=\"advgb-post-tax-term\">Economia<\/a>","<a href=\"https:\/\/lavras.tv\/site\/category\/noticias\/\" class=\"advgb-post-tax-term\">Not\u00edcias<\/a>"],"unlinked":["<span class=\"advgb-post-tax-term\">Destaques<\/span>","<span class=\"advgb-post-tax-term\">Economia<\/span>","<span class=\"advgb-post-tax-term\">Not\u00edcias<\/span>"]}},"comment_count":"0","relative_dates":{"created":"Publicado 1 ano atr\u00e1s","modified":"Atualizado 1 ano atr\u00e1s"},"absolute_dates":{"created":"Publicado em 26 de mar\u00e7o de 2025","modified":"Atualizado em 26 de mar\u00e7o de 2025"},"absolute_dates_time":{"created":"Publicado em 26 de mar\u00e7o de 2025 14:31","modified":"Atualizado em 26 de mar\u00e7o de 2025 14:31"},"featured_img_caption":"","series_order":"","_links":{"self":[{"href":"https:\/\/lavras.tv\/site\/wp-json\/wp\/v2\/posts\/164176","targetHints":{"allow":["GET"]}}],"collection":[{"href":"https:\/\/lavras.tv\/site\/wp-json\/wp\/v2\/posts"}],"about":[{"href":"https:\/\/lavras.tv\/site\/wp-json\/wp\/v2\/types\/post"}],"author":[{"embeddable":true,"href":"https:\/\/lavras.tv\/site\/wp-json\/wp\/v2\/users\/5"}],"replies":[{"embeddable":true,"href":"https:\/\/lavras.tv\/site\/wp-json\/wp\/v2\/comments?post=164176"}],"version-history":[{"count":1,"href":"https:\/\/lavras.tv\/site\/wp-json\/wp\/v2\/posts\/164176\/revisions"}],"predecessor-version":[{"id":164178,"href":"https:\/\/lavras.tv\/site\/wp-json\/wp\/v2\/posts\/164176\/revisions\/164178"}],"wp:featuredmedia":[{"embeddable":true,"href":"https:\/\/lavras.tv\/site\/wp-json\/wp\/v2\/media\/164177"}],"wp:attachment":[{"href":"https:\/\/lavras.tv\/site\/wp-json\/wp\/v2\/media?parent=164176"}],"wp:term":[{"taxonomy":"category","embeddable":true,"href":"https:\/\/lavras.tv\/site\/wp-json\/wp\/v2\/categories?post=164176"},{"taxonomy":"post_tag","embeddable":true,"href":"https:\/\/lavras.tv\/site\/wp-json\/wp\/v2\/tags?post=164176"}],"curies":[{"name":"wp","href":"https:\/\/api.w.org\/{rel}","templated":true}]}}