{"id":164179,"date":"2025-03-26T14:36:54","date_gmt":"2025-03-26T17:36:54","guid":{"rendered":"http:\/\/lavras.tv\/site\/?p=164179"},"modified":"2025-03-26T14:36:55","modified_gmt":"2025-03-26T17:36:55","slug":"dieta-restritiva-pode-causar-queda-de-cabelo-saiba-como-evitar-o-problema","status":"publish","type":"post","link":"https:\/\/lavras.tv\/site\/2025\/03\/26\/dieta-restritiva-pode-causar-queda-de-cabelo-saiba-como-evitar-o-problema\/","title":{"rendered":"Dieta restritiva pode causar queda de cabelo? Saiba como evitar o problema"},"content":{"rendered":"<div class=\"lavra-antes-do-conteudo_2\" id=\"lavra-1054282200\"><div id=\"lavra-slider-27\" class=\"custom-slider lavra-slider-1205631133 lavra-slider\"><ul><li><div style=\"margin-left: auto;margin-right: auto;text-align: center;\" id=\"lavra-3335571500\"><a href=\"https:\/\/sistemas.lavras.mg.gov.br\/portalcidadao\/#df1b1a7c7b2a290bcb31e32771e610784662739a88807c0dacac58ede5f391a7530e299dc302d611ee73cb143fc22eaf93592e53e7b5bdb01b00a0b8d28dae460c141dd2ff83412e4dc1c31b16b25f33144a9e5620ea73b13f5bc1c59411d98439ad226e8af03840603796067d87afe130812cf3de24982d0e306f9e61e764e5\" aria-label=\"Lavras-TV&#8211;720x104px (1) (1)\"><img src=\"https:\/\/lavras.tv\/site\/wp-content\/uploads\/2025\/01\/Lavras-TV-720x104px-1-1.png\" alt=\"\"  srcset=\"https:\/\/lavras.tv\/site\/wp-content\/uploads\/2025\/01\/Lavras-TV-720x104px-1-1.png 720w, https:\/\/lavras.tv\/site\/wp-content\/uploads\/2025\/01\/Lavras-TV-720x104px-1-1-470x68.png 470w, https:\/\/lavras.tv\/site\/wp-content\/uploads\/2025\/01\/Lavras-TV-720x104px-1-1-170x25.png 170w, https:\/\/lavras.tv\/site\/wp-content\/uploads\/2025\/01\/Lavras-TV-720x104px-1-1-200x29.png 200w\" sizes=\"(max-width: 720px) 100vw, 720px\" width=\"720\" height=\"104\"  style=\"display: inline-block;\" \/><\/a><\/div><\/li><li><a href=\"https:\/\/sistemas.lavras.mg.gov.br\/portalcidadao\/#df1b1a7c7b2a290bcb31e32771e610784662739a88807c0dacac58ede5f391a7530e299dc302d611ee73cb143fc22eaf93592e53e7b5bdb01b00a0b8d28dae460c141dd2ff83412e4dc1c31b16b25f33144a9e5620ea73b13f5bc1c59411d98439ad226e8af03840603796067d87afe130812cf3de24982d0e306f9e61e764e5\" aria-label=\"Banner_Emprego_PortallavrasTV\"><img src=\"https:\/\/lavras.tv\/site\/wp-content\/uploads\/2025\/03\/Banner_Emprego_PortallavrasTV.png\" alt=\"\"  srcset=\"https:\/\/lavras.tv\/site\/wp-content\/uploads\/2025\/03\/Banner_Emprego_PortallavrasTV.png 720w, https:\/\/lavras.tv\/site\/wp-content\/uploads\/2025\/03\/Banner_Emprego_PortallavrasTV-470x68.png 470w, https:\/\/lavras.tv\/site\/wp-content\/uploads\/2025\/03\/Banner_Emprego_PortallavrasTV-170x25.png 170w, https:\/\/lavras.tv\/site\/wp-content\/uploads\/2025\/03\/Banner_Emprego_PortallavrasTV-200x29.png 200w\" sizes=\"(max-width: 720px) 100vw, 720px\" width=\"720\" height=\"104\"   \/><\/a><\/li><li><a href=\"https:\/\/sistemas.lavras.mg.gov.br\/portalcidadao\/#df1b1a7c7b2a290bcb31e32771e610784662739a88807c0dacac58ede5f391a7530e299dc302d611ee73cb143fc22eaf93592e53e7b5bdb01b00a0b8d28dae460c141dd2ff83412e4dc1c31b16b25f33144a9e5620ea73b13f5bc1c59411d98439ad226e8af03840603796067d87afe130812cf3de24982d0e306f9e61e764e5\" aria-label=\"Banner_Obras_PortallavrasTV\"><img src=\"https:\/\/lavras.tv\/site\/wp-content\/uploads\/2025\/03\/Banner_Obras_PortallavrasTV.png\" alt=\"\"  srcset=\"https:\/\/lavras.tv\/site\/wp-content\/uploads\/2025\/03\/Banner_Obras_PortallavrasTV.png 720w, https:\/\/lavras.tv\/site\/wp-content\/uploads\/2025\/03\/Banner_Obras_PortallavrasTV-470x68.png 470w, https:\/\/lavras.tv\/site\/wp-content\/uploads\/2025\/03\/Banner_Obras_PortallavrasTV-170x25.png 170w, https:\/\/lavras.tv\/site\/wp-content\/uploads\/2025\/03\/Banner_Obras_PortallavrasTV-200x29.png 200w\" sizes=\"(max-width: 720px) 100vw, 720px\" width=\"720\" height=\"104\"   \/><\/a><\/li><li><div style=\"margin-left: auto;margin-right: auto;text-align: center;\" id=\"lavra-750126420\"><a href=\"https:\/\/sistemas.lavras.mg.gov.br\/portalcidadao\/#df1b1a7c7b2a290bcb31e32771e610784662739a88807c0dacac58ede5f391a7530e299dc302d611ee73cb143fc22eaf93592e53e7b5bdb01b00a0b8d28dae460c141dd2ff83412e4dc1c31b16b25f33144a9e5620ea73b13f5bc1c59411d98439ad226e8af03840603796067d87afe130812cf3de24982d0e306f9e61e764e5\" aria-label=\"Banner_Educa\u00e7\u00e3o_PortallavrasTV\"><img src=\"https:\/\/lavras.tv\/site\/wp-content\/uploads\/2025\/01\/Banner_Educacao_PortallavrasTV.png\" alt=\"\"  srcset=\"https:\/\/lavras.tv\/site\/wp-content\/uploads\/2025\/01\/Banner_Educacao_PortallavrasTV.png 720w, https:\/\/lavras.tv\/site\/wp-content\/uploads\/2025\/01\/Banner_Educacao_PortallavrasTV-470x68.png 470w, https:\/\/lavras.tv\/site\/wp-content\/uploads\/2025\/01\/Banner_Educacao_PortallavrasTV-170x25.png 170w, https:\/\/lavras.tv\/site\/wp-content\/uploads\/2025\/01\/Banner_Educacao_PortallavrasTV-200x29.png 200w\" sizes=\"(max-width: 720px) 100vw, 720px\" width=\"720\" height=\"104\"  style=\"display: inline-block;\" \/><\/a><\/div><\/li><li><a href=\"https:\/\/sistemas.lavras.mg.gov.br\/portalcidadao\/#df1b1a7c7b2a290bcb31e32771e610784662739a88807c0dacac58ede5f391a7530e299dc302d611ee73cb143fc22eaf93592e53e7b5bdb01b00a0b8d28dae460c141dd2ff83412e4dc1c31b16b25f33144a9e5620ea73b13f5bc1c59411d98439ad226e8af03840603796067d87afe130812cf3de24982d0e306f9e61e764e5\" aria-label=\"Banner_Sa\u00fade_PortallavrasTV\"><img src=\"https:\/\/lavras.tv\/site\/wp-content\/uploads\/2025\/03\/Banner_Saude_PortallavrasTV.png\" alt=\"\"  srcset=\"https:\/\/lavras.tv\/site\/wp-content\/uploads\/2025\/03\/Banner_Saude_PortallavrasTV.png 720w, https:\/\/lavras.tv\/site\/wp-content\/uploads\/2025\/03\/Banner_Saude_PortallavrasTV-470x68.png 470w, https:\/\/lavras.tv\/site\/wp-content\/uploads\/2025\/03\/Banner_Saude_PortallavrasTV-170x25.png 170w, https:\/\/lavras.tv\/site\/wp-content\/uploads\/2025\/03\/Banner_Saude_PortallavrasTV-200x29.png 200w\" sizes=\"(max-width: 720px) 100vw, 720px\" width=\"720\" height=\"104\"   \/><\/a><\/li><li><div id=\"lavra-271618572\" style=\"width:720px;height:104px;background-color:#ddd;overflow:scroll;\">\n\t<strong>Sa\u00edda da depura\u00e7\u00e3o de an\u00fancios<\/strong>\n\t<br><br>\n\tO an\u00fancio n\u00e3o \u00e9 exibido na p\u00e1gina<br><br>post atual: Dieta restritiva pode causar queda de cabelo? Saiba como evitar o problema, ID: 164179<br><br><span style=\"color: red;\">O post atual n\u00e3o \u00e9 id\u00eantico ao post principal.<\/span><br><br>An\u00fancios: ROXO - TOPO INTERNA - ROTATIVO 2 (197)<br \/>Grupo de an\u00fancios: Princ_Meio01_720x104 (27)<br><br>Condi\u00e7\u00f5es de exibi\u00e7\u00e3o<div style=\"margin-bottom: 20px; white-space: pre-wrap; font-family: monospace; width: 100%; background: #ffe9e9;\"><strong>condi\u00e7\u00f5es gerais<\/strong><table border=\"1\"><thead><tr><th><\/th><th>An\u00fancios<\/th><th>wp_the_query<\/th><\/tr><\/thead><tr><td>is_main_query<\/td><td>1<\/td><td>1<\/td><\/tr><tr><td>is_rest_api<\/td><td>0<\/td><td>1<\/td><\/tr><tr><td>page<\/td><td>0<\/td><td>1<\/td><\/tr><tr><td>numpages<\/td><td>0<\/td><td>1<\/td><\/tr><tr><td>is_archive<\/td><td>1<\/td><td><\/td><\/tr><tr><td>is_search<\/td><td>1<\/td><td><\/td><\/tr><tr><td>is_home<\/td><td>1<\/td><td><\/td><\/tr><tr><td>is_404<\/td><td>1<\/td><td><\/td><\/tr><tr><td>is_attachment<\/td><td>1<\/td><td><\/td><\/tr><tr><td>is_singular<\/td><td>1<\/td><td><\/td><\/tr><tr><td>is_front_page<\/td><td>1<\/td><td><\/td><\/tr><tr><td>is_feed<\/td><td>1<\/td><td><\/td><\/tr><\/table><\/div><br><br><span style=\"color: red;\">Seu site usa HTTPS, mas o c\u00f3digo do an\u00fancio cont\u00e9m HTTP e pode n\u00e3o funcionar.<\/span>\t<br><br>\n\t<a style=\"color: green;\" href=\"https:\/\/wpadvancedads.com\/manual\/ad-debug-mode\/?utm_source=advanced-ads&utm_medium=link&utm_campaign=ad-debug-mode\" target=\"_blank\" rel=\"nofollow\">Encontre solu\u00e7\u00f5es no manual<\/a>\n<\/div>\n<\/li><\/ul><\/div><script>( window.advanced_ads_ready || jQuery( document ).ready ).call( null, function() {var $lavraslider1205631133 = jQuery( \".lavra-slider-1205631133\" );$lavraslider1205631133.on( \"unslider.ready\", function() { jQuery( \"div.custom-slider ul li\" ).css( \"display\", \"block\" ); });$lavraslider1205631133.unslider({ delay:4000, autoplay:true, nav:false, arrows:false, infinite:true });$lavraslider1205631133.on(\"mouseover\", function() {$lavraslider1205631133.unslider(\"stop\");}).on(\"mouseout\", function() {$lavraslider1205631133.unslider(\"start\");});});<\/script><\/div>\n<p>A tricologista M\u00e1rcia Dertkigil alerta sobre a rela\u00e7\u00e3o entre emagrecimento e perda capilar e orienta como manter os fios saud\u00e1veis<\/p>\n\n\n\n<figure class=\"wp-block-image size-large\"><img fetchpriority=\"high\" decoding=\"async\" width=\"970\" height=\"581\" src=\"http:\/\/lavras.tv\/site\/wp-content\/uploads\/2025\/03\/1_a1-48563276-970x581.jpg\" alt=\"\" class=\"wp-image-164180\" srcset=\"https:\/\/lavras.tv\/site\/wp-content\/uploads\/2025\/03\/1_a1-48563276-970x581.jpg 970w, https:\/\/lavras.tv\/site\/wp-content\/uploads\/2025\/03\/1_a1-48563276-470x282.jpg 470w, https:\/\/lavras.tv\/site\/wp-content\/uploads\/2025\/03\/1_a1-48563276-170x102.jpg 170w, https:\/\/lavras.tv\/site\/wp-content\/uploads\/2025\/03\/1_a1-48563276-200x120.jpg 200w, https:\/\/lavras.tv\/site\/wp-content\/uploads\/2025\/03\/1_a1-48563276.jpg 1200w\" sizes=\"(max-width: 970px) 100vw, 970px\" \/><\/figure>\n\n\n\n<p>A tricologista\u00a0 M\u00e1rcia Dertkigil alerta que a defici\u00eancia de nutrientes e\u00a0<a href=\"https:\/\/www.em.com.br\/saude\/2025\/02\/7067316-mudancas-hormonais-cansaco-e-cobranca-por-tras-da-depressao-pos-parto.html\"><strong>altera\u00e7\u00f5es hormonais<\/strong>\u00a0<\/a>durante dietas restritivas ou uso de medicamentos como Ozempic e Monjaro podem levar \u00e0 queda capilar, mas refor\u00e7a que o problema pode ser prevenido e tratado com a abordagem correta.<\/p>\n\n\n\n<p>A busca pelo emagrecimento r\u00e1pido tem levado muitas pessoas a adotarem dietas restritivas e at\u00e9 mesmo o uso de medicamentos como<a href=\"https:\/\/www.em.com.br\/saude\/2025\/01\/7046629-cantora-avery-diz-que-desenvolveu-osteoporose-causada-pelo-uso-de-ozempic.html\"><strong>\u00a0Ozempic<\/strong><\/a>\u00a0e Monjaro. No entanto, um efeito colateral inesperado pode surgir ao longo desse processo: a queda de cabelo. Embora n\u00e3o seja um efeito direto desses medicamentos, a perda capilar pode estar associada \u00e0s altera\u00e7\u00f5es hormonais e a uma alimenta\u00e7\u00e3o deficiente.<\/p>\n\n\n\n<p>Segundo a m\u00e9dica tricologista M\u00e1rcia Dertkigil, a queda capilar pode ocorrer de maneira difusa, espalhando-se pelo couro cabeludo, ou de forma localizada em \u00e1reas espec\u00edficas. \u201cIdentificar o tipo de queda \u00e9 fundamental para direcionar o melhor tratamento e garantir a recupera\u00e7\u00e3o dos fios\u201d, explica a especialista.<\/p>\n\n\n\n<p>A nutri\u00e7\u00e3o desempenha um papel essencial na sa\u00fade capilar. Uma dieta restritiva pode levar \u00e0 defici\u00eancia de nutrientes fundamentais para o fortalecimento dos cabelos, como biotina, zinco e prote\u00ednas. \u201cManter uma alimenta\u00e7\u00e3o equilibrada \u00e9 a chave para prevenir a queda e garantir que os fios continuem saud\u00e1veis mesmo durante o processo de\u00a0<a href=\"https:\/\/www.em.com.br\/saude\/2025\/02\/7053936-medicos-alertam-para-uso-de-remedios-alternativos-para-emagrecimento.html\"><strong>emagrecimento<\/strong><\/a>\u201d, ressalta a tricologista.<\/p>\n\n\n\n<p>Caso a queda de cabelo seja notada, a orienta\u00e7\u00e3o de um especialista \u00e9 indispens\u00e1vel. O acompanhamento com um tricologista pode ajudar a identificar a causa do problema e definir um plano de tratamento adequado, que pode incluir ajustes nutricionais e terapias capilares para estimular o crescimento dos fios.<\/p>\n\n\n\n<p>A boa not\u00edcia \u00e9 que, com os cuidados corretos, a queda capilar pode ser tratada e revertida. \u201cCom paci\u00eancia e dedica\u00e7\u00e3o, \u00e9 poss\u00edvel recuperar a sa\u00fade dos cabelos e restaurar a autoconfian\u00e7a. O importante \u00e9 buscar um emagrecimento saud\u00e1vel, sem comprometer o bem-estar do organismo e dos fios\u201d, conclui Dertkigil.<\/p>\n","protected":false},"excerpt":{"rendered":"<p>A tricologista M\u00e1rcia Dertkigil alerta sobre a rela\u00e7\u00e3o entre emagrecimento e perda capilar e orienta como manter os fios saud\u00e1veis A tricologista\u00a0 M\u00e1rcia Dertkigil alerta que a defici\u00eancia de nutrientes e\u00a0altera\u00e7\u00f5es hormonais\u00a0durante dietas restritivas ou uso de medicamentos como Ozempic e Monjaro podem levar \u00e0 queda capilar, mas refor\u00e7a que o problema pode ser prevenido [&hellip;]<\/p>\n","protected":false},"author":5,"featured_media":164180,"comment_status":"closed","ping_status":"open","sticky":false,"template":"","format":"standard","meta":{"advgb_blocks_editor_width":"","advgb_blocks_columns_visual_guide":"","_exactmetrics_skip_tracking":false,"_exactmetrics_sitenote_active":false,"_exactmetrics_sitenote_note":"","_exactmetrics_sitenote_category":0,"footnotes":""},"categories":[7,2],"tags":[],"class_list":["post-164179","post","type-post","status-publish","format-standard","has-post-thumbnail","hentry","category-destaques","category-noticias"],"better_featured_image":{"id":164180,"alt_text":"","caption":"","description":"","media_type":"image","media_details":{"width":1200,"height":719,"file":"2025\/03\/1_a1-48563276.jpg","filesize":118407,"sizes":{"medium":{"file":"1_a1-48563276-470x282.jpg","width":470,"height":282,"mime-type":"image\/jpeg","filesize":17574,"source_url":"https:\/\/lavras.tv\/site\/wp-content\/uploads\/2025\/03\/1_a1-48563276-470x282.jpg"},"large":{"file":"1_a1-48563276-970x581.jpg","width":970,"height":581,"mime-type":"image\/jpeg","filesize":56673,"source_url":"https:\/\/lavras.tv\/site\/wp-content\/uploads\/2025\/03\/1_a1-48563276-970x581.jpg"},"thumbnail":{"file":"1_a1-48563276-170x102.jpg","width":170,"height":102,"mime-type":"image\/jpeg","filesize":3817,"source_url":"https:\/\/lavras.tv\/site\/wp-content\/uploads\/2025\/03\/1_a1-48563276-170x102.jpg"},"lshowcase-thumb":{"file":"1_a1-48563276-200x120.jpg","width":200,"height":120,"mime-type":"image\/jpeg","filesize":4667,"source_url":"https:\/\/lavras.tv\/site\/wp-content\/uploads\/2025\/03\/1_a1-48563276-200x120.jpg"},"alm-thumbnail":{"file":"1_a1-48563276-150x150.jpg","width":150,"height":150,"mime-type":"image\/jpeg","filesize":5719,"source_url":"https:\/\/lavras.tv\/site\/wp-content\/uploads\/2025\/03\/1_a1-48563276-150x150.jpg"}},"image_meta":{"aperture":"0","credit":"","camera":"","caption":"","created_timestamp":"0","copyright":"","focal_length":"0","iso":"0","shutter_speed":"0","title":"","orientation":"0","keywords":[]}},"post":164179,"source_url":"https:\/\/lavras.tv\/site\/wp-content\/uploads\/2025\/03\/1_a1-48563276.jpg"},"author_meta":{"display_name":"Vinicius Bustamante","author_link":"https:\/\/lavras.tv\/site\/author\/vinicius-bustamante\/"},"featured_img":"https:\/\/lavras.tv\/site\/wp-content\/uploads\/2025\/03\/1_a1-48563276-470x282.jpg","coauthors":[],"tax_additional":{"categories":{"linked":["<a href=\"https:\/\/lavras.tv\/site\/category\/destaques\/\" class=\"advgb-post-tax-term\">Destaques<\/a>","<a href=\"https:\/\/lavras.tv\/site\/category\/noticias\/\" class=\"advgb-post-tax-term\">Not\u00edcias<\/a>"],"unlinked":["<span class=\"advgb-post-tax-term\">Destaques<\/span>","<span class=\"advgb-post-tax-term\">Not\u00edcias<\/span>"]}},"comment_count":"0","relative_dates":{"created":"Publicado 1 ano atr\u00e1s","modified":"Atualizado 1 ano atr\u00e1s"},"absolute_dates":{"created":"Publicado em 26 de mar\u00e7o de 2025","modified":"Atualizado em 26 de mar\u00e7o de 2025"},"absolute_dates_time":{"created":"Publicado em 26 de mar\u00e7o de 2025 14:36","modified":"Atualizado em 26 de mar\u00e7o de 2025 14:36"},"featured_img_caption":"","series_order":"","_links":{"self":[{"href":"https:\/\/lavras.tv\/site\/wp-json\/wp\/v2\/posts\/164179","targetHints":{"allow":["GET"]}}],"collection":[{"href":"https:\/\/lavras.tv\/site\/wp-json\/wp\/v2\/posts"}],"about":[{"href":"https:\/\/lavras.tv\/site\/wp-json\/wp\/v2\/types\/post"}],"author":[{"embeddable":true,"href":"https:\/\/lavras.tv\/site\/wp-json\/wp\/v2\/users\/5"}],"replies":[{"embeddable":true,"href":"https:\/\/lavras.tv\/site\/wp-json\/wp\/v2\/comments?post=164179"}],"version-history":[{"count":1,"href":"https:\/\/lavras.tv\/site\/wp-json\/wp\/v2\/posts\/164179\/revisions"}],"predecessor-version":[{"id":164181,"href":"https:\/\/lavras.tv\/site\/wp-json\/wp\/v2\/posts\/164179\/revisions\/164181"}],"wp:featuredmedia":[{"embeddable":true,"href":"https:\/\/lavras.tv\/site\/wp-json\/wp\/v2\/media\/164180"}],"wp:attachment":[{"href":"https:\/\/lavras.tv\/site\/wp-json\/wp\/v2\/media?parent=164179"}],"wp:term":[{"taxonomy":"category","embeddable":true,"href":"https:\/\/lavras.tv\/site\/wp-json\/wp\/v2\/categories?post=164179"},{"taxonomy":"post_tag","embeddable":true,"href":"https:\/\/lavras.tv\/site\/wp-json\/wp\/v2\/tags?post=164179"}],"curies":[{"name":"wp","href":"https:\/\/api.w.org\/{rel}","templated":true}]}}