{"id":164416,"date":"2025-03-27T14:37:22","date_gmt":"2025-03-27T17:37:22","guid":{"rendered":"https:\/\/lavras.tv\/site\/?p=164416"},"modified":"2025-03-27T14:37:23","modified_gmt":"2025-03-27T17:37:23","slug":"alvaro-damiao-tomara-posse-como-prefeito-em-ato-solene-na-camara-de-bh","status":"publish","type":"post","link":"https:\/\/lavras.tv\/site\/2025\/03\/27\/alvaro-damiao-tomara-posse-como-prefeito-em-ato-solene-na-camara-de-bh\/","title":{"rendered":"\u00c1lvaro Dami\u00e3o tomar\u00e1 posse como prefeito em ato solene na C\u00e2mara de BH"},"content":{"rendered":"<div class=\"lavra-antes-do-conteudo_2\" id=\"lavra-285535220\"><div id=\"lavra-slider-27\" class=\"custom-slider lavra-slider-510747562 lavra-slider\"><ul><li><div style=\"margin-left: auto;margin-right: auto;text-align: center;\" id=\"lavra-1471246356\"><a href=\"https:\/\/sistemas.lavras.mg.gov.br\/portalcidadao\/#df1b1a7c7b2a290bcb31e32771e610784662739a88807c0dacac58ede5f391a7530e299dc302d611ee73cb143fc22eaf93592e53e7b5bdb01b00a0b8d28dae460c141dd2ff83412e4dc1c31b16b25f33144a9e5620ea73b13f5bc1c59411d98439ad226e8af03840603796067d87afe130812cf3de24982d0e306f9e61e764e5\" aria-label=\"Lavras-TV&#8211;720x104px (1) (1)\"><img src=\"https:\/\/lavras.tv\/site\/wp-content\/uploads\/2025\/01\/Lavras-TV-720x104px-1-1.png\" alt=\"\"  srcset=\"https:\/\/lavras.tv\/site\/wp-content\/uploads\/2025\/01\/Lavras-TV-720x104px-1-1.png 720w, https:\/\/lavras.tv\/site\/wp-content\/uploads\/2025\/01\/Lavras-TV-720x104px-1-1-470x68.png 470w, https:\/\/lavras.tv\/site\/wp-content\/uploads\/2025\/01\/Lavras-TV-720x104px-1-1-170x25.png 170w, https:\/\/lavras.tv\/site\/wp-content\/uploads\/2025\/01\/Lavras-TV-720x104px-1-1-200x29.png 200w\" sizes=\"(max-width: 720px) 100vw, 720px\" width=\"720\" height=\"104\"  style=\"display: inline-block;\" \/><\/a><\/div><\/li><li><a href=\"https:\/\/sistemas.lavras.mg.gov.br\/portalcidadao\/#df1b1a7c7b2a290bcb31e32771e610784662739a88807c0dacac58ede5f391a7530e299dc302d611ee73cb143fc22eaf93592e53e7b5bdb01b00a0b8d28dae460c141dd2ff83412e4dc1c31b16b25f33144a9e5620ea73b13f5bc1c59411d98439ad226e8af03840603796067d87afe130812cf3de24982d0e306f9e61e764e5\" aria-label=\"Banner_Emprego_PortallavrasTV\"><img src=\"https:\/\/lavras.tv\/site\/wp-content\/uploads\/2025\/03\/Banner_Emprego_PortallavrasTV.png\" alt=\"\"  srcset=\"https:\/\/lavras.tv\/site\/wp-content\/uploads\/2025\/03\/Banner_Emprego_PortallavrasTV.png 720w, https:\/\/lavras.tv\/site\/wp-content\/uploads\/2025\/03\/Banner_Emprego_PortallavrasTV-470x68.png 470w, https:\/\/lavras.tv\/site\/wp-content\/uploads\/2025\/03\/Banner_Emprego_PortallavrasTV-170x25.png 170w, https:\/\/lavras.tv\/site\/wp-content\/uploads\/2025\/03\/Banner_Emprego_PortallavrasTV-200x29.png 200w\" sizes=\"(max-width: 720px) 100vw, 720px\" width=\"720\" height=\"104\"   \/><\/a><\/li><li><a href=\"https:\/\/sistemas.lavras.mg.gov.br\/portalcidadao\/#df1b1a7c7b2a290bcb31e32771e610784662739a88807c0dacac58ede5f391a7530e299dc302d611ee73cb143fc22eaf93592e53e7b5bdb01b00a0b8d28dae460c141dd2ff83412e4dc1c31b16b25f33144a9e5620ea73b13f5bc1c59411d98439ad226e8af03840603796067d87afe130812cf3de24982d0e306f9e61e764e5\" aria-label=\"Banner_Obras_PortallavrasTV\"><img src=\"https:\/\/lavras.tv\/site\/wp-content\/uploads\/2025\/03\/Banner_Obras_PortallavrasTV.png\" alt=\"\"  srcset=\"https:\/\/lavras.tv\/site\/wp-content\/uploads\/2025\/03\/Banner_Obras_PortallavrasTV.png 720w, https:\/\/lavras.tv\/site\/wp-content\/uploads\/2025\/03\/Banner_Obras_PortallavrasTV-470x68.png 470w, https:\/\/lavras.tv\/site\/wp-content\/uploads\/2025\/03\/Banner_Obras_PortallavrasTV-170x25.png 170w, https:\/\/lavras.tv\/site\/wp-content\/uploads\/2025\/03\/Banner_Obras_PortallavrasTV-200x29.png 200w\" sizes=\"(max-width: 720px) 100vw, 720px\" width=\"720\" height=\"104\"   \/><\/a><\/li><li><div style=\"margin-left: auto;margin-right: auto;text-align: center;\" id=\"lavra-2862453467\"><a href=\"https:\/\/sistemas.lavras.mg.gov.br\/portalcidadao\/#df1b1a7c7b2a290bcb31e32771e610784662739a88807c0dacac58ede5f391a7530e299dc302d611ee73cb143fc22eaf93592e53e7b5bdb01b00a0b8d28dae460c141dd2ff83412e4dc1c31b16b25f33144a9e5620ea73b13f5bc1c59411d98439ad226e8af03840603796067d87afe130812cf3de24982d0e306f9e61e764e5\" aria-label=\"Banner_Educa\u00e7\u00e3o_PortallavrasTV\"><img src=\"https:\/\/lavras.tv\/site\/wp-content\/uploads\/2025\/01\/Banner_Educacao_PortallavrasTV.png\" alt=\"\"  srcset=\"https:\/\/lavras.tv\/site\/wp-content\/uploads\/2025\/01\/Banner_Educacao_PortallavrasTV.png 720w, https:\/\/lavras.tv\/site\/wp-content\/uploads\/2025\/01\/Banner_Educacao_PortallavrasTV-470x68.png 470w, https:\/\/lavras.tv\/site\/wp-content\/uploads\/2025\/01\/Banner_Educacao_PortallavrasTV-170x25.png 170w, https:\/\/lavras.tv\/site\/wp-content\/uploads\/2025\/01\/Banner_Educacao_PortallavrasTV-200x29.png 200w\" sizes=\"(max-width: 720px) 100vw, 720px\" width=\"720\" height=\"104\"  style=\"display: inline-block;\" \/><\/a><\/div><\/li><li><a href=\"https:\/\/sistemas.lavras.mg.gov.br\/portalcidadao\/#df1b1a7c7b2a290bcb31e32771e610784662739a88807c0dacac58ede5f391a7530e299dc302d611ee73cb143fc22eaf93592e53e7b5bdb01b00a0b8d28dae460c141dd2ff83412e4dc1c31b16b25f33144a9e5620ea73b13f5bc1c59411d98439ad226e8af03840603796067d87afe130812cf3de24982d0e306f9e61e764e5\" aria-label=\"Banner_Sa\u00fade_PortallavrasTV\"><img src=\"https:\/\/lavras.tv\/site\/wp-content\/uploads\/2025\/03\/Banner_Saude_PortallavrasTV.png\" alt=\"\"  srcset=\"https:\/\/lavras.tv\/site\/wp-content\/uploads\/2025\/03\/Banner_Saude_PortallavrasTV.png 720w, https:\/\/lavras.tv\/site\/wp-content\/uploads\/2025\/03\/Banner_Saude_PortallavrasTV-470x68.png 470w, https:\/\/lavras.tv\/site\/wp-content\/uploads\/2025\/03\/Banner_Saude_PortallavrasTV-170x25.png 170w, https:\/\/lavras.tv\/site\/wp-content\/uploads\/2025\/03\/Banner_Saude_PortallavrasTV-200x29.png 200w\" sizes=\"(max-width: 720px) 100vw, 720px\" width=\"720\" height=\"104\"   \/><\/a><\/li><li><div id=\"lavra-298356037\" style=\"width:720px;height:104px;background-color:#ddd;overflow:scroll;\">\n\t<strong>Sa\u00edda da depura\u00e7\u00e3o de an\u00fancios<\/strong>\n\t<br><br>\n\tO an\u00fancio n\u00e3o \u00e9 exibido na p\u00e1gina<br><br>post atual: \u00c1lvaro Dami\u00e3o tomar\u00e1 posse como prefeito em ato solene na C\u00e2mara de BH, ID: 164416<br><br><span style=\"color: red;\">O post atual n\u00e3o \u00e9 id\u00eantico ao post principal.<\/span><br><br>An\u00fancios: ROXO - TOPO INTERNA - ROTATIVO 2 (197)<br \/>Grupo de an\u00fancios: Princ_Meio01_720x104 (27)<br><br>Condi\u00e7\u00f5es de exibi\u00e7\u00e3o<div style=\"margin-bottom: 20px; white-space: pre-wrap; font-family: monospace; width: 100%; background: #ffe9e9;\"><strong>condi\u00e7\u00f5es gerais<\/strong><table border=\"1\"><thead><tr><th><\/th><th>An\u00fancios<\/th><th>wp_the_query<\/th><\/tr><\/thead><tr><td>is_main_query<\/td><td>1<\/td><td>1<\/td><\/tr><tr><td>is_rest_api<\/td><td>0<\/td><td>1<\/td><\/tr><tr><td>page<\/td><td>0<\/td><td>1<\/td><\/tr><tr><td>numpages<\/td><td>0<\/td><td>1<\/td><\/tr><tr><td>is_archive<\/td><td>1<\/td><td><\/td><\/tr><tr><td>is_search<\/td><td>1<\/td><td><\/td><\/tr><tr><td>is_home<\/td><td>1<\/td><td><\/td><\/tr><tr><td>is_404<\/td><td>1<\/td><td><\/td><\/tr><tr><td>is_attachment<\/td><td>1<\/td><td><\/td><\/tr><tr><td>is_singular<\/td><td>1<\/td><td><\/td><\/tr><tr><td>is_front_page<\/td><td>1<\/td><td><\/td><\/tr><tr><td>is_feed<\/td><td>1<\/td><td><\/td><\/tr><\/table><\/div><br><br><span style=\"color: red;\">Seu site usa HTTPS, mas o c\u00f3digo do an\u00fancio cont\u00e9m HTTP e pode n\u00e3o funcionar.<\/span>\t<br><br>\n\t<a style=\"color: green;\" href=\"https:\/\/wpadvancedads.com\/manual\/ad-debug-mode\/?utm_source=advanced-ads&utm_medium=link&utm_campaign=ad-debug-mode\" target=\"_blank\" rel=\"nofollow\">Encontre solu\u00e7\u00f5es no manual<\/a>\n<\/div>\n<\/li><\/ul><\/div><script>( window.advanced_ads_ready || jQuery( document ).ready ).call( null, function() {var $lavraslider510747562 = jQuery( \".lavra-slider-510747562\" );$lavraslider510747562.on( \"unslider.ready\", function() { jQuery( \"div.custom-slider ul li\" ).css( \"display\", \"block\" ); });$lavraslider510747562.unslider({ delay:4000, autoplay:true, nav:false, arrows:false, infinite:true });$lavraslider510747562.on(\"mouseover\", function() {$lavraslider510747562.unslider(\"stop\");}).on(\"mouseout\", function() {$lavraslider510747562.unslider(\"start\");});});<\/script><\/div>\n<p>Pela lei do munic\u00edpio, vice de Fuad Noman j\u00e1 assume o cargo automaticamente, mas Legislativo far\u00e1 solenidade para formalizar a transi\u00e7\u00e3o<\/p>\n\n\n\n<figure class=\"wp-block-image size-large\"><img fetchpriority=\"high\" decoding=\"async\" width=\"970\" height=\"581\" src=\"https:\/\/lavras.tv\/site\/wp-content\/uploads\/2025\/03\/1_fuad_noman___alvaro_damiao-39125724-970x581.jpg\" alt=\"\" class=\"wp-image-164417\" srcset=\"https:\/\/lavras.tv\/site\/wp-content\/uploads\/2025\/03\/1_fuad_noman___alvaro_damiao-39125724-970x581.jpg 970w, https:\/\/lavras.tv\/site\/wp-content\/uploads\/2025\/03\/1_fuad_noman___alvaro_damiao-39125724-470x282.jpg 470w, https:\/\/lavras.tv\/site\/wp-content\/uploads\/2025\/03\/1_fuad_noman___alvaro_damiao-39125724-170x102.jpg 170w, https:\/\/lavras.tv\/site\/wp-content\/uploads\/2025\/03\/1_fuad_noman___alvaro_damiao-39125724-200x120.jpg 200w, https:\/\/lavras.tv\/site\/wp-content\/uploads\/2025\/03\/1_fuad_noman___alvaro_damiao-39125724.jpg 1200w\" sizes=\"(max-width: 970px) 100vw, 970px\" \/><\/figure>\n\n\n\n<p><a href=\"https:\/\/www.em.com.br\/politica\/2025\/03\/7093913-quem-e-alvaro-damiao-que-sera-prefeito-de-bh-com-a-morte-de-fuad.html\">\u00c1lvaro Dami\u00e3o (Uni\u00e3o Brasil)<\/a>\u00a0ser\u00e1 empossado como prefeito de Belo Horizonte em ato solene na\u00a0<a href=\"https:\/\/www.em.com.br\/politica\/2025\/03\/7093972-vereadores-de-bh-manifestam-luto-por-morte-de-fuad.html\" target=\"_blank\" rel=\"noreferrer noopener\">C\u00e2mara Municipal da capital mineira (CMBH)<\/a>. Eleito como vice em 2024, o ex-vereador j\u00e1 \u00e9 o titular do cargo diante da morte de Fuad Noman (PSD), de acordo com a Lei Org\u00e2nica do Munic\u00edpio, independente do rito formal na Casa Legislativa.<\/p>\n\n\n\n<p>Ainda n\u00e3o h\u00e1 uma data determinada para a realiza\u00e7\u00e3o do ato solene de posse de Dami\u00e3o. Ele e Fuad foram oficialmente empossados em evento na Casa em 1\u00ba de janeiro. Na ocasi\u00e3o, j\u00e1 enfrentando problemas de sa\u00fade, o prefeito reeleito participou via videoconfer\u00eancia e teve\u00a0<a href=\"https:\/\/www.em.com.br\/politica\/2025\/01\/7024553-empossado-fuad-e-aplaudido-de-pe-em-cerimonia-na-camara-de-bh.html\" target=\"_blank\" rel=\"noreferrer noopener\">dificuldades para proferir o rito da cerim\u00f4nia<\/a>.<\/p>\n\n\n\n<p>A C\u00e2mara Municipal de BH decretou luto oficial de tr\u00eas dias pelo falecimento do prefeito.&nbsp;<a href=\"https:\/\/www.em.com.br\/politica\/2025\/03\/7093874-morre-fuad-noman-prefeito-de-bh-aos-77-anos.html\">Fuad morreu nesta quarta-feira (26\/3) ap\u00f3s sofrer uma parada cardiorrespirat\u00f3ria<\/a>. Ele estava internado desde 3 de janeiro enfrentando sequelas do tratamento de um linfoma n\u00e3o-Hodgkin.<\/p>\n\n\n\n<p>Esta foi a quarta interna\u00e7\u00e3o de Fuad desde a reelei\u00e7\u00e3o, em outubro de 2024. Antes disso, ele foi hospitalizado em 23 de novembro, 6 e 19 de dezembro, em cada oportunidade por sintomas diferentes relacionados ao tratamento oncol\u00f3gico.<\/p>\n\n\n\n<p>Ap\u00f3s mais de quarenta anos de vida p\u00fablica como economista e ocupando cargos no secretariado do Governo de Minas e na Prefeitura de Belo Horizonte, Fuad disputou sua primeira elei\u00e7\u00e3o como cabe\u00e7a de chapa em 2024.<\/p>\n\n\n\n<p><br>Fuad terminou o primeiro turno na segunda coloca\u00e7\u00e3o e disputou nova rodada contra o l\u00edder preliminar, o deputado estadual Bruno Engler (PL).&nbsp; Durante a campanha de segundo turno, o pessedista tamb\u00e9m comemorou a remiss\u00e3o do c\u00e2ncer e se disse revigorado \u00e0s v\u00e9speras do dia da elei\u00e7\u00e3o.&nbsp;<a href=\"https:\/\/www.em.com.br\/politica\/2024\/10\/6974461-fuad-noman-e-reeleito-prefeito-de-belo-horizonte.html\" target=\"_blank\" rel=\"noreferrer noopener\">As urnas lhe renderam uma vit\u00f3ria com direito a virada<\/a>&nbsp;na vantagem de quase cem mil votos do concorrente bolsonarista.<\/p>\n","protected":false},"excerpt":{"rendered":"<p>Pela lei do munic\u00edpio, vice de Fuad Noman j\u00e1 assume o cargo automaticamente, mas Legislativo far\u00e1 solenidade para formalizar a transi\u00e7\u00e3o \u00c1lvaro Dami\u00e3o (Uni\u00e3o Brasil)\u00a0ser\u00e1 empossado como prefeito de Belo Horizonte em ato solene na\u00a0C\u00e2mara Municipal da capital mineira (CMBH). Eleito como vice em 2024, o ex-vereador j\u00e1 \u00e9 o titular do cargo diante da [&hellip;]<\/p>\n","protected":false},"author":5,"featured_media":164417,"comment_status":"closed","ping_status":"open","sticky":false,"template":"","format":"standard","meta":{"advgb_blocks_editor_width":"","advgb_blocks_columns_visual_guide":"","_exactmetrics_skip_tracking":false,"_exactmetrics_sitenote_active":false,"_exactmetrics_sitenote_note":"","_exactmetrics_sitenote_category":0,"footnotes":""},"categories":[7,2,12],"tags":[],"class_list":["post-164416","post","type-post","status-publish","format-standard","has-post-thumbnail","hentry","category-destaques","category-noticias","category-politica"],"better_featured_image":{"id":164417,"alt_text":"","caption":"","description":"","media_type":"image","media_details":{"width":1200,"height":719,"file":"2025\/03\/1_fuad_noman___alvaro_damiao-39125724.jpg","filesize":115547,"sizes":{"medium":{"file":"1_fuad_noman___alvaro_damiao-39125724-470x282.jpg","width":470,"height":282,"mime-type":"image\/jpeg","filesize":22081,"source_url":"https:\/\/lavras.tv\/site\/wp-content\/uploads\/2025\/03\/1_fuad_noman___alvaro_damiao-39125724-470x282.jpg"},"large":{"file":"1_fuad_noman___alvaro_damiao-39125724-970x581.jpg","width":970,"height":581,"mime-type":"image\/jpeg","filesize":62011,"source_url":"https:\/\/lavras.tv\/site\/wp-content\/uploads\/2025\/03\/1_fuad_noman___alvaro_damiao-39125724-970x581.jpg"},"thumbnail":{"file":"1_fuad_noman___alvaro_damiao-39125724-170x102.jpg","width":170,"height":102,"mime-type":"image\/jpeg","filesize":5010,"source_url":"https:\/\/lavras.tv\/site\/wp-content\/uploads\/2025\/03\/1_fuad_noman___alvaro_damiao-39125724-170x102.jpg"},"lshowcase-thumb":{"file":"1_fuad_noman___alvaro_damiao-39125724-200x120.jpg","width":200,"height":120,"mime-type":"image\/jpeg","filesize":6184,"source_url":"https:\/\/lavras.tv\/site\/wp-content\/uploads\/2025\/03\/1_fuad_noman___alvaro_damiao-39125724-200x120.jpg"},"alm-thumbnail":{"file":"1_fuad_noman___alvaro_damiao-39125724-150x150.jpg","width":150,"height":150,"mime-type":"image\/jpeg","filesize":5420,"source_url":"https:\/\/lavras.tv\/site\/wp-content\/uploads\/2025\/03\/1_fuad_noman___alvaro_damiao-39125724-150x150.jpg"}},"image_meta":{"aperture":"0","credit":"","camera":"","caption":"","created_timestamp":"0","copyright":"","focal_length":"0","iso":"0","shutter_speed":"0","title":"","orientation":"0","keywords":[]}},"post":164416,"source_url":"https:\/\/lavras.tv\/site\/wp-content\/uploads\/2025\/03\/1_fuad_noman___alvaro_damiao-39125724.jpg"},"author_meta":{"display_name":"Vinicius Bustamante","author_link":"https:\/\/lavras.tv\/site\/author\/vinicius-bustamante\/"},"featured_img":"https:\/\/lavras.tv\/site\/wp-content\/uploads\/2025\/03\/1_fuad_noman___alvaro_damiao-39125724-470x282.jpg","coauthors":[],"tax_additional":{"categories":{"linked":["<a href=\"https:\/\/lavras.tv\/site\/category\/destaques\/\" class=\"advgb-post-tax-term\">Destaques<\/a>","<a href=\"https:\/\/lavras.tv\/site\/category\/noticias\/\" class=\"advgb-post-tax-term\">Not\u00edcias<\/a>","<a href=\"https:\/\/lavras.tv\/site\/category\/politica\/\" class=\"advgb-post-tax-term\">Pol\u00edtica<\/a>"],"unlinked":["<span class=\"advgb-post-tax-term\">Destaques<\/span>","<span class=\"advgb-post-tax-term\">Not\u00edcias<\/span>","<span class=\"advgb-post-tax-term\">Pol\u00edtica<\/span>"]}},"comment_count":"0","relative_dates":{"created":"Publicado 1 ano atr\u00e1s","modified":"Atualizado 1 ano atr\u00e1s"},"absolute_dates":{"created":"Publicado em 27 de mar\u00e7o de 2025","modified":"Atualizado em 27 de mar\u00e7o de 2025"},"absolute_dates_time":{"created":"Publicado em 27 de mar\u00e7o de 2025 14:37","modified":"Atualizado em 27 de mar\u00e7o de 2025 14:37"},"featured_img_caption":"","series_order":"","_links":{"self":[{"href":"https:\/\/lavras.tv\/site\/wp-json\/wp\/v2\/posts\/164416","targetHints":{"allow":["GET"]}}],"collection":[{"href":"https:\/\/lavras.tv\/site\/wp-json\/wp\/v2\/posts"}],"about":[{"href":"https:\/\/lavras.tv\/site\/wp-json\/wp\/v2\/types\/post"}],"author":[{"embeddable":true,"href":"https:\/\/lavras.tv\/site\/wp-json\/wp\/v2\/users\/5"}],"replies":[{"embeddable":true,"href":"https:\/\/lavras.tv\/site\/wp-json\/wp\/v2\/comments?post=164416"}],"version-history":[{"count":1,"href":"https:\/\/lavras.tv\/site\/wp-json\/wp\/v2\/posts\/164416\/revisions"}],"predecessor-version":[{"id":164418,"href":"https:\/\/lavras.tv\/site\/wp-json\/wp\/v2\/posts\/164416\/revisions\/164418"}],"wp:featuredmedia":[{"embeddable":true,"href":"https:\/\/lavras.tv\/site\/wp-json\/wp\/v2\/media\/164417"}],"wp:attachment":[{"href":"https:\/\/lavras.tv\/site\/wp-json\/wp\/v2\/media?parent=164416"}],"wp:term":[{"taxonomy":"category","embeddable":true,"href":"https:\/\/lavras.tv\/site\/wp-json\/wp\/v2\/categories?post=164416"},{"taxonomy":"post_tag","embeddable":true,"href":"https:\/\/lavras.tv\/site\/wp-json\/wp\/v2\/tags?post=164416"}],"curies":[{"name":"wp","href":"https:\/\/api.w.org\/{rel}","templated":true}]}}