{"id":164419,"date":"2025-03-27T14:47:33","date_gmt":"2025-03-27T17:47:33","guid":{"rendered":"https:\/\/lavras.tv\/site\/?p=164419"},"modified":"2025-03-27T14:47:34","modified_gmt":"2025-03-27T17:47:34","slug":"deborah-secco-assume-novo-namoro-saiba-quem-e","status":"publish","type":"post","link":"https:\/\/lavras.tv\/site\/2025\/03\/27\/deborah-secco-assume-novo-namoro-saiba-quem-e\/","title":{"rendered":"Deborah Secco assume novo namoro; saiba quem \u00e9"},"content":{"rendered":"<div class=\"lavra-antes-do-conteudo_2\" id=\"lavra-480299298\"><div id=\"lavra-slider-27\" class=\"custom-slider lavra-slider-2967926511 lavra-slider\"><ul><li><div style=\"margin-left: auto;margin-right: auto;text-align: center;\" id=\"lavra-3872227341\"><a href=\"https:\/\/sistemas.lavras.mg.gov.br\/portalcidadao\/#df1b1a7c7b2a290bcb31e32771e610784662739a88807c0dacac58ede5f391a7530e299dc302d611ee73cb143fc22eaf93592e53e7b5bdb01b00a0b8d28dae460c141dd2ff83412e4dc1c31b16b25f33144a9e5620ea73b13f5bc1c59411d98439ad226e8af03840603796067d87afe130812cf3de24982d0e306f9e61e764e5\" aria-label=\"Lavras-TV&#8211;720x104px (1) (1)\"><img src=\"https:\/\/lavras.tv\/site\/wp-content\/uploads\/2025\/01\/Lavras-TV-720x104px-1-1.png\" alt=\"\"  srcset=\"https:\/\/lavras.tv\/site\/wp-content\/uploads\/2025\/01\/Lavras-TV-720x104px-1-1.png 720w, https:\/\/lavras.tv\/site\/wp-content\/uploads\/2025\/01\/Lavras-TV-720x104px-1-1-470x68.png 470w, https:\/\/lavras.tv\/site\/wp-content\/uploads\/2025\/01\/Lavras-TV-720x104px-1-1-170x25.png 170w, https:\/\/lavras.tv\/site\/wp-content\/uploads\/2025\/01\/Lavras-TV-720x104px-1-1-200x29.png 200w\" sizes=\"(max-width: 720px) 100vw, 720px\" width=\"720\" height=\"104\"  style=\"display: inline-block;\" \/><\/a><\/div><\/li><li><a href=\"https:\/\/sistemas.lavras.mg.gov.br\/portalcidadao\/#df1b1a7c7b2a290bcb31e32771e610784662739a88807c0dacac58ede5f391a7530e299dc302d611ee73cb143fc22eaf93592e53e7b5bdb01b00a0b8d28dae460c141dd2ff83412e4dc1c31b16b25f33144a9e5620ea73b13f5bc1c59411d98439ad226e8af03840603796067d87afe130812cf3de24982d0e306f9e61e764e5\" aria-label=\"Banner_Emprego_PortallavrasTV\"><img src=\"https:\/\/lavras.tv\/site\/wp-content\/uploads\/2025\/03\/Banner_Emprego_PortallavrasTV.png\" alt=\"\"  srcset=\"https:\/\/lavras.tv\/site\/wp-content\/uploads\/2025\/03\/Banner_Emprego_PortallavrasTV.png 720w, https:\/\/lavras.tv\/site\/wp-content\/uploads\/2025\/03\/Banner_Emprego_PortallavrasTV-470x68.png 470w, https:\/\/lavras.tv\/site\/wp-content\/uploads\/2025\/03\/Banner_Emprego_PortallavrasTV-170x25.png 170w, https:\/\/lavras.tv\/site\/wp-content\/uploads\/2025\/03\/Banner_Emprego_PortallavrasTV-200x29.png 200w\" sizes=\"(max-width: 720px) 100vw, 720px\" width=\"720\" height=\"104\"   \/><\/a><\/li><li><a href=\"https:\/\/sistemas.lavras.mg.gov.br\/portalcidadao\/#df1b1a7c7b2a290bcb31e32771e610784662739a88807c0dacac58ede5f391a7530e299dc302d611ee73cb143fc22eaf93592e53e7b5bdb01b00a0b8d28dae460c141dd2ff83412e4dc1c31b16b25f33144a9e5620ea73b13f5bc1c59411d98439ad226e8af03840603796067d87afe130812cf3de24982d0e306f9e61e764e5\" aria-label=\"Banner_Obras_PortallavrasTV\"><img src=\"https:\/\/lavras.tv\/site\/wp-content\/uploads\/2025\/03\/Banner_Obras_PortallavrasTV.png\" alt=\"\"  srcset=\"https:\/\/lavras.tv\/site\/wp-content\/uploads\/2025\/03\/Banner_Obras_PortallavrasTV.png 720w, https:\/\/lavras.tv\/site\/wp-content\/uploads\/2025\/03\/Banner_Obras_PortallavrasTV-470x68.png 470w, https:\/\/lavras.tv\/site\/wp-content\/uploads\/2025\/03\/Banner_Obras_PortallavrasTV-170x25.png 170w, https:\/\/lavras.tv\/site\/wp-content\/uploads\/2025\/03\/Banner_Obras_PortallavrasTV-200x29.png 200w\" sizes=\"(max-width: 720px) 100vw, 720px\" width=\"720\" height=\"104\"   \/><\/a><\/li><li><div style=\"margin-left: auto;margin-right: auto;text-align: center;\" id=\"lavra-2891195855\"><a href=\"https:\/\/sistemas.lavras.mg.gov.br\/portalcidadao\/#df1b1a7c7b2a290bcb31e32771e610784662739a88807c0dacac58ede5f391a7530e299dc302d611ee73cb143fc22eaf93592e53e7b5bdb01b00a0b8d28dae460c141dd2ff83412e4dc1c31b16b25f33144a9e5620ea73b13f5bc1c59411d98439ad226e8af03840603796067d87afe130812cf3de24982d0e306f9e61e764e5\" aria-label=\"Banner_Educa\u00e7\u00e3o_PortallavrasTV\"><img src=\"https:\/\/lavras.tv\/site\/wp-content\/uploads\/2025\/01\/Banner_Educacao_PortallavrasTV.png\" alt=\"\"  srcset=\"https:\/\/lavras.tv\/site\/wp-content\/uploads\/2025\/01\/Banner_Educacao_PortallavrasTV.png 720w, https:\/\/lavras.tv\/site\/wp-content\/uploads\/2025\/01\/Banner_Educacao_PortallavrasTV-470x68.png 470w, https:\/\/lavras.tv\/site\/wp-content\/uploads\/2025\/01\/Banner_Educacao_PortallavrasTV-170x25.png 170w, https:\/\/lavras.tv\/site\/wp-content\/uploads\/2025\/01\/Banner_Educacao_PortallavrasTV-200x29.png 200w\" sizes=\"(max-width: 720px) 100vw, 720px\" width=\"720\" height=\"104\"  style=\"display: inline-block;\" \/><\/a><\/div><\/li><li><a href=\"https:\/\/sistemas.lavras.mg.gov.br\/portalcidadao\/#df1b1a7c7b2a290bcb31e32771e610784662739a88807c0dacac58ede5f391a7530e299dc302d611ee73cb143fc22eaf93592e53e7b5bdb01b00a0b8d28dae460c141dd2ff83412e4dc1c31b16b25f33144a9e5620ea73b13f5bc1c59411d98439ad226e8af03840603796067d87afe130812cf3de24982d0e306f9e61e764e5\" aria-label=\"Banner_Sa\u00fade_PortallavrasTV\"><img src=\"https:\/\/lavras.tv\/site\/wp-content\/uploads\/2025\/03\/Banner_Saude_PortallavrasTV.png\" alt=\"\"  srcset=\"https:\/\/lavras.tv\/site\/wp-content\/uploads\/2025\/03\/Banner_Saude_PortallavrasTV.png 720w, https:\/\/lavras.tv\/site\/wp-content\/uploads\/2025\/03\/Banner_Saude_PortallavrasTV-470x68.png 470w, https:\/\/lavras.tv\/site\/wp-content\/uploads\/2025\/03\/Banner_Saude_PortallavrasTV-170x25.png 170w, https:\/\/lavras.tv\/site\/wp-content\/uploads\/2025\/03\/Banner_Saude_PortallavrasTV-200x29.png 200w\" sizes=\"(max-width: 720px) 100vw, 720px\" width=\"720\" height=\"104\"   \/><\/a><\/li><li><div id=\"lavra-4276230471\" style=\"width:720px;height:104px;background-color:#ddd;overflow:scroll;\">\n\t<strong>Sa\u00edda da depura\u00e7\u00e3o de an\u00fancios<\/strong>\n\t<br><br>\n\tO an\u00fancio n\u00e3o \u00e9 exibido na p\u00e1gina<br><br>post atual: Deborah Secco assume novo namoro; saiba quem \u00e9, ID: 164419<br><br><span style=\"color: red;\">O post atual n\u00e3o \u00e9 id\u00eantico ao post principal.<\/span><br><br>An\u00fancios: ROXO - TOPO INTERNA - ROTATIVO 2 (197)<br \/>Grupo de an\u00fancios: Princ_Meio01_720x104 (27)<br><br>Condi\u00e7\u00f5es de exibi\u00e7\u00e3o<div style=\"margin-bottom: 20px; white-space: pre-wrap; font-family: monospace; width: 100%; background: #ffe9e9;\"><strong>condi\u00e7\u00f5es gerais<\/strong><table border=\"1\"><thead><tr><th><\/th><th>An\u00fancios<\/th><th>wp_the_query<\/th><\/tr><\/thead><tr><td>is_main_query<\/td><td>1<\/td><td>1<\/td><\/tr><tr><td>is_rest_api<\/td><td>0<\/td><td>1<\/td><\/tr><tr><td>page<\/td><td>0<\/td><td>1<\/td><\/tr><tr><td>numpages<\/td><td>0<\/td><td>1<\/td><\/tr><tr><td>is_archive<\/td><td>1<\/td><td><\/td><\/tr><tr><td>is_search<\/td><td>1<\/td><td><\/td><\/tr><tr><td>is_home<\/td><td>1<\/td><td><\/td><\/tr><tr><td>is_404<\/td><td>1<\/td><td><\/td><\/tr><tr><td>is_attachment<\/td><td>1<\/td><td><\/td><\/tr><tr><td>is_singular<\/td><td>1<\/td><td><\/td><\/tr><tr><td>is_front_page<\/td><td>1<\/td><td><\/td><\/tr><tr><td>is_feed<\/td><td>1<\/td><td><\/td><\/tr><\/table><\/div><br><br><span style=\"color: red;\">Seu site usa HTTPS, mas o c\u00f3digo do an\u00fancio cont\u00e9m HTTP e pode n\u00e3o funcionar.<\/span>\t<br><br>\n\t<a style=\"color: green;\" href=\"https:\/\/wpadvancedads.com\/manual\/ad-debug-mode\/?utm_source=advanced-ads&utm_medium=link&utm_campaign=ad-debug-mode\" target=\"_blank\" rel=\"nofollow\">Encontre solu\u00e7\u00f5es no manual<\/a>\n<\/div>\n<\/li><\/ul><\/div><script>( window.advanced_ads_ready || jQuery( document ).ready ).call( null, function() {var $lavraslider2967926511 = jQuery( \".lavra-slider-2967926511\" );$lavraslider2967926511.on( \"unslider.ready\", function() { jQuery( \"div.custom-slider ul li\" ).css( \"display\", \"block\" ); });$lavraslider2967926511.unslider({ delay:4000, autoplay:true, nav:false, arrows:false, infinite:true });$lavraslider2967926511.on(\"mouseover\", function() {$lavraslider2967926511.unslider(\"stop\");}).on(\"mouseout\", function() {$lavraslider2967926511.unslider(\"start\");});});<\/script><\/div>\n<p>Atriz n\u00e3o assumia um novo relacionamento desde abril do ano passado<\/p>\n\n\n\n<figure class=\"wp-block-image size-large\"><img fetchpriority=\"high\" decoding=\"async\" width=\"970\" height=\"581\" src=\"https:\/\/lavras.tv\/site\/wp-content\/uploads\/2025\/03\/1_deborah_secco-48646126-970x581.jpg\" alt=\"\" class=\"wp-image-164420\" srcset=\"https:\/\/lavras.tv\/site\/wp-content\/uploads\/2025\/03\/1_deborah_secco-48646126-970x581.jpg 970w, https:\/\/lavras.tv\/site\/wp-content\/uploads\/2025\/03\/1_deborah_secco-48646126-470x282.jpg 470w, https:\/\/lavras.tv\/site\/wp-content\/uploads\/2025\/03\/1_deborah_secco-48646126-170x102.jpg 170w, https:\/\/lavras.tv\/site\/wp-content\/uploads\/2025\/03\/1_deborah_secco-48646126-200x120.jpg 200w, https:\/\/lavras.tv\/site\/wp-content\/uploads\/2025\/03\/1_deborah_secco-48646126.jpg 1200w\" sizes=\"(max-width: 970px) 100vw, 970px\" \/><\/figure>\n\n\n\n<p>A fila andou para&nbsp;<strong><a href=\"https:\/\/www.em.com.br\/app\/noticia\/tv\/2021\/01\/03\/interna_tv,1225473\/deborah-secco-revela-surra-que-tomou-por-causa-de-iris-de-lacos-de-familia.shtml\">Deborah Secco<\/a><\/strong>! A atriz de 45 anos assumiu, nesta quarta-feira (26), o relacionamento com o produtor musical e compositor Dudu Borges. A informa\u00e7\u00e3o foi confirmada pela assessoria da atriz ao jornalista Lucas Pasin. Este \u00e9 o primeiro relacionamento que Deborah assume depois do fim do casamento com Hugo Moura, em abril do ano passado, com quem teve uma filha, Maria Flor, de 9 anos.<\/p>\n\n\n\n<p>Dudu tem 41 anos e \u00e9 famoso por trabalhar com grandes artistas do sertanejo, como a dupla\u00a0<strong><a href=\"https:\/\/www.em.com.br\/cultura\/2024\/12\/7008460-o-que-se-sabe-sobre-a-pausa-na-carreira-de-jorge-e-mateus.html\">Jorge e Mateus<\/a><\/strong>, e o cantor\u00a0<strong><a href=\"https:\/\/www.em.com.br\/galeria\/flipar\/2024\/12\/7014760-luan-santana-quer-reduzir-agenda-de-shows-em-2025.html\">Luan Santana<\/a><\/strong>. Ele esteve por tr\u00e1s de sucessos como \u201cChora Me Liga\u201d, \u201cFugidinha\u201d, \u201cHumilde Resid\u00eancia\u201d, \u201cVidro Fum\u00ea\u201d, \u201cAcordando o Pr\u00e9dio\u201d e muitos outros. Dudu j\u00e1 trabalhou em mais de 200 \u00e1lbuns e venceu o Grammy Latino em 2011, com a produ\u00e7\u00e3o do \u00e1lbum de Jo\u00e3o Bosco e Vinicius.<\/p>\n\n\n\n<p>Dudu tamb\u00e9m j\u00e1 trabalhou com outros nomes da m\u00fasica como&nbsp;<strong><a href=\"https:\/\/www.em.com.br\/tudo-sobre\/gloria-groove\/\">Gloria Groove<\/a><\/strong>, Thiaguinho, Mariana Rios, Matheus e Kauan,&nbsp;<strong><a href=\"https:\/\/www.em.com.br\/app\/noticia\/cultura\/2022\/07\/09\/interna_cultura,1378957\/paulo-miklos-diz-que-afeto-e-empatia-sao-as-respostas-que-precisamos.shtml\">Paulo Miklos<\/a><\/strong>, Pedro Mariano e Anavit\u00f3ria.<\/p>\n\n\n\n<figure class=\"wp-block-image\"><img decoding=\"async\" src=\"https:\/\/midias.em.com.br\/_midias\/jpg\/2025\/03\/27\/1200x720\/1_dudu_borges_e_deborah_secco-48658025.jpg\" alt=\"Dudu Borges e Deborah Secco\" title=\"Dudu Borges e Deborah Secco\"\/><figcaption class=\"wp-element-caption\">Dudu Borges e Deborah Secco<\/figcaption><\/figure>\n\n\n\n<p>Dudu e Deborah se conheceram nos bastidores da s\u00e9rie \u2018<strong><a href=\"https:\/\/www.em.com.br\/app\/noticia\/cultura\/2022\/08\/03\/interna_cultura,1384173\/feminejo-e-o-tema-de-rensga-hits-serie-que-estreia-hoje-na-globo.shtml\">Rensga Hits!<\/a><\/strong>\u2019 onde D\u00e9borah atuou e Dudu foi produtor de m\u00fasica da s\u00e9rie do Globoplay. Dudu \u00e9 discreto com rela\u00e7\u00e3o \u00e0 vida pessoal mas j\u00e1 namorou outra famosa, a atriz Alice Wegmann, tamb\u00e9m do elenco da s\u00e9rie Rensga Hits!<\/p>\n\n\n\n<p>Deborah e o novo amor se seguem nas redes sociais, e a atriz tem deixado diversas curtidas nas publica\u00e7\u00f5es recentes do compositor. Os rumores de que os dois estariam juntos come\u00e7aram em outubro passado, quando o colunista Thiago Sodr\u00e9 publicou que eles viviam um \u201caffair\u201d ainda sem compromisso.<\/p>\n","protected":false},"excerpt":{"rendered":"<p>Atriz n\u00e3o assumia um novo relacionamento desde abril do ano passado A fila andou para&nbsp;Deborah Secco! A atriz de 45 anos assumiu, nesta quarta-feira (26), o relacionamento com o produtor musical e compositor Dudu Borges. A informa\u00e7\u00e3o foi confirmada pela assessoria da atriz ao jornalista Lucas Pasin. Este \u00e9 o primeiro relacionamento que Deborah assume [&hellip;]<\/p>\n","protected":false},"author":5,"featured_media":164420,"comment_status":"closed","ping_status":"open","sticky":false,"template":"","format":"standard","meta":{"advgb_blocks_editor_width":"","advgb_blocks_columns_visual_guide":"","_exactmetrics_skip_tracking":false,"_exactmetrics_sitenote_active":false,"_exactmetrics_sitenote_note":"","_exactmetrics_sitenote_category":0,"footnotes":""},"categories":[7,2],"tags":[],"class_list":["post-164419","post","type-post","status-publish","format-standard","has-post-thumbnail","hentry","category-destaques","category-noticias"],"better_featured_image":{"id":164420,"alt_text":"","caption":"","description":"","media_type":"image","media_details":{"width":1200,"height":719,"file":"2025\/03\/1_deborah_secco-48646126.jpg","filesize":99402,"sizes":{"medium":{"file":"1_deborah_secco-48646126-470x282.jpg","width":470,"height":282,"mime-type":"image\/jpeg","filesize":13794,"source_url":"https:\/\/lavras.tv\/site\/wp-content\/uploads\/2025\/03\/1_deborah_secco-48646126-470x282.jpg"},"large":{"file":"1_deborah_secco-48646126-970x581.jpg","width":970,"height":581,"mime-type":"image\/jpeg","filesize":42066,"source_url":"https:\/\/lavras.tv\/site\/wp-content\/uploads\/2025\/03\/1_deborah_secco-48646126-970x581.jpg"},"thumbnail":{"file":"1_deborah_secco-48646126-170x102.jpg","width":170,"height":102,"mime-type":"image\/jpeg","filesize":3325,"source_url":"https:\/\/lavras.tv\/site\/wp-content\/uploads\/2025\/03\/1_deborah_secco-48646126-170x102.jpg"},"lshowcase-thumb":{"file":"1_deborah_secco-48646126-200x120.jpg","width":200,"height":120,"mime-type":"image\/jpeg","filesize":4125,"source_url":"https:\/\/lavras.tv\/site\/wp-content\/uploads\/2025\/03\/1_deborah_secco-48646126-200x120.jpg"},"alm-thumbnail":{"file":"1_deborah_secco-48646126-150x150.jpg","width":150,"height":150,"mime-type":"image\/jpeg","filesize":4431,"source_url":"https:\/\/lavras.tv\/site\/wp-content\/uploads\/2025\/03\/1_deborah_secco-48646126-150x150.jpg"}},"image_meta":{"aperture":"0","credit":"","camera":"","caption":"","created_timestamp":"0","copyright":"","focal_length":"0","iso":"0","shutter_speed":"0","title":"","orientation":"0","keywords":[]}},"post":164419,"source_url":"https:\/\/lavras.tv\/site\/wp-content\/uploads\/2025\/03\/1_deborah_secco-48646126.jpg"},"author_meta":{"display_name":"Vinicius Bustamante","author_link":"https:\/\/lavras.tv\/site\/author\/vinicius-bustamante\/"},"featured_img":"https:\/\/lavras.tv\/site\/wp-content\/uploads\/2025\/03\/1_deborah_secco-48646126-470x282.jpg","coauthors":[],"tax_additional":{"categories":{"linked":["<a href=\"https:\/\/lavras.tv\/site\/category\/destaques\/\" class=\"advgb-post-tax-term\">Destaques<\/a>","<a href=\"https:\/\/lavras.tv\/site\/category\/noticias\/\" class=\"advgb-post-tax-term\">Not\u00edcias<\/a>"],"unlinked":["<span class=\"advgb-post-tax-term\">Destaques<\/span>","<span class=\"advgb-post-tax-term\">Not\u00edcias<\/span>"]}},"comment_count":"0","relative_dates":{"created":"Publicado 1 ano atr\u00e1s","modified":"Atualizado 1 ano atr\u00e1s"},"absolute_dates":{"created":"Publicado em 27 de mar\u00e7o de 2025","modified":"Atualizado em 27 de mar\u00e7o de 2025"},"absolute_dates_time":{"created":"Publicado em 27 de mar\u00e7o de 2025 14:47","modified":"Atualizado em 27 de mar\u00e7o de 2025 14:47"},"featured_img_caption":"","series_order":"","_links":{"self":[{"href":"https:\/\/lavras.tv\/site\/wp-json\/wp\/v2\/posts\/164419","targetHints":{"allow":["GET"]}}],"collection":[{"href":"https:\/\/lavras.tv\/site\/wp-json\/wp\/v2\/posts"}],"about":[{"href":"https:\/\/lavras.tv\/site\/wp-json\/wp\/v2\/types\/post"}],"author":[{"embeddable":true,"href":"https:\/\/lavras.tv\/site\/wp-json\/wp\/v2\/users\/5"}],"replies":[{"embeddable":true,"href":"https:\/\/lavras.tv\/site\/wp-json\/wp\/v2\/comments?post=164419"}],"version-history":[{"count":1,"href":"https:\/\/lavras.tv\/site\/wp-json\/wp\/v2\/posts\/164419\/revisions"}],"predecessor-version":[{"id":164431,"href":"https:\/\/lavras.tv\/site\/wp-json\/wp\/v2\/posts\/164419\/revisions\/164431"}],"wp:featuredmedia":[{"embeddable":true,"href":"https:\/\/lavras.tv\/site\/wp-json\/wp\/v2\/media\/164420"}],"wp:attachment":[{"href":"https:\/\/lavras.tv\/site\/wp-json\/wp\/v2\/media?parent=164419"}],"wp:term":[{"taxonomy":"category","embeddable":true,"href":"https:\/\/lavras.tv\/site\/wp-json\/wp\/v2\/categories?post=164419"},{"taxonomy":"post_tag","embeddable":true,"href":"https:\/\/lavras.tv\/site\/wp-json\/wp\/v2\/tags?post=164419"}],"curies":[{"name":"wp","href":"https:\/\/api.w.org\/{rel}","templated":true}]}}