{"id":164435,"date":"2025-03-27T14:53:03","date_gmt":"2025-03-27T17:53:03","guid":{"rendered":"https:\/\/lavras.tv\/site\/?p=164435"},"modified":"2025-03-27T14:53:04","modified_gmt":"2025-03-27T17:53:04","slug":"sus-vai-substituir-papanicolau-por-exame-mais-sensivel-ainda-este-ano","status":"publish","type":"post","link":"https:\/\/lavras.tv\/site\/2025\/03\/27\/sus-vai-substituir-papanicolau-por-exame-mais-sensivel-ainda-este-ano\/","title":{"rendered":"SUS vai substituir papanicolau por exame mais sens\u00edvel ainda este ano"},"content":{"rendered":"<div class=\"lavra-antes-do-conteudo_2\" id=\"lavra-3385203964\"><div id=\"lavra-slider-27\" class=\"custom-slider lavra-slider-116291989 lavra-slider\"><ul><li><div style=\"margin-left: auto;margin-right: auto;text-align: center;\" id=\"lavra-186617417\"><a href=\"https:\/\/sistemas.lavras.mg.gov.br\/portalcidadao\/#df1b1a7c7b2a290bcb31e32771e610784662739a88807c0dacac58ede5f391a7530e299dc302d611ee73cb143fc22eaf93592e53e7b5bdb01b00a0b8d28dae460c141dd2ff83412e4dc1c31b16b25f33144a9e5620ea73b13f5bc1c59411d98439ad226e8af03840603796067d87afe130812cf3de24982d0e306f9e61e764e5\" aria-label=\"Lavras-TV&#8211;720x104px (1) (1)\"><img src=\"https:\/\/lavras.tv\/site\/wp-content\/uploads\/2025\/01\/Lavras-TV-720x104px-1-1.png\" alt=\"\"  srcset=\"https:\/\/lavras.tv\/site\/wp-content\/uploads\/2025\/01\/Lavras-TV-720x104px-1-1.png 720w, https:\/\/lavras.tv\/site\/wp-content\/uploads\/2025\/01\/Lavras-TV-720x104px-1-1-470x68.png 470w, https:\/\/lavras.tv\/site\/wp-content\/uploads\/2025\/01\/Lavras-TV-720x104px-1-1-170x25.png 170w, https:\/\/lavras.tv\/site\/wp-content\/uploads\/2025\/01\/Lavras-TV-720x104px-1-1-200x29.png 200w\" sizes=\"(max-width: 720px) 100vw, 720px\" width=\"720\" height=\"104\"  style=\"display: inline-block;\" \/><\/a><\/div><\/li><li><a href=\"https:\/\/sistemas.lavras.mg.gov.br\/portalcidadao\/#df1b1a7c7b2a290bcb31e32771e610784662739a88807c0dacac58ede5f391a7530e299dc302d611ee73cb143fc22eaf93592e53e7b5bdb01b00a0b8d28dae460c141dd2ff83412e4dc1c31b16b25f33144a9e5620ea73b13f5bc1c59411d98439ad226e8af03840603796067d87afe130812cf3de24982d0e306f9e61e764e5\" aria-label=\"Banner_Emprego_PortallavrasTV\"><img src=\"https:\/\/lavras.tv\/site\/wp-content\/uploads\/2025\/03\/Banner_Emprego_PortallavrasTV.png\" alt=\"\"  srcset=\"https:\/\/lavras.tv\/site\/wp-content\/uploads\/2025\/03\/Banner_Emprego_PortallavrasTV.png 720w, https:\/\/lavras.tv\/site\/wp-content\/uploads\/2025\/03\/Banner_Emprego_PortallavrasTV-470x68.png 470w, https:\/\/lavras.tv\/site\/wp-content\/uploads\/2025\/03\/Banner_Emprego_PortallavrasTV-170x25.png 170w, https:\/\/lavras.tv\/site\/wp-content\/uploads\/2025\/03\/Banner_Emprego_PortallavrasTV-200x29.png 200w\" sizes=\"(max-width: 720px) 100vw, 720px\" width=\"720\" height=\"104\"   \/><\/a><\/li><li><a href=\"https:\/\/sistemas.lavras.mg.gov.br\/portalcidadao\/#df1b1a7c7b2a290bcb31e32771e610784662739a88807c0dacac58ede5f391a7530e299dc302d611ee73cb143fc22eaf93592e53e7b5bdb01b00a0b8d28dae460c141dd2ff83412e4dc1c31b16b25f33144a9e5620ea73b13f5bc1c59411d98439ad226e8af03840603796067d87afe130812cf3de24982d0e306f9e61e764e5\" aria-label=\"Banner_Obras_PortallavrasTV\"><img src=\"https:\/\/lavras.tv\/site\/wp-content\/uploads\/2025\/03\/Banner_Obras_PortallavrasTV.png\" alt=\"\"  srcset=\"https:\/\/lavras.tv\/site\/wp-content\/uploads\/2025\/03\/Banner_Obras_PortallavrasTV.png 720w, https:\/\/lavras.tv\/site\/wp-content\/uploads\/2025\/03\/Banner_Obras_PortallavrasTV-470x68.png 470w, https:\/\/lavras.tv\/site\/wp-content\/uploads\/2025\/03\/Banner_Obras_PortallavrasTV-170x25.png 170w, https:\/\/lavras.tv\/site\/wp-content\/uploads\/2025\/03\/Banner_Obras_PortallavrasTV-200x29.png 200w\" sizes=\"(max-width: 720px) 100vw, 720px\" width=\"720\" height=\"104\"   \/><\/a><\/li><li><div style=\"margin-left: auto;margin-right: auto;text-align: center;\" id=\"lavra-4207466504\"><a href=\"https:\/\/sistemas.lavras.mg.gov.br\/portalcidadao\/#df1b1a7c7b2a290bcb31e32771e610784662739a88807c0dacac58ede5f391a7530e299dc302d611ee73cb143fc22eaf93592e53e7b5bdb01b00a0b8d28dae460c141dd2ff83412e4dc1c31b16b25f33144a9e5620ea73b13f5bc1c59411d98439ad226e8af03840603796067d87afe130812cf3de24982d0e306f9e61e764e5\" aria-label=\"Banner_Educa\u00e7\u00e3o_PortallavrasTV\"><img src=\"https:\/\/lavras.tv\/site\/wp-content\/uploads\/2025\/01\/Banner_Educacao_PortallavrasTV.png\" alt=\"\"  srcset=\"https:\/\/lavras.tv\/site\/wp-content\/uploads\/2025\/01\/Banner_Educacao_PortallavrasTV.png 720w, https:\/\/lavras.tv\/site\/wp-content\/uploads\/2025\/01\/Banner_Educacao_PortallavrasTV-470x68.png 470w, https:\/\/lavras.tv\/site\/wp-content\/uploads\/2025\/01\/Banner_Educacao_PortallavrasTV-170x25.png 170w, https:\/\/lavras.tv\/site\/wp-content\/uploads\/2025\/01\/Banner_Educacao_PortallavrasTV-200x29.png 200w\" sizes=\"(max-width: 720px) 100vw, 720px\" width=\"720\" height=\"104\"  style=\"display: inline-block;\" \/><\/a><\/div><\/li><li><a href=\"https:\/\/sistemas.lavras.mg.gov.br\/portalcidadao\/#df1b1a7c7b2a290bcb31e32771e610784662739a88807c0dacac58ede5f391a7530e299dc302d611ee73cb143fc22eaf93592e53e7b5bdb01b00a0b8d28dae460c141dd2ff83412e4dc1c31b16b25f33144a9e5620ea73b13f5bc1c59411d98439ad226e8af03840603796067d87afe130812cf3de24982d0e306f9e61e764e5\" aria-label=\"Banner_Sa\u00fade_PortallavrasTV\"><img src=\"https:\/\/lavras.tv\/site\/wp-content\/uploads\/2025\/03\/Banner_Saude_PortallavrasTV.png\" alt=\"\"  srcset=\"https:\/\/lavras.tv\/site\/wp-content\/uploads\/2025\/03\/Banner_Saude_PortallavrasTV.png 720w, https:\/\/lavras.tv\/site\/wp-content\/uploads\/2025\/03\/Banner_Saude_PortallavrasTV-470x68.png 470w, https:\/\/lavras.tv\/site\/wp-content\/uploads\/2025\/03\/Banner_Saude_PortallavrasTV-170x25.png 170w, https:\/\/lavras.tv\/site\/wp-content\/uploads\/2025\/03\/Banner_Saude_PortallavrasTV-200x29.png 200w\" sizes=\"(max-width: 720px) 100vw, 720px\" width=\"720\" height=\"104\"   \/><\/a><\/li><li><div id=\"lavra-3566265257\" style=\"width:720px;height:104px;background-color:#ddd;overflow:scroll;\">\n\t<strong>Sa\u00edda da depura\u00e7\u00e3o de an\u00fancios<\/strong>\n\t<br><br>\n\tO an\u00fancio n\u00e3o \u00e9 exibido na p\u00e1gina<br><br>post atual: SUS vai substituir papanicolau por exame mais sens\u00edvel ainda este ano, ID: 164435<br><br><span style=\"color: red;\">O post atual n\u00e3o \u00e9 id\u00eantico ao post principal.<\/span><br><br>An\u00fancios: ROXO - TOPO INTERNA - ROTATIVO 2 (197)<br \/>Grupo de an\u00fancios: Princ_Meio01_720x104 (27)<br><br>Condi\u00e7\u00f5es de exibi\u00e7\u00e3o<div style=\"margin-bottom: 20px; white-space: pre-wrap; font-family: monospace; width: 100%; background: #ffe9e9;\"><strong>condi\u00e7\u00f5es gerais<\/strong><table border=\"1\"><thead><tr><th><\/th><th>An\u00fancios<\/th><th>wp_the_query<\/th><\/tr><\/thead><tr><td>is_main_query<\/td><td>1<\/td><td>1<\/td><\/tr><tr><td>is_rest_api<\/td><td>0<\/td><td>1<\/td><\/tr><tr><td>page<\/td><td>0<\/td><td>1<\/td><\/tr><tr><td>numpages<\/td><td>0<\/td><td>1<\/td><\/tr><tr><td>is_archive<\/td><td>1<\/td><td><\/td><\/tr><tr><td>is_search<\/td><td>1<\/td><td><\/td><\/tr><tr><td>is_home<\/td><td>1<\/td><td><\/td><\/tr><tr><td>is_404<\/td><td>1<\/td><td><\/td><\/tr><tr><td>is_attachment<\/td><td>1<\/td><td><\/td><\/tr><tr><td>is_singular<\/td><td>1<\/td><td><\/td><\/tr><tr><td>is_front_page<\/td><td>1<\/td><td><\/td><\/tr><tr><td>is_feed<\/td><td>1<\/td><td><\/td><\/tr><\/table><\/div><br><br><span style=\"color: red;\">Seu site usa HTTPS, mas o c\u00f3digo do an\u00fancio cont\u00e9m HTTP e pode n\u00e3o funcionar.<\/span>\t<br><br>\n\t<a style=\"color: green;\" href=\"https:\/\/wpadvancedads.com\/manual\/ad-debug-mode\/?utm_source=advanced-ads&utm_medium=link&utm_campaign=ad-debug-mode\" target=\"_blank\" rel=\"nofollow\">Encontre solu\u00e7\u00f5es no manual<\/a>\n<\/div>\n<\/li><\/ul><\/div><script>( window.advanced_ads_ready || jQuery( document ).ready ).call( null, function() {var $lavraslider116291989 = jQuery( \".lavra-slider-116291989\" );$lavraslider116291989.on( \"unslider.ready\", function() { jQuery( \"div.custom-slider ul li\" ).css( \"display\", \"block\" ); });$lavraslider116291989.unslider({ delay:4000, autoplay:true, nav:false, arrows:false, infinite:true });$lavraslider116291989.on(\"mouseover\", function() {$lavraslider116291989.unslider(\"stop\");}).on(\"mouseout\", function() {$lavraslider116291989.unslider(\"start\");});});<\/script><\/div>\n<p>Resta apenas a avalia\u00e7\u00e3o final da Secretaria de Ci\u00eancia, Tecnologia e Inova\u00e7\u00e3o do Minist\u00e9rio da Sa\u00fade para medida entrar em vigor<\/p>\n\n\n\n<figure class=\"wp-block-image size-large\"><img fetchpriority=\"high\" decoding=\"async\" width=\"970\" height=\"582\" src=\"https:\/\/lavras.tv\/site\/wp-content\/uploads\/2025\/03\/1_a1-48635958-970x582.jpg\" alt=\"\" class=\"wp-image-164436\" srcset=\"https:\/\/lavras.tv\/site\/wp-content\/uploads\/2025\/03\/1_a1-48635958-970x582.jpg 970w, https:\/\/lavras.tv\/site\/wp-content\/uploads\/2025\/03\/1_a1-48635958-470x282.jpg 470w, https:\/\/lavras.tv\/site\/wp-content\/uploads\/2025\/03\/1_a1-48635958-170x102.jpg 170w, https:\/\/lavras.tv\/site\/wp-content\/uploads\/2025\/03\/1_a1-48635958-200x120.jpg 200w, https:\/\/lavras.tv\/site\/wp-content\/uploads\/2025\/03\/1_a1-48635958.jpg 1200w\" sizes=\"(max-width: 970px) 100vw, 970px\" \/><\/figure>\n\n\n\n<p>A partir deste ano, o&nbsp;teste citopatol\u00f3gico para a&nbsp;<a href=\"https:\/\/www.em.com.br\/saude\/2025\/02\/7052826-vacina-contra-hpv-previne-cancer-em-homens-diz-estudo.html\" target=\"_blank\" rel=\"noreferrer noopener\"><strong>detec\u00e7\u00e3o do HPV<\/strong><\/a>, popularmente conhecido como papanicolau, deve ser&nbsp;gradualmente substitu\u00eddo,&nbsp;no Sistema \u00danico de Sa\u00fade, pelo exame molecular de&nbsp;<strong><a href=\"https:\/\/www.em.com.br\/saude\/2024\/12\/7015942-teste-de-dna-e-aliado-para-detectar-hpv-e-pode-substituir-papanicolau.html\" target=\"_blank\" rel=\"noreferrer noopener\">DNA-HPV<\/a>.<\/strong>&nbsp;Com isso, o tempo de intervalo entre as coletas, quando n\u00e3o houver diagn\u00f3stico do v\u00edrus, passar\u00e1 a ser de cinco anos. J\u00e1 a faixa-et\u00e1ria para o exame de rastreio, quando n\u00e3o houver sintomas ou suspeita de infec\u00e7\u00e3o, permanece a mesma: de 25 a 49 anos.<\/p>\n\n\n\n<p>A mudan\u00e7a faz parte das novas diretrizes para o diagn\u00f3stico do c\u00e2ncer do\u00a0<a href=\"https:\/\/www.em.com.br\/saude\/2024\/12\/7005194-plano-para-combater-cancer-de-colo-de-utero-tem-foco-em-rastreio-e-vacina.html\" target=\"_blank\" rel=\"noreferrer noopener\"><strong>colo do \u00fatero<\/strong><\/a>, apresentadas nesta quarta-feira (26) pelo Instituto Nacional do C\u00e2ncer (Inca). O conjunto de orienta\u00e7\u00f5es j\u00e1 foi aprovado pela Comiss\u00e3o Nacional de Incorpora\u00e7\u00e3o de Tecnologias no Sistema \u00danico de Sa\u00fade e pela Comiss\u00e3o de Protocolos Cl\u00ednicos e Diretrizes Terap\u00eauticas (Conitec). Resta apenas a avalia\u00e7\u00e3o final da Secretaria de Ci\u00eancia, Tecnologia e Inova\u00e7\u00e3o do Minist\u00e9rio da Sa\u00fade para entrar em vigor.<\/p>\n\n\n\n<p><img decoding=\"async\" src=\"https:\/\/ads.stickyadstv.com\/auto-user-sync?_fw_gdpr=0&amp;_fw_gdpr_consent=\"><img decoding=\"async\" src=\"https:\/\/ads.stickyadstv.com\/user-matching?id=2545&amp;_fw_gdpr=0&amp;_fw_gdpr_consent=\">O pesquisador da Divis\u00e3o de Detec\u00e7\u00e3o Precoce do Inca Itamar Bento explica que essas vantagens permitem um espa\u00e7amento maior entre as coletas.&nbsp;<\/p>\n\n\n\n<blockquote class=\"wp-block-quote is-layout-flow wp-block-quote-is-layout-flow\">\n<p>&#8220;O teste DNA-HPV tem um valor preditivo negativo muito forte, ou seja, se a pessoa tiver resultado negativo, a gente pode de fato confiar nesse resultado. E, conhecendo a hist\u00f3ria natural da doen\u00e7a, a evolu\u00e7\u00e3o das les\u00f5es, \u00e9 uma margem segura aguardar cinco anos para fazer um novo teste.&#8221;<\/p>\n<\/blockquote>\n\n\n\n<p>Al\u00e9m disso, a implementa\u00e7\u00e3o do novo teste dever\u00e1 ser combinada com a realiza\u00e7\u00e3o de rastreio organizado, quando o sistema de sa\u00fade busca ativamente as pessoas, em vez de esperar que elas procurem as unidades de sa\u00fade.&nbsp;<strong>&#8220;<\/strong>\u00c9 necess\u00e1rio que a popula\u00e7\u00e3o alvo seja identificada e convocada ativamente e individualmente. E \u00e9 preciso garantir que ela ter\u00e1 acesso \u00e0 confirma\u00e7\u00e3o diagn\u00f3stica e ao tratamento das les\u00f5es havendo essa necessidade<strong>&#8220;<\/strong>, complementa o pesquisador do Inca.<\/p>\n\n\n\n<p>De acordo com dados do Sistema de Informa\u00e7\u00e3o do C\u00e2ncer, entre 2021 e 2023, apenas tr\u00eas estados tiveram cobertura&nbsp;de realiza\u00e7\u00e3o de papanicolau pr\u00f3xima de 50% do p\u00fablico-alvo. Todos os outros tiveram uma porcentagem abaixo desse patamar, e alguns n\u00e3o t\u00eam dados completos para an\u00e1lise. Al\u00e9m disso,&nbsp;h\u00e1 estados, como Acre, Maranh\u00e3o e Mato Grosso, onde a maior parte dos resultados foi entregue ap\u00f3s 30 dias, o que dificulta a realiza\u00e7\u00e3o de exames confirmat\u00f3rios para que a paciente inicie o tratamento em at\u00e9 60 dias, como determina a legisla\u00e7\u00e3o.<\/p>\n\n\n\n<p>Por isso, o rastreamento organizado tamb\u00e9m prev\u00ea uma linha de conduta organizada, como explica Itamar Bento: &#8220;A pessoa faz um teste de DNA-HPV, e, se n\u00e3o foi detectado, ela s\u00f3 vai repetir o exame ap\u00f3s 5 anos. Se foi detectado um tipo oncog\u00eanico, como o 16 e o 18, que s\u00e3o respons\u00e1veis por 70% das les\u00f5es precursoras de c\u00e2ncer, ela vai ser encaminhada diretamente \u00e0 colposcopia. Se a colposcopia identificar uma doen\u00e7a cervical, vai seguir para condutas espec\u00edficas.&#8221;<\/p>\n\n\n\n<p>As novas diretrizes tamb\u00e9m trazem outras duas inova\u00e7\u00f5es: a autocoleta do material para teste em popula\u00e7\u00f5es de dif\u00edcil acesso ou resistentes ao exame feito por profissional de sa\u00fade; e orienta\u00e7\u00f5es para o atendimento de pessoas trang\u00eanero, n\u00e3o bin\u00e1rias e intersexuais.O papilomav\u00edrus humano, ou HPV, \u00e9 o causador de mais de 99% dos casos de c\u00e2ncer de colo do \u00fatero, que \u00e9 o terceiro mais incidente entre as mulheres brasileiras, com cerca de 17 mil novos casos por ano. Com altas coberturas de vacina\u00e7\u00e3o e de exames de rastreio organizado, especialistas acreditam que a doen\u00e7a pode ser erradicada em cerca de 20 anos.<\/p>\n\n\n\n<p>O teste molecular \u00e9 recomendado como exame prim\u00e1rio para detectar o HPV pela Organiza\u00e7\u00e3o Mundial da Sa\u00fade desde 2021, porque \u00e9 mais eficaz para a redu\u00e7\u00e3o de casos e \u00f3bitos, em decorr\u00eancia da sua maior sensibilidade. Ele tamb\u00e9m permite identificar o subtipo do v\u00edrus, caso o resultado seja positivo, o que oferece uma grande vantagem, j\u00e1 que apenas algumas variantes t\u00eam risco de provocar les\u00f5es que podem evoluir para c\u00e2ncer.<\/p>\n","protected":false},"excerpt":{"rendered":"<p>Resta apenas a avalia\u00e7\u00e3o final da Secretaria de Ci\u00eancia, Tecnologia e Inova\u00e7\u00e3o do Minist\u00e9rio da Sa\u00fade para medida entrar em vigor A partir deste ano, o&nbsp;teste citopatol\u00f3gico para a&nbsp;detec\u00e7\u00e3o do HPV, popularmente conhecido como papanicolau, deve ser&nbsp;gradualmente substitu\u00eddo,&nbsp;no Sistema \u00danico de Sa\u00fade, pelo exame molecular de&nbsp;DNA-HPV.&nbsp;Com isso, o tempo de intervalo entre as coletas, quando [&hellip;]<\/p>\n","protected":false},"author":5,"featured_media":164436,"comment_status":"closed","ping_status":"open","sticky":false,"template":"","format":"standard","meta":{"advgb_blocks_editor_width":"","advgb_blocks_columns_visual_guide":"","_exactmetrics_skip_tracking":false,"_exactmetrics_sitenote_active":false,"_exactmetrics_sitenote_note":"","_exactmetrics_sitenote_category":0,"footnotes":""},"categories":[7,2,5749],"tags":[],"class_list":["post-164435","post","type-post","status-publish","format-standard","has-post-thumbnail","hentry","category-destaques","category-noticias","category-saude"],"better_featured_image":{"id":164436,"alt_text":"","caption":"","description":"","media_type":"image","media_details":{"width":1200,"height":720,"file":"2025\/03\/1_a1-48635958.jpg","filesize":96419,"sizes":{"medium":{"file":"1_a1-48635958-470x282.jpg","width":470,"height":282,"mime-type":"image\/jpeg","filesize":16565,"source_url":"https:\/\/lavras.tv\/site\/wp-content\/uploads\/2025\/03\/1_a1-48635958-470x282.jpg"},"large":{"file":"1_a1-48635958-970x582.jpg","width":970,"height":582,"mime-type":"image\/jpeg","filesize":48987,"source_url":"https:\/\/lavras.tv\/site\/wp-content\/uploads\/2025\/03\/1_a1-48635958-970x582.jpg"},"thumbnail":{"file":"1_a1-48635958-170x102.jpg","width":170,"height":102,"mime-type":"image\/jpeg","filesize":3988,"source_url":"https:\/\/lavras.tv\/site\/wp-content\/uploads\/2025\/03\/1_a1-48635958-170x102.jpg"},"lshowcase-thumb":{"file":"1_a1-48635958-200x120.jpg","width":200,"height":120,"mime-type":"image\/jpeg","filesize":4838,"source_url":"https:\/\/lavras.tv\/site\/wp-content\/uploads\/2025\/03\/1_a1-48635958-200x120.jpg"},"alm-thumbnail":{"file":"1_a1-48635958-150x150.jpg","width":150,"height":150,"mime-type":"image\/jpeg","filesize":4689,"source_url":"https:\/\/lavras.tv\/site\/wp-content\/uploads\/2025\/03\/1_a1-48635958-150x150.jpg"}},"image_meta":{"aperture":"0","credit":"","camera":"","caption":"","created_timestamp":"0","copyright":"","focal_length":"0","iso":"0","shutter_speed":"0","title":"","orientation":"0","keywords":[]}},"post":164435,"source_url":"https:\/\/lavras.tv\/site\/wp-content\/uploads\/2025\/03\/1_a1-48635958.jpg"},"author_meta":{"display_name":"Vinicius Bustamante","author_link":"https:\/\/lavras.tv\/site\/author\/vinicius-bustamante\/"},"featured_img":"https:\/\/lavras.tv\/site\/wp-content\/uploads\/2025\/03\/1_a1-48635958-470x282.jpg","coauthors":[],"tax_additional":{"categories":{"linked":["<a href=\"https:\/\/lavras.tv\/site\/category\/destaques\/\" class=\"advgb-post-tax-term\">Destaques<\/a>","<a href=\"https:\/\/lavras.tv\/site\/category\/noticias\/\" class=\"advgb-post-tax-term\">Not\u00edcias<\/a>","<a href=\"https:\/\/lavras.tv\/site\/category\/saude\/\" class=\"advgb-post-tax-term\">Sa\u00fade<\/a>"],"unlinked":["<span class=\"advgb-post-tax-term\">Destaques<\/span>","<span class=\"advgb-post-tax-term\">Not\u00edcias<\/span>","<span class=\"advgb-post-tax-term\">Sa\u00fade<\/span>"]}},"comment_count":"0","relative_dates":{"created":"Publicado 1 ano atr\u00e1s","modified":"Atualizado 1 ano atr\u00e1s"},"absolute_dates":{"created":"Publicado em 27 de mar\u00e7o de 2025","modified":"Atualizado em 27 de mar\u00e7o de 2025"},"absolute_dates_time":{"created":"Publicado em 27 de mar\u00e7o de 2025 14:53","modified":"Atualizado em 27 de mar\u00e7o de 2025 14:53"},"featured_img_caption":"","series_order":"","_links":{"self":[{"href":"https:\/\/lavras.tv\/site\/wp-json\/wp\/v2\/posts\/164435","targetHints":{"allow":["GET"]}}],"collection":[{"href":"https:\/\/lavras.tv\/site\/wp-json\/wp\/v2\/posts"}],"about":[{"href":"https:\/\/lavras.tv\/site\/wp-json\/wp\/v2\/types\/post"}],"author":[{"embeddable":true,"href":"https:\/\/lavras.tv\/site\/wp-json\/wp\/v2\/users\/5"}],"replies":[{"embeddable":true,"href":"https:\/\/lavras.tv\/site\/wp-json\/wp\/v2\/comments?post=164435"}],"version-history":[{"count":1,"href":"https:\/\/lavras.tv\/site\/wp-json\/wp\/v2\/posts\/164435\/revisions"}],"predecessor-version":[{"id":164437,"href":"https:\/\/lavras.tv\/site\/wp-json\/wp\/v2\/posts\/164435\/revisions\/164437"}],"wp:featuredmedia":[{"embeddable":true,"href":"https:\/\/lavras.tv\/site\/wp-json\/wp\/v2\/media\/164436"}],"wp:attachment":[{"href":"https:\/\/lavras.tv\/site\/wp-json\/wp\/v2\/media?parent=164435"}],"wp:term":[{"taxonomy":"category","embeddable":true,"href":"https:\/\/lavras.tv\/site\/wp-json\/wp\/v2\/categories?post=164435"},{"taxonomy":"post_tag","embeddable":true,"href":"https:\/\/lavras.tv\/site\/wp-json\/wp\/v2\/tags?post=164435"}],"curies":[{"name":"wp","href":"https:\/\/api.w.org\/{rel}","templated":true}]}}