{"id":164438,"date":"2025-03-27T14:59:07","date_gmt":"2025-03-27T17:59:07","guid":{"rendered":"https:\/\/lavras.tv\/site\/?p=164438"},"modified":"2025-03-27T14:59:09","modified_gmt":"2025-03-27T17:59:09","slug":"somente-um-clube-da-serie-a-e-de-cidade-com-menos-de-100-mil-habitantes","status":"publish","type":"post","link":"https:\/\/lavras.tv\/site\/2025\/03\/27\/somente-um-clube-da-serie-a-e-de-cidade-com-menos-de-100-mil-habitantes\/","title":{"rendered":"Somente um clube da S\u00e9rie A \u00e9 de cidade com menos de 100 mil habitantes"},"content":{"rendered":"<div class=\"lavra-antes-do-conteudo_2\" id=\"lavra-1493931620\"><div id=\"lavra-slider-27\" class=\"custom-slider lavra-slider-611698478 lavra-slider\"><ul><li><div style=\"margin-left: auto;margin-right: auto;text-align: center;\" id=\"lavra-928945642\"><a href=\"https:\/\/sistemas.lavras.mg.gov.br\/portalcidadao\/#df1b1a7c7b2a290bcb31e32771e610784662739a88807c0dacac58ede5f391a7530e299dc302d611ee73cb143fc22eaf93592e53e7b5bdb01b00a0b8d28dae460c141dd2ff83412e4dc1c31b16b25f33144a9e5620ea73b13f5bc1c59411d98439ad226e8af03840603796067d87afe130812cf3de24982d0e306f9e61e764e5\" aria-label=\"Lavras-TV&#8211;720x104px (1) (1)\"><img src=\"https:\/\/lavras.tv\/site\/wp-content\/uploads\/2025\/01\/Lavras-TV-720x104px-1-1.png\" alt=\"\"  srcset=\"https:\/\/lavras.tv\/site\/wp-content\/uploads\/2025\/01\/Lavras-TV-720x104px-1-1.png 720w, https:\/\/lavras.tv\/site\/wp-content\/uploads\/2025\/01\/Lavras-TV-720x104px-1-1-470x68.png 470w, https:\/\/lavras.tv\/site\/wp-content\/uploads\/2025\/01\/Lavras-TV-720x104px-1-1-170x25.png 170w, https:\/\/lavras.tv\/site\/wp-content\/uploads\/2025\/01\/Lavras-TV-720x104px-1-1-200x29.png 200w\" sizes=\"(max-width: 720px) 100vw, 720px\" width=\"720\" height=\"104\"  style=\"display: inline-block;\" \/><\/a><\/div><\/li><li><a href=\"https:\/\/sistemas.lavras.mg.gov.br\/portalcidadao\/#df1b1a7c7b2a290bcb31e32771e610784662739a88807c0dacac58ede5f391a7530e299dc302d611ee73cb143fc22eaf93592e53e7b5bdb01b00a0b8d28dae460c141dd2ff83412e4dc1c31b16b25f33144a9e5620ea73b13f5bc1c59411d98439ad226e8af03840603796067d87afe130812cf3de24982d0e306f9e61e764e5\" aria-label=\"Banner_Emprego_PortallavrasTV\"><img src=\"https:\/\/lavras.tv\/site\/wp-content\/uploads\/2025\/03\/Banner_Emprego_PortallavrasTV.png\" alt=\"\"  srcset=\"https:\/\/lavras.tv\/site\/wp-content\/uploads\/2025\/03\/Banner_Emprego_PortallavrasTV.png 720w, https:\/\/lavras.tv\/site\/wp-content\/uploads\/2025\/03\/Banner_Emprego_PortallavrasTV-470x68.png 470w, https:\/\/lavras.tv\/site\/wp-content\/uploads\/2025\/03\/Banner_Emprego_PortallavrasTV-170x25.png 170w, https:\/\/lavras.tv\/site\/wp-content\/uploads\/2025\/03\/Banner_Emprego_PortallavrasTV-200x29.png 200w\" sizes=\"(max-width: 720px) 100vw, 720px\" width=\"720\" height=\"104\"   \/><\/a><\/li><li><a href=\"https:\/\/sistemas.lavras.mg.gov.br\/portalcidadao\/#df1b1a7c7b2a290bcb31e32771e610784662739a88807c0dacac58ede5f391a7530e299dc302d611ee73cb143fc22eaf93592e53e7b5bdb01b00a0b8d28dae460c141dd2ff83412e4dc1c31b16b25f33144a9e5620ea73b13f5bc1c59411d98439ad226e8af03840603796067d87afe130812cf3de24982d0e306f9e61e764e5\" aria-label=\"Banner_Obras_PortallavrasTV\"><img src=\"https:\/\/lavras.tv\/site\/wp-content\/uploads\/2025\/03\/Banner_Obras_PortallavrasTV.png\" alt=\"\"  srcset=\"https:\/\/lavras.tv\/site\/wp-content\/uploads\/2025\/03\/Banner_Obras_PortallavrasTV.png 720w, https:\/\/lavras.tv\/site\/wp-content\/uploads\/2025\/03\/Banner_Obras_PortallavrasTV-470x68.png 470w, https:\/\/lavras.tv\/site\/wp-content\/uploads\/2025\/03\/Banner_Obras_PortallavrasTV-170x25.png 170w, https:\/\/lavras.tv\/site\/wp-content\/uploads\/2025\/03\/Banner_Obras_PortallavrasTV-200x29.png 200w\" sizes=\"(max-width: 720px) 100vw, 720px\" width=\"720\" height=\"104\"   \/><\/a><\/li><li><div style=\"margin-left: auto;margin-right: auto;text-align: center;\" id=\"lavra-681487752\"><a href=\"https:\/\/sistemas.lavras.mg.gov.br\/portalcidadao\/#df1b1a7c7b2a290bcb31e32771e610784662739a88807c0dacac58ede5f391a7530e299dc302d611ee73cb143fc22eaf93592e53e7b5bdb01b00a0b8d28dae460c141dd2ff83412e4dc1c31b16b25f33144a9e5620ea73b13f5bc1c59411d98439ad226e8af03840603796067d87afe130812cf3de24982d0e306f9e61e764e5\" aria-label=\"Banner_Educa\u00e7\u00e3o_PortallavrasTV\"><img src=\"https:\/\/lavras.tv\/site\/wp-content\/uploads\/2025\/01\/Banner_Educacao_PortallavrasTV.png\" alt=\"\"  srcset=\"https:\/\/lavras.tv\/site\/wp-content\/uploads\/2025\/01\/Banner_Educacao_PortallavrasTV.png 720w, https:\/\/lavras.tv\/site\/wp-content\/uploads\/2025\/01\/Banner_Educacao_PortallavrasTV-470x68.png 470w, https:\/\/lavras.tv\/site\/wp-content\/uploads\/2025\/01\/Banner_Educacao_PortallavrasTV-170x25.png 170w, https:\/\/lavras.tv\/site\/wp-content\/uploads\/2025\/01\/Banner_Educacao_PortallavrasTV-200x29.png 200w\" sizes=\"(max-width: 720px) 100vw, 720px\" width=\"720\" height=\"104\"  style=\"display: inline-block;\" \/><\/a><\/div><\/li><li><a href=\"https:\/\/sistemas.lavras.mg.gov.br\/portalcidadao\/#df1b1a7c7b2a290bcb31e32771e610784662739a88807c0dacac58ede5f391a7530e299dc302d611ee73cb143fc22eaf93592e53e7b5bdb01b00a0b8d28dae460c141dd2ff83412e4dc1c31b16b25f33144a9e5620ea73b13f5bc1c59411d98439ad226e8af03840603796067d87afe130812cf3de24982d0e306f9e61e764e5\" aria-label=\"Banner_Sa\u00fade_PortallavrasTV\"><img src=\"https:\/\/lavras.tv\/site\/wp-content\/uploads\/2025\/03\/Banner_Saude_PortallavrasTV.png\" alt=\"\"  srcset=\"https:\/\/lavras.tv\/site\/wp-content\/uploads\/2025\/03\/Banner_Saude_PortallavrasTV.png 720w, https:\/\/lavras.tv\/site\/wp-content\/uploads\/2025\/03\/Banner_Saude_PortallavrasTV-470x68.png 470w, https:\/\/lavras.tv\/site\/wp-content\/uploads\/2025\/03\/Banner_Saude_PortallavrasTV-170x25.png 170w, https:\/\/lavras.tv\/site\/wp-content\/uploads\/2025\/03\/Banner_Saude_PortallavrasTV-200x29.png 200w\" sizes=\"(max-width: 720px) 100vw, 720px\" width=\"720\" height=\"104\"   \/><\/a><\/li><li><div id=\"lavra-3657733909\" style=\"width:720px;height:104px;background-color:#ddd;overflow:scroll;\">\n\t<strong>Sa\u00edda da depura\u00e7\u00e3o de an\u00fancios<\/strong>\n\t<br><br>\n\tO an\u00fancio n\u00e3o \u00e9 exibido na p\u00e1gina<br><br>post atual: Somente um clube da S\u00e9rie A \u00e9 de cidade com menos de 100 mil habitantes, ID: 164438<br><br><span style=\"color: red;\">O post atual n\u00e3o \u00e9 id\u00eantico ao post principal.<\/span><br><br>An\u00fancios: ROXO - TOPO INTERNA - ROTATIVO 2 (197)<br \/>Grupo de an\u00fancios: Princ_Meio01_720x104 (27)<br><br>Condi\u00e7\u00f5es de exibi\u00e7\u00e3o<div style=\"margin-bottom: 20px; white-space: pre-wrap; font-family: monospace; width: 100%; background: #ffe9e9;\"><strong>condi\u00e7\u00f5es gerais<\/strong><table border=\"1\"><thead><tr><th><\/th><th>An\u00fancios<\/th><th>wp_the_query<\/th><\/tr><\/thead><tr><td>is_main_query<\/td><td>1<\/td><td>1<\/td><\/tr><tr><td>is_rest_api<\/td><td>0<\/td><td>1<\/td><\/tr><tr><td>page<\/td><td>0<\/td><td>1<\/td><\/tr><tr><td>numpages<\/td><td>0<\/td><td>1<\/td><\/tr><tr><td>is_archive<\/td><td>1<\/td><td><\/td><\/tr><tr><td>is_search<\/td><td>1<\/td><td><\/td><\/tr><tr><td>is_home<\/td><td>1<\/td><td><\/td><\/tr><tr><td>is_404<\/td><td>1<\/td><td><\/td><\/tr><tr><td>is_attachment<\/td><td>1<\/td><td><\/td><\/tr><tr><td>is_singular<\/td><td>1<\/td><td><\/td><\/tr><tr><td>is_front_page<\/td><td>1<\/td><td><\/td><\/tr><tr><td>is_feed<\/td><td>1<\/td><td><\/td><\/tr><\/table><\/div><br><br><span style=\"color: red;\">Seu site usa HTTPS, mas o c\u00f3digo do an\u00fancio cont\u00e9m HTTP e pode n\u00e3o funcionar.<\/span>\t<br><br>\n\t<a style=\"color: green;\" href=\"https:\/\/wpadvancedads.com\/manual\/ad-debug-mode\/?utm_source=advanced-ads&utm_medium=link&utm_campaign=ad-debug-mode\" target=\"_blank\" rel=\"nofollow\">Encontre solu\u00e7\u00f5es no manual<\/a>\n<\/div>\n<\/li><\/ul><\/div><script>( window.advanced_ads_ready || jQuery( document ).ready ).call( null, function() {var $lavraslider611698478 = jQuery( \".lavra-slider-611698478\" );$lavraslider611698478.on( \"unslider.ready\", function() { jQuery( \"div.custom-slider ul li\" ).css( \"display\", \"block\" ); });$lavraslider611698478.unslider({ delay:4000, autoplay:true, nav:false, arrows:false, infinite:true });$lavraslider611698478.on(\"mouseover\", function() {$lavraslider611698478.unslider(\"stop\");}).on(\"mouseout\", function() {$lavraslider611698478.unslider(\"start\");});});<\/script><\/div>\n<p>Estreante na S\u00e9rie A do Campeonato Brasileiro, Mirassol \u00e9 de cidade com popula\u00e7\u00e3o inferior \u00e0 capacidade do Maracan\u00e3<\/p>\n\n\n\n<figure class=\"wp-block-image size-full\"><img fetchpriority=\"high\" decoding=\"async\" width=\"900\" height=\"506\" src=\"https:\/\/lavras.tv\/site\/wp-content\/uploads\/2025\/03\/WhatsApp-Image-2025-03-26-at-23.01.31-900x506-1.jpeg\" alt=\"\" class=\"wp-image-164439\" srcset=\"https:\/\/lavras.tv\/site\/wp-content\/uploads\/2025\/03\/WhatsApp-Image-2025-03-26-at-23.01.31-900x506-1.jpeg 900w, https:\/\/lavras.tv\/site\/wp-content\/uploads\/2025\/03\/WhatsApp-Image-2025-03-26-at-23.01.31-900x506-1-470x264.jpeg 470w, https:\/\/lavras.tv\/site\/wp-content\/uploads\/2025\/03\/WhatsApp-Image-2025-03-26-at-23.01.31-900x506-1-170x96.jpeg 170w, https:\/\/lavras.tv\/site\/wp-content\/uploads\/2025\/03\/WhatsApp-Image-2025-03-26-at-23.01.31-900x506-1-200x112.jpeg 200w\" sizes=\"(max-width: 900px) 100vw, 900px\" \/><\/figure>\n\n\n\n<p>A S\u00e9rie A do Campeonato Brasileiro \u00e9 conhecida, entre outras coisas, por reunir os principais clubes e cidades do pa\u00eds, a exemplo das metr\u00f3poles S\u00e3o Paulo, Rio de Janeiro e Belo Horizonte. Em 2025, entretanto,&nbsp;<a href=\"https:\/\/noataque.com.br\/futebol\/brasileirao-serie-a\/time\/cruzeiro\/noticia\/2025\/03\/06\/como-esta-o-mirassol-adversario-do-cruzeiro-na-estreia-do-brasileiro\/\" target=\"_blank\" rel=\"noreferrer noopener\"><strong>chega ao torneio<\/strong><\/a>&nbsp;um time que vai na contram\u00e3o dessa tradi\u00e7\u00e3o.<\/p>\n\n\n\n<p>O Mirassol, da cidade hom\u00f4nima, vai jogar a elite nacional pela primeira vez em seus 99 anos de hist\u00f3ria \u2013 o centen\u00e1rio ser\u00e1 completado em 9 novembro. O munic\u00edpio que abriga o clube est\u00e1 localizado no interior paulista, a cerca de 450km da capital, e \u00e9 o \u00fanico da S\u00e9rie A com menos de 100 mil habitantes.<\/p>\n\n\n\n<p>A marca de 100 mil, na verdade, \u00e9 quase o dobro da popula\u00e7\u00e3o mirassolense. Segundo os dados do Instituto Brasileiro de Geografia e Estat\u00edstica (IBGE), 63.337 pessoas habitavam a cidade em 2022. Em 2024, a estimativa era de que o n\u00famero havia subido para 65.485 \u2013 inferior \u00e0s capacidades de&nbsp;Maracan\u00e3&nbsp;(78.838 torcedores) e Morumbis (66.795).<\/p>\n\n\n\n<p>Bragan\u00e7a Paulista, a pouco mais de 400km de&nbsp;<a href=\"https:\/\/noataque.com.br\/futebol\/brasileirao-serie-a\/time\/atletico-mg\/noticia\/2025\/03\/13\/atacante-do-atletico-encaminha-acerto-com-o-mirassol\/\" target=\"_blank\" rel=\"noreferrer noopener\"><strong>Mirassol<\/strong><\/a>, \u00e9 a segunda cidade com popula\u00e7\u00e3o mais baixa entre as que abrigam times da S\u00e9rie A: 176.811. Al\u00e9m das localidades interioranas, Santos e Caxias do Sul, que est\u00e3o na casa dos 400 mil, ficam fora do grupo dos munic\u00edpios com pelo menos 1 milh\u00e3o de habitantes.<\/p>\n\n\n\n<p>S\u00e3o Paulo, com 11,4 milh\u00f5es, e Rio de Janeiro, com 6,2 milh\u00f5es, est\u00e3o no topo da lista. Na casa dos 2 milh\u00f5es de habitantes aparecem Fortaleza, Salvador e Belo Horizonte.<\/p>\n\n\n\n<h2 class=\"wp-block-heading\" id=\"h-populacao-das-cidades-sede-dos-clubes-da-serie-a-do-campeonato-brasileiro\">Popula\u00e7\u00e3o das cidades-sede dos clubes da S\u00e9rie A do Campeonato Brasileiro<\/h2>\n\n\n\n<p>Os n\u00fameros abaixo foram fornecidos pelo Instituto Brasileiro de Geografia e Estat\u00edstica (IBGE) de acordo com o Censo Demogr\u00e1fico de 2022:<\/p>\n\n\n\n<ul class=\"wp-block-list\">\n<li>Corinthians \u2013 S\u00e3o Paulo, SP: 11.451.999 habitantes<\/li>\n\n\n\n<li>Palmeiras \u2013 S\u00e3o Paulo, SP: 11.451.999 habitantes<\/li>\n\n\n\n<li>S\u00e3o Paulo \u2013 S\u00e3o Paulo, SP: 11.451.999 habitantes<\/li>\n\n\n\n<li>Botafogo \u2013 Rio de Janeiro, RJ: 6.211.223 habitantes<\/li>\n\n\n\n<li>Flamengo \u2013 Rio de Janeiro, RJ: 6.211.223 habitantes<\/li>\n\n\n\n<li>Fluminense \u2013 Rio de Janeiro, RJ: 6.211.223 habitantes<\/li>\n\n\n\n<li>Vasco \u2013 Rio de Janeiro, RJ: 6.211.223 habitantes<\/li>\n\n\n\n<li>Cear\u00e1 \u2013 Fortaleza, CE: 2.428.708 habitantes<\/li>\n\n\n\n<li>Fortaleza \u2013 Fortaleza, CE: 2.428.708 habitantes<\/li>\n\n\n\n<li>Bahia \u2013 Salvador, BA: 2.417.678 habitantes<\/li>\n\n\n\n<li>Vit\u00f3ria \u2013 Salvador, BA: 2.417.678 habitantes<\/li>\n\n\n\n<li>Atl\u00e9tico \u2013 Belo Horizonte, MG: 2.315.560 habitantes<\/li>\n\n\n\n<li>Cruzeiro \u2013 Belo Horizonte, MG: 2.315.560 habitantes<\/li>\n\n\n\n<li>Sport \u2013 Recife, PE: 1.488.920 habitantes<\/li>\n\n\n\n<li>Gr\u00eamio \u2013 Porto Alegre, RS: 1.332.845 habitantes<\/li>\n\n\n\n<li>Internacional \u2013 Porto Alegre, RS: 1.332.845 habitantes<\/li>\n\n\n\n<li>Juventude \u2013 Caxias do Sul, RS: 463.501 habitantes<\/li>\n\n\n\n<li>Santos \u2013 Santos, SP: 418.608 habitantes<\/li>\n\n\n\n<li>Bragantino \u2013 Bragan\u00e7a Paulista, SP: 176.811 habitantes<\/li>\n\n\n\n<li><strong>Mirassol \u2013 Mirassol, SP: 63.337 habitantes<\/strong><\/li>\n<\/ul>\n\n\n\n<h2 class=\"wp-block-heading\" id=\"h-feito-historico\">Feito hist\u00f3rico<\/h2>\n\n\n\n<p>Desde 1984 que o Brasileir\u00e3o n\u00e3o tinha um time de uma cidade com popula\u00e7\u00e3o t\u00e3o baixa quanto Mirassol. Naquele ano, o vice- lanterna foi o Catuense, que estreava na competi\u00e7\u00e3o. O clube \u00e9 da cidade de Catu, na Regi\u00e3o Metropolitana de Salvador\u2013BA, que \u00e0 \u00e9poca abrigava 39,4 mil habitantes.<\/p>\n\n\n\n<p>Pouco antes disso, em 1977, o&nbsp;<a href=\"https:\/\/noataque.com.br\/futebol\/brasileirao-serie-d\/time\/itabirito\/noticia\/2025\/03\/07\/time-mineiro-vai-disputar-a-serie-d-no-estadio-do-villa-nova\/\" target=\"_blank\" rel=\"noreferrer noopener\"><strong>Villa Nova<\/strong><\/a>&nbsp;disputou o torneio. No per\u00edodo, segundo o censo do IBGE de 1970, Nova Lima, que abriga o Le\u00e3o do Bonfim, contava com 34 mil moradores.<\/p>\n\n\n\n<h2 class=\"wp-block-heading\" id=\"h-a-casa-do-mirassol\">A casa do Mirassol<\/h2>\n\n\n\n<p>O Mirassol recebe os advers\u00e1rios no Est\u00e1dio Municipal Jos\u00e9 Maria de Campos Maia, o menor da S\u00e9rie A. O Mai\u00e3o tem capacidade para at\u00e9 15 mil torcedores, conforme o laudo de seguran\u00e7a do Corpo de Bombeiros da Pol\u00edcia Militar do Estado de S\u00e3o Paulo (PMESP).<\/p>\n\n\n\n<p>Em 2024, consoante o site&nbsp;<em>Ranking CBF<\/em>, o clube registrou m\u00e9dia de 3.746 torcedores nos jogos como mandante na S\u00e9rie B \u2013 o que representa 5,9% da popula\u00e7\u00e3o de Mirassol. Ao todo, 71.178 pessoas foram ao est\u00e1dio para assistir \u00e0s partidas do Le\u00e3o pela Segunda Divis\u00e3o.<\/p>\n\n\n\n<p>Para a S\u00e9rie A de 2025, o Mirassol investiu R$ 8 milh\u00f5es em reformas o Mai\u00e3o, reporta o&nbsp;<em>ge.globo<\/em>. O valor foi utilizado para revitaliza\u00e7\u00e3o da fachada, que agora ter\u00e1 as cores do clube \u2013 verde e amarelo -, instala\u00e7\u00e3o de dispositivos de reconhecimento facial, troca do alambrado por prote\u00e7\u00e3o de vidro, melhorias nos banheiros e mudan\u00e7a na ilumina\u00e7\u00e3o do campo. Al\u00e9m disso, o setor de camarotes foi ampliado e as cabinas de imprensa mudadas de lado.<\/p>\n\n\n\n<figure class=\"wp-block-image\"><img decoding=\"async\" src=\"https:\/\/noataque.com.br\/wp-content\/uploads\/2025\/03\/WhatsApp-Image-2025-03-26-at-23.58.42.jpeg\" alt=\"Est\u00e1dio Municipal Jos\u00e9 Maria de Campos Maia, o Mai\u00e3o, casa do Mirassol - (foto: Marcos Freitas\/Mirassol TV )\" title=\"Est\u00e1dio Municipal Jos\u00e9 Maria de Campos Maia, o Mai\u00e3o, casa do Mirassol - (foto: Marcos Freitas\/Mirassol TV )\"\/><figcaption class=\"wp-element-caption\"><small>Est\u00e1dio Municipal Jos\u00e9 Maria de Campos Maia, o Mai\u00e3o, casa do Mirassol<\/small><\/figcaption><\/figure>\n\n\n\n<h2 class=\"wp-block-heading\" id=\"h-estreia-contra-o-cruzeiro\">Estreia contra o Cruzeiro<\/h2>\n\n\n\n<p>O Mirassol vive come\u00e7o de temporada inconstante. Depois de cinco vit\u00f3rias nos seis jogos iniciais da primeira fase do Campeonato aulista, o Le\u00e3o engatou uma sequ\u00eancia negativa de quatro derrotas e um empate, o que custou o cargo de Eduardo Barroca.<\/p>\n\n\n\n<p>O time ainda perdeu mais uma vez na etapa por grupos antes de ser eliminado pelo Corinthians nas quartas de final. Em 14 de mar\u00e7o, 21 dias ap\u00f3s a demiss\u00e3o de Barroca, Rafael Guanaes foi anunciado como comandante da equipe para a S\u00e9rie A do Brasileiro.<\/p>\n\n\n\n<p>Ele vai estrear neste s\u00e1bado (29\/3), no Mineir\u00e3o, contra o Cruzeiro, pela primeira rodada. A bola vai rolar a partir das 18h30.<\/p>\n","protected":false},"excerpt":{"rendered":"<p>Estreante na S\u00e9rie A do Campeonato Brasileiro, Mirassol \u00e9 de cidade com popula\u00e7\u00e3o inferior \u00e0 capacidade do Maracan\u00e3 A S\u00e9rie A do Campeonato Brasileiro \u00e9 conhecida, entre outras coisas, por reunir os principais clubes e cidades do pa\u00eds, a exemplo das metr\u00f3poles S\u00e3o Paulo, Rio de Janeiro e Belo Horizonte. Em 2025, entretanto,&nbsp;chega ao torneio&nbsp;um [&hellip;]<\/p>\n","protected":false},"author":5,"featured_media":164439,"comment_status":"closed","ping_status":"open","sticky":false,"template":"","format":"standard","meta":{"advgb_blocks_editor_width":"","advgb_blocks_columns_visual_guide":"","_exactmetrics_skip_tracking":false,"_exactmetrics_sitenote_active":false,"_exactmetrics_sitenote_note":"","_exactmetrics_sitenote_category":0,"footnotes":""},"categories":[7,3,2],"tags":[],"class_list":["post-164438","post","type-post","status-publish","format-standard","has-post-thumbnail","hentry","category-destaques","category-esportes","category-noticias"],"better_featured_image":{"id":164439,"alt_text":"","caption":"","description":"","media_type":"image","media_details":{"width":900,"height":506,"file":"2025\/03\/WhatsApp-Image-2025-03-26-at-23.01.31-900x506-1.jpeg","filesize":139697,"sizes":{"medium":{"file":"WhatsApp-Image-2025-03-26-at-23.01.31-900x506-1-470x264.jpeg","width":470,"height":264,"mime-type":"image\/jpeg","filesize":46071,"source_url":"https:\/\/lavras.tv\/site\/wp-content\/uploads\/2025\/03\/WhatsApp-Image-2025-03-26-at-23.01.31-900x506-1-470x264.jpeg"},"thumbnail":{"file":"WhatsApp-Image-2025-03-26-at-23.01.31-900x506-1-170x96.jpeg","width":170,"height":96,"mime-type":"image\/jpeg","filesize":8237,"source_url":"https:\/\/lavras.tv\/site\/wp-content\/uploads\/2025\/03\/WhatsApp-Image-2025-03-26-at-23.01.31-900x506-1-170x96.jpeg"},"lshowcase-thumb":{"file":"WhatsApp-Image-2025-03-26-at-23.01.31-900x506-1-200x112.jpeg","width":200,"height":112,"mime-type":"image\/jpeg","filesize":10589,"source_url":"https:\/\/lavras.tv\/site\/wp-content\/uploads\/2025\/03\/WhatsApp-Image-2025-03-26-at-23.01.31-900x506-1-200x112.jpeg"},"alm-thumbnail":{"file":"WhatsApp-Image-2025-03-26-at-23.01.31-900x506-1-150x150.jpeg","width":150,"height":150,"mime-type":"image\/jpeg","filesize":10305,"source_url":"https:\/\/lavras.tv\/site\/wp-content\/uploads\/2025\/03\/WhatsApp-Image-2025-03-26-at-23.01.31-900x506-1-150x150.jpeg"}},"image_meta":{"aperture":"0","credit":"","camera":"","caption":"","created_timestamp":"0","copyright":"","focal_length":"0","iso":"0","shutter_speed":"0","title":"","orientation":"0","keywords":[]}},"post":164438,"source_url":"https:\/\/lavras.tv\/site\/wp-content\/uploads\/2025\/03\/WhatsApp-Image-2025-03-26-at-23.01.31-900x506-1.jpeg"},"author_meta":{"display_name":"Vinicius Bustamante","author_link":"https:\/\/lavras.tv\/site\/author\/vinicius-bustamante\/"},"featured_img":"https:\/\/lavras.tv\/site\/wp-content\/uploads\/2025\/03\/WhatsApp-Image-2025-03-26-at-23.01.31-900x506-1-470x264.jpeg","coauthors":[],"tax_additional":{"categories":{"linked":["<a href=\"https:\/\/lavras.tv\/site\/category\/destaques\/\" class=\"advgb-post-tax-term\">Destaques<\/a>","<a href=\"https:\/\/lavras.tv\/site\/category\/esportes\/\" class=\"advgb-post-tax-term\">Esportes<\/a>","<a href=\"https:\/\/lavras.tv\/site\/category\/noticias\/\" class=\"advgb-post-tax-term\">Not\u00edcias<\/a>"],"unlinked":["<span class=\"advgb-post-tax-term\">Destaques<\/span>","<span class=\"advgb-post-tax-term\">Esportes<\/span>","<span class=\"advgb-post-tax-term\">Not\u00edcias<\/span>"]}},"comment_count":"0","relative_dates":{"created":"Publicado 1 ano atr\u00e1s","modified":"Atualizado 1 ano atr\u00e1s"},"absolute_dates":{"created":"Publicado em 27 de mar\u00e7o de 2025","modified":"Atualizado em 27 de mar\u00e7o de 2025"},"absolute_dates_time":{"created":"Publicado em 27 de mar\u00e7o de 2025 14:59","modified":"Atualizado em 27 de mar\u00e7o de 2025 14:59"},"featured_img_caption":"","series_order":"","_links":{"self":[{"href":"https:\/\/lavras.tv\/site\/wp-json\/wp\/v2\/posts\/164438","targetHints":{"allow":["GET"]}}],"collection":[{"href":"https:\/\/lavras.tv\/site\/wp-json\/wp\/v2\/posts"}],"about":[{"href":"https:\/\/lavras.tv\/site\/wp-json\/wp\/v2\/types\/post"}],"author":[{"embeddable":true,"href":"https:\/\/lavras.tv\/site\/wp-json\/wp\/v2\/users\/5"}],"replies":[{"embeddable":true,"href":"https:\/\/lavras.tv\/site\/wp-json\/wp\/v2\/comments?post=164438"}],"version-history":[{"count":1,"href":"https:\/\/lavras.tv\/site\/wp-json\/wp\/v2\/posts\/164438\/revisions"}],"predecessor-version":[{"id":164440,"href":"https:\/\/lavras.tv\/site\/wp-json\/wp\/v2\/posts\/164438\/revisions\/164440"}],"wp:featuredmedia":[{"embeddable":true,"href":"https:\/\/lavras.tv\/site\/wp-json\/wp\/v2\/media\/164439"}],"wp:attachment":[{"href":"https:\/\/lavras.tv\/site\/wp-json\/wp\/v2\/media?parent=164438"}],"wp:term":[{"taxonomy":"category","embeddable":true,"href":"https:\/\/lavras.tv\/site\/wp-json\/wp\/v2\/categories?post=164438"},{"taxonomy":"post_tag","embeddable":true,"href":"https:\/\/lavras.tv\/site\/wp-json\/wp\/v2\/tags?post=164438"}],"curies":[{"name":"wp","href":"https:\/\/api.w.org\/{rel}","templated":true}]}}