{"id":164664,"date":"2025-03-28T15:35:40","date_gmt":"2025-03-28T18:35:40","guid":{"rendered":"https:\/\/lavras.tv\/site\/?p=164664"},"modified":"2025-03-28T15:35:40","modified_gmt":"2025-03-28T18:35:40","slug":"justica-da-espanha-absolve-daniel-alves-do-crime-de-estupro","status":"publish","type":"post","link":"https:\/\/lavras.tv\/site\/2025\/03\/28\/justica-da-espanha-absolve-daniel-alves-do-crime-de-estupro\/","title":{"rendered":"Justi\u00e7a da Espanha absolve Daniel Alves do crime de estupro"},"content":{"rendered":"<div class=\"lavra-antes-do-conteudo_2\" id=\"lavra-114420942\"><div id=\"lavra-slider-27\" class=\"custom-slider lavra-slider-1196970453 lavra-slider\"><ul><li><div style=\"margin-left: auto;margin-right: auto;text-align: center;\" id=\"lavra-3882273175\"><a href=\"https:\/\/sistemas.lavras.mg.gov.br\/portalcidadao\/#df1b1a7c7b2a290bcb31e32771e610784662739a88807c0dacac58ede5f391a7530e299dc302d611ee73cb143fc22eaf93592e53e7b5bdb01b00a0b8d28dae460c141dd2ff83412e4dc1c31b16b25f33144a9e5620ea73b13f5bc1c59411d98439ad226e8af03840603796067d87afe130812cf3de24982d0e306f9e61e764e5\" aria-label=\"Lavras-TV&#8211;720x104px (1) (1)\"><img src=\"https:\/\/lavras.tv\/site\/wp-content\/uploads\/2025\/01\/Lavras-TV-720x104px-1-1.png\" alt=\"\"  srcset=\"https:\/\/lavras.tv\/site\/wp-content\/uploads\/2025\/01\/Lavras-TV-720x104px-1-1.png 720w, https:\/\/lavras.tv\/site\/wp-content\/uploads\/2025\/01\/Lavras-TV-720x104px-1-1-470x68.png 470w, https:\/\/lavras.tv\/site\/wp-content\/uploads\/2025\/01\/Lavras-TV-720x104px-1-1-170x25.png 170w, https:\/\/lavras.tv\/site\/wp-content\/uploads\/2025\/01\/Lavras-TV-720x104px-1-1-200x29.png 200w\" sizes=\"(max-width: 720px) 100vw, 720px\" width=\"720\" height=\"104\"  style=\"display: inline-block;\" \/><\/a><\/div><\/li><li><a href=\"https:\/\/sistemas.lavras.mg.gov.br\/portalcidadao\/#df1b1a7c7b2a290bcb31e32771e610784662739a88807c0dacac58ede5f391a7530e299dc302d611ee73cb143fc22eaf93592e53e7b5bdb01b00a0b8d28dae460c141dd2ff83412e4dc1c31b16b25f33144a9e5620ea73b13f5bc1c59411d98439ad226e8af03840603796067d87afe130812cf3de24982d0e306f9e61e764e5\" aria-label=\"Banner_Emprego_PortallavrasTV\"><img src=\"https:\/\/lavras.tv\/site\/wp-content\/uploads\/2025\/03\/Banner_Emprego_PortallavrasTV.png\" alt=\"\"  srcset=\"https:\/\/lavras.tv\/site\/wp-content\/uploads\/2025\/03\/Banner_Emprego_PortallavrasTV.png 720w, https:\/\/lavras.tv\/site\/wp-content\/uploads\/2025\/03\/Banner_Emprego_PortallavrasTV-470x68.png 470w, https:\/\/lavras.tv\/site\/wp-content\/uploads\/2025\/03\/Banner_Emprego_PortallavrasTV-170x25.png 170w, https:\/\/lavras.tv\/site\/wp-content\/uploads\/2025\/03\/Banner_Emprego_PortallavrasTV-200x29.png 200w\" sizes=\"(max-width: 720px) 100vw, 720px\" width=\"720\" height=\"104\"   \/><\/a><\/li><li><a href=\"https:\/\/sistemas.lavras.mg.gov.br\/portalcidadao\/#df1b1a7c7b2a290bcb31e32771e610784662739a88807c0dacac58ede5f391a7530e299dc302d611ee73cb143fc22eaf93592e53e7b5bdb01b00a0b8d28dae460c141dd2ff83412e4dc1c31b16b25f33144a9e5620ea73b13f5bc1c59411d98439ad226e8af03840603796067d87afe130812cf3de24982d0e306f9e61e764e5\" aria-label=\"Banner_Obras_PortallavrasTV\"><img src=\"https:\/\/lavras.tv\/site\/wp-content\/uploads\/2025\/03\/Banner_Obras_PortallavrasTV.png\" alt=\"\"  srcset=\"https:\/\/lavras.tv\/site\/wp-content\/uploads\/2025\/03\/Banner_Obras_PortallavrasTV.png 720w, https:\/\/lavras.tv\/site\/wp-content\/uploads\/2025\/03\/Banner_Obras_PortallavrasTV-470x68.png 470w, https:\/\/lavras.tv\/site\/wp-content\/uploads\/2025\/03\/Banner_Obras_PortallavrasTV-170x25.png 170w, https:\/\/lavras.tv\/site\/wp-content\/uploads\/2025\/03\/Banner_Obras_PortallavrasTV-200x29.png 200w\" sizes=\"(max-width: 720px) 100vw, 720px\" width=\"720\" height=\"104\"   \/><\/a><\/li><li><div style=\"margin-left: auto;margin-right: auto;text-align: center;\" id=\"lavra-4088512854\"><a href=\"https:\/\/sistemas.lavras.mg.gov.br\/portalcidadao\/#df1b1a7c7b2a290bcb31e32771e610784662739a88807c0dacac58ede5f391a7530e299dc302d611ee73cb143fc22eaf93592e53e7b5bdb01b00a0b8d28dae460c141dd2ff83412e4dc1c31b16b25f33144a9e5620ea73b13f5bc1c59411d98439ad226e8af03840603796067d87afe130812cf3de24982d0e306f9e61e764e5\" aria-label=\"Banner_Educa\u00e7\u00e3o_PortallavrasTV\"><img src=\"https:\/\/lavras.tv\/site\/wp-content\/uploads\/2025\/01\/Banner_Educacao_PortallavrasTV.png\" alt=\"\"  srcset=\"https:\/\/lavras.tv\/site\/wp-content\/uploads\/2025\/01\/Banner_Educacao_PortallavrasTV.png 720w, https:\/\/lavras.tv\/site\/wp-content\/uploads\/2025\/01\/Banner_Educacao_PortallavrasTV-470x68.png 470w, https:\/\/lavras.tv\/site\/wp-content\/uploads\/2025\/01\/Banner_Educacao_PortallavrasTV-170x25.png 170w, https:\/\/lavras.tv\/site\/wp-content\/uploads\/2025\/01\/Banner_Educacao_PortallavrasTV-200x29.png 200w\" sizes=\"(max-width: 720px) 100vw, 720px\" width=\"720\" height=\"104\"  style=\"display: inline-block;\" \/><\/a><\/div><\/li><li><a href=\"https:\/\/sistemas.lavras.mg.gov.br\/portalcidadao\/#df1b1a7c7b2a290bcb31e32771e610784662739a88807c0dacac58ede5f391a7530e299dc302d611ee73cb143fc22eaf93592e53e7b5bdb01b00a0b8d28dae460c141dd2ff83412e4dc1c31b16b25f33144a9e5620ea73b13f5bc1c59411d98439ad226e8af03840603796067d87afe130812cf3de24982d0e306f9e61e764e5\" aria-label=\"Banner_Sa\u00fade_PortallavrasTV\"><img src=\"https:\/\/lavras.tv\/site\/wp-content\/uploads\/2025\/03\/Banner_Saude_PortallavrasTV.png\" alt=\"\"  srcset=\"https:\/\/lavras.tv\/site\/wp-content\/uploads\/2025\/03\/Banner_Saude_PortallavrasTV.png 720w, https:\/\/lavras.tv\/site\/wp-content\/uploads\/2025\/03\/Banner_Saude_PortallavrasTV-470x68.png 470w, https:\/\/lavras.tv\/site\/wp-content\/uploads\/2025\/03\/Banner_Saude_PortallavrasTV-170x25.png 170w, https:\/\/lavras.tv\/site\/wp-content\/uploads\/2025\/03\/Banner_Saude_PortallavrasTV-200x29.png 200w\" sizes=\"(max-width: 720px) 100vw, 720px\" width=\"720\" height=\"104\"   \/><\/a><\/li><li><div id=\"lavra-3741392980\" style=\"width:720px;height:104px;background-color:#ddd;overflow:scroll;\">\n\t<strong>Sa\u00edda da depura\u00e7\u00e3o de an\u00fancios<\/strong>\n\t<br><br>\n\tO an\u00fancio n\u00e3o \u00e9 exibido na p\u00e1gina<br><br>post atual: Justi\u00e7a da Espanha absolve Daniel Alves do crime de estupro, ID: 164664<br><br><span style=\"color: red;\">O post atual n\u00e3o \u00e9 id\u00eantico ao post principal.<\/span><br><br>An\u00fancios: ROXO - TOPO INTERNA - ROTATIVO 2 (197)<br \/>Grupo de an\u00fancios: Princ_Meio01_720x104 (27)<br><br>Condi\u00e7\u00f5es de exibi\u00e7\u00e3o<div style=\"margin-bottom: 20px; white-space: pre-wrap; font-family: monospace; width: 100%; background: #ffe9e9;\"><strong>condi\u00e7\u00f5es gerais<\/strong><table border=\"1\"><thead><tr><th><\/th><th>An\u00fancios<\/th><th>wp_the_query<\/th><\/tr><\/thead><tr><td>is_main_query<\/td><td>1<\/td><td>1<\/td><\/tr><tr><td>is_rest_api<\/td><td>0<\/td><td>1<\/td><\/tr><tr><td>page<\/td><td>0<\/td><td>1<\/td><\/tr><tr><td>numpages<\/td><td>0<\/td><td>1<\/td><\/tr><tr><td>is_archive<\/td><td>1<\/td><td><\/td><\/tr><tr><td>is_search<\/td><td>1<\/td><td><\/td><\/tr><tr><td>is_home<\/td><td>1<\/td><td><\/td><\/tr><tr><td>is_404<\/td><td>1<\/td><td><\/td><\/tr><tr><td>is_attachment<\/td><td>1<\/td><td><\/td><\/tr><tr><td>is_singular<\/td><td>1<\/td><td><\/td><\/tr><tr><td>is_front_page<\/td><td>1<\/td><td><\/td><\/tr><tr><td>is_feed<\/td><td>1<\/td><td><\/td><\/tr><\/table><\/div><br><br><span style=\"color: red;\">Seu site usa HTTPS, mas o c\u00f3digo do an\u00fancio cont\u00e9m HTTP e pode n\u00e3o funcionar.<\/span>\t<br><br>\n\t<a style=\"color: green;\" href=\"https:\/\/wpadvancedads.com\/manual\/ad-debug-mode\/?utm_source=advanced-ads&utm_medium=link&utm_campaign=ad-debug-mode\" target=\"_blank\" rel=\"nofollow\">Encontre solu\u00e7\u00f5es no manual<\/a>\n<\/div>\n<\/li><\/ul><\/div><script>( window.advanced_ads_ready || jQuery( document ).ready ).call( null, function() {var $lavraslider1196970453 = jQuery( \".lavra-slider-1196970453\" );$lavraslider1196970453.on( \"unslider.ready\", function() { jQuery( \"div.custom-slider ul li\" ).css( \"display\", \"block\" ); });$lavraslider1196970453.unslider({ delay:4000, autoplay:true, nav:false, arrows:false, infinite:true });$lavraslider1196970453.on(\"mouseover\", function() {$lavraslider1196970453.unslider(\"stop\");}).on(\"mouseout\", function() {$lavraslider1196970453.unslider(\"start\");});});<\/script><\/div>\n<p>Tribunal da Catalunha considerou que o testemunho da mulher que o acusa n\u00e3o \u00e9 suficiente para manter a condena\u00e7\u00e3o e que neste caso prevalece o direito \u00e0 presun\u00e7\u00e3o de inoc\u00eancia<\/p>\n\n\n\n<figure class=\"wp-block-image size-full\"><img fetchpriority=\"high\" decoding=\"async\" width=\"900\" height=\"506\" src=\"https:\/\/lavras.tv\/site\/wp-content\/uploads\/2025\/03\/Daniel-Alves-3-900x506-1.jpeg\" alt=\"\" class=\"wp-image-164665\" srcset=\"https:\/\/lavras.tv\/site\/wp-content\/uploads\/2025\/03\/Daniel-Alves-3-900x506-1.jpeg 900w, https:\/\/lavras.tv\/site\/wp-content\/uploads\/2025\/03\/Daniel-Alves-3-900x506-1-470x264.jpeg 470w, https:\/\/lavras.tv\/site\/wp-content\/uploads\/2025\/03\/Daniel-Alves-3-900x506-1-170x96.jpeg 170w, https:\/\/lavras.tv\/site\/wp-content\/uploads\/2025\/03\/Daniel-Alves-3-900x506-1-200x112.jpeg 200w\" sizes=\"(max-width: 900px) 100vw, 900px\" \/><\/figure>\n\n\n\n<p>Em decis\u00e3o un\u00e2nime, o Tribunal Superior da Catalunha, na Espanha, decidiu nesta sexta-feira (28\/3) anular a senten\u00e7a que havia condenado o jogador&nbsp;<strong><a href=\"https:\/\/noataque.com.br\/noticia\/2025\/03\/06\/daniel-alves-e-processado-pelo-pumas-clube-pede-indenizacao-de-quase-r-30-milhoes\/\">Daniel Alves<\/a><\/strong>&nbsp;pelo crime de estupro.<\/p>\n\n\n\n<p>A Justi\u00e7a considerou que o testemunho da mulher que o acusa n\u00e3o \u00e9 suficiente para manter a condena\u00e7\u00e3o e que neste caso prevalece o direito \u00e0 presun\u00e7\u00e3o de inoc\u00eancia.<\/p>\n\n\n\n<blockquote class=\"wp-block-quote is-layout-flow wp-block-quote-is-layout-flow\">\n<p>\u201cO ac\u00f3rd\u00e3o hoje notificado indica que a decis\u00e3o recorrida j\u00e1 se referia \u00e0 falta de fiabilidade do depoimento da autora na parte do relato que podia ser objetivamente verificada por se referir a fatos registados em v\u00eddeo, \u2018indicando expressamente que o que relata n\u00e3o corresponde \u00e0 realidade&#8217;\u201d, diz a senten\u00e7a.<\/p>\n<\/blockquote>\n\n\n\n<p>O Minist\u00e9rio P\u00fablico da Catalunha havia pedido o aumento da pena do brasileiro. O MP e os advogados da mulher que o acusa devem recorrer da decis\u00e3o.<strong>&nbsp;<\/strong><\/p>\n\n\n\n<p>\u201cO tribunal, assim, negou provimento aos recursos do Minist\u00e9rio P\u00fablico \u2014 que requereu a anula\u00e7\u00e3o parcial da pena e, subsidiariamente, a majora\u00e7\u00e3o da pena para 9 anos \u2014 e da acusa\u00e7\u00e3o particular \u2014 que requereu a majora\u00e7\u00e3o da pena para 12 anos \u2014 e absolveu os acusados, revogando as medidas cautelares impostas\u201d, diz parte da decis\u00e3o.<strong>&nbsp;<\/strong><\/p>\n\n\n\n<p>O jogador brasileiro estava em liberdade provis\u00f3ria na Espanha.<\/p>\n\n\n\n<h2 class=\"wp-block-heading\" id=\"h-condenacao-e-liberdade-de-daniel-alves\">Condena\u00e7\u00e3o e liberdade de Daniel Alves<\/h2>\n\n\n\n<p>Daniel Alves&nbsp;havia sido condenado a quatro anos e meio de pris\u00e3o, em fevereiro de 2024, pelo crime de estupro contra uma jovem, em Barcelona, em dezembro de 2022.<\/p>\n\n\n\n<p>No entanto, em mar\u00e7o de 2024, pouco ap\u00f3s o julgamento, ganhou liberdade condicional mediante a pagamento de 1 milh\u00e3o de euros (R$ 5,6 milh\u00f5es).<\/p>\n\n\n\n<p>At\u00e9 a liberdade provis\u00f3ria, Daniel Alves ficou preso por 13 meses, em Barcelona. Agora, ele foi absolvido e considerado inocente por falta de provas.<\/p>\n","protected":false},"excerpt":{"rendered":"<p>Tribunal da Catalunha considerou que o testemunho da mulher que o acusa n\u00e3o \u00e9 suficiente para manter a condena\u00e7\u00e3o e que neste caso prevalece o direito \u00e0 presun\u00e7\u00e3o de inoc\u00eancia Em decis\u00e3o un\u00e2nime, o Tribunal Superior da Catalunha, na Espanha, decidiu nesta sexta-feira (28\/3) anular a senten\u00e7a que havia condenado o jogador&nbsp;Daniel Alves&nbsp;pelo crime de [&hellip;]<\/p>\n","protected":false},"author":5,"featured_media":164665,"comment_status":"closed","ping_status":"open","sticky":false,"template":"","format":"standard","meta":{"advgb_blocks_editor_width":"","advgb_blocks_columns_visual_guide":"","_exactmetrics_skip_tracking":false,"_exactmetrics_sitenote_active":false,"_exactmetrics_sitenote_note":"","_exactmetrics_sitenote_category":0,"footnotes":""},"categories":[7,2],"tags":[],"class_list":["post-164664","post","type-post","status-publish","format-standard","has-post-thumbnail","hentry","category-destaques","category-noticias"],"better_featured_image":{"id":164665,"alt_text":"","caption":"","description":"","media_type":"image","media_details":{"width":900,"height":506,"file":"2025\/03\/Daniel-Alves-3-900x506-1.jpeg","filesize":66019,"sizes":{"medium":{"file":"Daniel-Alves-3-900x506-1-470x264.jpeg","width":470,"height":264,"mime-type":"image\/jpeg","filesize":25800,"source_url":"https:\/\/lavras.tv\/site\/wp-content\/uploads\/2025\/03\/Daniel-Alves-3-900x506-1-470x264.jpeg"},"thumbnail":{"file":"Daniel-Alves-3-900x506-1-170x96.jpeg","width":170,"height":96,"mime-type":"image\/jpeg","filesize":5375,"source_url":"https:\/\/lavras.tv\/site\/wp-content\/uploads\/2025\/03\/Daniel-Alves-3-900x506-1-170x96.jpeg"},"lshowcase-thumb":{"file":"Daniel-Alves-3-900x506-1-200x112.jpeg","width":200,"height":112,"mime-type":"image\/jpeg","filesize":6861,"source_url":"https:\/\/lavras.tv\/site\/wp-content\/uploads\/2025\/03\/Daniel-Alves-3-900x506-1-200x112.jpeg"},"alm-thumbnail":{"file":"Daniel-Alves-3-900x506-1-150x150.jpeg","width":150,"height":150,"mime-type":"image\/jpeg","filesize":6284,"source_url":"https:\/\/lavras.tv\/site\/wp-content\/uploads\/2025\/03\/Daniel-Alves-3-900x506-1-150x150.jpeg"}},"image_meta":{"aperture":"0","credit":"","camera":"","caption":"","created_timestamp":"0","copyright":"","focal_length":"0","iso":"0","shutter_speed":"0","title":"","orientation":"0","keywords":[]}},"post":164664,"source_url":"https:\/\/lavras.tv\/site\/wp-content\/uploads\/2025\/03\/Daniel-Alves-3-900x506-1.jpeg"},"author_meta":{"display_name":"Vinicius Bustamante","author_link":"https:\/\/lavras.tv\/site\/author\/vinicius-bustamante\/"},"featured_img":"https:\/\/lavras.tv\/site\/wp-content\/uploads\/2025\/03\/Daniel-Alves-3-900x506-1-470x264.jpeg","coauthors":[],"tax_additional":{"categories":{"linked":["<a href=\"https:\/\/lavras.tv\/site\/category\/destaques\/\" class=\"advgb-post-tax-term\">Destaques<\/a>","<a href=\"https:\/\/lavras.tv\/site\/category\/noticias\/\" class=\"advgb-post-tax-term\">Not\u00edcias<\/a>"],"unlinked":["<span class=\"advgb-post-tax-term\">Destaques<\/span>","<span class=\"advgb-post-tax-term\">Not\u00edcias<\/span>"]}},"comment_count":"0","relative_dates":{"created":"Publicado 1 ano atr\u00e1s","modified":"Atualizado 1 ano atr\u00e1s"},"absolute_dates":{"created":"Publicado em 28 de mar\u00e7o de 2025","modified":"Atualizado em 28 de mar\u00e7o de 2025"},"absolute_dates_time":{"created":"Publicado em 28 de mar\u00e7o de 2025 15:35","modified":"Atualizado em 28 de mar\u00e7o de 2025 15:35"},"featured_img_caption":"","series_order":"","_links":{"self":[{"href":"https:\/\/lavras.tv\/site\/wp-json\/wp\/v2\/posts\/164664","targetHints":{"allow":["GET"]}}],"collection":[{"href":"https:\/\/lavras.tv\/site\/wp-json\/wp\/v2\/posts"}],"about":[{"href":"https:\/\/lavras.tv\/site\/wp-json\/wp\/v2\/types\/post"}],"author":[{"embeddable":true,"href":"https:\/\/lavras.tv\/site\/wp-json\/wp\/v2\/users\/5"}],"replies":[{"embeddable":true,"href":"https:\/\/lavras.tv\/site\/wp-json\/wp\/v2\/comments?post=164664"}],"version-history":[{"count":1,"href":"https:\/\/lavras.tv\/site\/wp-json\/wp\/v2\/posts\/164664\/revisions"}],"predecessor-version":[{"id":164666,"href":"https:\/\/lavras.tv\/site\/wp-json\/wp\/v2\/posts\/164664\/revisions\/164666"}],"wp:featuredmedia":[{"embeddable":true,"href":"https:\/\/lavras.tv\/site\/wp-json\/wp\/v2\/media\/164665"}],"wp:attachment":[{"href":"https:\/\/lavras.tv\/site\/wp-json\/wp\/v2\/media?parent=164664"}],"wp:term":[{"taxonomy":"category","embeddable":true,"href":"https:\/\/lavras.tv\/site\/wp-json\/wp\/v2\/categories?post=164664"},{"taxonomy":"post_tag","embeddable":true,"href":"https:\/\/lavras.tv\/site\/wp-json\/wp\/v2\/tags?post=164664"}],"curies":[{"name":"wp","href":"https:\/\/api.w.org\/{rel}","templated":true}]}}