{"id":164725,"date":"2025-03-28T19:55:16","date_gmt":"2025-03-28T22:55:16","guid":{"rendered":"http:\/\/lavras.tv\/site\/?p=164725"},"modified":"2025-03-28T19:55:17","modified_gmt":"2025-03-28T22:55:17","slug":"dorival-junior-e-demitido-do-comando-da-selecao-brasileira","status":"publish","type":"post","link":"https:\/\/lavras.tv\/site\/2025\/03\/28\/dorival-junior-e-demitido-do-comando-da-selecao-brasileira\/","title":{"rendered":"Dorival J\u00fanior \u00e9 demitido do comando da sele\u00e7\u00e3o brasileira"},"content":{"rendered":"<div class=\"lavra-antes-do-conteudo_2\" id=\"lavra-1916325606\"><div id=\"lavra-slider-27\" class=\"custom-slider lavra-slider-3273519678 lavra-slider\"><ul><li><div style=\"margin-left: auto;margin-right: auto;text-align: center;\" id=\"lavra-981640288\"><a href=\"https:\/\/sistemas.lavras.mg.gov.br\/portalcidadao\/#df1b1a7c7b2a290bcb31e32771e610784662739a88807c0dacac58ede5f391a7530e299dc302d611ee73cb143fc22eaf93592e53e7b5bdb01b00a0b8d28dae460c141dd2ff83412e4dc1c31b16b25f33144a9e5620ea73b13f5bc1c59411d98439ad226e8af03840603796067d87afe130812cf3de24982d0e306f9e61e764e5\" aria-label=\"Lavras-TV&#8211;720x104px (1) (1)\"><img src=\"https:\/\/lavras.tv\/site\/wp-content\/uploads\/2025\/01\/Lavras-TV-720x104px-1-1.png\" alt=\"\"  srcset=\"https:\/\/lavras.tv\/site\/wp-content\/uploads\/2025\/01\/Lavras-TV-720x104px-1-1.png 720w, https:\/\/lavras.tv\/site\/wp-content\/uploads\/2025\/01\/Lavras-TV-720x104px-1-1-470x68.png 470w, https:\/\/lavras.tv\/site\/wp-content\/uploads\/2025\/01\/Lavras-TV-720x104px-1-1-170x25.png 170w, https:\/\/lavras.tv\/site\/wp-content\/uploads\/2025\/01\/Lavras-TV-720x104px-1-1-200x29.png 200w\" sizes=\"(max-width: 720px) 100vw, 720px\" width=\"720\" height=\"104\"  style=\"display: inline-block;\" \/><\/a><\/div><\/li><li><a href=\"https:\/\/sistemas.lavras.mg.gov.br\/portalcidadao\/#df1b1a7c7b2a290bcb31e32771e610784662739a88807c0dacac58ede5f391a7530e299dc302d611ee73cb143fc22eaf93592e53e7b5bdb01b00a0b8d28dae460c141dd2ff83412e4dc1c31b16b25f33144a9e5620ea73b13f5bc1c59411d98439ad226e8af03840603796067d87afe130812cf3de24982d0e306f9e61e764e5\" aria-label=\"Banner_Emprego_PortallavrasTV\"><img src=\"https:\/\/lavras.tv\/site\/wp-content\/uploads\/2025\/03\/Banner_Emprego_PortallavrasTV.png\" alt=\"\"  srcset=\"https:\/\/lavras.tv\/site\/wp-content\/uploads\/2025\/03\/Banner_Emprego_PortallavrasTV.png 720w, https:\/\/lavras.tv\/site\/wp-content\/uploads\/2025\/03\/Banner_Emprego_PortallavrasTV-470x68.png 470w, https:\/\/lavras.tv\/site\/wp-content\/uploads\/2025\/03\/Banner_Emprego_PortallavrasTV-170x25.png 170w, https:\/\/lavras.tv\/site\/wp-content\/uploads\/2025\/03\/Banner_Emprego_PortallavrasTV-200x29.png 200w\" sizes=\"(max-width: 720px) 100vw, 720px\" width=\"720\" height=\"104\"   \/><\/a><\/li><li><a href=\"https:\/\/sistemas.lavras.mg.gov.br\/portalcidadao\/#df1b1a7c7b2a290bcb31e32771e610784662739a88807c0dacac58ede5f391a7530e299dc302d611ee73cb143fc22eaf93592e53e7b5bdb01b00a0b8d28dae460c141dd2ff83412e4dc1c31b16b25f33144a9e5620ea73b13f5bc1c59411d98439ad226e8af03840603796067d87afe130812cf3de24982d0e306f9e61e764e5\" aria-label=\"Banner_Obras_PortallavrasTV\"><img src=\"https:\/\/lavras.tv\/site\/wp-content\/uploads\/2025\/03\/Banner_Obras_PortallavrasTV.png\" alt=\"\"  srcset=\"https:\/\/lavras.tv\/site\/wp-content\/uploads\/2025\/03\/Banner_Obras_PortallavrasTV.png 720w, https:\/\/lavras.tv\/site\/wp-content\/uploads\/2025\/03\/Banner_Obras_PortallavrasTV-470x68.png 470w, https:\/\/lavras.tv\/site\/wp-content\/uploads\/2025\/03\/Banner_Obras_PortallavrasTV-170x25.png 170w, https:\/\/lavras.tv\/site\/wp-content\/uploads\/2025\/03\/Banner_Obras_PortallavrasTV-200x29.png 200w\" sizes=\"(max-width: 720px) 100vw, 720px\" width=\"720\" height=\"104\"   \/><\/a><\/li><li><div style=\"margin-left: auto;margin-right: auto;text-align: center;\" id=\"lavra-1770638986\"><a href=\"https:\/\/sistemas.lavras.mg.gov.br\/portalcidadao\/#df1b1a7c7b2a290bcb31e32771e610784662739a88807c0dacac58ede5f391a7530e299dc302d611ee73cb143fc22eaf93592e53e7b5bdb01b00a0b8d28dae460c141dd2ff83412e4dc1c31b16b25f33144a9e5620ea73b13f5bc1c59411d98439ad226e8af03840603796067d87afe130812cf3de24982d0e306f9e61e764e5\" aria-label=\"Banner_Educa\u00e7\u00e3o_PortallavrasTV\"><img src=\"https:\/\/lavras.tv\/site\/wp-content\/uploads\/2025\/01\/Banner_Educacao_PortallavrasTV.png\" alt=\"\"  srcset=\"https:\/\/lavras.tv\/site\/wp-content\/uploads\/2025\/01\/Banner_Educacao_PortallavrasTV.png 720w, https:\/\/lavras.tv\/site\/wp-content\/uploads\/2025\/01\/Banner_Educacao_PortallavrasTV-470x68.png 470w, https:\/\/lavras.tv\/site\/wp-content\/uploads\/2025\/01\/Banner_Educacao_PortallavrasTV-170x25.png 170w, https:\/\/lavras.tv\/site\/wp-content\/uploads\/2025\/01\/Banner_Educacao_PortallavrasTV-200x29.png 200w\" sizes=\"(max-width: 720px) 100vw, 720px\" width=\"720\" height=\"104\"  style=\"display: inline-block;\" \/><\/a><\/div><\/li><li><a href=\"https:\/\/sistemas.lavras.mg.gov.br\/portalcidadao\/#df1b1a7c7b2a290bcb31e32771e610784662739a88807c0dacac58ede5f391a7530e299dc302d611ee73cb143fc22eaf93592e53e7b5bdb01b00a0b8d28dae460c141dd2ff83412e4dc1c31b16b25f33144a9e5620ea73b13f5bc1c59411d98439ad226e8af03840603796067d87afe130812cf3de24982d0e306f9e61e764e5\" aria-label=\"Banner_Sa\u00fade_PortallavrasTV\"><img src=\"https:\/\/lavras.tv\/site\/wp-content\/uploads\/2025\/03\/Banner_Saude_PortallavrasTV.png\" alt=\"\"  srcset=\"https:\/\/lavras.tv\/site\/wp-content\/uploads\/2025\/03\/Banner_Saude_PortallavrasTV.png 720w, https:\/\/lavras.tv\/site\/wp-content\/uploads\/2025\/03\/Banner_Saude_PortallavrasTV-470x68.png 470w, https:\/\/lavras.tv\/site\/wp-content\/uploads\/2025\/03\/Banner_Saude_PortallavrasTV-170x25.png 170w, https:\/\/lavras.tv\/site\/wp-content\/uploads\/2025\/03\/Banner_Saude_PortallavrasTV-200x29.png 200w\" sizes=\"(max-width: 720px) 100vw, 720px\" width=\"720\" height=\"104\"   \/><\/a><\/li><li><div id=\"lavra-2837170079\" style=\"width:720px;height:104px;background-color:#ddd;overflow:scroll;\">\n\t<strong>Sa\u00edda da depura\u00e7\u00e3o de an\u00fancios<\/strong>\n\t<br><br>\n\tO an\u00fancio n\u00e3o \u00e9 exibido na p\u00e1gina<br><br>post atual: Dorival J\u00fanior \u00e9 demitido do comando da sele\u00e7\u00e3o brasileira, ID: 164725<br><br><span style=\"color: red;\">O post atual n\u00e3o \u00e9 id\u00eantico ao post principal.<\/span><br><br>An\u00fancios: ROXO - TOPO INTERNA - ROTATIVO 2 (197)<br \/>Grupo de an\u00fancios: Princ_Meio01_720x104 (27)<br><br>Condi\u00e7\u00f5es de exibi\u00e7\u00e3o<div style=\"margin-bottom: 20px; white-space: pre-wrap; font-family: monospace; width: 100%; background: #ffe9e9;\"><strong>condi\u00e7\u00f5es gerais<\/strong><table border=\"1\"><thead><tr><th><\/th><th>An\u00fancios<\/th><th>wp_the_query<\/th><\/tr><\/thead><tr><td>is_main_query<\/td><td>1<\/td><td>1<\/td><\/tr><tr><td>is_rest_api<\/td><td>0<\/td><td>1<\/td><\/tr><tr><td>page<\/td><td>0<\/td><td>1<\/td><\/tr><tr><td>numpages<\/td><td>0<\/td><td>1<\/td><\/tr><tr><td>is_archive<\/td><td>1<\/td><td><\/td><\/tr><tr><td>is_search<\/td><td>1<\/td><td><\/td><\/tr><tr><td>is_home<\/td><td>1<\/td><td><\/td><\/tr><tr><td>is_404<\/td><td>1<\/td><td><\/td><\/tr><tr><td>is_attachment<\/td><td>1<\/td><td><\/td><\/tr><tr><td>is_singular<\/td><td>1<\/td><td><\/td><\/tr><tr><td>is_front_page<\/td><td>1<\/td><td><\/td><\/tr><tr><td>is_feed<\/td><td>1<\/td><td><\/td><\/tr><\/table><\/div><br><br><span style=\"color: red;\">Seu site usa HTTPS, mas o c\u00f3digo do an\u00fancio cont\u00e9m HTTP e pode n\u00e3o funcionar.<\/span>\t<br><br>\n\t<a style=\"color: green;\" href=\"https:\/\/wpadvancedads.com\/manual\/ad-debug-mode\/?utm_source=advanced-ads&utm_medium=link&utm_campaign=ad-debug-mode\" target=\"_blank\" rel=\"nofollow\">Encontre solu\u00e7\u00f5es no manual<\/a>\n<\/div>\n<\/li><\/ul><\/div><script>( window.advanced_ads_ready || jQuery( document ).ready ).call( null, function() {var $lavraslider3273519678 = jQuery( \".lavra-slider-3273519678\" );$lavraslider3273519678.on( \"unslider.ready\", function() { jQuery( \"div.custom-slider ul li\" ).css( \"display\", \"block\" ); });$lavraslider3273519678.unslider({ delay:4000, autoplay:true, nav:false, arrows:false, infinite:true });$lavraslider3273519678.on(\"mouseover\", function() {$lavraslider3273519678.unslider(\"stop\");}).on(\"mouseout\", function() {$lavraslider3273519678.unslider(\"start\");});});<\/script><\/div>\n<p>T\u00e9cnico deixa o cargo ap\u00f3s 16 jogos; Jorge Jesus \u00e9 o favorito assumir a vaga<\/p>\n\n\n\n<figure class=\"wp-block-image size-full\"><img fetchpriority=\"high\" decoding=\"async\" width=\"984\" height=\"656\" src=\"http:\/\/lavras.tv\/site\/wp-content\/uploads\/2025\/03\/dorival-afp1.avif\" alt=\"\" class=\"wp-image-164726\"\/><\/figure>\n\n\n\n<p>Dorival J\u00fanior n\u00e3o \u00e9 mais t\u00e9cnico da sele\u00e7\u00e3o brasileira. Ap\u00f3s um ano e 16 jogos no cargo, o treinador foi demitido nesta sexta-feira pelo presidente da CBF, Ednaldo Rodrigues, em reuni\u00e3o na sede da entidade, no Rio de Janeiro. Os auxiliares Lucas Silvestre e Pedro Sotero e o preparador f\u00edsico Celso Resende tamb\u00e9m est\u00e3o fora.<\/p>\n\n\n\n<p>Jorge Jesus \u00e9 o favorito a assumir a vaga deixada por Dorival J\u00fanior. Carlo Ancelotti foi o preferido num primeiro momento, mas a disponibilidade de assumir a Sele\u00e7\u00e3o antes do Mundial de Clubes, previsto para acontecer entre junho e julho, faz diferen\u00e7a.<\/p>\n\n\n\n<p>Ednaldo fez um pronunciamento \u00e0 imprensa, sem responder a perguntas, na sede da CBF, que tamb\u00e9m anunciou a sa\u00edda do treinador em nota publicada em seu site:<\/p>\n\n\n\n<blockquote class=\"wp-block-quote is-layout-flow wp-block-quote-is-layout-flow\">\n<p>&#8220;A Confedera\u00e7\u00e3o Brasileira de Futebol informa que o t\u00e9cnico Dorival J\u00fanior n\u00e3o comanda mais a Sele\u00e7\u00e3o Brasileira. A dire\u00e7\u00e3o agradece ao profissional e deseja sucesso na continuidade de sua carreira. A partir de agora, a CBF vai trabalhar em busca do substituto&#8221;.<\/p>\n<\/blockquote>\n\n\n\n<p>O diretor de sele\u00e7\u00f5es, Rodrigo Caetano, o coordenador t\u00e9cnico Juan e o gerente de sele\u00e7\u00f5es, C\u00edcero Souza, continuam em seus cargos na CBF.<\/p>\n\n\n\n<p>Em seu pronunciamento, Ednaldo Rodrigues, disse que a busca por um substituto foi iniciada somente nesta sexta-feira.<\/p>\n\n\n\n<p>&#8211; Na ter\u00e7a-feira, eu disse a voc\u00eas depois do jogo que falaria no dia seguinte. Falamos e nos reunimos com Dorival J\u00fanior e Rodrigo Caetano, e a CBF anuncia neste momento que encerrou o ciclo do Dorival J\u00fanior. A gente agradece muito pelo trabalho que ele desempenhou na Sele\u00e7\u00e3o e deseja para ele todo sucesso em sua carreira.<\/p>\n\n\n\n<p>&#8211; Agora vamos trabalhar na busca de um substituto. Aquilo que era colocado que tinha contato com A, com B, com C, isso em momento algum passou nem pelo presidente, e nem por algu\u00e9m que o presidente tenha determinado. A partir de agora sim que vamos buscar um substituto para dar continuidade ao trabalho da sele\u00e7\u00e3o brasileira.<\/p>\n\n\n\n<p>As m\u00e1s atua\u00e7\u00f5es e resultados j\u00e1 pressionavam Dorival desde o ano passado, mas a situa\u00e7\u00e3o se agravou ap\u00f3s a goleada sofrida pelo Brasil por 4 a 1 para a Argentina, na ter\u00e7a-feira.<\/p>\n\n\n\n<p>Com a demiss\u00e3o, a Sele\u00e7\u00e3o vai para o quarto treinador neste ciclo de Copa do Mundo. Ap\u00f3s a sa\u00edda de Tite, o Brasil teve Ramon Menezes e Fernando Diniz interinamente em 2023 antes da contrata\u00e7\u00e3o de Dorival, em janeiro de 2024.<\/p>\n\n\n\n<p>Os pr\u00f3ximos compromissos da Sele\u00e7\u00e3o ser\u00e3o em junho, quando enfrenta Equador e Paraguai pelas Eliminat\u00f3rias.<\/p>\n\n\n\n<p>Em 16 jogos sob o comando de Dorival, a Sele\u00e7\u00e3o obteve sete vit\u00f3rias, sete empates e duas derrotas, aproveitamento de 58,3% dos pontos, com 25 gols marcados e 17 sofridos.<\/p>\n\n\n\n<p><\/p>\n","protected":false},"excerpt":{"rendered":"<p>T\u00e9cnico deixa o cargo ap\u00f3s 16 jogos; Jorge Jesus \u00e9 o favorito assumir a vaga Dorival J\u00fanior n\u00e3o \u00e9 mais t\u00e9cnico da sele\u00e7\u00e3o brasileira. Ap\u00f3s um ano e 16 jogos no cargo, o treinador foi demitido nesta sexta-feira pelo presidente da CBF, Ednaldo Rodrigues, em reuni\u00e3o na sede da entidade, no Rio de Janeiro. Os [&hellip;]<\/p>\n","protected":false},"author":5,"featured_media":164726,"comment_status":"closed","ping_status":"open","sticky":false,"template":"","format":"standard","meta":{"advgb_blocks_editor_width":"","advgb_blocks_columns_visual_guide":"","_exactmetrics_skip_tracking":false,"_exactmetrics_sitenote_active":false,"_exactmetrics_sitenote_note":"","_exactmetrics_sitenote_category":0,"footnotes":""},"categories":[7,3,2],"tags":[],"class_list":["post-164725","post","type-post","status-publish","format-standard","has-post-thumbnail","hentry","category-destaques","category-esportes","category-noticias"],"better_featured_image":{"id":164726,"alt_text":"","caption":"","description":"","media_type":"image","media_details":{"width":984,"height":656,"file":"2025\/03\/dorival-afp1.avif","filesize":22101,"sizes":{},"image_meta":{"aperture":"0","credit":"","camera":"","caption":"","created_timestamp":"0","copyright":"","focal_length":"0","iso":"0","shutter_speed":"0","title":"","orientation":"0","keywords":[]}},"post":164725,"source_url":"https:\/\/lavras.tv\/site\/wp-content\/uploads\/2025\/03\/dorival-afp1.avif"},"author_meta":{"display_name":"Vinicius Bustamante","author_link":"https:\/\/lavras.tv\/site\/author\/vinicius-bustamante\/"},"featured_img":"https:\/\/lavras.tv\/site\/wp-content\/uploads\/2025\/03\/dorival-afp1.avif","coauthors":[],"tax_additional":{"categories":{"linked":["<a href=\"https:\/\/lavras.tv\/site\/category\/destaques\/\" class=\"advgb-post-tax-term\">Destaques<\/a>","<a href=\"https:\/\/lavras.tv\/site\/category\/esportes\/\" class=\"advgb-post-tax-term\">Esportes<\/a>","<a href=\"https:\/\/lavras.tv\/site\/category\/noticias\/\" class=\"advgb-post-tax-term\">Not\u00edcias<\/a>"],"unlinked":["<span class=\"advgb-post-tax-term\">Destaques<\/span>","<span class=\"advgb-post-tax-term\">Esportes<\/span>","<span class=\"advgb-post-tax-term\">Not\u00edcias<\/span>"]}},"comment_count":"0","relative_dates":{"created":"Publicado 1 ano atr\u00e1s","modified":"Atualizado 1 ano atr\u00e1s"},"absolute_dates":{"created":"Publicado em 28 de mar\u00e7o de 2025","modified":"Atualizado em 28 de mar\u00e7o de 2025"},"absolute_dates_time":{"created":"Publicado em 28 de mar\u00e7o de 2025 19:55","modified":"Atualizado em 28 de mar\u00e7o de 2025 19:55"},"featured_img_caption":"","series_order":"","_links":{"self":[{"href":"https:\/\/lavras.tv\/site\/wp-json\/wp\/v2\/posts\/164725","targetHints":{"allow":["GET"]}}],"collection":[{"href":"https:\/\/lavras.tv\/site\/wp-json\/wp\/v2\/posts"}],"about":[{"href":"https:\/\/lavras.tv\/site\/wp-json\/wp\/v2\/types\/post"}],"author":[{"embeddable":true,"href":"https:\/\/lavras.tv\/site\/wp-json\/wp\/v2\/users\/5"}],"replies":[{"embeddable":true,"href":"https:\/\/lavras.tv\/site\/wp-json\/wp\/v2\/comments?post=164725"}],"version-history":[{"count":1,"href":"https:\/\/lavras.tv\/site\/wp-json\/wp\/v2\/posts\/164725\/revisions"}],"predecessor-version":[{"id":164727,"href":"https:\/\/lavras.tv\/site\/wp-json\/wp\/v2\/posts\/164725\/revisions\/164727"}],"wp:featuredmedia":[{"embeddable":true,"href":"https:\/\/lavras.tv\/site\/wp-json\/wp\/v2\/media\/164726"}],"wp:attachment":[{"href":"https:\/\/lavras.tv\/site\/wp-json\/wp\/v2\/media?parent=164725"}],"wp:term":[{"taxonomy":"category","embeddable":true,"href":"https:\/\/lavras.tv\/site\/wp-json\/wp\/v2\/categories?post=164725"},{"taxonomy":"post_tag","embeddable":true,"href":"https:\/\/lavras.tv\/site\/wp-json\/wp\/v2\/tags?post=164725"}],"curies":[{"name":"wp","href":"https:\/\/api.w.org\/{rel}","templated":true}]}}