{"id":164728,"date":"2025-03-28T20:01:27","date_gmt":"2025-03-28T23:01:27","guid":{"rendered":"http:\/\/lavras.tv\/site\/?p=164728"},"modified":"2025-03-28T20:01:28","modified_gmt":"2025-03-28T23:01:28","slug":"minas-gerais-registra-cinco-novas-mortes-por-dengue-em-48h","status":"publish","type":"post","link":"https:\/\/lavras.tv\/site\/2025\/03\/28\/minas-gerais-registra-cinco-novas-mortes-por-dengue-em-48h\/","title":{"rendered":"Minas Gerais registra cinco novas mortes por dengue em 48h"},"content":{"rendered":"<div class=\"lavra-antes-do-conteudo_2\" id=\"lavra-3136447536\"><div id=\"lavra-slider-27\" class=\"custom-slider lavra-slider-1218671565 lavra-slider\"><ul><li><div style=\"margin-left: auto;margin-right: auto;text-align: center;\" id=\"lavra-770219313\"><a href=\"https:\/\/sistemas.lavras.mg.gov.br\/portalcidadao\/#df1b1a7c7b2a290bcb31e32771e610784662739a88807c0dacac58ede5f391a7530e299dc302d611ee73cb143fc22eaf93592e53e7b5bdb01b00a0b8d28dae460c141dd2ff83412e4dc1c31b16b25f33144a9e5620ea73b13f5bc1c59411d98439ad226e8af03840603796067d87afe130812cf3de24982d0e306f9e61e764e5\" aria-label=\"Lavras-TV&#8211;720x104px (1) (1)\"><img src=\"https:\/\/lavras.tv\/site\/wp-content\/uploads\/2025\/01\/Lavras-TV-720x104px-1-1.png\" alt=\"\"  srcset=\"https:\/\/lavras.tv\/site\/wp-content\/uploads\/2025\/01\/Lavras-TV-720x104px-1-1.png 720w, https:\/\/lavras.tv\/site\/wp-content\/uploads\/2025\/01\/Lavras-TV-720x104px-1-1-470x68.png 470w, https:\/\/lavras.tv\/site\/wp-content\/uploads\/2025\/01\/Lavras-TV-720x104px-1-1-170x25.png 170w, https:\/\/lavras.tv\/site\/wp-content\/uploads\/2025\/01\/Lavras-TV-720x104px-1-1-200x29.png 200w\" sizes=\"(max-width: 720px) 100vw, 720px\" width=\"720\" height=\"104\"  style=\"display: inline-block;\" \/><\/a><\/div><\/li><li><a href=\"https:\/\/sistemas.lavras.mg.gov.br\/portalcidadao\/#df1b1a7c7b2a290bcb31e32771e610784662739a88807c0dacac58ede5f391a7530e299dc302d611ee73cb143fc22eaf93592e53e7b5bdb01b00a0b8d28dae460c141dd2ff83412e4dc1c31b16b25f33144a9e5620ea73b13f5bc1c59411d98439ad226e8af03840603796067d87afe130812cf3de24982d0e306f9e61e764e5\" aria-label=\"Banner_Emprego_PortallavrasTV\"><img src=\"https:\/\/lavras.tv\/site\/wp-content\/uploads\/2025\/03\/Banner_Emprego_PortallavrasTV.png\" alt=\"\"  srcset=\"https:\/\/lavras.tv\/site\/wp-content\/uploads\/2025\/03\/Banner_Emprego_PortallavrasTV.png 720w, https:\/\/lavras.tv\/site\/wp-content\/uploads\/2025\/03\/Banner_Emprego_PortallavrasTV-470x68.png 470w, https:\/\/lavras.tv\/site\/wp-content\/uploads\/2025\/03\/Banner_Emprego_PortallavrasTV-170x25.png 170w, https:\/\/lavras.tv\/site\/wp-content\/uploads\/2025\/03\/Banner_Emprego_PortallavrasTV-200x29.png 200w\" sizes=\"(max-width: 720px) 100vw, 720px\" width=\"720\" height=\"104\"   \/><\/a><\/li><li><a href=\"https:\/\/sistemas.lavras.mg.gov.br\/portalcidadao\/#df1b1a7c7b2a290bcb31e32771e610784662739a88807c0dacac58ede5f391a7530e299dc302d611ee73cb143fc22eaf93592e53e7b5bdb01b00a0b8d28dae460c141dd2ff83412e4dc1c31b16b25f33144a9e5620ea73b13f5bc1c59411d98439ad226e8af03840603796067d87afe130812cf3de24982d0e306f9e61e764e5\" aria-label=\"Banner_Obras_PortallavrasTV\"><img src=\"https:\/\/lavras.tv\/site\/wp-content\/uploads\/2025\/03\/Banner_Obras_PortallavrasTV.png\" alt=\"\"  srcset=\"https:\/\/lavras.tv\/site\/wp-content\/uploads\/2025\/03\/Banner_Obras_PortallavrasTV.png 720w, https:\/\/lavras.tv\/site\/wp-content\/uploads\/2025\/03\/Banner_Obras_PortallavrasTV-470x68.png 470w, https:\/\/lavras.tv\/site\/wp-content\/uploads\/2025\/03\/Banner_Obras_PortallavrasTV-170x25.png 170w, https:\/\/lavras.tv\/site\/wp-content\/uploads\/2025\/03\/Banner_Obras_PortallavrasTV-200x29.png 200w\" sizes=\"(max-width: 720px) 100vw, 720px\" width=\"720\" height=\"104\"   \/><\/a><\/li><li><div style=\"margin-left: auto;margin-right: auto;text-align: center;\" id=\"lavra-3471393183\"><a href=\"https:\/\/sistemas.lavras.mg.gov.br\/portalcidadao\/#df1b1a7c7b2a290bcb31e32771e610784662739a88807c0dacac58ede5f391a7530e299dc302d611ee73cb143fc22eaf93592e53e7b5bdb01b00a0b8d28dae460c141dd2ff83412e4dc1c31b16b25f33144a9e5620ea73b13f5bc1c59411d98439ad226e8af03840603796067d87afe130812cf3de24982d0e306f9e61e764e5\" aria-label=\"Banner_Educa\u00e7\u00e3o_PortallavrasTV\"><img src=\"https:\/\/lavras.tv\/site\/wp-content\/uploads\/2025\/01\/Banner_Educacao_PortallavrasTV.png\" alt=\"\"  srcset=\"https:\/\/lavras.tv\/site\/wp-content\/uploads\/2025\/01\/Banner_Educacao_PortallavrasTV.png 720w, https:\/\/lavras.tv\/site\/wp-content\/uploads\/2025\/01\/Banner_Educacao_PortallavrasTV-470x68.png 470w, https:\/\/lavras.tv\/site\/wp-content\/uploads\/2025\/01\/Banner_Educacao_PortallavrasTV-170x25.png 170w, https:\/\/lavras.tv\/site\/wp-content\/uploads\/2025\/01\/Banner_Educacao_PortallavrasTV-200x29.png 200w\" sizes=\"(max-width: 720px) 100vw, 720px\" width=\"720\" height=\"104\"  style=\"display: inline-block;\" \/><\/a><\/div><\/li><li><a href=\"https:\/\/sistemas.lavras.mg.gov.br\/portalcidadao\/#df1b1a7c7b2a290bcb31e32771e610784662739a88807c0dacac58ede5f391a7530e299dc302d611ee73cb143fc22eaf93592e53e7b5bdb01b00a0b8d28dae460c141dd2ff83412e4dc1c31b16b25f33144a9e5620ea73b13f5bc1c59411d98439ad226e8af03840603796067d87afe130812cf3de24982d0e306f9e61e764e5\" aria-label=\"Banner_Sa\u00fade_PortallavrasTV\"><img src=\"https:\/\/lavras.tv\/site\/wp-content\/uploads\/2025\/03\/Banner_Saude_PortallavrasTV.png\" alt=\"\"  srcset=\"https:\/\/lavras.tv\/site\/wp-content\/uploads\/2025\/03\/Banner_Saude_PortallavrasTV.png 720w, https:\/\/lavras.tv\/site\/wp-content\/uploads\/2025\/03\/Banner_Saude_PortallavrasTV-470x68.png 470w, https:\/\/lavras.tv\/site\/wp-content\/uploads\/2025\/03\/Banner_Saude_PortallavrasTV-170x25.png 170w, https:\/\/lavras.tv\/site\/wp-content\/uploads\/2025\/03\/Banner_Saude_PortallavrasTV-200x29.png 200w\" sizes=\"(max-width: 720px) 100vw, 720px\" width=\"720\" height=\"104\"   \/><\/a><\/li><li><div id=\"lavra-2239378778\" style=\"width:720px;height:104px;background-color:#ddd;overflow:scroll;\">\n\t<strong>Sa\u00edda da depura\u00e7\u00e3o de an\u00fancios<\/strong>\n\t<br><br>\n\tO an\u00fancio n\u00e3o \u00e9 exibido na p\u00e1gina<br><br>post atual: Minas Gerais registra cinco novas mortes por dengue em 48h, ID: 164728<br><br><span style=\"color: red;\">O post atual n\u00e3o \u00e9 id\u00eantico ao post principal.<\/span><br><br>An\u00fancios: ROXO - TOPO INTERNA - ROTATIVO 2 (197)<br \/>Grupo de an\u00fancios: Princ_Meio01_720x104 (27)<br><br>Condi\u00e7\u00f5es de exibi\u00e7\u00e3o<div style=\"margin-bottom: 20px; white-space: pre-wrap; font-family: monospace; width: 100%; background: #ffe9e9;\"><strong>condi\u00e7\u00f5es gerais<\/strong><table border=\"1\"><thead><tr><th><\/th><th>An\u00fancios<\/th><th>wp_the_query<\/th><\/tr><\/thead><tr><td>is_main_query<\/td><td>1<\/td><td>1<\/td><\/tr><tr><td>is_rest_api<\/td><td>0<\/td><td>1<\/td><\/tr><tr><td>page<\/td><td>0<\/td><td>1<\/td><\/tr><tr><td>numpages<\/td><td>0<\/td><td>1<\/td><\/tr><tr><td>is_archive<\/td><td>1<\/td><td><\/td><\/tr><tr><td>is_search<\/td><td>1<\/td><td><\/td><\/tr><tr><td>is_home<\/td><td>1<\/td><td><\/td><\/tr><tr><td>is_404<\/td><td>1<\/td><td><\/td><\/tr><tr><td>is_attachment<\/td><td>1<\/td><td><\/td><\/tr><tr><td>is_singular<\/td><td>1<\/td><td><\/td><\/tr><tr><td>is_front_page<\/td><td>1<\/td><td><\/td><\/tr><tr><td>is_feed<\/td><td>1<\/td><td><\/td><\/tr><\/table><\/div><br><br><span style=\"color: red;\">Seu site usa HTTPS, mas o c\u00f3digo do an\u00fancio cont\u00e9m HTTP e pode n\u00e3o funcionar.<\/span>\t<br><br>\n\t<a style=\"color: green;\" href=\"https:\/\/wpadvancedads.com\/manual\/ad-debug-mode\/?utm_source=advanced-ads&utm_medium=link&utm_campaign=ad-debug-mode\" target=\"_blank\" rel=\"nofollow\">Encontre solu\u00e7\u00f5es no manual<\/a>\n<\/div>\n<\/li><\/ul><\/div><script>( window.advanced_ads_ready || jQuery( document ).ready ).call( null, function() {var $lavraslider1218671565 = jQuery( \".lavra-slider-1218671565\" );$lavraslider1218671565.on( \"unslider.ready\", function() { jQuery( \"div.custom-slider ul li\" ).css( \"display\", \"block\" ); });$lavraslider1218671565.unslider({ delay:4000, autoplay:true, nav:false, arrows:false, infinite:true });$lavraslider1218671565.on(\"mouseover\", function() {$lavraslider1218671565.unslider(\"stop\");}).on(\"mouseout\", function() {$lavraslider1218671565.unslider(\"start\");});});<\/script><\/div>\n<p>At\u00e9 a tarde desta quinta (27\/3), 33.333 casos de dengue foram confirmados no estado. Cidades do Tri\u00e2ngulo Mineiro possuem mais casos de infec\u00e7\u00f5es fatais<\/p>\n\n\n\n<figure class=\"wp-block-image size-large\"><img fetchpriority=\"high\" decoding=\"async\" width=\"970\" height=\"581\" src=\"http:\/\/lavras.tv\/site\/wp-content\/uploads\/2025\/03\/1_sem_titulo_5_e1705344153982-47236359-970x581.png\" alt=\"\" class=\"wp-image-164729\" srcset=\"https:\/\/lavras.tv\/site\/wp-content\/uploads\/2025\/03\/1_sem_titulo_5_e1705344153982-47236359-970x581.png 970w, https:\/\/lavras.tv\/site\/wp-content\/uploads\/2025\/03\/1_sem_titulo_5_e1705344153982-47236359-470x282.png 470w, https:\/\/lavras.tv\/site\/wp-content\/uploads\/2025\/03\/1_sem_titulo_5_e1705344153982-47236359-170x102.png 170w, https:\/\/lavras.tv\/site\/wp-content\/uploads\/2025\/03\/1_sem_titulo_5_e1705344153982-47236359-200x120.png 200w, https:\/\/lavras.tv\/site\/wp-content\/uploads\/2025\/03\/1_sem_titulo_5_e1705344153982-47236359.png 1200w\" sizes=\"(max-width: 970px) 100vw, 970px\" \/><\/figure>\n\n\n\n<p>Em dois dias cinco novas\u00a0<strong><a href=\"https:\/\/www.em.com.br\/gerais\/2025\/02\/7073242-minas-confirma-setima-morte-por-dengue-a-primeira-na-regiao-sul.html\">mortes em decorr\u00eancia da dengue<\/a><\/strong>\u00a0foram registradas em Minas Gerais. At\u00e9 o in\u00edcio da tarde desta quinta-feira (27\/3), conforme dados da Secretaria de Estado de Sa\u00fade (SES-MG), 28 infec\u00e7\u00f5es fatais foram registradas.\u00a0<\/p>\n\n\n\n<p>Os novos\u00a0casos foram registrados em Uberl\u00e2ndia, Iturama e Limeira do Oeste, no Tri\u00e2ngulo Mineiro. Al\u00e9m disso, em Patos de Minas, no Alto Parana\u00edba, e em Alterosa, no Sul de Minas Gerais. Conforme o painel de monitoramento das arboviroses do Governo de Minas, at\u00e9 ent\u00e3o, Uberl\u00e2ndia e\u00a0<strong><a href=\"https:\/\/www.em.com.br\/gerais\/2025\/03\/7088657-dengue-em-minas-cidade-registra-quatro-mortes-em-24-horas.html\">Uberaba t\u00eam liderado os \u00f3bitos por dengue<\/a><\/strong>, com oito registros cada.<\/p>\n\n\n\n<p>Al\u00e9m dos \u00f3bitos em que foi confirmado a rela\u00e7\u00e3o com a infec\u00e7\u00e3o da dengue, at\u00e9 o in\u00edcio desta tarde, a SES-MG investiga outras 65 infec\u00e7\u00f5es fatais. O levantamento di\u00e1rio tamb\u00e9m apontou que 33.333 exames testaram positivo para a doen\u00e7a.\u00a0<\/p>\n\n\n\n<h2 class=\"wp-block-heading\">Comorbidades&nbsp;<\/h2>\n\n\n\n<p>De acordo com o Governo de Minas, a maior parte dos \u00f3bitos foram registrados de pacientes mulheres de 70 a 74 anos, o que corresponde a 17,86%. No entanto, na mesma faixa et\u00e1ria o percentual de homens que morreram em decorr\u00eancia da dengue \u00e9 de 3,57%.&nbsp;<\/p>\n\n\n\n<p>Ainda segundo o monitoramento da SES-MG, 67,87% das pessoas que perderam a vida para a&nbsp; arbovirose possuem algum tipo de comorbidade. Desse total, a maior presen\u00e7a \u00e9 de pacientes com quadro de hipertens\u00e3o, em seguida est\u00e3o casos de doen\u00e7a renal e diabetes.&nbsp;&nbsp;<\/p>\n\n\n\n<p>O infectologista Leandro Curi, que integra a equipe do Hospital Semper, acredita que perdemos a guerra contra o vetor transmissor da dengue. Por\u00e9m, o especialista defende que a preven\u00e7\u00e3o mais eficaz \u00e9 a vacina. \u201cMinha expectativa \u00e9 que enquanto ela [vacina contra a dengue] ainda n\u00e3o \u00e9 produzida em nosso pa\u00eds, que seja poss\u00edvel comprar mais doses para ampliar a prote\u00e7\u00e3o e estend\u00ea-la para outras faixas et\u00e1rias\u201d, destaca.&nbsp;<\/p>\n\n\n\n<h2 class=\"wp-block-heading\">Vacina<\/h2>\n\n\n\n<p>No Brasil, a Ag\u00eancia Nacional de Vigil\u00e2ncia Sanit\u00e1ria (Anvisa) j\u00e1 aprovou o uso de duas vacinas contra a dengue: Qdenga, do laborat\u00f3rio japon\u00eas Takeda; e Dengvaxia, do laborat\u00f3rio franc\u00eas Sanofi- Pasteur. A primeira foi incorporada ao calend\u00e1rio de vacina\u00e7\u00e3o e \u00e9 distribu\u00edda pelo Sistema \u00danico de Sa\u00fade (SUS) desde o \u00faltimo ano. Ela \u00e9 indicada para pessoas de 4 a 60 anos, n\u00e3o sendo indicada para aplica\u00e7\u00e3o em idosos.&nbsp;<\/p>\n\n\n\n<p>Em 14 de fevereiro, o Minist\u00e9rio da Sa\u00fade permitiu a amplia\u00e7\u00e3o tempor\u00e1ria do p\u00fablico-alvo da vacina. A medida \u00e9 v\u00e1lida para doses com prazo de validade iminente. Apesar disso, em Minas Gerais, at\u00e9 o momento, n\u00e3o h\u00e1 informa\u00e7\u00f5es sobre o remanejamento da aplica\u00e7\u00e3o. O\u00a0<strong>Estado de Minas<\/strong>\u00a0procurou a SES-MG para saber se h\u00e1 algum planejamento, mas at\u00e9 o fechamento desta edi\u00e7\u00e3o n\u00e3o obteve resposta.\u00a0<\/p>\n\n\n\n<p>De acordo com o governo federal, por conta da dificuldade de produ\u00e7\u00e3o e importa\u00e7\u00e3o das doses, nas Unidades B\u00e1sicas de Sa\u00fade (UBs) as doses est\u00e3o sendo ofertadas para crian\u00e7as de 10 a 14 anos, sendo que em alguns estados e munic\u00edpios, devido a falta de procura o p\u00fablico alvo foi ampliado para 6 a 14 anos. J\u00e1 o imunizante franc\u00eas, pode ser aplicado em pessoas de todas as idades mas, ela s\u00f3 pode ser utilizada por aqueles que j\u00e1 tiveram dengue, sendo contraindicada para pessoas que nunca tiveram contato com o v\u00edrus.<\/p>\n","protected":false},"excerpt":{"rendered":"<p>At\u00e9 a tarde desta quinta (27\/3), 33.333 casos de dengue foram confirmados no estado. Cidades do Tri\u00e2ngulo Mineiro possuem mais casos de infec\u00e7\u00f5es fatais Em dois dias cinco novas\u00a0mortes em decorr\u00eancia da dengue\u00a0foram registradas em Minas Gerais. At\u00e9 o in\u00edcio da tarde desta quinta-feira (27\/3), conforme dados da Secretaria de Estado de Sa\u00fade (SES-MG), 28 [&hellip;]<\/p>\n","protected":false},"author":5,"featured_media":164729,"comment_status":"closed","ping_status":"open","sticky":false,"template":"","format":"standard","meta":{"advgb_blocks_editor_width":"","advgb_blocks_columns_visual_guide":"","_exactmetrics_skip_tracking":false,"_exactmetrics_sitenote_active":false,"_exactmetrics_sitenote_note":"","_exactmetrics_sitenote_category":0,"footnotes":""},"categories":[7,2],"tags":[],"class_list":["post-164728","post","type-post","status-publish","format-standard","has-post-thumbnail","hentry","category-destaques","category-noticias"],"better_featured_image":{"id":164729,"alt_text":"","caption":"","description":"","media_type":"image","media_details":{"width":1200,"height":719,"file":"2025\/03\/1_sem_titulo_5_e1705344153982-47236359.png","filesize":437697,"sizes":{"medium":{"file":"1_sem_titulo_5_e1705344153982-47236359-470x282.png","width":470,"height":282,"mime-type":"image\/png","filesize":108790,"source_url":"https:\/\/lavras.tv\/site\/wp-content\/uploads\/2025\/03\/1_sem_titulo_5_e1705344153982-47236359-470x282.png"},"large":{"file":"1_sem_titulo_5_e1705344153982-47236359-970x581.png","width":970,"height":581,"mime-type":"image\/png","filesize":322534,"source_url":"https:\/\/lavras.tv\/site\/wp-content\/uploads\/2025\/03\/1_sem_titulo_5_e1705344153982-47236359-970x581.png"},"thumbnail":{"file":"1_sem_titulo_5_e1705344153982-47236359-170x102.png","width":170,"height":102,"mime-type":"image\/png","filesize":22763,"source_url":"https:\/\/lavras.tv\/site\/wp-content\/uploads\/2025\/03\/1_sem_titulo_5_e1705344153982-47236359-170x102.png"},"lshowcase-thumb":{"file":"1_sem_titulo_5_e1705344153982-47236359-200x120.png","width":200,"height":120,"mime-type":"image\/png","filesize":29324,"source_url":"https:\/\/lavras.tv\/site\/wp-content\/uploads\/2025\/03\/1_sem_titulo_5_e1705344153982-47236359-200x120.png"},"alm-thumbnail":{"file":"1_sem_titulo_5_e1705344153982-47236359-150x150.png","width":150,"height":150,"mime-type":"image\/png","filesize":28638,"source_url":"https:\/\/lavras.tv\/site\/wp-content\/uploads\/2025\/03\/1_sem_titulo_5_e1705344153982-47236359-150x150.png"}},"image_meta":{"aperture":"0","credit":"","camera":"","caption":"","created_timestamp":"0","copyright":"","focal_length":"0","iso":"0","shutter_speed":"0","title":"","orientation":"0","keywords":[]}},"post":164728,"source_url":"https:\/\/lavras.tv\/site\/wp-content\/uploads\/2025\/03\/1_sem_titulo_5_e1705344153982-47236359.png"},"author_meta":{"display_name":"Vinicius Bustamante","author_link":"https:\/\/lavras.tv\/site\/author\/vinicius-bustamante\/"},"featured_img":"https:\/\/lavras.tv\/site\/wp-content\/uploads\/2025\/03\/1_sem_titulo_5_e1705344153982-47236359-470x282.png","coauthors":[],"tax_additional":{"categories":{"linked":["<a href=\"https:\/\/lavras.tv\/site\/category\/destaques\/\" class=\"advgb-post-tax-term\">Destaques<\/a>","<a href=\"https:\/\/lavras.tv\/site\/category\/noticias\/\" class=\"advgb-post-tax-term\">Not\u00edcias<\/a>"],"unlinked":["<span class=\"advgb-post-tax-term\">Destaques<\/span>","<span class=\"advgb-post-tax-term\">Not\u00edcias<\/span>"]}},"comment_count":"0","relative_dates":{"created":"Publicado 1 ano atr\u00e1s","modified":"Atualizado 1 ano atr\u00e1s"},"absolute_dates":{"created":"Publicado em 28 de mar\u00e7o de 2025","modified":"Atualizado em 28 de mar\u00e7o de 2025"},"absolute_dates_time":{"created":"Publicado em 28 de mar\u00e7o de 2025 20:01","modified":"Atualizado em 28 de mar\u00e7o de 2025 20:01"},"featured_img_caption":"","series_order":"","_links":{"self":[{"href":"https:\/\/lavras.tv\/site\/wp-json\/wp\/v2\/posts\/164728","targetHints":{"allow":["GET"]}}],"collection":[{"href":"https:\/\/lavras.tv\/site\/wp-json\/wp\/v2\/posts"}],"about":[{"href":"https:\/\/lavras.tv\/site\/wp-json\/wp\/v2\/types\/post"}],"author":[{"embeddable":true,"href":"https:\/\/lavras.tv\/site\/wp-json\/wp\/v2\/users\/5"}],"replies":[{"embeddable":true,"href":"https:\/\/lavras.tv\/site\/wp-json\/wp\/v2\/comments?post=164728"}],"version-history":[{"count":1,"href":"https:\/\/lavras.tv\/site\/wp-json\/wp\/v2\/posts\/164728\/revisions"}],"predecessor-version":[{"id":164730,"href":"https:\/\/lavras.tv\/site\/wp-json\/wp\/v2\/posts\/164728\/revisions\/164730"}],"wp:featuredmedia":[{"embeddable":true,"href":"https:\/\/lavras.tv\/site\/wp-json\/wp\/v2\/media\/164729"}],"wp:attachment":[{"href":"https:\/\/lavras.tv\/site\/wp-json\/wp\/v2\/media?parent=164728"}],"wp:term":[{"taxonomy":"category","embeddable":true,"href":"https:\/\/lavras.tv\/site\/wp-json\/wp\/v2\/categories?post=164728"},{"taxonomy":"post_tag","embeddable":true,"href":"https:\/\/lavras.tv\/site\/wp-json\/wp\/v2\/tags?post=164728"}],"curies":[{"name":"wp","href":"https:\/\/api.w.org\/{rel}","templated":true}]}}