{"id":164731,"date":"2025-03-28T20:14:53","date_gmt":"2025-03-28T23:14:53","guid":{"rendered":"http:\/\/lavras.tv\/site\/?p=164731"},"modified":"2025-03-28T20:14:54","modified_gmt":"2025-03-28T23:14:54","slug":"video-funcionario-e-pego-colocando-soda-caustica-em-bebedouro","status":"publish","type":"post","link":"https:\/\/lavras.tv\/site\/2025\/03\/28\/video-funcionario-e-pego-colocando-soda-caustica-em-bebedouro\/","title":{"rendered":"V\u00cdDEO: funcion\u00e1rio \u00e9 pego colocando soda c\u00e1ustica em bebedouro"},"content":{"rendered":"<div class=\"lavra-antes-do-conteudo_2\" id=\"lavra-3772095361\"><div id=\"lavra-slider-27\" class=\"custom-slider lavra-slider-585574575 lavra-slider\"><ul><li><div style=\"margin-left: auto;margin-right: auto;text-align: center;\" id=\"lavra-108337945\"><a href=\"https:\/\/sistemas.lavras.mg.gov.br\/portalcidadao\/#df1b1a7c7b2a290bcb31e32771e610784662739a88807c0dacac58ede5f391a7530e299dc302d611ee73cb143fc22eaf93592e53e7b5bdb01b00a0b8d28dae460c141dd2ff83412e4dc1c31b16b25f33144a9e5620ea73b13f5bc1c59411d98439ad226e8af03840603796067d87afe130812cf3de24982d0e306f9e61e764e5\" aria-label=\"Lavras-TV&#8211;720x104px (1) (1)\"><img src=\"https:\/\/lavras.tv\/site\/wp-content\/uploads\/2025\/01\/Lavras-TV-720x104px-1-1.png\" alt=\"\"  srcset=\"https:\/\/lavras.tv\/site\/wp-content\/uploads\/2025\/01\/Lavras-TV-720x104px-1-1.png 720w, https:\/\/lavras.tv\/site\/wp-content\/uploads\/2025\/01\/Lavras-TV-720x104px-1-1-470x68.png 470w, https:\/\/lavras.tv\/site\/wp-content\/uploads\/2025\/01\/Lavras-TV-720x104px-1-1-170x25.png 170w, https:\/\/lavras.tv\/site\/wp-content\/uploads\/2025\/01\/Lavras-TV-720x104px-1-1-200x29.png 200w\" sizes=\"(max-width: 720px) 100vw, 720px\" width=\"720\" height=\"104\"  style=\"display: inline-block;\" \/><\/a><\/div><\/li><li><a href=\"https:\/\/sistemas.lavras.mg.gov.br\/portalcidadao\/#df1b1a7c7b2a290bcb31e32771e610784662739a88807c0dacac58ede5f391a7530e299dc302d611ee73cb143fc22eaf93592e53e7b5bdb01b00a0b8d28dae460c141dd2ff83412e4dc1c31b16b25f33144a9e5620ea73b13f5bc1c59411d98439ad226e8af03840603796067d87afe130812cf3de24982d0e306f9e61e764e5\" aria-label=\"Banner_Emprego_PortallavrasTV\"><img src=\"https:\/\/lavras.tv\/site\/wp-content\/uploads\/2025\/03\/Banner_Emprego_PortallavrasTV.png\" alt=\"\"  srcset=\"https:\/\/lavras.tv\/site\/wp-content\/uploads\/2025\/03\/Banner_Emprego_PortallavrasTV.png 720w, https:\/\/lavras.tv\/site\/wp-content\/uploads\/2025\/03\/Banner_Emprego_PortallavrasTV-470x68.png 470w, https:\/\/lavras.tv\/site\/wp-content\/uploads\/2025\/03\/Banner_Emprego_PortallavrasTV-170x25.png 170w, https:\/\/lavras.tv\/site\/wp-content\/uploads\/2025\/03\/Banner_Emprego_PortallavrasTV-200x29.png 200w\" sizes=\"(max-width: 720px) 100vw, 720px\" width=\"720\" height=\"104\"   \/><\/a><\/li><li><a href=\"https:\/\/sistemas.lavras.mg.gov.br\/portalcidadao\/#df1b1a7c7b2a290bcb31e32771e610784662739a88807c0dacac58ede5f391a7530e299dc302d611ee73cb143fc22eaf93592e53e7b5bdb01b00a0b8d28dae460c141dd2ff83412e4dc1c31b16b25f33144a9e5620ea73b13f5bc1c59411d98439ad226e8af03840603796067d87afe130812cf3de24982d0e306f9e61e764e5\" aria-label=\"Banner_Obras_PortallavrasTV\"><img src=\"https:\/\/lavras.tv\/site\/wp-content\/uploads\/2025\/03\/Banner_Obras_PortallavrasTV.png\" alt=\"\"  srcset=\"https:\/\/lavras.tv\/site\/wp-content\/uploads\/2025\/03\/Banner_Obras_PortallavrasTV.png 720w, https:\/\/lavras.tv\/site\/wp-content\/uploads\/2025\/03\/Banner_Obras_PortallavrasTV-470x68.png 470w, https:\/\/lavras.tv\/site\/wp-content\/uploads\/2025\/03\/Banner_Obras_PortallavrasTV-170x25.png 170w, https:\/\/lavras.tv\/site\/wp-content\/uploads\/2025\/03\/Banner_Obras_PortallavrasTV-200x29.png 200w\" sizes=\"(max-width: 720px) 100vw, 720px\" width=\"720\" height=\"104\"   \/><\/a><\/li><li><div style=\"margin-left: auto;margin-right: auto;text-align: center;\" id=\"lavra-15759774\"><a href=\"https:\/\/sistemas.lavras.mg.gov.br\/portalcidadao\/#df1b1a7c7b2a290bcb31e32771e610784662739a88807c0dacac58ede5f391a7530e299dc302d611ee73cb143fc22eaf93592e53e7b5bdb01b00a0b8d28dae460c141dd2ff83412e4dc1c31b16b25f33144a9e5620ea73b13f5bc1c59411d98439ad226e8af03840603796067d87afe130812cf3de24982d0e306f9e61e764e5\" aria-label=\"Banner_Educa\u00e7\u00e3o_PortallavrasTV\"><img src=\"https:\/\/lavras.tv\/site\/wp-content\/uploads\/2025\/01\/Banner_Educacao_PortallavrasTV.png\" alt=\"\"  srcset=\"https:\/\/lavras.tv\/site\/wp-content\/uploads\/2025\/01\/Banner_Educacao_PortallavrasTV.png 720w, https:\/\/lavras.tv\/site\/wp-content\/uploads\/2025\/01\/Banner_Educacao_PortallavrasTV-470x68.png 470w, https:\/\/lavras.tv\/site\/wp-content\/uploads\/2025\/01\/Banner_Educacao_PortallavrasTV-170x25.png 170w, https:\/\/lavras.tv\/site\/wp-content\/uploads\/2025\/01\/Banner_Educacao_PortallavrasTV-200x29.png 200w\" sizes=\"(max-width: 720px) 100vw, 720px\" width=\"720\" height=\"104\"  style=\"display: inline-block;\" \/><\/a><\/div><\/li><li><a href=\"https:\/\/sistemas.lavras.mg.gov.br\/portalcidadao\/#df1b1a7c7b2a290bcb31e32771e610784662739a88807c0dacac58ede5f391a7530e299dc302d611ee73cb143fc22eaf93592e53e7b5bdb01b00a0b8d28dae460c141dd2ff83412e4dc1c31b16b25f33144a9e5620ea73b13f5bc1c59411d98439ad226e8af03840603796067d87afe130812cf3de24982d0e306f9e61e764e5\" aria-label=\"Banner_Sa\u00fade_PortallavrasTV\"><img src=\"https:\/\/lavras.tv\/site\/wp-content\/uploads\/2025\/03\/Banner_Saude_PortallavrasTV.png\" alt=\"\"  srcset=\"https:\/\/lavras.tv\/site\/wp-content\/uploads\/2025\/03\/Banner_Saude_PortallavrasTV.png 720w, https:\/\/lavras.tv\/site\/wp-content\/uploads\/2025\/03\/Banner_Saude_PortallavrasTV-470x68.png 470w, https:\/\/lavras.tv\/site\/wp-content\/uploads\/2025\/03\/Banner_Saude_PortallavrasTV-170x25.png 170w, https:\/\/lavras.tv\/site\/wp-content\/uploads\/2025\/03\/Banner_Saude_PortallavrasTV-200x29.png 200w\" sizes=\"(max-width: 720px) 100vw, 720px\" width=\"720\" height=\"104\"   \/><\/a><\/li><li><div id=\"lavra-1162735960\" style=\"width:720px;height:104px;background-color:#ddd;overflow:scroll;\">\n\t<strong>Sa\u00edda da depura\u00e7\u00e3o de an\u00fancios<\/strong>\n\t<br><br>\n\tO an\u00fancio n\u00e3o \u00e9 exibido na p\u00e1gina<br><br>post atual: V\u00cdDEO: funcion\u00e1rio \u00e9 pego colocando soda c\u00e1ustica em bebedouro, ID: 164731<br><br><span style=\"color: red;\">O post atual n\u00e3o \u00e9 id\u00eantico ao post principal.<\/span><br><br>An\u00fancios: ROXO - TOPO INTERNA - ROTATIVO 2 (197)<br \/>Grupo de an\u00fancios: Princ_Meio01_720x104 (27)<br><br>Condi\u00e7\u00f5es de exibi\u00e7\u00e3o<div style=\"margin-bottom: 20px; white-space: pre-wrap; font-family: monospace; width: 100%; background: #ffe9e9;\"><strong>condi\u00e7\u00f5es gerais<\/strong><table border=\"1\"><thead><tr><th><\/th><th>An\u00fancios<\/th><th>wp_the_query<\/th><\/tr><\/thead><tr><td>is_main_query<\/td><td>1<\/td><td>1<\/td><\/tr><tr><td>is_rest_api<\/td><td>0<\/td><td>1<\/td><\/tr><tr><td>page<\/td><td>0<\/td><td>1<\/td><\/tr><tr><td>numpages<\/td><td>0<\/td><td>1<\/td><\/tr><tr><td>is_archive<\/td><td>1<\/td><td><\/td><\/tr><tr><td>is_search<\/td><td>1<\/td><td><\/td><\/tr><tr><td>is_home<\/td><td>1<\/td><td><\/td><\/tr><tr><td>is_404<\/td><td>1<\/td><td><\/td><\/tr><tr><td>is_attachment<\/td><td>1<\/td><td><\/td><\/tr><tr><td>is_singular<\/td><td>1<\/td><td><\/td><\/tr><tr><td>is_front_page<\/td><td>1<\/td><td><\/td><\/tr><tr><td>is_feed<\/td><td>1<\/td><td><\/td><\/tr><\/table><\/div><br><br><span style=\"color: red;\">Seu site usa HTTPS, mas o c\u00f3digo do an\u00fancio cont\u00e9m HTTP e pode n\u00e3o funcionar.<\/span>\t<br><br>\n\t<a style=\"color: green;\" href=\"https:\/\/wpadvancedads.com\/manual\/ad-debug-mode\/?utm_source=advanced-ads&utm_medium=link&utm_campaign=ad-debug-mode\" target=\"_blank\" rel=\"nofollow\">Encontre solu\u00e7\u00f5es no manual<\/a>\n<\/div>\n<\/li><\/ul><\/div><script>( window.advanced_ads_ready || jQuery( document ).ready ).call( null, function() {var $lavraslider585574575 = jQuery( \".lavra-slider-585574575\" );$lavraslider585574575.on( \"unslider.ready\", function() { jQuery( \"div.custom-slider ul li\" ).css( \"display\", \"block\" ); });$lavraslider585574575.unslider({ delay:4000, autoplay:true, nav:false, arrows:false, infinite:true });$lavraslider585574575.on(\"mouseover\", function() {$lavraslider585574575.unslider(\"stop\");}).on(\"mouseout\", function() {$lavraslider585574575.unslider(\"start\");});});<\/script><\/div>\n<p>Dois colegas passaram mal ap\u00f3s beber a \u00e1gua contaminada; suspeito disse que queria \u201cpregar uma pe\u00e7a<\/p>\n\n\n\n<figure class=\"wp-block-video\"><video height=\"1350\" style=\"aspect-ratio: 1080 \/ 1350;\" width=\"1080\" controls src=\"http:\/\/lavras.tv\/site\/wp-content\/uploads\/2025\/03\/SODA.mp4\"><\/video><\/figure>\n\n\n\n<p>Um homem de 31 anos foi preso<strong>\u00a0ap\u00f3s ser flagrado por c\u00e2meras de seguran\u00e7a colocando\u00a0<\/strong><a href=\"https:\/\/aqui.uai.com.br\/cidades\/aluno-de-8-anos-e-internado-em-bh-apos-beber-soda-caustica\/\" target=\"_blank\" rel=\"noreferrer noopener\"><strong>soda c\u00e1ustica na \u00e1gua<\/strong><\/a><strong>\u00a0do bebedouro de uma empresa<\/strong>\u00a0em Canoas, na Regi\u00e3o Metropolitana de Porto Alegre. O caso aconteceu nesta semana e foi divulgado pela Pol\u00edcia Civil na manh\u00e3 desta quinta-feira (27).<strong>\u00a0Dois colegas de trabalho que beberam a \u00e1gua passaram mal e precisaram de atendimento m\u00e9dico.\u00a0<\/strong><\/p>\n\n\n\n<h2 class=\"wp-block-heading\"><strong>V\u00eddeo mostra momento em que funcion\u00e1rio contamina bebedouro<\/strong><\/h2>\n\n\n\n<p>As imagens divulgadas pela pol\u00edcia mostram o funcion\u00e1rio chegando at\u00e9 o bebedouro com uma caneca nas m\u00e3os. Ele levanta a tampa do equipamento, despeja o conte\u00fado do recipiente e sai do local sem pressa.<\/p>\n\n\n\n<p>A subst\u00e2ncia colocada na \u00e1gua foi identificada como soda c\u00e1ustica com base em an\u00e1lises preliminares e nos sintomas apresentados pelas v\u00edtimas.<\/p>\n\n\n\n<h2 class=\"wp-block-heading\"><strong>Colegas de trabalho passaram mal ap\u00f3s consumir \u00e1gua<\/strong><\/h2>\n\n\n\n<p>Pelo menos dois funcion\u00e1rios beberam a \u00e1gua contaminada.&nbsp;<strong>Um deles precisou ser encaminhado ao hospital e passou por uma lavagem estomacal.&nbsp;<\/strong>O outro foi atendido e est\u00e1 em recupera\u00e7\u00e3o. Segundo boletim m\u00e9dico informado pela empresa, ambos passam bem.<\/p>\n\n\n\n<p>Durante depoimento \u00e0 Pol\u00edcia Civil, o suspeito alegou que n\u00e3o tinha inten\u00e7\u00e3o de envenenar ningu\u00e9m. Segundo ele,&nbsp;<strong>acreditava que o conte\u00fado da caneca era sab\u00e3o em p\u00f3 e que seu objetivo era apenas \u201cfazer uma brincadeira\u201d.<\/strong><\/p>\n\n\n\n<h2 class=\"wp-block-heading\"><strong>Empresa aciona a pol\u00edcia e colabora com investiga\u00e7\u00e3o<\/strong><\/h2>\n\n\n\n<p>A empresa onde o epis\u00f3dio ocorreu divulgou uma nota informando que iniciou uma apura\u00e7\u00e3o interna assim que os funcion\u00e1rios relataram mal-estar. Ao identificar ind\u00edcios de crime, acionou a 1\u00aa Delegacia de Pol\u00edcia de Canoas e est\u00e1 colaborando com as investiga\u00e7\u00f5es.<\/p>\n","protected":false},"excerpt":{"rendered":"<p>Dois colegas passaram mal ap\u00f3s beber a \u00e1gua contaminada; suspeito disse que queria \u201cpregar uma pe\u00e7a Um homem de 31 anos foi preso\u00a0ap\u00f3s ser flagrado por c\u00e2meras de seguran\u00e7a colocando\u00a0soda c\u00e1ustica na \u00e1gua\u00a0do bebedouro de uma empresa\u00a0em Canoas, na Regi\u00e3o Metropolitana de Porto Alegre. O caso aconteceu nesta semana e foi divulgado pela Pol\u00edcia Civil [&hellip;]<\/p>\n","protected":false},"author":5,"featured_media":164733,"comment_status":"closed","ping_status":"open","sticky":false,"template":"","format":"standard","meta":{"advgb_blocks_editor_width":"","advgb_blocks_columns_visual_guide":"","_exactmetrics_skip_tracking":false,"_exactmetrics_sitenote_active":false,"_exactmetrics_sitenote_note":"","_exactmetrics_sitenote_category":0,"footnotes":""},"categories":[7,2],"tags":[],"class_list":["post-164731","post","type-post","status-publish","format-standard","has-post-thumbnail","hentry","category-destaques","category-noticias"],"better_featured_image":{"id":164733,"alt_text":"","caption":"","description":"","media_type":"image","media_details":{"width":1200,"height":675,"file":"2025\/03\/5201526_a0ddb800de9b32b.webp","filesize":51322,"sizes":{"medium":{"file":"5201526_a0ddb800de9b32b-470x264.webp","width":470,"height":264,"mime-type":"image\/webp","filesize":17392,"source_url":"https:\/\/lavras.tv\/site\/wp-content\/uploads\/2025\/03\/5201526_a0ddb800de9b32b-470x264.webp"},"large":{"file":"5201526_a0ddb800de9b32b-970x546.webp","width":970,"height":546,"mime-type":"image\/webp","filesize":37640,"source_url":"https:\/\/lavras.tv\/site\/wp-content\/uploads\/2025\/03\/5201526_a0ddb800de9b32b-970x546.webp"},"thumbnail":{"file":"5201526_a0ddb800de9b32b-170x96.webp","width":170,"height":96,"mime-type":"image\/webp","filesize":5288,"source_url":"https:\/\/lavras.tv\/site\/wp-content\/uploads\/2025\/03\/5201526_a0ddb800de9b32b-170x96.webp"},"lshowcase-thumb":{"file":"5201526_a0ddb800de9b32b-200x113.webp","width":200,"height":113,"mime-type":"image\/webp","filesize":6460,"source_url":"https:\/\/lavras.tv\/site\/wp-content\/uploads\/2025\/03\/5201526_a0ddb800de9b32b-200x113.webp"},"alm-thumbnail":{"file":"5201526_a0ddb800de9b32b-150x150.webp","width":150,"height":150,"mime-type":"image\/webp","filesize":5778,"source_url":"https:\/\/lavras.tv\/site\/wp-content\/uploads\/2025\/03\/5201526_a0ddb800de9b32b-150x150.webp"}},"image_meta":{"aperture":"0","credit":"","camera":"","caption":"","created_timestamp":"0","copyright":"","focal_length":"0","iso":"0","shutter_speed":"0","title":"","orientation":"0","keywords":[]}},"post":164731,"source_url":"https:\/\/lavras.tv\/site\/wp-content\/uploads\/2025\/03\/5201526_a0ddb800de9b32b.webp"},"author_meta":{"display_name":"Vinicius Bustamante","author_link":"https:\/\/lavras.tv\/site\/author\/vinicius-bustamante\/"},"featured_img":"https:\/\/lavras.tv\/site\/wp-content\/uploads\/2025\/03\/5201526_a0ddb800de9b32b-470x264.webp","coauthors":[],"tax_additional":{"categories":{"linked":["<a href=\"https:\/\/lavras.tv\/site\/category\/destaques\/\" class=\"advgb-post-tax-term\">Destaques<\/a>","<a href=\"https:\/\/lavras.tv\/site\/category\/noticias\/\" class=\"advgb-post-tax-term\">Not\u00edcias<\/a>"],"unlinked":["<span class=\"advgb-post-tax-term\">Destaques<\/span>","<span class=\"advgb-post-tax-term\">Not\u00edcias<\/span>"]}},"comment_count":"0","relative_dates":{"created":"Publicado 1 ano atr\u00e1s","modified":"Atualizado 1 ano atr\u00e1s"},"absolute_dates":{"created":"Publicado em 28 de mar\u00e7o de 2025","modified":"Atualizado em 28 de mar\u00e7o de 2025"},"absolute_dates_time":{"created":"Publicado em 28 de mar\u00e7o de 2025 20:14","modified":"Atualizado em 28 de mar\u00e7o de 2025 20:14"},"featured_img_caption":"","series_order":"","_links":{"self":[{"href":"https:\/\/lavras.tv\/site\/wp-json\/wp\/v2\/posts\/164731","targetHints":{"allow":["GET"]}}],"collection":[{"href":"https:\/\/lavras.tv\/site\/wp-json\/wp\/v2\/posts"}],"about":[{"href":"https:\/\/lavras.tv\/site\/wp-json\/wp\/v2\/types\/post"}],"author":[{"embeddable":true,"href":"https:\/\/lavras.tv\/site\/wp-json\/wp\/v2\/users\/5"}],"replies":[{"embeddable":true,"href":"https:\/\/lavras.tv\/site\/wp-json\/wp\/v2\/comments?post=164731"}],"version-history":[{"count":1,"href":"https:\/\/lavras.tv\/site\/wp-json\/wp\/v2\/posts\/164731\/revisions"}],"predecessor-version":[{"id":164734,"href":"https:\/\/lavras.tv\/site\/wp-json\/wp\/v2\/posts\/164731\/revisions\/164734"}],"wp:featuredmedia":[{"embeddable":true,"href":"https:\/\/lavras.tv\/site\/wp-json\/wp\/v2\/media\/164733"}],"wp:attachment":[{"href":"https:\/\/lavras.tv\/site\/wp-json\/wp\/v2\/media?parent=164731"}],"wp:term":[{"taxonomy":"category","embeddable":true,"href":"https:\/\/lavras.tv\/site\/wp-json\/wp\/v2\/categories?post=164731"},{"taxonomy":"post_tag","embeddable":true,"href":"https:\/\/lavras.tv\/site\/wp-json\/wp\/v2\/tags?post=164731"}],"curies":[{"name":"wp","href":"https:\/\/api.w.org\/{rel}","templated":true}]}}