{"id":164735,"date":"2025-03-28T20:21:34","date_gmt":"2025-03-28T23:21:34","guid":{"rendered":"http:\/\/lavras.tv\/site\/?p=164735"},"modified":"2025-03-28T20:21:35","modified_gmt":"2025-03-28T23:21:35","slug":"pai-que-jogou-filho-de-5-anos-de-ponte-diz-ter-feito-uma-loucurinha-em-mensagem","status":"publish","type":"post","link":"https:\/\/lavras.tv\/site\/2025\/03\/28\/pai-que-jogou-filho-de-5-anos-de-ponte-diz-ter-feito-uma-loucurinha-em-mensagem\/","title":{"rendered":"Pai que jogou filho de 5 anos de ponte diz ter feito \u201cuma loucurinha\u201d em mensagem"},"content":{"rendered":"<div class=\"lavra-antes-do-conteudo_2\" id=\"lavra-959446644\"><div id=\"lavra-slider-27\" class=\"custom-slider lavra-slider-1028076332 lavra-slider\"><ul><li><div style=\"margin-left: auto;margin-right: auto;text-align: center;\" id=\"lavra-487646856\"><a href=\"https:\/\/sistemas.lavras.mg.gov.br\/portalcidadao\/#df1b1a7c7b2a290bcb31e32771e610784662739a88807c0dacac58ede5f391a7530e299dc302d611ee73cb143fc22eaf93592e53e7b5bdb01b00a0b8d28dae460c141dd2ff83412e4dc1c31b16b25f33144a9e5620ea73b13f5bc1c59411d98439ad226e8af03840603796067d87afe130812cf3de24982d0e306f9e61e764e5\" aria-label=\"Lavras-TV&#8211;720x104px (1) (1)\"><img src=\"https:\/\/lavras.tv\/site\/wp-content\/uploads\/2025\/01\/Lavras-TV-720x104px-1-1.png\" alt=\"\"  srcset=\"https:\/\/lavras.tv\/site\/wp-content\/uploads\/2025\/01\/Lavras-TV-720x104px-1-1.png 720w, https:\/\/lavras.tv\/site\/wp-content\/uploads\/2025\/01\/Lavras-TV-720x104px-1-1-470x68.png 470w, https:\/\/lavras.tv\/site\/wp-content\/uploads\/2025\/01\/Lavras-TV-720x104px-1-1-170x25.png 170w, https:\/\/lavras.tv\/site\/wp-content\/uploads\/2025\/01\/Lavras-TV-720x104px-1-1-200x29.png 200w\" sizes=\"(max-width: 720px) 100vw, 720px\" width=\"720\" height=\"104\"  style=\"display: inline-block;\" \/><\/a><\/div><\/li><li><a href=\"https:\/\/sistemas.lavras.mg.gov.br\/portalcidadao\/#df1b1a7c7b2a290bcb31e32771e610784662739a88807c0dacac58ede5f391a7530e299dc302d611ee73cb143fc22eaf93592e53e7b5bdb01b00a0b8d28dae460c141dd2ff83412e4dc1c31b16b25f33144a9e5620ea73b13f5bc1c59411d98439ad226e8af03840603796067d87afe130812cf3de24982d0e306f9e61e764e5\" aria-label=\"Banner_Emprego_PortallavrasTV\"><img src=\"https:\/\/lavras.tv\/site\/wp-content\/uploads\/2025\/03\/Banner_Emprego_PortallavrasTV.png\" alt=\"\"  srcset=\"https:\/\/lavras.tv\/site\/wp-content\/uploads\/2025\/03\/Banner_Emprego_PortallavrasTV.png 720w, https:\/\/lavras.tv\/site\/wp-content\/uploads\/2025\/03\/Banner_Emprego_PortallavrasTV-470x68.png 470w, https:\/\/lavras.tv\/site\/wp-content\/uploads\/2025\/03\/Banner_Emprego_PortallavrasTV-170x25.png 170w, https:\/\/lavras.tv\/site\/wp-content\/uploads\/2025\/03\/Banner_Emprego_PortallavrasTV-200x29.png 200w\" sizes=\"(max-width: 720px) 100vw, 720px\" width=\"720\" height=\"104\"   \/><\/a><\/li><li><a href=\"https:\/\/sistemas.lavras.mg.gov.br\/portalcidadao\/#df1b1a7c7b2a290bcb31e32771e610784662739a88807c0dacac58ede5f391a7530e299dc302d611ee73cb143fc22eaf93592e53e7b5bdb01b00a0b8d28dae460c141dd2ff83412e4dc1c31b16b25f33144a9e5620ea73b13f5bc1c59411d98439ad226e8af03840603796067d87afe130812cf3de24982d0e306f9e61e764e5\" aria-label=\"Banner_Obras_PortallavrasTV\"><img src=\"https:\/\/lavras.tv\/site\/wp-content\/uploads\/2025\/03\/Banner_Obras_PortallavrasTV.png\" alt=\"\"  srcset=\"https:\/\/lavras.tv\/site\/wp-content\/uploads\/2025\/03\/Banner_Obras_PortallavrasTV.png 720w, https:\/\/lavras.tv\/site\/wp-content\/uploads\/2025\/03\/Banner_Obras_PortallavrasTV-470x68.png 470w, https:\/\/lavras.tv\/site\/wp-content\/uploads\/2025\/03\/Banner_Obras_PortallavrasTV-170x25.png 170w, https:\/\/lavras.tv\/site\/wp-content\/uploads\/2025\/03\/Banner_Obras_PortallavrasTV-200x29.png 200w\" sizes=\"(max-width: 720px) 100vw, 720px\" width=\"720\" height=\"104\"   \/><\/a><\/li><li><div style=\"margin-left: auto;margin-right: auto;text-align: center;\" id=\"lavra-3024001644\"><a href=\"https:\/\/sistemas.lavras.mg.gov.br\/portalcidadao\/#df1b1a7c7b2a290bcb31e32771e610784662739a88807c0dacac58ede5f391a7530e299dc302d611ee73cb143fc22eaf93592e53e7b5bdb01b00a0b8d28dae460c141dd2ff83412e4dc1c31b16b25f33144a9e5620ea73b13f5bc1c59411d98439ad226e8af03840603796067d87afe130812cf3de24982d0e306f9e61e764e5\" aria-label=\"Banner_Educa\u00e7\u00e3o_PortallavrasTV\"><img src=\"https:\/\/lavras.tv\/site\/wp-content\/uploads\/2025\/01\/Banner_Educacao_PortallavrasTV.png\" alt=\"\"  srcset=\"https:\/\/lavras.tv\/site\/wp-content\/uploads\/2025\/01\/Banner_Educacao_PortallavrasTV.png 720w, https:\/\/lavras.tv\/site\/wp-content\/uploads\/2025\/01\/Banner_Educacao_PortallavrasTV-470x68.png 470w, https:\/\/lavras.tv\/site\/wp-content\/uploads\/2025\/01\/Banner_Educacao_PortallavrasTV-170x25.png 170w, https:\/\/lavras.tv\/site\/wp-content\/uploads\/2025\/01\/Banner_Educacao_PortallavrasTV-200x29.png 200w\" sizes=\"(max-width: 720px) 100vw, 720px\" width=\"720\" height=\"104\"  style=\"display: inline-block;\" \/><\/a><\/div><\/li><li><a href=\"https:\/\/sistemas.lavras.mg.gov.br\/portalcidadao\/#df1b1a7c7b2a290bcb31e32771e610784662739a88807c0dacac58ede5f391a7530e299dc302d611ee73cb143fc22eaf93592e53e7b5bdb01b00a0b8d28dae460c141dd2ff83412e4dc1c31b16b25f33144a9e5620ea73b13f5bc1c59411d98439ad226e8af03840603796067d87afe130812cf3de24982d0e306f9e61e764e5\" aria-label=\"Banner_Sa\u00fade_PortallavrasTV\"><img src=\"https:\/\/lavras.tv\/site\/wp-content\/uploads\/2025\/03\/Banner_Saude_PortallavrasTV.png\" alt=\"\"  srcset=\"https:\/\/lavras.tv\/site\/wp-content\/uploads\/2025\/03\/Banner_Saude_PortallavrasTV.png 720w, https:\/\/lavras.tv\/site\/wp-content\/uploads\/2025\/03\/Banner_Saude_PortallavrasTV-470x68.png 470w, https:\/\/lavras.tv\/site\/wp-content\/uploads\/2025\/03\/Banner_Saude_PortallavrasTV-170x25.png 170w, https:\/\/lavras.tv\/site\/wp-content\/uploads\/2025\/03\/Banner_Saude_PortallavrasTV-200x29.png 200w\" sizes=\"(max-width: 720px) 100vw, 720px\" width=\"720\" height=\"104\"   \/><\/a><\/li><li><div id=\"lavra-1680321767\" style=\"width:720px;height:104px;background-color:#ddd;overflow:scroll;\">\n\t<strong>Sa\u00edda da depura\u00e7\u00e3o de an\u00fancios<\/strong>\n\t<br><br>\n\tO an\u00fancio n\u00e3o \u00e9 exibido na p\u00e1gina<br><br>post atual: Pai que jogou filho de 5 anos de ponte diz ter feito \u201cuma loucurinha\u201d em mensagem, ID: 164735<br><br><span style=\"color: red;\">O post atual n\u00e3o \u00e9 id\u00eantico ao post principal.<\/span><br><br>An\u00fancios: ROXO - TOPO INTERNA - ROTATIVO 2 (197)<br \/>Grupo de an\u00fancios: Princ_Meio01_720x104 (27)<br><br>Condi\u00e7\u00f5es de exibi\u00e7\u00e3o<div style=\"margin-bottom: 20px; white-space: pre-wrap; font-family: monospace; width: 100%; background: #ffe9e9;\"><strong>condi\u00e7\u00f5es gerais<\/strong><table border=\"1\"><thead><tr><th><\/th><th>An\u00fancios<\/th><th>wp_the_query<\/th><\/tr><\/thead><tr><td>is_main_query<\/td><td>1<\/td><td>1<\/td><\/tr><tr><td>is_rest_api<\/td><td>0<\/td><td>1<\/td><\/tr><tr><td>page<\/td><td>0<\/td><td>1<\/td><\/tr><tr><td>numpages<\/td><td>0<\/td><td>1<\/td><\/tr><tr><td>is_archive<\/td><td>1<\/td><td><\/td><\/tr><tr><td>is_search<\/td><td>1<\/td><td><\/td><\/tr><tr><td>is_home<\/td><td>1<\/td><td><\/td><\/tr><tr><td>is_404<\/td><td>1<\/td><td><\/td><\/tr><tr><td>is_attachment<\/td><td>1<\/td><td><\/td><\/tr><tr><td>is_singular<\/td><td>1<\/td><td><\/td><\/tr><tr><td>is_front_page<\/td><td>1<\/td><td><\/td><\/tr><tr><td>is_feed<\/td><td>1<\/td><td><\/td><\/tr><\/table><\/div><br><br><span style=\"color: red;\">Seu site usa HTTPS, mas o c\u00f3digo do an\u00fancio cont\u00e9m HTTP e pode n\u00e3o funcionar.<\/span>\t<br><br>\n\t<a style=\"color: green;\" href=\"https:\/\/wpadvancedads.com\/manual\/ad-debug-mode\/?utm_source=advanced-ads&utm_medium=link&utm_campaign=ad-debug-mode\" target=\"_blank\" rel=\"nofollow\">Encontre solu\u00e7\u00f5es no manual<\/a>\n<\/div>\n<\/li><\/ul><\/div><script>( window.advanced_ads_ready || jQuery( document ).ready ).call( null, function() {var $lavraslider1028076332 = jQuery( \".lavra-slider-1028076332\" );$lavraslider1028076332.on( \"unslider.ready\", function() { jQuery( \"div.custom-slider ul li\" ).css( \"display\", \"block\" ); });$lavraslider1028076332.unslider({ delay:4000, autoplay:true, nav:false, arrows:false, infinite:true });$lavraslider1028076332.on(\"mouseover\", function() {$lavraslider1028076332.unslider(\"stop\");}).on(\"mouseout\", function() {$lavraslider1028076332.unslider(\"start\");});});<\/script><\/div>\n<p>Tiago Ricardo, de 39 anos, confessou ter matado o pr\u00f3prio filho ao jog\u00e1-lo de uma ponte<\/p>\n\n\n\n<figure class=\"wp-block-image size-full\"><img fetchpriority=\"high\" decoding=\"async\" width=\"774\" height=\"405\" src=\"http:\/\/lavras.tv\/site\/wp-content\/uploads\/2025\/03\/foto-6-us09pv0ib31u.webp\" alt=\"\" class=\"wp-image-164736\" srcset=\"https:\/\/lavras.tv\/site\/wp-content\/uploads\/2025\/03\/foto-6-us09pv0ib31u.webp 774w, https:\/\/lavras.tv\/site\/wp-content\/uploads\/2025\/03\/foto-6-us09pv0ib31u-470x246.webp 470w, https:\/\/lavras.tv\/site\/wp-content\/uploads\/2025\/03\/foto-6-us09pv0ib31u-170x89.webp 170w, https:\/\/lavras.tv\/site\/wp-content\/uploads\/2025\/03\/foto-6-us09pv0ib31u-200x105.webp 200w\" sizes=\"(max-width: 774px) 100vw, 774px\" \/><\/figure>\n\n\n\n<p>Tiago Ricardo Felber, de 39 anos, que confessou ter matado o filho de apenas 5 anos ao arremess\u00e1-lo de uma ponte enquanto andavam de bicicleta, enviou um \u00e1udio para a ex-mulher dizendo ter cometido uma \u201cloucurinha\u201d ap\u00f3s o crime. O caso aconteceu em S\u00e3o Gabriel, no interior do Rio Grande do Sul.<\/p>\n\n\n\n<p>\u201cViu, guria, seje (sic) forte. Fiz uma loucurinha agora, t\u00e1? Guenta (sic) o cora\u00e7\u00e3o agora para o resto da vida. Atirei o Th\u00e9o l\u00e1 embaixo da ponte agora\u201d, disse o homem na mensagem.<\/p>\n\n\n\n<p>Uma c\u00e2mera de seguran\u00e7a registrou o instante em que Tiago pedala com o filho na cesta da bicicleta, poucas horas antes de lan\u00e7\u00e1-lo da ponte. Em seguida, Tiago se entregou \u00e0s autoridades e admitiu a autoria do crime.<\/p>\n\n\n\n<p>A prefeitura da cidade expressou pesar pela morte da crian\u00e7a, que era estudante de uma escola em S\u00e3o Gabriel. \u201cA Prefeitura de Nova Hartz lamenta profundamente o falecimento de Theo Ricardo Felber, aluno da EMEF Imigrante. Aos familiares e amigos, desejamos for\u00e7a neste momento de grande dor e luto.\u201d<\/p>\n","protected":false},"excerpt":{"rendered":"<p>Tiago Ricardo, de 39 anos, confessou ter matado o pr\u00f3prio filho ao jog\u00e1-lo de uma ponte Tiago Ricardo Felber, de 39 anos, que confessou ter matado o filho de apenas 5 anos ao arremess\u00e1-lo de uma ponte enquanto andavam de bicicleta, enviou um \u00e1udio para a ex-mulher dizendo ter cometido uma \u201cloucurinha\u201d ap\u00f3s o crime. [&hellip;]<\/p>\n","protected":false},"author":5,"featured_media":164736,"comment_status":"closed","ping_status":"open","sticky":false,"template":"","format":"standard","meta":{"advgb_blocks_editor_width":"","advgb_blocks_columns_visual_guide":"","_exactmetrics_skip_tracking":false,"_exactmetrics_sitenote_active":false,"_exactmetrics_sitenote_note":"","_exactmetrics_sitenote_category":0,"footnotes":""},"categories":[7,2],"tags":[],"class_list":["post-164735","post","type-post","status-publish","format-standard","has-post-thumbnail","hentry","category-destaques","category-noticias"],"better_featured_image":{"id":164736,"alt_text":"","caption":"","description":"","media_type":"image","media_details":{"width":774,"height":405,"file":"2025\/03\/foto-6-us09pv0ib31u.webp","filesize":31138,"sizes":{"medium":{"file":"foto-6-us09pv0ib31u-470x246.webp","width":470,"height":246,"mime-type":"image\/webp","filesize":19544,"source_url":"https:\/\/lavras.tv\/site\/wp-content\/uploads\/2025\/03\/foto-6-us09pv0ib31u-470x246.webp"},"thumbnail":{"file":"foto-6-us09pv0ib31u-170x89.webp","width":170,"height":89,"mime-type":"image\/webp","filesize":3484,"source_url":"https:\/\/lavras.tv\/site\/wp-content\/uploads\/2025\/03\/foto-6-us09pv0ib31u-170x89.webp"},"lshowcase-thumb":{"file":"foto-6-us09pv0ib31u-200x105.webp","width":200,"height":105,"mime-type":"image\/webp","filesize":4546,"source_url":"https:\/\/lavras.tv\/site\/wp-content\/uploads\/2025\/03\/foto-6-us09pv0ib31u-200x105.webp"},"alm-thumbnail":{"file":"foto-6-us09pv0ib31u-150x150.webp","width":150,"height":150,"mime-type":"image\/webp","filesize":4578,"source_url":"https:\/\/lavras.tv\/site\/wp-content\/uploads\/2025\/03\/foto-6-us09pv0ib31u-150x150.webp"}},"image_meta":{"aperture":"0","credit":"","camera":"","caption":"","created_timestamp":"0","copyright":"","focal_length":"0","iso":"0","shutter_speed":"0","title":"","orientation":"0","keywords":[]}},"post":164735,"source_url":"https:\/\/lavras.tv\/site\/wp-content\/uploads\/2025\/03\/foto-6-us09pv0ib31u.webp"},"author_meta":{"display_name":"Vinicius Bustamante","author_link":"https:\/\/lavras.tv\/site\/author\/vinicius-bustamante\/"},"featured_img":"https:\/\/lavras.tv\/site\/wp-content\/uploads\/2025\/03\/foto-6-us09pv0ib31u-470x246.webp","coauthors":[],"tax_additional":{"categories":{"linked":["<a href=\"https:\/\/lavras.tv\/site\/category\/destaques\/\" class=\"advgb-post-tax-term\">Destaques<\/a>","<a href=\"https:\/\/lavras.tv\/site\/category\/noticias\/\" class=\"advgb-post-tax-term\">Not\u00edcias<\/a>"],"unlinked":["<span class=\"advgb-post-tax-term\">Destaques<\/span>","<span class=\"advgb-post-tax-term\">Not\u00edcias<\/span>"]}},"comment_count":"0","relative_dates":{"created":"Publicado 1 ano atr\u00e1s","modified":"Atualizado 1 ano atr\u00e1s"},"absolute_dates":{"created":"Publicado em 28 de mar\u00e7o de 2025","modified":"Atualizado em 28 de mar\u00e7o de 2025"},"absolute_dates_time":{"created":"Publicado em 28 de mar\u00e7o de 2025 20:21","modified":"Atualizado em 28 de mar\u00e7o de 2025 20:21"},"featured_img_caption":"","series_order":"","_links":{"self":[{"href":"https:\/\/lavras.tv\/site\/wp-json\/wp\/v2\/posts\/164735","targetHints":{"allow":["GET"]}}],"collection":[{"href":"https:\/\/lavras.tv\/site\/wp-json\/wp\/v2\/posts"}],"about":[{"href":"https:\/\/lavras.tv\/site\/wp-json\/wp\/v2\/types\/post"}],"author":[{"embeddable":true,"href":"https:\/\/lavras.tv\/site\/wp-json\/wp\/v2\/users\/5"}],"replies":[{"embeddable":true,"href":"https:\/\/lavras.tv\/site\/wp-json\/wp\/v2\/comments?post=164735"}],"version-history":[{"count":1,"href":"https:\/\/lavras.tv\/site\/wp-json\/wp\/v2\/posts\/164735\/revisions"}],"predecessor-version":[{"id":164737,"href":"https:\/\/lavras.tv\/site\/wp-json\/wp\/v2\/posts\/164735\/revisions\/164737"}],"wp:featuredmedia":[{"embeddable":true,"href":"https:\/\/lavras.tv\/site\/wp-json\/wp\/v2\/media\/164736"}],"wp:attachment":[{"href":"https:\/\/lavras.tv\/site\/wp-json\/wp\/v2\/media?parent=164735"}],"wp:term":[{"taxonomy":"category","embeddable":true,"href":"https:\/\/lavras.tv\/site\/wp-json\/wp\/v2\/categories?post=164735"},{"taxonomy":"post_tag","embeddable":true,"href":"https:\/\/lavras.tv\/site\/wp-json\/wp\/v2\/tags?post=164735"}],"curies":[{"name":"wp","href":"https:\/\/api.w.org\/{rel}","templated":true}]}}