{"id":164738,"date":"2025-03-28T20:26:48","date_gmt":"2025-03-28T23:26:48","guid":{"rendered":"http:\/\/lavras.tv\/site\/?p=164738"},"modified":"2025-03-28T20:26:49","modified_gmt":"2025-03-28T23:26:49","slug":"ze-geraldo-comemora-80-anos-de-idade-e-60-de-carreira-em-show-no-sesiminas","status":"publish","type":"post","link":"https:\/\/lavras.tv\/site\/2025\/03\/28\/ze-geraldo-comemora-80-anos-de-idade-e-60-de-carreira-em-show-no-sesiminas\/","title":{"rendered":"Z\u00e9 Geraldo comemora 80 anos de idade e 60 de carreira em show no Sesiminas"},"content":{"rendered":"<div class=\"lavra-antes-do-conteudo_2\" id=\"lavra-3567836155\"><div id=\"lavra-slider-27\" class=\"custom-slider lavra-slider-3966162248 lavra-slider\"><ul><li><div style=\"margin-left: auto;margin-right: auto;text-align: center;\" id=\"lavra-2146827005\"><a href=\"https:\/\/sistemas.lavras.mg.gov.br\/portalcidadao\/#df1b1a7c7b2a290bcb31e32771e610784662739a88807c0dacac58ede5f391a7530e299dc302d611ee73cb143fc22eaf93592e53e7b5bdb01b00a0b8d28dae460c141dd2ff83412e4dc1c31b16b25f33144a9e5620ea73b13f5bc1c59411d98439ad226e8af03840603796067d87afe130812cf3de24982d0e306f9e61e764e5\" aria-label=\"Lavras-TV&#8211;720x104px (1) (1)\"><img src=\"https:\/\/lavras.tv\/site\/wp-content\/uploads\/2025\/01\/Lavras-TV-720x104px-1-1.png\" alt=\"\"  srcset=\"https:\/\/lavras.tv\/site\/wp-content\/uploads\/2025\/01\/Lavras-TV-720x104px-1-1.png 720w, https:\/\/lavras.tv\/site\/wp-content\/uploads\/2025\/01\/Lavras-TV-720x104px-1-1-470x68.png 470w, https:\/\/lavras.tv\/site\/wp-content\/uploads\/2025\/01\/Lavras-TV-720x104px-1-1-170x25.png 170w, https:\/\/lavras.tv\/site\/wp-content\/uploads\/2025\/01\/Lavras-TV-720x104px-1-1-200x29.png 200w\" sizes=\"(max-width: 720px) 100vw, 720px\" width=\"720\" height=\"104\"  style=\"display: inline-block;\" \/><\/a><\/div><\/li><li><a href=\"https:\/\/sistemas.lavras.mg.gov.br\/portalcidadao\/#df1b1a7c7b2a290bcb31e32771e610784662739a88807c0dacac58ede5f391a7530e299dc302d611ee73cb143fc22eaf93592e53e7b5bdb01b00a0b8d28dae460c141dd2ff83412e4dc1c31b16b25f33144a9e5620ea73b13f5bc1c59411d98439ad226e8af03840603796067d87afe130812cf3de24982d0e306f9e61e764e5\" aria-label=\"Banner_Emprego_PortallavrasTV\"><img src=\"https:\/\/lavras.tv\/site\/wp-content\/uploads\/2025\/03\/Banner_Emprego_PortallavrasTV.png\" alt=\"\"  srcset=\"https:\/\/lavras.tv\/site\/wp-content\/uploads\/2025\/03\/Banner_Emprego_PortallavrasTV.png 720w, https:\/\/lavras.tv\/site\/wp-content\/uploads\/2025\/03\/Banner_Emprego_PortallavrasTV-470x68.png 470w, https:\/\/lavras.tv\/site\/wp-content\/uploads\/2025\/03\/Banner_Emprego_PortallavrasTV-170x25.png 170w, https:\/\/lavras.tv\/site\/wp-content\/uploads\/2025\/03\/Banner_Emprego_PortallavrasTV-200x29.png 200w\" sizes=\"(max-width: 720px) 100vw, 720px\" width=\"720\" height=\"104\"   \/><\/a><\/li><li><a href=\"https:\/\/sistemas.lavras.mg.gov.br\/portalcidadao\/#df1b1a7c7b2a290bcb31e32771e610784662739a88807c0dacac58ede5f391a7530e299dc302d611ee73cb143fc22eaf93592e53e7b5bdb01b00a0b8d28dae460c141dd2ff83412e4dc1c31b16b25f33144a9e5620ea73b13f5bc1c59411d98439ad226e8af03840603796067d87afe130812cf3de24982d0e306f9e61e764e5\" aria-label=\"Banner_Obras_PortallavrasTV\"><img src=\"https:\/\/lavras.tv\/site\/wp-content\/uploads\/2025\/03\/Banner_Obras_PortallavrasTV.png\" alt=\"\"  srcset=\"https:\/\/lavras.tv\/site\/wp-content\/uploads\/2025\/03\/Banner_Obras_PortallavrasTV.png 720w, https:\/\/lavras.tv\/site\/wp-content\/uploads\/2025\/03\/Banner_Obras_PortallavrasTV-470x68.png 470w, https:\/\/lavras.tv\/site\/wp-content\/uploads\/2025\/03\/Banner_Obras_PortallavrasTV-170x25.png 170w, https:\/\/lavras.tv\/site\/wp-content\/uploads\/2025\/03\/Banner_Obras_PortallavrasTV-200x29.png 200w\" sizes=\"(max-width: 720px) 100vw, 720px\" width=\"720\" height=\"104\"   \/><\/a><\/li><li><div style=\"margin-left: auto;margin-right: auto;text-align: center;\" id=\"lavra-2474591211\"><a href=\"https:\/\/sistemas.lavras.mg.gov.br\/portalcidadao\/#df1b1a7c7b2a290bcb31e32771e610784662739a88807c0dacac58ede5f391a7530e299dc302d611ee73cb143fc22eaf93592e53e7b5bdb01b00a0b8d28dae460c141dd2ff83412e4dc1c31b16b25f33144a9e5620ea73b13f5bc1c59411d98439ad226e8af03840603796067d87afe130812cf3de24982d0e306f9e61e764e5\" aria-label=\"Banner_Educa\u00e7\u00e3o_PortallavrasTV\"><img src=\"https:\/\/lavras.tv\/site\/wp-content\/uploads\/2025\/01\/Banner_Educacao_PortallavrasTV.png\" alt=\"\"  srcset=\"https:\/\/lavras.tv\/site\/wp-content\/uploads\/2025\/01\/Banner_Educacao_PortallavrasTV.png 720w, https:\/\/lavras.tv\/site\/wp-content\/uploads\/2025\/01\/Banner_Educacao_PortallavrasTV-470x68.png 470w, https:\/\/lavras.tv\/site\/wp-content\/uploads\/2025\/01\/Banner_Educacao_PortallavrasTV-170x25.png 170w, https:\/\/lavras.tv\/site\/wp-content\/uploads\/2025\/01\/Banner_Educacao_PortallavrasTV-200x29.png 200w\" sizes=\"(max-width: 720px) 100vw, 720px\" width=\"720\" height=\"104\"  style=\"display: inline-block;\" \/><\/a><\/div><\/li><li><a href=\"https:\/\/sistemas.lavras.mg.gov.br\/portalcidadao\/#df1b1a7c7b2a290bcb31e32771e610784662739a88807c0dacac58ede5f391a7530e299dc302d611ee73cb143fc22eaf93592e53e7b5bdb01b00a0b8d28dae460c141dd2ff83412e4dc1c31b16b25f33144a9e5620ea73b13f5bc1c59411d98439ad226e8af03840603796067d87afe130812cf3de24982d0e306f9e61e764e5\" aria-label=\"Banner_Sa\u00fade_PortallavrasTV\"><img src=\"https:\/\/lavras.tv\/site\/wp-content\/uploads\/2025\/03\/Banner_Saude_PortallavrasTV.png\" alt=\"\"  srcset=\"https:\/\/lavras.tv\/site\/wp-content\/uploads\/2025\/03\/Banner_Saude_PortallavrasTV.png 720w, https:\/\/lavras.tv\/site\/wp-content\/uploads\/2025\/03\/Banner_Saude_PortallavrasTV-470x68.png 470w, https:\/\/lavras.tv\/site\/wp-content\/uploads\/2025\/03\/Banner_Saude_PortallavrasTV-170x25.png 170w, https:\/\/lavras.tv\/site\/wp-content\/uploads\/2025\/03\/Banner_Saude_PortallavrasTV-200x29.png 200w\" sizes=\"(max-width: 720px) 100vw, 720px\" width=\"720\" height=\"104\"   \/><\/a><\/li><li><div id=\"lavra-3003920151\" style=\"width:720px;height:104px;background-color:#ddd;overflow:scroll;\">\n\t<strong>Sa\u00edda da depura\u00e7\u00e3o de an\u00fancios<\/strong>\n\t<br><br>\n\tO an\u00fancio n\u00e3o \u00e9 exibido na p\u00e1gina<br><br>post atual: Z\u00e9 Geraldo comemora 80 anos de idade e 60 de carreira em show no Sesiminas, ID: 164738<br><br><span style=\"color: red;\">O post atual n\u00e3o \u00e9 id\u00eantico ao post principal.<\/span><br><br>An\u00fancios: ROXO - TOPO INTERNA - ROTATIVO 2 (197)<br \/>Grupo de an\u00fancios: Princ_Meio01_720x104 (27)<br><br>Condi\u00e7\u00f5es de exibi\u00e7\u00e3o<div style=\"margin-bottom: 20px; white-space: pre-wrap; font-family: monospace; width: 100%; background: #ffe9e9;\"><strong>condi\u00e7\u00f5es gerais<\/strong><table border=\"1\"><thead><tr><th><\/th><th>An\u00fancios<\/th><th>wp_the_query<\/th><\/tr><\/thead><tr><td>is_main_query<\/td><td>1<\/td><td>1<\/td><\/tr><tr><td>is_rest_api<\/td><td>0<\/td><td>1<\/td><\/tr><tr><td>page<\/td><td>0<\/td><td>1<\/td><\/tr><tr><td>numpages<\/td><td>0<\/td><td>1<\/td><\/tr><tr><td>is_archive<\/td><td>1<\/td><td><\/td><\/tr><tr><td>is_search<\/td><td>1<\/td><td><\/td><\/tr><tr><td>is_home<\/td><td>1<\/td><td><\/td><\/tr><tr><td>is_404<\/td><td>1<\/td><td><\/td><\/tr><tr><td>is_attachment<\/td><td>1<\/td><td><\/td><\/tr><tr><td>is_singular<\/td><td>1<\/td><td><\/td><\/tr><tr><td>is_front_page<\/td><td>1<\/td><td><\/td><\/tr><tr><td>is_feed<\/td><td>1<\/td><td><\/td><\/tr><\/table><\/div><br><br><span style=\"color: red;\">Seu site usa HTTPS, mas o c\u00f3digo do an\u00fancio cont\u00e9m HTTP e pode n\u00e3o funcionar.<\/span>\t<br><br>\n\t<a style=\"color: green;\" href=\"https:\/\/wpadvancedads.com\/manual\/ad-debug-mode\/?utm_source=advanced-ads&utm_medium=link&utm_campaign=ad-debug-mode\" target=\"_blank\" rel=\"nofollow\">Encontre solu\u00e7\u00f5es no manual<\/a>\n<\/div>\n<\/li><\/ul><\/div><script>( window.advanced_ads_ready || jQuery( document ).ready ).call( null, function() {var $lavraslider3966162248 = jQuery( \".lavra-slider-3966162248\" );$lavraslider3966162248.on( \"unslider.ready\", function() { jQuery( \"div.custom-slider ul li\" ).css( \"display\", \"block\" ); });$lavraslider3966162248.unslider({ delay:4000, autoplay:true, nav:false, arrows:false, infinite:true });$lavraslider3966162248.on(\"mouseover\", function() {$lavraslider3966162248.unslider(\"stop\");}).on(\"mouseout\", function() {$lavraslider3966162248.unslider(\"start\");});});<\/script><\/div>\n<p>Autor do sucesso &#8216;Cidad\u00e3o&#8217;, cantor e compositor mineiro diz que nunca se apresentou em BH. Ele \u00e9 atra\u00e7\u00e3o desta sexta (28\/3) na capital<\/p>\n\n\n\n<figure class=\"wp-block-image size-large\"><img fetchpriority=\"high\" decoding=\"async\" width=\"970\" height=\"582\" src=\"http:\/\/lavras.tv\/site\/wp-content\/uploads\/2025\/03\/1_wmc63301-48712217-970x582.jpg\" alt=\"\" class=\"wp-image-164739\" srcset=\"https:\/\/lavras.tv\/site\/wp-content\/uploads\/2025\/03\/1_wmc63301-48712217-970x582.jpg 970w, https:\/\/lavras.tv\/site\/wp-content\/uploads\/2025\/03\/1_wmc63301-48712217-470x282.jpg 470w, https:\/\/lavras.tv\/site\/wp-content\/uploads\/2025\/03\/1_wmc63301-48712217-170x102.jpg 170w, https:\/\/lavras.tv\/site\/wp-content\/uploads\/2025\/03\/1_wmc63301-48712217-200x120.jpg 200w, https:\/\/lavras.tv\/site\/wp-content\/uploads\/2025\/03\/1_wmc63301-48712217.jpg 1200w\" sizes=\"(max-width: 970px) 100vw, 970px\" \/><\/figure>\n\n\n\n<p>Embora seja conhecido em todo o pa\u00eds, o cantor e compositor Z\u00e9 Geraldo garante que nunca se apresentou em Belo Horizonte. Aos 80 anos e completando 60 de m\u00fasica, o artista mineiro, natural da cidade de Rodeiro, na Zona da Mata, ressalta que n\u00e3o sabe explicar a sua aus\u00eancia dos palcos de BH. E, para quebrar esse tabu, far\u00e1 \u00fanica apresenta\u00e7\u00e3o nesta sexta-feira (28\/3), \u00e0s 21h, no Teatro Sesiminas, ao lado do guitarrista, cantor e compositor Jean Trad, com o show da turn\u00ea \u201cZ\u00e9 Geraldo 80 anos\u201d.<\/p>\n\n\n\n<p>O m\u00fasico, que lan\u00e7ou no ano passado o \u00e1lbum \u201cO lugar onde eu nasci\u201d, produzido por Zeca Loureiro, promete revisitar seu repert\u00f3rio de sucessos, cantando hits como \u201cCidad\u00e3o\u201d, \u201cSenhorita\u201d, \u201cGalho seco\u201d e \u201cMilho aos pombos\u201d, entre outros. Mas Z\u00e9 Geraldo tamb\u00e9m apresentar\u00e1 can\u00e7\u00f5es autobiogr\u00e1ficas que retratam sua hist\u00f3ria e ra\u00edzes, al\u00e9m de novidades.<\/p>\n\n\n\n<p>\u201cMinha m\u00fasica tem um p\u00e9 no mato e outro no rock das cidades\u201d. Assim o artista define o seu trabalho.<\/p>\n\n\n\n<p>Z\u00e9 Geraldo conta que faz bastante shows pelo interior de Minas Gerais e sempre com sucesso. Por\u00e9m, nunca conseguiu se apresentar em BH. \u201cN\u00e3o sei que mist\u00e9rio \u00e9 esse\u201d, comenta o artista.<\/p>\n\n\n\n<p>\u201cH\u00e1 alguns meses, estive na cidade, fiz um trabalho de imprensa sobre o disco e agora retorno para me apresentar no Teatro Sesiminas, tentando corrigir essa distor\u00e7\u00e3o da minha carreira. BH \u00e9 a capital do meu estado e n\u00e3o posso ficar tanto tempo longe. Ent\u00e3o, farei um retrospecto geral da minha carreira. Vou cantar cerca de 20 m\u00fasicas, que \u00e9 o que tenho feito por onde passo com esse show\u201d, adianta.<\/p>\n\n\n\n<p>&#8220;Meu \u00e1lbum &#8216;O lugar onde eu nasci&#8217; traz algumas can\u00e7\u00f5es feitas durante o per\u00edodo da pandemia, uma passagem, um retrospecto, uma reflex\u00e3o da minha vida e da minha hist\u00f3ria\u201d, revela Z\u00e9 Geraldo. \u201cEle j\u00e1 est\u00e1 \u00e0 disposi\u00e7\u00e3o nas plataformas digitais e no formato de CD f\u00edsico.\u201d<\/p>\n\n\n\n<h2 class=\"wp-block-heading\">Bandas de baile<\/h2>\n\n\n\n<p>O artista foi lan\u00e7ado oficialmente na carreira musical em 1979. \u201cEnt\u00e3o, no disco, s\u00e3o 46 anos. Por\u00e9m, cantei cerca de 10 anos em bandas de baile e foi a\u00ed que a minha m\u00fasica se formatou. Juntei o folk, o rock e o blues com aquela m\u00fasica simples que trouxe do interior mineiro, que era a caipira antiga, e tudo desaguou nesse tipo de trabalho que fa\u00e7o. Ent\u00e3o, s\u00e3o quase 50 anos como profissional. Por\u00e9m, se juntar o tempo em que fiquei tocando em bailes e participando de festivais, vai dar quase 60 anos de carreira.\u201d<\/p>\n\n\n\n<p>\u201cE, agora, aos 80 anos, posso falar por experi\u00eancia pr\u00f3pria que a m\u00fasica n\u00e3o tem idade\u201d, garante.<\/p>\n\n\n\n<p>\u201cNos meus shows v\u00e3o pessoas de todas as gera\u00e7\u00f5es e \u00e9 uma for\u00e7a pra gente. Isso passa uma coisa meio rom\u00e2ntica nestes tempos de internet. Essa coisa vem de pai para filho. Felizmente, estou dentro dessa onda a\u00ed. Outro dia, no interior, um garoto me disse que eu era o John Lennon dele. Imagine um adolescente de 15 anos lhe abra\u00e7ar chorando e falar isso? \u00c9 emocionante, muito significativo.\u201d<\/p>\n\n\n\n<p>Z\u00e9 Geraldo acredita ter dado sorte por se tornar um dos \u201cherdeiros\u201d de Raul Seixas. \u201cTive essa felicidade, e percebi isso l\u00e1 pelo meio dos anos 1980\u201d, revela. &#8220;Na \u00e9poca, estava at\u00e9 com vontade de parar com a minha carreira, mas isso me fortaleceu e fui logo para a estrada. Esse p\u00fablico que veio do Raul foi um alento. Quando percebi, botei as m\u00e3os para o c\u00e9u e agradeci. Ele foi uma grande refer\u00eancia para mim.\u201d<\/p>\n\n\n\n<h2 class=\"wp-block-heading\">Bob Dylan na veia<\/h2>\n\n\n\n<p>A maior refer\u00eancia do artista mineiro \u00e9 o&nbsp;<a href=\"https:\/\/www.em.com.br\/cultura\/2024\/10\/6975441-greil-marcus-lanca-biografia-de-bob-dylan-com-foco-na-obra-nao-na-vida.html\"><strong>cantor e compositor norte-americano Bob Dylan<\/strong><\/a>.<\/p>\n\n\n\n<p>\u201cQuando o ouvi pela primeira vez, eu estava come\u00e7ando a compor. Ent\u00e3o. pensei: \u00e9 isso que quero para mim, a minha m\u00fasica \u00e9 esta. \u00c9 claro que depois, com os bailes, cantando em grandes bandas, fui juntando tudo aquilo, mas o meu ponto de partida principal foi mesmo Dylan. Eu poderia ter sido um grande cover dele, mas acabei arranjando uma maneira de cantar, misturando o rock com as m\u00fasicas caipiras do interior. Com isso, acabei achando o meu jeito pr\u00f3prio de cantar\u201d, conclui.<\/p>\n\n\n\n<h3 class=\"wp-block-heading\"><br><strong>\u201cZ\u00c9 GERALDO 80 ANOS\u201d<\/strong><\/h3>\n\n\n\n<p>Nesta sexta-feira (28\/3), \u00e0s 21h, no Teatro Sesiminas, Rua Padre Marinho, 60, Santa Efig\u00eania. Ingressos a R$ 220 (inteira),&nbsp;R$ 110 (meia-entrada) e R$ 150 (com doa\u00e7\u00e3o de 1kg de alimento n\u00e3o perec\u00edvel). Ingressos \u00e0 venda na plataforma Sympla. Informa\u00e7\u00f5es: (31) 2116-0418.<\/p>\n\n\n\n<h2 class=\"wp-block-heading\">OUTRAS ATRA\u00c7\u00d5ES<\/h2>\n\n\n\n<h3 class=\"wp-block-heading\"><strong>&gt;&gt;&gt; SONS QUE CONECTAM<\/strong><\/h3>\n\n\n\n<p>Com apresenta\u00e7\u00e3o das cantoras Janam\u00f4, Michelle Oliveira e J\u00falia Deodora, ser\u00e1 realizada neste domingo (30\/3), \u00e0s 16h, no Centro Cultural Venda Nova (Rua Jos\u00e9 Ferreira dos Santos, 184, Jardim dos Comerci\u00e1rios), mais uma edi\u00e7\u00e3o de \u201cGiro: sons que conectam\u201d. Janam\u00f4 apresenta samba e ritmos brasileiros; J\u00falia celebra os ancestrais; e Michelle interpreta sons brasileiros com sua voz e percuss\u00e3o. A entrada \u00e9 gratuita.<\/p>\n\n\n\n<h3 class=\"wp-block-heading\"><br><strong>&gt;&gt;&gt; VINIL NO CAIXOTE<\/strong><\/h3>\n\n\n\n<p>Formada por Marcelo Carrato (bateria), Marcelo Dilla (viol\u00e3o e voz) e Marcos Boechat (baixo e vocal), a Banda Som de Vinil se apresenta nesta sexta-feira (28\/3), \u00e0s 19h, no Bar Caixote (Rua Iva\u00ed, 100, Serra). O repert\u00f3rio traz sucessos nacionais e internacionais dos anos 1960, 1970 e 1980. Couvert art\u00edstico a R$ 10. Informa\u00e7\u00f5es: (31) 3324-8588.<\/p>\n","protected":false},"excerpt":{"rendered":"<p>Autor do sucesso &#8216;Cidad\u00e3o&#8217;, cantor e compositor mineiro diz que nunca se apresentou em BH. Ele \u00e9 atra\u00e7\u00e3o desta sexta (28\/3) na capital Embora seja conhecido em todo o pa\u00eds, o cantor e compositor Z\u00e9 Geraldo garante que nunca se apresentou em Belo Horizonte. Aos 80 anos e completando 60 de m\u00fasica, o artista mineiro, [&hellip;]<\/p>\n","protected":false},"author":5,"featured_media":164739,"comment_status":"closed","ping_status":"open","sticky":false,"template":"","format":"standard","meta":{"advgb_blocks_editor_width":"","advgb_blocks_columns_visual_guide":"","_exactmetrics_skip_tracking":false,"_exactmetrics_sitenote_active":false,"_exactmetrics_sitenote_note":"","_exactmetrics_sitenote_category":0,"footnotes":""},"categories":[7,2],"tags":[],"class_list":["post-164738","post","type-post","status-publish","format-standard","has-post-thumbnail","hentry","category-destaques","category-noticias"],"better_featured_image":{"id":164739,"alt_text":"","caption":"","description":"","media_type":"image","media_details":{"width":1200,"height":720,"file":"2025\/03\/1_wmc63301-48712217.jpg","filesize":102659,"sizes":{"medium":{"file":"1_wmc63301-48712217-470x282.jpg","width":470,"height":282,"mime-type":"image\/jpeg","filesize":22241,"source_url":"https:\/\/lavras.tv\/site\/wp-content\/uploads\/2025\/03\/1_wmc63301-48712217-470x282.jpg"},"large":{"file":"1_wmc63301-48712217-970x582.jpg","width":970,"height":582,"mime-type":"image\/jpeg","filesize":68055,"source_url":"https:\/\/lavras.tv\/site\/wp-content\/uploads\/2025\/03\/1_wmc63301-48712217-970x582.jpg"},"thumbnail":{"file":"1_wmc63301-48712217-170x102.jpg","width":170,"height":102,"mime-type":"image\/jpeg","filesize":4716,"source_url":"https:\/\/lavras.tv\/site\/wp-content\/uploads\/2025\/03\/1_wmc63301-48712217-170x102.jpg"},"lshowcase-thumb":{"file":"1_wmc63301-48712217-200x120.jpg","width":200,"height":120,"mime-type":"image\/jpeg","filesize":5884,"source_url":"https:\/\/lavras.tv\/site\/wp-content\/uploads\/2025\/03\/1_wmc63301-48712217-200x120.jpg"},"alm-thumbnail":{"file":"1_wmc63301-48712217-150x150.jpg","width":150,"height":150,"mime-type":"image\/jpeg","filesize":5960,"source_url":"https:\/\/lavras.tv\/site\/wp-content\/uploads\/2025\/03\/1_wmc63301-48712217-150x150.jpg"}},"image_meta":{"aperture":"0","credit":"","camera":"","caption":"","created_timestamp":"0","copyright":"","focal_length":"0","iso":"0","shutter_speed":"0","title":"","orientation":"0","keywords":[]}},"post":164738,"source_url":"https:\/\/lavras.tv\/site\/wp-content\/uploads\/2025\/03\/1_wmc63301-48712217.jpg"},"author_meta":{"display_name":"Vinicius Bustamante","author_link":"https:\/\/lavras.tv\/site\/author\/vinicius-bustamante\/"},"featured_img":"https:\/\/lavras.tv\/site\/wp-content\/uploads\/2025\/03\/1_wmc63301-48712217-470x282.jpg","coauthors":[],"tax_additional":{"categories":{"linked":["<a href=\"https:\/\/lavras.tv\/site\/category\/destaques\/\" class=\"advgb-post-tax-term\">Destaques<\/a>","<a href=\"https:\/\/lavras.tv\/site\/category\/noticias\/\" class=\"advgb-post-tax-term\">Not\u00edcias<\/a>"],"unlinked":["<span class=\"advgb-post-tax-term\">Destaques<\/span>","<span class=\"advgb-post-tax-term\">Not\u00edcias<\/span>"]}},"comment_count":"0","relative_dates":{"created":"Publicado 1 ano atr\u00e1s","modified":"Atualizado 1 ano atr\u00e1s"},"absolute_dates":{"created":"Publicado em 28 de mar\u00e7o de 2025","modified":"Atualizado em 28 de mar\u00e7o de 2025"},"absolute_dates_time":{"created":"Publicado em 28 de mar\u00e7o de 2025 20:26","modified":"Atualizado em 28 de mar\u00e7o de 2025 20:26"},"featured_img_caption":"","series_order":"","_links":{"self":[{"href":"https:\/\/lavras.tv\/site\/wp-json\/wp\/v2\/posts\/164738","targetHints":{"allow":["GET"]}}],"collection":[{"href":"https:\/\/lavras.tv\/site\/wp-json\/wp\/v2\/posts"}],"about":[{"href":"https:\/\/lavras.tv\/site\/wp-json\/wp\/v2\/types\/post"}],"author":[{"embeddable":true,"href":"https:\/\/lavras.tv\/site\/wp-json\/wp\/v2\/users\/5"}],"replies":[{"embeddable":true,"href":"https:\/\/lavras.tv\/site\/wp-json\/wp\/v2\/comments?post=164738"}],"version-history":[{"count":1,"href":"https:\/\/lavras.tv\/site\/wp-json\/wp\/v2\/posts\/164738\/revisions"}],"predecessor-version":[{"id":164741,"href":"https:\/\/lavras.tv\/site\/wp-json\/wp\/v2\/posts\/164738\/revisions\/164741"}],"wp:featuredmedia":[{"embeddable":true,"href":"https:\/\/lavras.tv\/site\/wp-json\/wp\/v2\/media\/164739"}],"wp:attachment":[{"href":"https:\/\/lavras.tv\/site\/wp-json\/wp\/v2\/media?parent=164738"}],"wp:term":[{"taxonomy":"category","embeddable":true,"href":"https:\/\/lavras.tv\/site\/wp-json\/wp\/v2\/categories?post=164738"},{"taxonomy":"post_tag","embeddable":true,"href":"https:\/\/lavras.tv\/site\/wp-json\/wp\/v2\/tags?post=164738"}],"curies":[{"name":"wp","href":"https:\/\/api.w.org\/{rel}","templated":true}]}}