{"id":165329,"date":"2025-03-31T15:16:34","date_gmt":"2025-03-31T18:16:34","guid":{"rendered":"https:\/\/lavras.tv\/site\/?p=165329"},"modified":"2025-03-31T15:16:35","modified_gmt":"2025-03-31T18:16:35","slug":"zambelli-se-ve-abandonada-por-bolsonaro-esperava-retribuicao-e-amizade","status":"publish","type":"post","link":"https:\/\/lavras.tv\/site\/2025\/03\/31\/zambelli-se-ve-abandonada-por-bolsonaro-esperava-retribuicao-e-amizade\/","title":{"rendered":"Zambelli se v\u00ea abandonada por Bolsonaro: &#8216;Esperava retribui\u00e7\u00e3o e amizade&#8217;"},"content":{"rendered":"<div class=\"lavra-antes-do-conteudo_2\" id=\"lavra-2569223946\"><div id=\"lavra-slider-27\" class=\"custom-slider lavra-slider-136280238 lavra-slider\"><ul><li><div style=\"margin-left: auto;margin-right: auto;text-align: center;\" id=\"lavra-2345071828\"><a href=\"https:\/\/sistemas.lavras.mg.gov.br\/portalcidadao\/#df1b1a7c7b2a290bcb31e32771e610784662739a88807c0dacac58ede5f391a7530e299dc302d611ee73cb143fc22eaf93592e53e7b5bdb01b00a0b8d28dae460c141dd2ff83412e4dc1c31b16b25f33144a9e5620ea73b13f5bc1c59411d98439ad226e8af03840603796067d87afe130812cf3de24982d0e306f9e61e764e5\" aria-label=\"Lavras-TV&#8211;720x104px (1) (1)\"><img src=\"https:\/\/lavras.tv\/site\/wp-content\/uploads\/2025\/01\/Lavras-TV-720x104px-1-1.png\" alt=\"\"  srcset=\"https:\/\/lavras.tv\/site\/wp-content\/uploads\/2025\/01\/Lavras-TV-720x104px-1-1.png 720w, https:\/\/lavras.tv\/site\/wp-content\/uploads\/2025\/01\/Lavras-TV-720x104px-1-1-470x68.png 470w, https:\/\/lavras.tv\/site\/wp-content\/uploads\/2025\/01\/Lavras-TV-720x104px-1-1-170x25.png 170w, https:\/\/lavras.tv\/site\/wp-content\/uploads\/2025\/01\/Lavras-TV-720x104px-1-1-200x29.png 200w\" sizes=\"(max-width: 720px) 100vw, 720px\" width=\"720\" height=\"104\"  style=\"display: inline-block;\" \/><\/a><\/div><\/li><li><a href=\"https:\/\/sistemas.lavras.mg.gov.br\/portalcidadao\/#df1b1a7c7b2a290bcb31e32771e610784662739a88807c0dacac58ede5f391a7530e299dc302d611ee73cb143fc22eaf93592e53e7b5bdb01b00a0b8d28dae460c141dd2ff83412e4dc1c31b16b25f33144a9e5620ea73b13f5bc1c59411d98439ad226e8af03840603796067d87afe130812cf3de24982d0e306f9e61e764e5\" aria-label=\"Banner_Emprego_PortallavrasTV\"><img src=\"https:\/\/lavras.tv\/site\/wp-content\/uploads\/2025\/03\/Banner_Emprego_PortallavrasTV.png\" alt=\"\"  srcset=\"https:\/\/lavras.tv\/site\/wp-content\/uploads\/2025\/03\/Banner_Emprego_PortallavrasTV.png 720w, https:\/\/lavras.tv\/site\/wp-content\/uploads\/2025\/03\/Banner_Emprego_PortallavrasTV-470x68.png 470w, https:\/\/lavras.tv\/site\/wp-content\/uploads\/2025\/03\/Banner_Emprego_PortallavrasTV-170x25.png 170w, https:\/\/lavras.tv\/site\/wp-content\/uploads\/2025\/03\/Banner_Emprego_PortallavrasTV-200x29.png 200w\" sizes=\"(max-width: 720px) 100vw, 720px\" width=\"720\" height=\"104\"   \/><\/a><\/li><li><a href=\"https:\/\/sistemas.lavras.mg.gov.br\/portalcidadao\/#df1b1a7c7b2a290bcb31e32771e610784662739a88807c0dacac58ede5f391a7530e299dc302d611ee73cb143fc22eaf93592e53e7b5bdb01b00a0b8d28dae460c141dd2ff83412e4dc1c31b16b25f33144a9e5620ea73b13f5bc1c59411d98439ad226e8af03840603796067d87afe130812cf3de24982d0e306f9e61e764e5\" aria-label=\"Banner_Obras_PortallavrasTV\"><img src=\"https:\/\/lavras.tv\/site\/wp-content\/uploads\/2025\/03\/Banner_Obras_PortallavrasTV.png\" alt=\"\"  srcset=\"https:\/\/lavras.tv\/site\/wp-content\/uploads\/2025\/03\/Banner_Obras_PortallavrasTV.png 720w, https:\/\/lavras.tv\/site\/wp-content\/uploads\/2025\/03\/Banner_Obras_PortallavrasTV-470x68.png 470w, https:\/\/lavras.tv\/site\/wp-content\/uploads\/2025\/03\/Banner_Obras_PortallavrasTV-170x25.png 170w, https:\/\/lavras.tv\/site\/wp-content\/uploads\/2025\/03\/Banner_Obras_PortallavrasTV-200x29.png 200w\" sizes=\"(max-width: 720px) 100vw, 720px\" width=\"720\" height=\"104\"   \/><\/a><\/li><li><div style=\"margin-left: auto;margin-right: auto;text-align: center;\" id=\"lavra-1120540871\"><a href=\"https:\/\/sistemas.lavras.mg.gov.br\/portalcidadao\/#df1b1a7c7b2a290bcb31e32771e610784662739a88807c0dacac58ede5f391a7530e299dc302d611ee73cb143fc22eaf93592e53e7b5bdb01b00a0b8d28dae460c141dd2ff83412e4dc1c31b16b25f33144a9e5620ea73b13f5bc1c59411d98439ad226e8af03840603796067d87afe130812cf3de24982d0e306f9e61e764e5\" aria-label=\"Banner_Educa\u00e7\u00e3o_PortallavrasTV\"><img src=\"https:\/\/lavras.tv\/site\/wp-content\/uploads\/2025\/01\/Banner_Educacao_PortallavrasTV.png\" alt=\"\"  srcset=\"https:\/\/lavras.tv\/site\/wp-content\/uploads\/2025\/01\/Banner_Educacao_PortallavrasTV.png 720w, https:\/\/lavras.tv\/site\/wp-content\/uploads\/2025\/01\/Banner_Educacao_PortallavrasTV-470x68.png 470w, https:\/\/lavras.tv\/site\/wp-content\/uploads\/2025\/01\/Banner_Educacao_PortallavrasTV-170x25.png 170w, https:\/\/lavras.tv\/site\/wp-content\/uploads\/2025\/01\/Banner_Educacao_PortallavrasTV-200x29.png 200w\" sizes=\"(max-width: 720px) 100vw, 720px\" width=\"720\" height=\"104\"  style=\"display: inline-block;\" \/><\/a><\/div><\/li><li><a href=\"https:\/\/sistemas.lavras.mg.gov.br\/portalcidadao\/#df1b1a7c7b2a290bcb31e32771e610784662739a88807c0dacac58ede5f391a7530e299dc302d611ee73cb143fc22eaf93592e53e7b5bdb01b00a0b8d28dae460c141dd2ff83412e4dc1c31b16b25f33144a9e5620ea73b13f5bc1c59411d98439ad226e8af03840603796067d87afe130812cf3de24982d0e306f9e61e764e5\" aria-label=\"Banner_Sa\u00fade_PortallavrasTV\"><img src=\"https:\/\/lavras.tv\/site\/wp-content\/uploads\/2025\/03\/Banner_Saude_PortallavrasTV.png\" alt=\"\"  srcset=\"https:\/\/lavras.tv\/site\/wp-content\/uploads\/2025\/03\/Banner_Saude_PortallavrasTV.png 720w, https:\/\/lavras.tv\/site\/wp-content\/uploads\/2025\/03\/Banner_Saude_PortallavrasTV-470x68.png 470w, https:\/\/lavras.tv\/site\/wp-content\/uploads\/2025\/03\/Banner_Saude_PortallavrasTV-170x25.png 170w, https:\/\/lavras.tv\/site\/wp-content\/uploads\/2025\/03\/Banner_Saude_PortallavrasTV-200x29.png 200w\" sizes=\"(max-width: 720px) 100vw, 720px\" width=\"720\" height=\"104\"   \/><\/a><\/li><li><div id=\"lavra-2033148360\" style=\"width:720px;height:104px;background-color:#ddd;overflow:scroll;\">\n\t<strong>Sa\u00edda da depura\u00e7\u00e3o de an\u00fancios<\/strong>\n\t<br><br>\n\tO an\u00fancio n\u00e3o \u00e9 exibido na p\u00e1gina<br><br>post atual: Zambelli se v\u00ea abandonada por Bolsonaro: 'Esperava retribui\u00e7\u00e3o e amizade', ID: 165329<br><br><span style=\"color: red;\">O post atual n\u00e3o \u00e9 id\u00eantico ao post principal.<\/span><br><br>An\u00fancios: ROXO - TOPO INTERNA - ROTATIVO 2 (197)<br \/>Grupo de an\u00fancios: Princ_Meio01_720x104 (27)<br><br>Condi\u00e7\u00f5es de exibi\u00e7\u00e3o<div style=\"margin-bottom: 20px; white-space: pre-wrap; font-family: monospace; width: 100%; background: #ffe9e9;\"><strong>condi\u00e7\u00f5es gerais<\/strong><table border=\"1\"><thead><tr><th><\/th><th>An\u00fancios<\/th><th>wp_the_query<\/th><\/tr><\/thead><tr><td>is_main_query<\/td><td>1<\/td><td>1<\/td><\/tr><tr><td>is_rest_api<\/td><td>0<\/td><td>1<\/td><\/tr><tr><td>page<\/td><td>0<\/td><td>1<\/td><\/tr><tr><td>numpages<\/td><td>0<\/td><td>1<\/td><\/tr><tr><td>is_archive<\/td><td>1<\/td><td><\/td><\/tr><tr><td>is_search<\/td><td>1<\/td><td><\/td><\/tr><tr><td>is_home<\/td><td>1<\/td><td><\/td><\/tr><tr><td>is_404<\/td><td>1<\/td><td><\/td><\/tr><tr><td>is_attachment<\/td><td>1<\/td><td><\/td><\/tr><tr><td>is_singular<\/td><td>1<\/td><td><\/td><\/tr><tr><td>is_front_page<\/td><td>1<\/td><td><\/td><\/tr><tr><td>is_feed<\/td><td>1<\/td><td><\/td><\/tr><\/table><\/div><br><br><span style=\"color: red;\">Seu site usa HTTPS, mas o c\u00f3digo do an\u00fancio cont\u00e9m HTTP e pode n\u00e3o funcionar.<\/span>\t<br><br>\n\t<a style=\"color: green;\" href=\"https:\/\/wpadvancedads.com\/manual\/ad-debug-mode\/?utm_source=advanced-ads&utm_medium=link&utm_campaign=ad-debug-mode\" target=\"_blank\" rel=\"nofollow\">Encontre solu\u00e7\u00f5es no manual<\/a>\n<\/div>\n<\/li><\/ul><\/div><script>( window.advanced_ads_ready || jQuery( document ).ready ).call( null, function() {var $lavraslider136280238 = jQuery( \".lavra-slider-136280238\" );$lavraslider136280238.on( \"unslider.ready\", function() { jQuery( \"div.custom-slider ul li\" ).css( \"display\", \"block\" ); });$lavraslider136280238.unslider({ delay:4000, autoplay:true, nav:false, arrows:false, infinite:true });$lavraslider136280238.on(\"mouseover\", function() {$lavraslider136280238.unslider(\"stop\");}).on(\"mouseout\", function() {$lavraslider136280238.unslider(\"start\");});});<\/script><\/div>\n<p>Ela se v\u00ea abandonada por Bolsonaro, de quem era uma das principais aliadas, e discorda do ex-presidente, que credita a ela a derrota para Lula naquele pleito<\/p>\n\n\n\n<figure class=\"wp-block-image size-large\"><img fetchpriority=\"high\" decoding=\"async\" width=\"970\" height=\"582\" src=\"https:\/\/lavras.tv\/site\/wp-content\/uploads\/2025\/03\/1_carla_zambelli-35126738-970x582.jpg\" alt=\"\" class=\"wp-image-165330\" srcset=\"https:\/\/lavras.tv\/site\/wp-content\/uploads\/2025\/03\/1_carla_zambelli-35126738-970x582.jpg 970w, https:\/\/lavras.tv\/site\/wp-content\/uploads\/2025\/03\/1_carla_zambelli-35126738-470x282.jpg 470w, https:\/\/lavras.tv\/site\/wp-content\/uploads\/2025\/03\/1_carla_zambelli-35126738-170x102.jpg 170w, https:\/\/lavras.tv\/site\/wp-content\/uploads\/2025\/03\/1_carla_zambelli-35126738-200x120.jpg 200w, https:\/\/lavras.tv\/site\/wp-content\/uploads\/2025\/03\/1_carla_zambelli-35126738.jpg 1200w\" sizes=\"(max-width: 970px) 100vw, 970px\" \/><\/figure>\n\n\n\n<p>A deputada federal Carla Zambelli (PL-SP) diz se arrepender do epis\u00f3dio em que perseguiu um homem com arma em punho na v\u00e9spera da elei\u00e7\u00e3o de 2022 em S\u00e3o Paulo. &#8220;Devia ter entrado no carro e ido embora&#8221;, afirma.&nbsp;Ela se v\u00ea abandonada por&nbsp;<a href=\"https:\/\/www.em.com.br\/politica\/2025\/03\/7097387-golpe-de-bolsonaro-teria-mais-resistencia-e-vitimas-que-o-de-1964-avaliam-especialistas.html\"><strong>Jair Bolsonaro (PL)<\/strong><\/a>, de quem era uma das principais aliadas, e discorda do ex-presidente, que credita a ela a derrota para&nbsp;<a href=\"https:\/\/www.em.com.br\/politica\/2025\/03\/7097419-lula-e-zema-antecipam-disputa-com-foco-em-minas-gerais.html\"><strong>Lula (PT)<\/strong><\/a>&nbsp;naquele pleito. &#8220;N\u00e3o s\u00f3 eu como outras pessoas tamb\u00e9m perderam a amizade do presidente no momento que precisaram&#8221;, afirma.<\/p>\n\n\n\n<p>Na \u00faltima semana, o STF (Supremo Tribunal Federal) formou maioria para conden\u00e1-la a 5 anos e 3 meses de pris\u00e3o em regime semiaberto e \u00e0 perda de mandato por porte ilegal de arma de fogo e constrangimento ilegal com emprego de arma. O julgamento est\u00e1 suspenso.<\/p>\n\n\n\n<p>Porta-voz de destaque do discurso bolsonarista contra urnas, ela ainda buscar\u00e1 reverter, no TSE (Tribunal Superior Eleitoral), uma condena\u00e7\u00e3o por desinforma\u00e7\u00e3o.<\/p>\n\n\n\n<p>Para representar a direita na elei\u00e7\u00e3o de 2026, Zambelli defendeu os nomes de Michelle e Eduardo Bolsonaro (PL-SP). Ap\u00f3s a entrevista, a deputada procurou a reportagem e disse ter mudado de ideia sobre a resposta, afirmando ser muito cedo para falar sobre um cen\u00e1rio ainda n\u00e3o definido.<\/p>\n\n\n\n<p><strong>Folha &#8211; Como a sra. define seu momento atual?*<\/strong><\/p>\n\n\n\n<p>Carla Zambelli &#8211; Estou num momento mais dif\u00edcil politicamente falando. Nunca imaginei passar por uma situa\u00e7\u00e3o dessa. Uma poss\u00edvel pris\u00e3o, por um crime que n\u00e3o cometi. Considero isso uma persegui\u00e7\u00e3o pol\u00edtica.<\/p>\n\n\n\n<p><strong>Na \u00faltima segunda-feira, o ex-presidente Bolsonaro disse &#8216;a Carla Zambelli tirou o mandato da gente&#8217;, sobre o epis\u00f3dio com a arma. Como avalia essa fala?<\/strong><\/p>\n\n\n\n<p>Eu discordo do presidente Bolsonaro. Eu acho que atrapalhou, sim. Mas n\u00e3o teve v\u00e1rios dias de divulga\u00e7\u00e3o dessa imagem. Foi simplesmente meio dia. N\u00e3o acho que tanta gente tenha mudado de opini\u00e3o em rela\u00e7\u00e3o ao voto que daria. \u00c9 um peso bastante grande ter ouvido aquilo. Pesou bastante nas minhas costas. Na verdade, desde 2022 enfrento depress\u00e3o por causa desse epis\u00f3dio e tive v\u00e1rios momentos bem ruins. Ter ouvido isso dele me deixou bastante chateada.<\/p>\n\n\n\n<p><strong>A sra. se v\u00ea, de certa forma, abandonada pelo ex-presidente Jair Bolsonaro?<\/strong><\/p>\n\n\n\n<p>Sim.<\/p>\n\n\n\n<p><strong>Folha &#8211; O que a sra. esperava?<\/strong><\/p>\n\n\n\n<p>Acho que esperava apoio. Desde 2013 eu apoio o Bolsonaro. Antes como ativista, nas causas dele, ajudei na elei\u00e7\u00e3o de 2018. Durante todo o governo. Acho que eu fui uma das pessoas mais linha de frente dentro do Congresso para poder defender o governo, o presidente.&nbsp;Esperava ter algum tipo de retribui\u00e7\u00e3o em rela\u00e7\u00e3o a isso. Ou seja, contar com a amizade dele nesse momento dif\u00edcil. Mas acho que n\u00e3o s\u00f3 eu como outras pessoas tamb\u00e9m perderam a amizade do presidente no momento que precisaram.<\/p>\n\n\n\n<p><strong>A sra. pretende ir em algum ato a favor de Bolsonaro, como no dia 6 de abril na av. Paulista?*<\/strong><\/p>\n\n\n\n<p>N\u00e3o, eu n\u00e3o vou no dia 6 de abril, porque \u00e9 sobre anistia. Se chegar na C\u00e2mara para votar, vou votar a favor da anistia, mas n\u00e3o posso agora me colocar em risco no meio do meu julgamento.<\/p>\n\n\n\n<p><strong>E manifesta\u00e7\u00f5es a favor do ex-presidente que venham a acontecer fora essa?<\/strong><\/p>\n\n\n\n<p>N\u00e3o sei, ainda n\u00e3o pensei em ir ou n\u00e3o, mas a princ\u00edpio n\u00e3o.<\/p>\n\n\n\n<p><strong>Em 2023, em entrevista \u00e0 Folha, a sra. disse que Bolsonaro deveria ter sido claro sobre o que pensava, dizendo para as pessoas sa\u00edrem dos quart\u00e9is, e tamb\u00e9m que ele deveria estar no Brasil para liderar a oposi\u00e7\u00e3o. Mant\u00e9m essa avalia\u00e7\u00e3o?*<\/strong><\/p>\n\n\n\n<p>Mantenho. Acho que ele tinha que estar no Brasil e tinha que ter falado para as pessoas sa\u00edrem de frente do quartel.&nbsp;Devia ter esclarecido, ou ter feito a live l\u00e1 de fora, falado &#8216;j\u00e1 t\u00f4 fora do Brasil, agora n\u00e3o tem mais chance de voltar atr\u00e1s&#8217;, e pedir para as pessoas irem embora. Isso evitaria o que aconteceu depois.<\/p>\n\n\n\n<p><strong>O ex-presidente ainda se coloca como poss\u00edvel candidato, apesar de estar ineleg\u00edvel. Como a sra. v\u00ea o cen\u00e1rio para 2026, quem poderia representar a direita?<\/strong><\/p>\n\n\n\n<p>Tem a Michelle, a esposa do Bolsonaro, que \u00e9 uma excelente candidata. Eu acho que \u00e9 uma pessoa boa e que deveria ter o apoio do presidente. O Tarc\u00edsio [de Freitas] tamb\u00e9m \u00e9 outra op\u00e7\u00e3o.&nbsp;S\u00f3 espero que a gente tenha isso tido com anteced\u00eancia, que nos digam com anteced\u00eancia para a gente poder trabalhar.&nbsp;Ele [Tarc\u00edsio] hoje \u00e9 uma pessoa que agrada tamb\u00e9m a esquerda, agrada o sistema, porque ele tem uma certa entrada pelo STF, tem amizade com alguns ministros. Acho que talvez o Tarc\u00edsio seja um bom nome na perspectiva do Bolsonaro.<\/p>\n\n\n\n<p><strong>E na sua perspectiva?<\/strong><\/p>\n\n\n\n<p>O Eduardo [Bolsonaro] \u00e9 um bom nome, mas n\u00e3o sei se ele teria o apoio da popula\u00e7\u00e3o como um todo. E a pr\u00f3pria Michelle, eu gosto muito do nome dela. Independente do que o Bolsonaro falou sobre mim.<\/p>\n\n\n\n<p><strong>Tarc\u00edsio, ent\u00e3o, como prefer\u00eancia pessoal, a sra. n\u00e3o apontaria?<\/strong><\/p>\n\n\n\n<p>A princ\u00edpio, n\u00e3o.<\/p>\n\n\n\n<p><strong>O ex-presidente Bolsonaro se tornou r\u00e9u no caso da trama golpista. Como a sra. v\u00ea essas acusa\u00e7\u00f5es, especialmente envolvendo a minuta de estado de defesa e de s\u00edtio?<\/strong><\/p>\n\n\n\n<p>Acho que \u00e9 absurdo. Como \u00e9 que um artif\u00edcio, uma lei que est\u00e1 dentro da Constitui\u00e7\u00e3o Federal, pode ser golpe? Acho que n\u00e3o tem nada a ver.&nbsp;Primeiro, porque n\u00e3o foi colocado de fato. Pode ter sido aventado, mas n\u00e3o foi colocado em vota\u00e7\u00e3o. E segundo que n\u00e3o houve golpe. O Lula teve o poder, pegou o poder e continuou no poder numa boa.&nbsp;O que teve foi uma manifesta\u00e7\u00e3o com alguns v\u00e2ndalos, com outras pessoas tamb\u00e9m defendendo bastante os lugares. N\u00e3o acho que teve nada a ver com o golpe que aconteceu no final de 2022 e in\u00edcio de 2023.<\/p>\n\n\n\n<p><strong>E sobre as minutas?*<\/strong><\/p>\n\n\n\n<p>Eu recebi uma minuta. Era uma esp\u00e9cie de um decreto, uma coisa assim, e perguntei na \u00e9poca para uma das pessoas do jur\u00eddico do presidente Bolsonaro, do Pal\u00e1cio do Planalto, e ele me disse que era fake.&nbsp;N\u00e3o acho que o Bolsonaro, algo que est\u00e1 impresso, ou que eventualmente chegou na m\u00e3o dele&#8230; Chegou na minha m\u00e3o tamb\u00e9m, e nem por isso eu tinha algum envolvimento com o golpe.<\/p>\n\n\n\n<p><strong>Segundo as investiga\u00e7\u00f5es, n\u00e3o tinha ind\u00edcio ou prova de fraude em 2022. A sra. considera que havia elementos para implementar um estado de s\u00edtio, de defesa ou mesmo o artigo 142?<\/strong><\/p>\n\n\n\n<p>N\u00e3o, n\u00e3o acho. Mas tamb\u00e9m n\u00e3o acho que \u00e9 crime voc\u00ea estudar o assunto.<\/p>\n\n\n\n<p><strong>No fim de novembro de 2022, a sra. divulgou um v\u00eddeo em que dizia, &#8220;Dia 1\u00ba de janeiro, srs. generais quatro estrelas, v\u00e3o querer prestar contin\u00eancia a um bandido ou \u00e0 na\u00e7\u00e3o brasileira? N\u00e3o \u00e9 hora de responder com carta se dizendo apartid\u00e1rio. \u00c9 hora de se posicionar. De que lado da hist\u00f3ria voc\u00eas v\u00e3o ficar?&#8221;. O que a sra. queria dizer com &#8216;\u00e9 hora de se posicionar&#8217;?<\/strong><\/p>\n\n\n\n<p>Acho que era o momento de os generais dizerem se Lula era bandido ou n\u00e3o.<\/p>\n\n\n\n<p><strong>No dia seguinte ocorreu uma audi\u00eancia no Senado sobre supostos ind\u00edcios de fraudes nas urnas, em que se falou sobre eventual uso do artigo 142, e em que a sra. estava. O contexto do v\u00eddeo era de outro tipo de posicionamento.<\/strong><\/p>\n\n\n\n<p>N\u00e3o posso falar sobre isso, porque \u00e9 motivo de um processo contra mim e que ainda est\u00e1 acontecendo [no STF].<\/p>\n\n\n\n<p><strong>O relat\u00f3rio da PF em que o ex-presidente foi indiciado afirma que a sra. foi citada no depoimento do ex-comandante da Aeron\u00e1utica Baptista Jr. e que teria dito a ele: &#8216;Brigadeiro, o sr. n\u00e3o pode deixar o presidente na m\u00e3o&#8217;. O que a sra. quis dizer?*<\/strong><\/p>\n\n\n\n<p>Na verdade, eu falei em dar for\u00e7a para o presidente. O presidente tinha perdido as elei\u00e7\u00f5es e eu falei para ele dar uma for\u00e7a para o presidente. Ele, na \u00e9poca, n\u00e3o respondeu nada. E ele diz na Pol\u00edcia Federal que respondeu que n\u00e3o faria nada de ilegal, alguma coisa assim. Ele n\u00e3o respondeu isso. Ele mentiu no depoimento dele.<\/p>\n\n\n\n<p><strong>Ele ficou em sil\u00eancio?*<\/strong><\/p>\n\n\n\n<p>N\u00e3o, ele falou alguma outra coisa que eu n\u00e3o me lembro bem o qu\u00ea, que faz muito tempo. [Se ele tivesse dito isso] teria dito &#8216;eu n\u00e3o t\u00f4 te pedindo para fazer nada ilegal&#8217;.<\/p>\n\n\n\n<p><strong>Quando a sra. diz dar uma for\u00e7a para o ex-presidente, havia uma expectativa de que houvesse algum caminho para que ele ainda se mantivesse no poder?<\/strong><\/p>\n\n\n\n<p>Existia, sim. Existia a possibilidade, por exemplo, do artigo 142 colocar n\u00e3o ele no poder, n\u00e9, mas as For\u00e7as Armadas no poder, para depois fazer uma nova elei\u00e7\u00e3o e tal com urna impressa.&nbsp;Mas assim eram coment\u00e1rios de algumas pessoas e que a gente n\u00e3o via de fato acontecer isso de verdade, n\u00e3o tinha nenhuma a\u00e7\u00e3o para isso acontecer.<\/p>\n\n\n\n<p><strong>Mas houve reuni\u00f5es e conversas dentro do governo, segundo as investiga\u00e7\u00f5es. A sra. est\u00e1 dizendo que isso n\u00e3o aconteceu&#8230;*<\/strong><\/p>\n\n\n\n<p>N\u00e3o participei. A gente ouvia dizer, n\u00e9, ouvia falar, mas n\u00e3o participei de nada.<\/p>\n\n\n\n<p><strong>&#8216;Dar uma for\u00e7a&#8217; poderia estar dentro de um eventual uso do artigo 142?<\/strong><\/p>\n\n\n\n<p>N\u00e3o falei nada que pudesse dar a entender que seria isso.<\/p>\n\n\n\n<p><strong>A sra. foi condenada a cassa\u00e7\u00e3o e inelegibilidade no TRE-SP e tem maioria pela condena\u00e7\u00e3o no STF no caso da arma. Acredita que vai conseguir reverter esses casos na Justi\u00e7a?<\/strong><\/p>\n\n\n\n<p>No caso da cassa\u00e7\u00e3o, a gente tem o TSE agora, para recorrer. \u00c9 l\u00f3gico que as chances s\u00e3o baixas, mas a gente vai recorrer e vai tentar. [Sen\u00e3o] N\u00e3o s\u00f3 eu perco o mandato, mas os deputados que foram levados com os meus votos.&nbsp;Em rela\u00e7\u00e3o \u00e0 condena\u00e7\u00e3o do STF por porte ilegal, ainda tenho sim esperan\u00e7a. Acho que o Gilmar Mendes, o ministro relator, e os outros ministros que j\u00e1 votaram, eles eventualmente podem n\u00e3o ter visto meu porte [de arma] l\u00e1 na minha defesa, mas eu tinha porte federal. [Gilmar aborda esse argumento em seu voto]\n\n\n\n<p><strong>[No caso das armas] A sra. considera que a situa\u00e7\u00e3o naquele dia foi proporcional ao que aconteceu?<\/strong><\/p>\n\n\n\n<p>Foi proporcional porque teve um tiro. E no momento que teve o tiro e que o policial caiu no ch\u00e3o, ele [Luan Ara\u00fajo, o homem perseguido] estava em flagrante delito, o policial tinha dado voz de pris\u00e3o para ele. Eram quatro homens que n\u00e3o s\u00f3 me ofenderam, cuspiram em mim, me xingaram, empurraram meu filho e me empurraram tamb\u00e9m.&nbsp;A\u00ed, quando ele foge e eu escuto o tiro, eu s\u00f3 saco a arma depois do tiro. Ent\u00e3o, ela foi proporcional, porque quando tem um tiro, voc\u00ea pode sacar sua arma&#8230; Na verdade, at\u00e9 antes do tiro eu poderia sacar a arma, n\u00e9?&nbsp;Depois a gente ficou sabendo que o tiro tinha sido disparado pelo pr\u00f3prio policial quando caiu. Mas eu, ouvindo um tiro, tenho como pensar que pode ter sido outra pessoa. Ent\u00e3o, acho que foi proporcional, sim. Pegando todo o contexto, n\u00e3o acho que eu estava errada.<\/p>\n\n\n\n<p><strong>No v\u00eddeo, depois que ele tinha ofendido a sra, \u00e9 no momento que ele j\u00e1 est\u00e1 se afastando em que a sra. come\u00e7a a correr atr\u00e1s dele.<\/strong><\/p>\n\n\n\n<p>\u00c9 o momento que eu caio. Na verdade ele n\u00e3o est\u00e1 se afastando. O carro dele estava no lado contr\u00e1rio, pelo qual ele tava andando.&nbsp;O que aconteceu foi que ele me chamou de prostituta e na hora a cabe\u00e7a ferveu e eu queria bater nele. Minha ideia ali nunca era sacar a arma. Era trocar soco com ele, a princ\u00edpio. E depois que teve o tiro, eu tirei a arma.&nbsp;Aquilo ali foi s\u00f3 uma atitude infeliz que eu tive de ir atr\u00e1s dele. Infelizmente, ali foi onde eu errei, de querer trocar as tapas, soco, com o homem. Eu jamais ia ganhar um neg\u00f3cio desse.&nbsp;Como mulher eu deveria ter ido embora, ter cuidado da minha vida, ter aguentado&#8230;[Mas] naquele dia eu tinha passado a madrugada recebendo muita amea\u00e7a de morte. E aquele alerta que eu estava acabou prejudicando o meu julgamento.<\/p>\n\n\n\n<p><strong>Caso a sra. n\u00e3o consiga reverter a inelegibilidade, pretende voltar para a pol\u00edtica depois?*<\/strong><\/p>\n\n\n\n<p>Pretendo, em 2030. N\u00e3o v\u00e3o se livrar t\u00e3o cedo de mim.<\/p>\n\n\n\n<p><strong>Tem algo na sua trajet\u00f3ria na pol\u00edtica que a sra. se arrepende ou faria diferente?<\/strong><\/p>\n\n\n\n<p>Esse dia de ter ido atr\u00e1s desse rapaz. Devia ter entrado no carro e ido embora, como fazia sempre todas as vezes que tentavam, at\u00e9 hoje, que tentam brigar comigo na rua. Esse dia foi o \u00fanico dia que eu n\u00e3o sa\u00ed, infelizmente. Mas me arrependo, deveria ter sa\u00eddo.<\/p>\n\n\n\n<p><strong>E mais alguma coisa?<\/strong><\/p>\n\n\n\n<p>Ter confiado ou me doado demais por algumas pessoas.<\/p>\n\n\n\n<p><strong>Algu\u00e9m em espec\u00edfico?<\/strong><\/p>\n\n\n\n<p>N\u00e3o. Eu n\u00e3o me arrependo de ter ajudado o Bolsonaro, sabe? Algumas pessoas podem achar que eu posso me arrepender. Eu n\u00e3o me arrependo, n\u00e3o. E vou continuar defendendo ele no que eu achar que \u00e9 certo.<\/p>\n\n\n\n<p><strong>*RAIO-X | Carla Zambelli<\/strong><\/p>\n\n\n\n<p>Ativista fundadora do grupo Nas Ruas, ganhou notoriedade nos protestos pelo impeachment de Dilma Rousseff (PT). Foi eleita deputada federal pelo PSL em 2018 e reeleita pelo PL em 2022. \u00c9 gerente de projetos, formada em planejamento estrat\u00e9gico empresarial na Universidade Nove de Julho.<\/p>\n","protected":false},"excerpt":{"rendered":"<p>Ela se v\u00ea abandonada por Bolsonaro, de quem era uma das principais aliadas, e discorda do ex-presidente, que credita a ela a derrota para Lula naquele pleito A deputada federal Carla Zambelli (PL-SP) diz se arrepender do epis\u00f3dio em que perseguiu um homem com arma em punho na v\u00e9spera da elei\u00e7\u00e3o de 2022 em S\u00e3o [&hellip;]<\/p>\n","protected":false},"author":5,"featured_media":165330,"comment_status":"closed","ping_status":"open","sticky":false,"template":"","format":"standard","meta":{"advgb_blocks_editor_width":"","advgb_blocks_columns_visual_guide":"","_exactmetrics_skip_tracking":false,"_exactmetrics_sitenote_active":false,"_exactmetrics_sitenote_note":"","_exactmetrics_sitenote_category":0,"footnotes":""},"categories":[7,2,12],"tags":[],"class_list":["post-165329","post","type-post","status-publish","format-standard","has-post-thumbnail","hentry","category-destaques","category-noticias","category-politica"],"better_featured_image":{"id":165330,"alt_text":"","caption":"","description":"","media_type":"image","media_details":{"width":1200,"height":720,"file":"2025\/03\/1_carla_zambelli-35126738.jpg","filesize":108890,"sizes":{"medium":{"file":"1_carla_zambelli-35126738-470x282.jpg","width":470,"height":282,"mime-type":"image\/jpeg","filesize":24195,"source_url":"https:\/\/lavras.tv\/site\/wp-content\/uploads\/2025\/03\/1_carla_zambelli-35126738-470x282.jpg"},"large":{"file":"1_carla_zambelli-35126738-970x582.jpg","width":970,"height":582,"mime-type":"image\/jpeg","filesize":73198,"source_url":"https:\/\/lavras.tv\/site\/wp-content\/uploads\/2025\/03\/1_carla_zambelli-35126738-970x582.jpg"},"thumbnail":{"file":"1_carla_zambelli-35126738-170x102.jpg","width":170,"height":102,"mime-type":"image\/jpeg","filesize":5521,"source_url":"https:\/\/lavras.tv\/site\/wp-content\/uploads\/2025\/03\/1_carla_zambelli-35126738-170x102.jpg"},"lshowcase-thumb":{"file":"1_carla_zambelli-35126738-200x120.jpg","width":200,"height":120,"mime-type":"image\/jpeg","filesize":6822,"source_url":"https:\/\/lavras.tv\/site\/wp-content\/uploads\/2025\/03\/1_carla_zambelli-35126738-200x120.jpg"},"alm-thumbnail":{"file":"1_carla_zambelli-35126738-150x150.jpg","width":150,"height":150,"mime-type":"image\/jpeg","filesize":6368,"source_url":"https:\/\/lavras.tv\/site\/wp-content\/uploads\/2025\/03\/1_carla_zambelli-35126738-150x150.jpg"}},"image_meta":{"aperture":"0","credit":"","camera":"","caption":"","created_timestamp":"0","copyright":"","focal_length":"0","iso":"0","shutter_speed":"0","title":"","orientation":"0","keywords":[]}},"post":165329,"source_url":"https:\/\/lavras.tv\/site\/wp-content\/uploads\/2025\/03\/1_carla_zambelli-35126738.jpg"},"author_meta":{"display_name":"Vinicius Bustamante","author_link":"https:\/\/lavras.tv\/site\/author\/vinicius-bustamante\/"},"featured_img":"https:\/\/lavras.tv\/site\/wp-content\/uploads\/2025\/03\/1_carla_zambelli-35126738-470x282.jpg","coauthors":[],"tax_additional":{"categories":{"linked":["<a href=\"https:\/\/lavras.tv\/site\/category\/destaques\/\" class=\"advgb-post-tax-term\">Destaques<\/a>","<a href=\"https:\/\/lavras.tv\/site\/category\/noticias\/\" class=\"advgb-post-tax-term\">Not\u00edcias<\/a>","<a href=\"https:\/\/lavras.tv\/site\/category\/politica\/\" class=\"advgb-post-tax-term\">Pol\u00edtica<\/a>"],"unlinked":["<span class=\"advgb-post-tax-term\">Destaques<\/span>","<span class=\"advgb-post-tax-term\">Not\u00edcias<\/span>","<span class=\"advgb-post-tax-term\">Pol\u00edtica<\/span>"]}},"comment_count":"0","relative_dates":{"created":"Publicado 1 ano atr\u00e1s","modified":"Atualizado 1 ano atr\u00e1s"},"absolute_dates":{"created":"Publicado em 31 de mar\u00e7o de 2025","modified":"Atualizado em 31 de mar\u00e7o de 2025"},"absolute_dates_time":{"created":"Publicado em 31 de mar\u00e7o de 2025 15:16","modified":"Atualizado em 31 de mar\u00e7o de 2025 15:16"},"featured_img_caption":"","series_order":"","_links":{"self":[{"href":"https:\/\/lavras.tv\/site\/wp-json\/wp\/v2\/posts\/165329","targetHints":{"allow":["GET"]}}],"collection":[{"href":"https:\/\/lavras.tv\/site\/wp-json\/wp\/v2\/posts"}],"about":[{"href":"https:\/\/lavras.tv\/site\/wp-json\/wp\/v2\/types\/post"}],"author":[{"embeddable":true,"href":"https:\/\/lavras.tv\/site\/wp-json\/wp\/v2\/users\/5"}],"replies":[{"embeddable":true,"href":"https:\/\/lavras.tv\/site\/wp-json\/wp\/v2\/comments?post=165329"}],"version-history":[{"count":1,"href":"https:\/\/lavras.tv\/site\/wp-json\/wp\/v2\/posts\/165329\/revisions"}],"predecessor-version":[{"id":165331,"href":"https:\/\/lavras.tv\/site\/wp-json\/wp\/v2\/posts\/165329\/revisions\/165331"}],"wp:featuredmedia":[{"embeddable":true,"href":"https:\/\/lavras.tv\/site\/wp-json\/wp\/v2\/media\/165330"}],"wp:attachment":[{"href":"https:\/\/lavras.tv\/site\/wp-json\/wp\/v2\/media?parent=165329"}],"wp:term":[{"taxonomy":"category","embeddable":true,"href":"https:\/\/lavras.tv\/site\/wp-json\/wp\/v2\/categories?post=165329"},{"taxonomy":"post_tag","embeddable":true,"href":"https:\/\/lavras.tv\/site\/wp-json\/wp\/v2\/tags?post=165329"}],"curies":[{"name":"wp","href":"https:\/\/api.w.org\/{rel}","templated":true}]}}