{"id":165332,"date":"2025-03-31T15:24:40","date_gmt":"2025-03-31T18:24:40","guid":{"rendered":"https:\/\/lavras.tv\/site\/?p=165332"},"modified":"2025-03-31T15:24:41","modified_gmt":"2025-03-31T18:24:41","slug":"quais-as-carreiras-mais-ameacadas-pelo-avanco-da-ia-veja-o-que-dizem-chatgpt-e-gemini","status":"publish","type":"post","link":"https:\/\/lavras.tv\/site\/2025\/03\/31\/quais-as-carreiras-mais-ameacadas-pelo-avanco-da-ia-veja-o-que-dizem-chatgpt-e-gemini\/","title":{"rendered":"Quais as carreiras mais amea\u00e7adas pelo avan\u00e7o da IA? Veja o que dizem ChatGPT e Gemini"},"content":{"rendered":"<div class=\"lavra-antes-do-conteudo_2\" id=\"lavra-1402998657\"><div id=\"lavra-slider-27\" class=\"custom-slider lavra-slider-3525389334 lavra-slider\"><ul><li><div style=\"margin-left: auto;margin-right: auto;text-align: center;\" id=\"lavra-2186936135\"><a href=\"https:\/\/sistemas.lavras.mg.gov.br\/portalcidadao\/#df1b1a7c7b2a290bcb31e32771e610784662739a88807c0dacac58ede5f391a7530e299dc302d611ee73cb143fc22eaf93592e53e7b5bdb01b00a0b8d28dae460c141dd2ff83412e4dc1c31b16b25f33144a9e5620ea73b13f5bc1c59411d98439ad226e8af03840603796067d87afe130812cf3de24982d0e306f9e61e764e5\" aria-label=\"Lavras-TV&#8211;720x104px (1) (1)\"><img src=\"https:\/\/lavras.tv\/site\/wp-content\/uploads\/2025\/01\/Lavras-TV-720x104px-1-1.png\" alt=\"\"  srcset=\"https:\/\/lavras.tv\/site\/wp-content\/uploads\/2025\/01\/Lavras-TV-720x104px-1-1.png 720w, https:\/\/lavras.tv\/site\/wp-content\/uploads\/2025\/01\/Lavras-TV-720x104px-1-1-470x68.png 470w, https:\/\/lavras.tv\/site\/wp-content\/uploads\/2025\/01\/Lavras-TV-720x104px-1-1-170x25.png 170w, https:\/\/lavras.tv\/site\/wp-content\/uploads\/2025\/01\/Lavras-TV-720x104px-1-1-200x29.png 200w\" sizes=\"(max-width: 720px) 100vw, 720px\" width=\"720\" height=\"104\"  style=\"display: inline-block;\" \/><\/a><\/div><\/li><li><a href=\"https:\/\/sistemas.lavras.mg.gov.br\/portalcidadao\/#df1b1a7c7b2a290bcb31e32771e610784662739a88807c0dacac58ede5f391a7530e299dc302d611ee73cb143fc22eaf93592e53e7b5bdb01b00a0b8d28dae460c141dd2ff83412e4dc1c31b16b25f33144a9e5620ea73b13f5bc1c59411d98439ad226e8af03840603796067d87afe130812cf3de24982d0e306f9e61e764e5\" aria-label=\"Banner_Emprego_PortallavrasTV\"><img src=\"https:\/\/lavras.tv\/site\/wp-content\/uploads\/2025\/03\/Banner_Emprego_PortallavrasTV.png\" alt=\"\"  srcset=\"https:\/\/lavras.tv\/site\/wp-content\/uploads\/2025\/03\/Banner_Emprego_PortallavrasTV.png 720w, https:\/\/lavras.tv\/site\/wp-content\/uploads\/2025\/03\/Banner_Emprego_PortallavrasTV-470x68.png 470w, https:\/\/lavras.tv\/site\/wp-content\/uploads\/2025\/03\/Banner_Emprego_PortallavrasTV-170x25.png 170w, https:\/\/lavras.tv\/site\/wp-content\/uploads\/2025\/03\/Banner_Emprego_PortallavrasTV-200x29.png 200w\" sizes=\"(max-width: 720px) 100vw, 720px\" width=\"720\" height=\"104\"   \/><\/a><\/li><li><a href=\"https:\/\/sistemas.lavras.mg.gov.br\/portalcidadao\/#df1b1a7c7b2a290bcb31e32771e610784662739a88807c0dacac58ede5f391a7530e299dc302d611ee73cb143fc22eaf93592e53e7b5bdb01b00a0b8d28dae460c141dd2ff83412e4dc1c31b16b25f33144a9e5620ea73b13f5bc1c59411d98439ad226e8af03840603796067d87afe130812cf3de24982d0e306f9e61e764e5\" aria-label=\"Banner_Obras_PortallavrasTV\"><img src=\"https:\/\/lavras.tv\/site\/wp-content\/uploads\/2025\/03\/Banner_Obras_PortallavrasTV.png\" alt=\"\"  srcset=\"https:\/\/lavras.tv\/site\/wp-content\/uploads\/2025\/03\/Banner_Obras_PortallavrasTV.png 720w, https:\/\/lavras.tv\/site\/wp-content\/uploads\/2025\/03\/Banner_Obras_PortallavrasTV-470x68.png 470w, https:\/\/lavras.tv\/site\/wp-content\/uploads\/2025\/03\/Banner_Obras_PortallavrasTV-170x25.png 170w, https:\/\/lavras.tv\/site\/wp-content\/uploads\/2025\/03\/Banner_Obras_PortallavrasTV-200x29.png 200w\" sizes=\"(max-width: 720px) 100vw, 720px\" width=\"720\" height=\"104\"   \/><\/a><\/li><li><div style=\"margin-left: auto;margin-right: auto;text-align: center;\" id=\"lavra-3317926221\"><a href=\"https:\/\/sistemas.lavras.mg.gov.br\/portalcidadao\/#df1b1a7c7b2a290bcb31e32771e610784662739a88807c0dacac58ede5f391a7530e299dc302d611ee73cb143fc22eaf93592e53e7b5bdb01b00a0b8d28dae460c141dd2ff83412e4dc1c31b16b25f33144a9e5620ea73b13f5bc1c59411d98439ad226e8af03840603796067d87afe130812cf3de24982d0e306f9e61e764e5\" aria-label=\"Banner_Educa\u00e7\u00e3o_PortallavrasTV\"><img src=\"https:\/\/lavras.tv\/site\/wp-content\/uploads\/2025\/01\/Banner_Educacao_PortallavrasTV.png\" alt=\"\"  srcset=\"https:\/\/lavras.tv\/site\/wp-content\/uploads\/2025\/01\/Banner_Educacao_PortallavrasTV.png 720w, https:\/\/lavras.tv\/site\/wp-content\/uploads\/2025\/01\/Banner_Educacao_PortallavrasTV-470x68.png 470w, https:\/\/lavras.tv\/site\/wp-content\/uploads\/2025\/01\/Banner_Educacao_PortallavrasTV-170x25.png 170w, https:\/\/lavras.tv\/site\/wp-content\/uploads\/2025\/01\/Banner_Educacao_PortallavrasTV-200x29.png 200w\" sizes=\"(max-width: 720px) 100vw, 720px\" width=\"720\" height=\"104\"  style=\"display: inline-block;\" \/><\/a><\/div><\/li><li><a href=\"https:\/\/sistemas.lavras.mg.gov.br\/portalcidadao\/#df1b1a7c7b2a290bcb31e32771e610784662739a88807c0dacac58ede5f391a7530e299dc302d611ee73cb143fc22eaf93592e53e7b5bdb01b00a0b8d28dae460c141dd2ff83412e4dc1c31b16b25f33144a9e5620ea73b13f5bc1c59411d98439ad226e8af03840603796067d87afe130812cf3de24982d0e306f9e61e764e5\" aria-label=\"Banner_Sa\u00fade_PortallavrasTV\"><img src=\"https:\/\/lavras.tv\/site\/wp-content\/uploads\/2025\/03\/Banner_Saude_PortallavrasTV.png\" alt=\"\"  srcset=\"https:\/\/lavras.tv\/site\/wp-content\/uploads\/2025\/03\/Banner_Saude_PortallavrasTV.png 720w, https:\/\/lavras.tv\/site\/wp-content\/uploads\/2025\/03\/Banner_Saude_PortallavrasTV-470x68.png 470w, https:\/\/lavras.tv\/site\/wp-content\/uploads\/2025\/03\/Banner_Saude_PortallavrasTV-170x25.png 170w, https:\/\/lavras.tv\/site\/wp-content\/uploads\/2025\/03\/Banner_Saude_PortallavrasTV-200x29.png 200w\" sizes=\"(max-width: 720px) 100vw, 720px\" width=\"720\" height=\"104\"   \/><\/a><\/li><li><div id=\"lavra-1684151982\" style=\"width:720px;height:104px;background-color:#ddd;overflow:scroll;\">\n\t<strong>Sa\u00edda da depura\u00e7\u00e3o de an\u00fancios<\/strong>\n\t<br><br>\n\tO an\u00fancio n\u00e3o \u00e9 exibido na p\u00e1gina<br><br>post atual: Quais as carreiras mais amea\u00e7adas pelo avan\u00e7o da IA? Veja o que dizem ChatGPT e Gemini, ID: 165332<br><br><span style=\"color: red;\">O post atual n\u00e3o \u00e9 id\u00eantico ao post principal.<\/span><br><br>An\u00fancios: ROXO - TOPO INTERNA - ROTATIVO 2 (197)<br \/>Grupo de an\u00fancios: Princ_Meio01_720x104 (27)<br><br>Condi\u00e7\u00f5es de exibi\u00e7\u00e3o<div style=\"margin-bottom: 20px; white-space: pre-wrap; font-family: monospace; width: 100%; background: #ffe9e9;\"><strong>condi\u00e7\u00f5es gerais<\/strong><table border=\"1\"><thead><tr><th><\/th><th>An\u00fancios<\/th><th>wp_the_query<\/th><\/tr><\/thead><tr><td>is_main_query<\/td><td>1<\/td><td>1<\/td><\/tr><tr><td>is_rest_api<\/td><td>0<\/td><td>1<\/td><\/tr><tr><td>page<\/td><td>0<\/td><td>1<\/td><\/tr><tr><td>numpages<\/td><td>0<\/td><td>1<\/td><\/tr><tr><td>is_archive<\/td><td>1<\/td><td><\/td><\/tr><tr><td>is_search<\/td><td>1<\/td><td><\/td><\/tr><tr><td>is_home<\/td><td>1<\/td><td><\/td><\/tr><tr><td>is_404<\/td><td>1<\/td><td><\/td><\/tr><tr><td>is_attachment<\/td><td>1<\/td><td><\/td><\/tr><tr><td>is_singular<\/td><td>1<\/td><td><\/td><\/tr><tr><td>is_front_page<\/td><td>1<\/td><td><\/td><\/tr><tr><td>is_feed<\/td><td>1<\/td><td><\/td><\/tr><\/table><\/div><br><br><span style=\"color: red;\">Seu site usa HTTPS, mas o c\u00f3digo do an\u00fancio cont\u00e9m HTTP e pode n\u00e3o funcionar.<\/span>\t<br><br>\n\t<a style=\"color: green;\" href=\"https:\/\/wpadvancedads.com\/manual\/ad-debug-mode\/?utm_source=advanced-ads&utm_medium=link&utm_campaign=ad-debug-mode\" target=\"_blank\" rel=\"nofollow\">Encontre solu\u00e7\u00f5es no manual<\/a>\n<\/div>\n<\/li><\/ul><\/div><script>( window.advanced_ads_ready || jQuery( document ).ready ).call( null, function() {var $lavraslider3525389334 = jQuery( \".lavra-slider-3525389334\" );$lavraslider3525389334.on( \"unslider.ready\", function() { jQuery( \"div.custom-slider ul li\" ).css( \"display\", \"block\" ); });$lavraslider3525389334.unslider({ delay:4000, autoplay:true, nav:false, arrows:false, infinite:true });$lavraslider3525389334.on(\"mouseover\", function() {$lavraslider3525389334.unslider(\"stop\");}).on(\"mouseout\", function() {$lavraslider3525389334.unslider(\"start\");});});<\/script><\/div>\n<p>Especialistas e IAs apontam as \u00e1reas que perdem for\u00e7a e o que ser\u00e1 mais valorizado no futuro do trabalho<\/p>\n\n\n\n<figure class=\"wp-block-image size-full\"><img fetchpriority=\"high\" decoding=\"async\" width=\"960\" height=\"640\" src=\"https:\/\/lavras.tv\/site\/wp-content\/uploads\/2025\/03\/Blogpost-chat-gpt-scaled-1.jpg\" alt=\"\" class=\"wp-image-165333\" srcset=\"https:\/\/lavras.tv\/site\/wp-content\/uploads\/2025\/03\/Blogpost-chat-gpt-scaled-1.jpg 960w, https:\/\/lavras.tv\/site\/wp-content\/uploads\/2025\/03\/Blogpost-chat-gpt-scaled-1-450x300.jpg 450w, https:\/\/lavras.tv\/site\/wp-content\/uploads\/2025\/03\/Blogpost-chat-gpt-scaled-1-170x113.jpg 170w, https:\/\/lavras.tv\/site\/wp-content\/uploads\/2025\/03\/Blogpost-chat-gpt-scaled-1-200x133.jpg 200w\" sizes=\"(max-width: 960px) 100vw, 960px\" \/><\/figure>\n\n\n\n<p>Em um cen\u00e1rio marcado pela transforma\u00e7\u00e3o digital, adolescentes encaram uma pergunta ao terminar o ensino m\u00e9dio:&nbsp;<strong>o que estudar em um mundo onde a&nbsp;<\/strong><a href=\"https:\/\/aqui.uai.com.br\/curiosidades\/inteligencia-artificial-destruira-a-humanidade-em-breve-diz-pesquisa\/\" target=\"_blank\" rel=\"noreferrer noopener\"><strong>intelig\u00eancia artificial est\u00e1 cada vez mais presente<\/strong><\/a><strong>?<\/strong>&nbsp;Na Argentina, onde mais de&nbsp;<strong>2 milh\u00f5es de estudantes frequentam universidades p\u00fablicas<\/strong>, os cursos de tecnologia lideram a lista dos mais escolhidos.&nbsp;<\/p>\n\n\n\n<p>Mas especialistas e pesquisadores alertam: o conhecimento t\u00e9cnico, sozinho, pode n\u00e3o ser suficiente para garantir espa\u00e7o no futuro do trabalho. A criatividade, o pensamento cr\u00edtico e a capacidade de relacionamento humano ganham for\u00e7a como diferenciais frente \u00e0s habilidades automatizadas.<\/p>\n\n\n\n<h2 class=\"wp-block-heading\" id=\"h-tecnologia-na-lideranca-mas-com-ressalvas\">Tecnologia na lideran\u00e7a, mas com ressalvas<\/h2>\n\n\n\n<p>A Universidade de Buenos Aires, divulgou que as gradua\u00e7\u00f5es mais procuradas atualmente s\u00e3o&nbsp;<strong>Licenciatura em An\u00e1lise de Sistemas<\/strong>,&nbsp;<strong>Engenharia Inform\u00e1tica<\/strong>&nbsp;e&nbsp;<strong>Engenharia Eletr\u00f4nica<\/strong>. O crescimento reflete o interesse por \u00e1reas ligadas \u00e0 tecnologia, impulsionado pela demanda do mercado e pelas promessas de empregabilidade.<\/p>\n\n\n\n<p>Ao mesmo tempo, especialistas sugerem cautela. Sergio Pernice, diretor de Engenharia em Intelig\u00eancia Artificial da Universidade do CEMA (Ucema), afirmou que a ideia de \u201cprofiss\u00e3o\u201d est\u00e1 mudando. Segundo ele, n\u00e3o basta saber operar sistemas ou seguir procedimentos t\u00e9cnicos,&nbsp;<strong>\u00e9 preciso saber transformar esse conhecimento em a\u00e7\u00e3o pr\u00e1tica.<\/strong><\/p>\n\n\n\n<blockquote class=\"wp-block-quote is-layout-flow wp-block-quote-is-layout-flow\">\n<p>\u201cO conhecimento t\u00e9cnico j\u00e1 n\u00e3o \u00e9 exclusivo dos humanos. O valor estar\u00e1 naquilo que s\u00f3 o humano pode agregar, como criatividade e sensibilidade ao contexto\u201d, explicou Pernice ao jornal&nbsp;<em>La Naci\u00f3n<\/em>.<\/p>\n<\/blockquote>\n\n\n\n<h2 class=\"wp-block-heading\" id=\"h-profissoes-ameacadas-ou-em-transformacao\">Profiss\u00f5es amea\u00e7adas ou em transforma\u00e7\u00e3o?<\/h2>\n\n\n\n<p>Ferramentas de intelig\u00eancia artificial tamb\u00e9m v\u00eam sendo consultadas sobre as mudan\u00e7as no mundo do trabalho. O ChatGPT, por exemplo, identificou algumas profiss\u00f5es que podem enfrentar maiores desafios nos pr\u00f3ximos anos: contabilidade tradicional ou tradu\u00e7\u00e3o t\u00e9cnica simples. Segundo o modelo, esses campos correm o risco de serem ocupados por softwares.<\/p>\n\n\n\n<figure class=\"wp-block-image\"><img decoding=\"async\" src=\"https:\/\/aqui.uai.com.br\/wp-content\/uploads\/2025\/03\/1_imagem_2-40725990.jpg\" alt=\"\" class=\"wp-image-39874\"\/><\/figure>\n\n\n\n<h2 class=\"wp-block-heading\" id=\"h-e-o-que-a-ia-ainda-nao-faz\">E o que a IA ainda n\u00e3o faz?<\/h2>\n\n\n\n<p>H\u00e1 um ponto em que m\u00e1quinas e algoritmos ainda n\u00e3o chegam:\u00a0<strong>o contato direto com as pessoas e a realidade<\/strong>. Para o consultor de m\u00eddia \u00c1lvaro Liuzzi, autor do livro Jornalismo IA, o jornalismo, por exemplo, seguir\u00e1 necess\u00e1rio justamente\u00a0<strong>pela presen\u00e7a humana no campo<\/strong>, pela escuta ativa e pela capacidade de\u00a0<strong>interpretar o que n\u00e3o est\u00e1 expl\u00edcito nos dados<\/strong>.<\/p>\n\n\n\n<h2 class=\"wp-block-heading\" id=\"h-o-que-dizem-outras-ias\">O que dizem outras IAs?<\/h2>\n\n\n\n<p>O Gemini, intelig\u00eancia artificial do Google, concorda com parte das proje\u00e7\u00f5es. Al\u00e9m das \u00e1reas j\u00e1 mencionadas, a ferramenta tamb\u00e9m apontou a administra\u00e7\u00e3o de empresas e o direito como cursos que podem passar por mudan\u00e7as profundas.&nbsp;<\/p>\n\n\n\n<p>A justificativa est\u00e1 na automa\u00e7\u00e3o de decis\u00f5es administrativas e na capacidade da IA de&nbsp;<strong>analisar documentos e gerar relat\u00f3rios jur\u00eddicos<\/strong>&nbsp;<strong>em escala<\/strong>.&nbsp;<\/p>\n\n\n\n<h2 class=\"wp-block-heading\" id=\"h-habilidades-humanas-ganham-espaco\">Habilidades humanas ganham espa\u00e7o<\/h2>\n\n\n\n<p>Em meio a esse cen\u00e1rio, a forma\u00e7\u00e3o ideal parece menos ligada a um t\u00edtulo espec\u00edfico e mais focada no&nbsp;<strong>desenvolvimento de compet\u00eancias humanas<\/strong>: saber dialogar, resolver problemas complexos, interpretar contextos, propor solu\u00e7\u00f5es criativas e atuar com empatia.<\/p>\n\n\n\n<p>A pergunta \u201co que estudar?\u201d continua importante \u2014 mas, cada vez mais, ela se conecta \u00e0 pergunta \u201ccomo quero atuar no mundo?\u201d.&nbsp;<strong>Em um tempo em que m\u00e1quinas evoluem com velocidade, ser humano segue sendo um diferencial.<\/strong><\/p>\n","protected":false},"excerpt":{"rendered":"<p>Especialistas e IAs apontam as \u00e1reas que perdem for\u00e7a e o que ser\u00e1 mais valorizado no futuro do trabalho Em um cen\u00e1rio marcado pela transforma\u00e7\u00e3o digital, adolescentes encaram uma pergunta ao terminar o ensino m\u00e9dio:&nbsp;o que estudar em um mundo onde a&nbsp;intelig\u00eancia artificial est\u00e1 cada vez mais presente?&nbsp;Na Argentina, onde mais de&nbsp;2 milh\u00f5es de estudantes [&hellip;]<\/p>\n","protected":false},"author":5,"featured_media":165333,"comment_status":"closed","ping_status":"open","sticky":false,"template":"","format":"standard","meta":{"advgb_blocks_editor_width":"","advgb_blocks_columns_visual_guide":"","_exactmetrics_skip_tracking":false,"_exactmetrics_sitenote_active":false,"_exactmetrics_sitenote_note":"","_exactmetrics_sitenote_category":0,"footnotes":""},"categories":[7,2,5721],"tags":[],"class_list":["post-165332","post","type-post","status-publish","format-standard","has-post-thumbnail","hentry","category-destaques","category-noticias","category-tecnologia"],"better_featured_image":{"id":165333,"alt_text":"","caption":"","description":"","media_type":"image","media_details":{"width":960,"height":640,"file":"2025\/03\/Blogpost-chat-gpt-scaled-1.jpg","filesize":71156,"sizes":{"medium":{"file":"Blogpost-chat-gpt-scaled-1-450x300.jpg","width":450,"height":300,"mime-type":"image\/jpeg","filesize":22853,"source_url":"https:\/\/lavras.tv\/site\/wp-content\/uploads\/2025\/03\/Blogpost-chat-gpt-scaled-1-450x300.jpg"},"thumbnail":{"file":"Blogpost-chat-gpt-scaled-1-170x113.jpg","width":170,"height":113,"mime-type":"image\/jpeg","filesize":5267,"source_url":"https:\/\/lavras.tv\/site\/wp-content\/uploads\/2025\/03\/Blogpost-chat-gpt-scaled-1-170x113.jpg"},"lshowcase-thumb":{"file":"Blogpost-chat-gpt-scaled-1-200x133.jpg","width":200,"height":133,"mime-type":"image\/jpeg","filesize":6659,"source_url":"https:\/\/lavras.tv\/site\/wp-content\/uploads\/2025\/03\/Blogpost-chat-gpt-scaled-1-200x133.jpg"},"alm-thumbnail":{"file":"Blogpost-chat-gpt-scaled-1-150x150.jpg","width":150,"height":150,"mime-type":"image\/jpeg","filesize":6407,"source_url":"https:\/\/lavras.tv\/site\/wp-content\/uploads\/2025\/03\/Blogpost-chat-gpt-scaled-1-150x150.jpg"}},"image_meta":{"aperture":"0","credit":"","camera":"","caption":"","created_timestamp":"0","copyright":"","focal_length":"0","iso":"0","shutter_speed":"0","title":"","orientation":"0","keywords":[]}},"post":165332,"source_url":"https:\/\/lavras.tv\/site\/wp-content\/uploads\/2025\/03\/Blogpost-chat-gpt-scaled-1.jpg"},"author_meta":{"display_name":"Vinicius Bustamante","author_link":"https:\/\/lavras.tv\/site\/author\/vinicius-bustamante\/"},"featured_img":"https:\/\/lavras.tv\/site\/wp-content\/uploads\/2025\/03\/Blogpost-chat-gpt-scaled-1-450x300.jpg","coauthors":[],"tax_additional":{"categories":{"linked":["<a href=\"https:\/\/lavras.tv\/site\/category\/destaques\/\" class=\"advgb-post-tax-term\">Destaques<\/a>","<a href=\"https:\/\/lavras.tv\/site\/category\/noticias\/\" class=\"advgb-post-tax-term\">Not\u00edcias<\/a>","<a href=\"https:\/\/lavras.tv\/site\/category\/tecnologia\/\" class=\"advgb-post-tax-term\">Tecnologia<\/a>"],"unlinked":["<span class=\"advgb-post-tax-term\">Destaques<\/span>","<span class=\"advgb-post-tax-term\">Not\u00edcias<\/span>","<span class=\"advgb-post-tax-term\">Tecnologia<\/span>"]}},"comment_count":"0","relative_dates":{"created":"Publicado 1 ano atr\u00e1s","modified":"Atualizado 1 ano atr\u00e1s"},"absolute_dates":{"created":"Publicado em 31 de mar\u00e7o de 2025","modified":"Atualizado em 31 de mar\u00e7o de 2025"},"absolute_dates_time":{"created":"Publicado em 31 de mar\u00e7o de 2025 15:24","modified":"Atualizado em 31 de mar\u00e7o de 2025 15:24"},"featured_img_caption":"","series_order":"","_links":{"self":[{"href":"https:\/\/lavras.tv\/site\/wp-json\/wp\/v2\/posts\/165332","targetHints":{"allow":["GET"]}}],"collection":[{"href":"https:\/\/lavras.tv\/site\/wp-json\/wp\/v2\/posts"}],"about":[{"href":"https:\/\/lavras.tv\/site\/wp-json\/wp\/v2\/types\/post"}],"author":[{"embeddable":true,"href":"https:\/\/lavras.tv\/site\/wp-json\/wp\/v2\/users\/5"}],"replies":[{"embeddable":true,"href":"https:\/\/lavras.tv\/site\/wp-json\/wp\/v2\/comments?post=165332"}],"version-history":[{"count":1,"href":"https:\/\/lavras.tv\/site\/wp-json\/wp\/v2\/posts\/165332\/revisions"}],"predecessor-version":[{"id":165334,"href":"https:\/\/lavras.tv\/site\/wp-json\/wp\/v2\/posts\/165332\/revisions\/165334"}],"wp:featuredmedia":[{"embeddable":true,"href":"https:\/\/lavras.tv\/site\/wp-json\/wp\/v2\/media\/165333"}],"wp:attachment":[{"href":"https:\/\/lavras.tv\/site\/wp-json\/wp\/v2\/media?parent=165332"}],"wp:term":[{"taxonomy":"category","embeddable":true,"href":"https:\/\/lavras.tv\/site\/wp-json\/wp\/v2\/categories?post=165332"},{"taxonomy":"post_tag","embeddable":true,"href":"https:\/\/lavras.tv\/site\/wp-json\/wp\/v2\/tags?post=165332"}],"curies":[{"name":"wp","href":"https:\/\/api.w.org\/{rel}","templated":true}]}}