{"id":165339,"date":"2025-03-31T15:40:16","date_gmt":"2025-03-31T18:40:16","guid":{"rendered":"https:\/\/lavras.tv\/site\/?p=165339"},"modified":"2025-03-31T15:40:17","modified_gmt":"2025-03-31T18:40:17","slug":"atletico-vai-jogar-em-estadio-que-esta-no-top-10-das-maiores-altitudes-do-mundo","status":"publish","type":"post","link":"https:\/\/lavras.tv\/site\/2025\/03\/31\/atletico-vai-jogar-em-estadio-que-esta-no-top-10-das-maiores-altitudes-do-mundo\/","title":{"rendered":"Atl\u00e9tico vai jogar em est\u00e1dio que est\u00e1 no top 10 das maiores altitudes do mundo"},"content":{"rendered":"<div class=\"lavra-antes-do-conteudo_2\" id=\"lavra-2242598109\"><div id=\"lavra-slider-27\" class=\"custom-slider lavra-slider-1838197095 lavra-slider\"><ul><li><div style=\"margin-left: auto;margin-right: auto;text-align: center;\" id=\"lavra-646047670\"><a href=\"https:\/\/sistemas.lavras.mg.gov.br\/portalcidadao\/#df1b1a7c7b2a290bcb31e32771e610784662739a88807c0dacac58ede5f391a7530e299dc302d611ee73cb143fc22eaf93592e53e7b5bdb01b00a0b8d28dae460c141dd2ff83412e4dc1c31b16b25f33144a9e5620ea73b13f5bc1c59411d98439ad226e8af03840603796067d87afe130812cf3de24982d0e306f9e61e764e5\" aria-label=\"Lavras-TV&#8211;720x104px (1) (1)\"><img src=\"https:\/\/lavras.tv\/site\/wp-content\/uploads\/2025\/01\/Lavras-TV-720x104px-1-1.png\" alt=\"\"  srcset=\"https:\/\/lavras.tv\/site\/wp-content\/uploads\/2025\/01\/Lavras-TV-720x104px-1-1.png 720w, https:\/\/lavras.tv\/site\/wp-content\/uploads\/2025\/01\/Lavras-TV-720x104px-1-1-470x68.png 470w, https:\/\/lavras.tv\/site\/wp-content\/uploads\/2025\/01\/Lavras-TV-720x104px-1-1-170x25.png 170w, https:\/\/lavras.tv\/site\/wp-content\/uploads\/2025\/01\/Lavras-TV-720x104px-1-1-200x29.png 200w\" sizes=\"(max-width: 720px) 100vw, 720px\" width=\"720\" height=\"104\"  style=\"display: inline-block;\" \/><\/a><\/div><\/li><li><a href=\"https:\/\/sistemas.lavras.mg.gov.br\/portalcidadao\/#df1b1a7c7b2a290bcb31e32771e610784662739a88807c0dacac58ede5f391a7530e299dc302d611ee73cb143fc22eaf93592e53e7b5bdb01b00a0b8d28dae460c141dd2ff83412e4dc1c31b16b25f33144a9e5620ea73b13f5bc1c59411d98439ad226e8af03840603796067d87afe130812cf3de24982d0e306f9e61e764e5\" aria-label=\"Banner_Emprego_PortallavrasTV\"><img src=\"https:\/\/lavras.tv\/site\/wp-content\/uploads\/2025\/03\/Banner_Emprego_PortallavrasTV.png\" alt=\"\"  srcset=\"https:\/\/lavras.tv\/site\/wp-content\/uploads\/2025\/03\/Banner_Emprego_PortallavrasTV.png 720w, https:\/\/lavras.tv\/site\/wp-content\/uploads\/2025\/03\/Banner_Emprego_PortallavrasTV-470x68.png 470w, https:\/\/lavras.tv\/site\/wp-content\/uploads\/2025\/03\/Banner_Emprego_PortallavrasTV-170x25.png 170w, https:\/\/lavras.tv\/site\/wp-content\/uploads\/2025\/03\/Banner_Emprego_PortallavrasTV-200x29.png 200w\" sizes=\"(max-width: 720px) 100vw, 720px\" width=\"720\" height=\"104\"   \/><\/a><\/li><li><a href=\"https:\/\/sistemas.lavras.mg.gov.br\/portalcidadao\/#df1b1a7c7b2a290bcb31e32771e610784662739a88807c0dacac58ede5f391a7530e299dc302d611ee73cb143fc22eaf93592e53e7b5bdb01b00a0b8d28dae460c141dd2ff83412e4dc1c31b16b25f33144a9e5620ea73b13f5bc1c59411d98439ad226e8af03840603796067d87afe130812cf3de24982d0e306f9e61e764e5\" aria-label=\"Banner_Obras_PortallavrasTV\"><img src=\"https:\/\/lavras.tv\/site\/wp-content\/uploads\/2025\/03\/Banner_Obras_PortallavrasTV.png\" alt=\"\"  srcset=\"https:\/\/lavras.tv\/site\/wp-content\/uploads\/2025\/03\/Banner_Obras_PortallavrasTV.png 720w, https:\/\/lavras.tv\/site\/wp-content\/uploads\/2025\/03\/Banner_Obras_PortallavrasTV-470x68.png 470w, https:\/\/lavras.tv\/site\/wp-content\/uploads\/2025\/03\/Banner_Obras_PortallavrasTV-170x25.png 170w, https:\/\/lavras.tv\/site\/wp-content\/uploads\/2025\/03\/Banner_Obras_PortallavrasTV-200x29.png 200w\" sizes=\"(max-width: 720px) 100vw, 720px\" width=\"720\" height=\"104\"   \/><\/a><\/li><li><div style=\"margin-left: auto;margin-right: auto;text-align: center;\" id=\"lavra-3588930761\"><a href=\"https:\/\/sistemas.lavras.mg.gov.br\/portalcidadao\/#df1b1a7c7b2a290bcb31e32771e610784662739a88807c0dacac58ede5f391a7530e299dc302d611ee73cb143fc22eaf93592e53e7b5bdb01b00a0b8d28dae460c141dd2ff83412e4dc1c31b16b25f33144a9e5620ea73b13f5bc1c59411d98439ad226e8af03840603796067d87afe130812cf3de24982d0e306f9e61e764e5\" aria-label=\"Banner_Educa\u00e7\u00e3o_PortallavrasTV\"><img src=\"https:\/\/lavras.tv\/site\/wp-content\/uploads\/2025\/01\/Banner_Educacao_PortallavrasTV.png\" alt=\"\"  srcset=\"https:\/\/lavras.tv\/site\/wp-content\/uploads\/2025\/01\/Banner_Educacao_PortallavrasTV.png 720w, https:\/\/lavras.tv\/site\/wp-content\/uploads\/2025\/01\/Banner_Educacao_PortallavrasTV-470x68.png 470w, https:\/\/lavras.tv\/site\/wp-content\/uploads\/2025\/01\/Banner_Educacao_PortallavrasTV-170x25.png 170w, https:\/\/lavras.tv\/site\/wp-content\/uploads\/2025\/01\/Banner_Educacao_PortallavrasTV-200x29.png 200w\" sizes=\"(max-width: 720px) 100vw, 720px\" width=\"720\" height=\"104\"  style=\"display: inline-block;\" \/><\/a><\/div><\/li><li><a href=\"https:\/\/sistemas.lavras.mg.gov.br\/portalcidadao\/#df1b1a7c7b2a290bcb31e32771e610784662739a88807c0dacac58ede5f391a7530e299dc302d611ee73cb143fc22eaf93592e53e7b5bdb01b00a0b8d28dae460c141dd2ff83412e4dc1c31b16b25f33144a9e5620ea73b13f5bc1c59411d98439ad226e8af03840603796067d87afe130812cf3de24982d0e306f9e61e764e5\" aria-label=\"Banner_Sa\u00fade_PortallavrasTV\"><img src=\"https:\/\/lavras.tv\/site\/wp-content\/uploads\/2025\/03\/Banner_Saude_PortallavrasTV.png\" alt=\"\"  srcset=\"https:\/\/lavras.tv\/site\/wp-content\/uploads\/2025\/03\/Banner_Saude_PortallavrasTV.png 720w, https:\/\/lavras.tv\/site\/wp-content\/uploads\/2025\/03\/Banner_Saude_PortallavrasTV-470x68.png 470w, https:\/\/lavras.tv\/site\/wp-content\/uploads\/2025\/03\/Banner_Saude_PortallavrasTV-170x25.png 170w, https:\/\/lavras.tv\/site\/wp-content\/uploads\/2025\/03\/Banner_Saude_PortallavrasTV-200x29.png 200w\" sizes=\"(max-width: 720px) 100vw, 720px\" width=\"720\" height=\"104\"   \/><\/a><\/li><li><div id=\"lavra-53970849\" style=\"width:720px;height:104px;background-color:#ddd;overflow:scroll;\">\n\t<strong>Sa\u00edda da depura\u00e7\u00e3o de an\u00fancios<\/strong>\n\t<br><br>\n\tO an\u00fancio n\u00e3o \u00e9 exibido na p\u00e1gina<br><br>post atual: Atl\u00e9tico vai jogar em est\u00e1dio que est\u00e1 no top 10 das maiores altitudes do mundo, ID: 165339<br><br><span style=\"color: red;\">O post atual n\u00e3o \u00e9 id\u00eantico ao post principal.<\/span><br><br>An\u00fancios: ROXO - TOPO INTERNA - ROTATIVO 2 (197)<br \/>Grupo de an\u00fancios: Princ_Meio01_720x104 (27)<br><br>Condi\u00e7\u00f5es de exibi\u00e7\u00e3o<div style=\"margin-bottom: 20px; white-space: pre-wrap; font-family: monospace; width: 100%; background: #ffe9e9;\"><strong>condi\u00e7\u00f5es gerais<\/strong><table border=\"1\"><thead><tr><th><\/th><th>An\u00fancios<\/th><th>wp_the_query<\/th><\/tr><\/thead><tr><td>is_main_query<\/td><td>1<\/td><td>1<\/td><\/tr><tr><td>is_rest_api<\/td><td>0<\/td><td>1<\/td><\/tr><tr><td>page<\/td><td>0<\/td><td>1<\/td><\/tr><tr><td>numpages<\/td><td>0<\/td><td>1<\/td><\/tr><tr><td>is_archive<\/td><td>1<\/td><td><\/td><\/tr><tr><td>is_search<\/td><td>1<\/td><td><\/td><\/tr><tr><td>is_home<\/td><td>1<\/td><td><\/td><\/tr><tr><td>is_404<\/td><td>1<\/td><td><\/td><\/tr><tr><td>is_attachment<\/td><td>1<\/td><td><\/td><\/tr><tr><td>is_singular<\/td><td>1<\/td><td><\/td><\/tr><tr><td>is_front_page<\/td><td>1<\/td><td><\/td><\/tr><tr><td>is_feed<\/td><td>1<\/td><td><\/td><\/tr><\/table><\/div><br><br><span style=\"color: red;\">Seu site usa HTTPS, mas o c\u00f3digo do an\u00fancio cont\u00e9m HTTP e pode n\u00e3o funcionar.<\/span>\t<br><br>\n\t<a style=\"color: green;\" href=\"https:\/\/wpadvancedads.com\/manual\/ad-debug-mode\/?utm_source=advanced-ads&utm_medium=link&utm_campaign=ad-debug-mode\" target=\"_blank\" rel=\"nofollow\">Encontre solu\u00e7\u00f5es no manual<\/a>\n<\/div>\n<\/li><\/ul><\/div><script>( window.advanced_ads_ready || jQuery( document ).ready ).call( null, function() {var $lavraslider1838197095 = jQuery( \".lavra-slider-1838197095\" );$lavraslider1838197095.on( \"unslider.ready\", function() { jQuery( \"div.custom-slider ul li\" ).css( \"display\", \"block\" ); });$lavraslider1838197095.unslider({ delay:4000, autoplay:true, nav:false, arrows:false, infinite:true });$lavraslider1838197095.on(\"mouseover\", function() {$lavraslider1838197095.unslider(\"stop\");}).on(\"mouseout\", function() {$lavraslider1838197095.unslider(\"start\");});});<\/script><\/div>\n<p>Galo estreia na Copa Sul-Americana nesta ter\u00e7a-feira, \u00e0s 21h30, diante do Cienciano, que joga em Cusco, no Peru<\/p>\n\n\n\n<figure class=\"wp-block-image size-full\"><img fetchpriority=\"high\" decoding=\"async\" width=\"900\" height=\"506\" src=\"https:\/\/lavras.tv\/site\/wp-content\/uploads\/2025\/03\/estadio-cienciano-900x506-1.jpg\" alt=\"\" class=\"wp-image-165340\" srcset=\"https:\/\/lavras.tv\/site\/wp-content\/uploads\/2025\/03\/estadio-cienciano-900x506-1.jpg 900w, https:\/\/lavras.tv\/site\/wp-content\/uploads\/2025\/03\/estadio-cienciano-900x506-1-470x264.jpg 470w, https:\/\/lavras.tv\/site\/wp-content\/uploads\/2025\/03\/estadio-cienciano-900x506-1-170x96.jpg 170w, https:\/\/lavras.tv\/site\/wp-content\/uploads\/2025\/03\/estadio-cienciano-900x506-1-200x112.jpg 200w\" sizes=\"(max-width: 900px) 100vw, 900px\" \/><\/figure>\n\n\n\n<p>O Atl\u00e9tico ter\u00e1 pela frente um advers\u00e1rio \u201cextracampo\u201d: a altitude de&nbsp;Cusco, no Peru, local em que enfrentar\u00e1 o Cienciano nesta ter\u00e7a-feira (1\u00ba\/4), \u00e0s 21h30, pela primeira rodada do Grupo H da Copa Sul-Americana. Palco da partida, o Est\u00e1dio Inca Garcilaso de la Vega est\u00e1 entre os 10 com maior altura em rela\u00e7\u00e3o ao n\u00edvel do mar no futebol mundial.<\/p>\n\n\n\n<p>O Inca Garcilaso foi inaugurado em 1950 e reformado em 2004 devido \u00e0 disputa da Copa Am\u00e9rica. Naquele ano, passou a ter capacidade para receber 42 mil torcedores, quase o dobro do que antes, quando tinha 22 mil lugares. Al\u00e9m do Cienciano, jogam como mandantes no local o Deportivo Garcilaso e o Cusco FC.&nbsp;<\/p>\n\n\n\n<p>O est\u00e1dio fica a 3.350 metros de altitude. Com isso, \u00e9 o oitavo no mundo com menor press\u00e3o atmosf\u00e9rica.&nbsp;<\/p>\n\n\n\n<p>Outros dois est\u00e1dios da lista ficam no Peru, quatro na Bol\u00edvia e um no Equador. Os dois \u00fanicos fora da Am\u00e9rica do Sul est\u00e3o localizados na China e na \u00c1frica. O l\u00edder no ranking \u00e9 o Daniel Alcides Carri\u00f3n, com 4.378 metros em Cerro de Pasco-PER.<\/p>\n\n\n\n<p>A altitude pode gerar diferentes consequ\u00eancias aos atletas que n\u00e3o est\u00e3o acostumados ao ambiente. Com menor oxigena\u00e7\u00e3o do sangue, h\u00e1 possibilidade de o cora\u00e7\u00e3o bater mais rapidamente, al\u00e9m de uma respira\u00e7\u00e3o ofegante. Neste cen\u00e1rio, os jogadores ficam tontos e com racioc\u00ednio debilitado.<\/p>\n\n\n\n<h2 class=\"wp-block-heading\" id=\"h-vantagem-para-o-cienciano\"><strong>Vantagem para o Cienciano?<\/strong><\/h2>\n\n\n\n<p>O Cienciano ostenta bons n\u00fameros quando joga em casa por torneios continentais. S\u00e3o 28 jogos, com 18 vit\u00f3rias, dois empates e apenas oito derrotas.<\/p>\n\n\n\n<p>No entanto, a equipe n\u00e3o vive um bom momento em 2025 e tem s\u00f3 uma vit\u00f3ria em seis jogos. O time peruano tamb\u00e9m empatou tr\u00eas vezes e perdeu outras duas.<\/p>\n\n\n\n<p>De toda forma, o Atl\u00e9tico ter\u00e1 mais de 48 horas para se habituar \u00e0 altitude. A delega\u00e7\u00e3o alvinegra chegou ao Peru nesse domingo (30\/3) ap\u00f3s seguir viagem diretamente de Porto Alegre,&nbsp;<a href=\"https:\/\/noataque.com.br\/futebol\/brasileirao-serie-a\/time\/atletico-mg\/noticia\/2025\/03\/29\/atletico-falha-na-frente-e-gremio-vence-em-noite-de-volpi-no-brasileiro\/\">onde o Galo perdeu por 2 a 1 para o Gr\u00eamio<\/a>&nbsp;na Arena do Gr\u00eamio, pela primeira rodada do Campeonato Brasileiro.<\/p>\n\n\n\n<p>A \u00faltima vez em que o time mineiro atuou no Peru foi em 2023. Na oportunidade, venceu o Alianza Lima por 1 a 0, com gol do atacante Hulk no Est\u00e1dio Alejandro Villanueva, em Lima, pela quinta rodada do Grupo G da Copa Libertadores.<\/p>\n\n\n\n<h2 class=\"wp-block-heading\" id=\"h-os-estadios-em-maiores-altitudes-do-mundo\"><strong>Os est\u00e1dios em maiores altitudes do mundo<\/strong><\/h2>\n\n\n\n<ol class=\"wp-block-list\">\n<li>Daniel Alcides Carri\u00f3n (Cerro de Pasco-PER): 4.378 metros<\/li>\n\n\n\n<li>Municipal de El Alto (El Alto-BOL): 4.090 metros<\/li>\n\n\n\n<li>V\u00edctor Agust\u00edn Ugarte (Potos\u00ed-BOL): 3.967 metros<\/li>\n\n\n\n<li>Guillermo Brice\u00f1o Rosamendina (Juliaca-PER): 3.825 metros<\/li>\n\n\n\n<li>Jes\u00fas Berm\u00fadez (Oruro-BOL): 3.735 metros<\/li>\n\n\n\n<li>Lhasa Cultural Sports Center (Deyang-CHI): 3.658 metros<\/li>\n\n\n\n<li>Hernando Siles (La Paz-BOL): 3.637 metros<\/li>\n\n\n\n<li><strong>Inca Garcilaso de la Vega (Cusco-PER): 3.350 metros<\/strong><\/li>\n\n\n\n<li>Huancayo (Huancayo-PER): 3.250 metros<\/li>\n\n\n\n<li>Zerayakob (Debre Berhan-Eti\u00f3pia) e Casa Branca (Quito-EQU): 2.850 metros<\/li>\n<\/ol>\n","protected":false},"excerpt":{"rendered":"<p>Galo estreia na Copa Sul-Americana nesta ter\u00e7a-feira, \u00e0s 21h30, diante do Cienciano, que joga em Cusco, no Peru O Atl\u00e9tico ter\u00e1 pela frente um advers\u00e1rio \u201cextracampo\u201d: a altitude de&nbsp;Cusco, no Peru, local em que enfrentar\u00e1 o Cienciano nesta ter\u00e7a-feira (1\u00ba\/4), \u00e0s 21h30, pela primeira rodada do Grupo H da Copa Sul-Americana. Palco da partida, o [&hellip;]<\/p>\n","protected":false},"author":5,"featured_media":165340,"comment_status":"closed","ping_status":"open","sticky":false,"template":"","format":"standard","meta":{"advgb_blocks_editor_width":"","advgb_blocks_columns_visual_guide":"","_exactmetrics_skip_tracking":false,"_exactmetrics_sitenote_active":false,"_exactmetrics_sitenote_note":"","_exactmetrics_sitenote_category":0,"footnotes":""},"categories":[7,3,2],"tags":[],"class_list":["post-165339","post","type-post","status-publish","format-standard","has-post-thumbnail","hentry","category-destaques","category-esportes","category-noticias"],"better_featured_image":{"id":165340,"alt_text":"","caption":"","description":"","media_type":"image","media_details":{"width":900,"height":506,"file":"2025\/03\/estadio-cienciano-900x506-1.jpg","filesize":125204,"sizes":{"medium":{"file":"estadio-cienciano-900x506-1-470x264.jpg","width":470,"height":264,"mime-type":"image\/jpeg","filesize":37621,"source_url":"https:\/\/lavras.tv\/site\/wp-content\/uploads\/2025\/03\/estadio-cienciano-900x506-1-470x264.jpg"},"thumbnail":{"file":"estadio-cienciano-900x506-1-170x96.jpg","width":170,"height":96,"mime-type":"image\/jpeg","filesize":6665,"source_url":"https:\/\/lavras.tv\/site\/wp-content\/uploads\/2025\/03\/estadio-cienciano-900x506-1-170x96.jpg"},"lshowcase-thumb":{"file":"estadio-cienciano-900x506-1-200x112.jpg","width":200,"height":112,"mime-type":"image\/jpeg","filesize":8594,"source_url":"https:\/\/lavras.tv\/site\/wp-content\/uploads\/2025\/03\/estadio-cienciano-900x506-1-200x112.jpg"},"alm-thumbnail":{"file":"estadio-cienciano-900x506-1-150x150.jpg","width":150,"height":150,"mime-type":"image\/jpeg","filesize":8842,"source_url":"https:\/\/lavras.tv\/site\/wp-content\/uploads\/2025\/03\/estadio-cienciano-900x506-1-150x150.jpg"}},"image_meta":{"aperture":"0","credit":"","camera":"","caption":"","created_timestamp":"0","copyright":"","focal_length":"0","iso":"0","shutter_speed":"0","title":"","orientation":"0","keywords":[]}},"post":165339,"source_url":"https:\/\/lavras.tv\/site\/wp-content\/uploads\/2025\/03\/estadio-cienciano-900x506-1.jpg"},"author_meta":{"display_name":"Vinicius Bustamante","author_link":"https:\/\/lavras.tv\/site\/author\/vinicius-bustamante\/"},"featured_img":"https:\/\/lavras.tv\/site\/wp-content\/uploads\/2025\/03\/estadio-cienciano-900x506-1-470x264.jpg","coauthors":[],"tax_additional":{"categories":{"linked":["<a href=\"https:\/\/lavras.tv\/site\/category\/destaques\/\" class=\"advgb-post-tax-term\">Destaques<\/a>","<a href=\"https:\/\/lavras.tv\/site\/category\/esportes\/\" class=\"advgb-post-tax-term\">Esportes<\/a>","<a href=\"https:\/\/lavras.tv\/site\/category\/noticias\/\" class=\"advgb-post-tax-term\">Not\u00edcias<\/a>"],"unlinked":["<span class=\"advgb-post-tax-term\">Destaques<\/span>","<span class=\"advgb-post-tax-term\">Esportes<\/span>","<span class=\"advgb-post-tax-term\">Not\u00edcias<\/span>"]}},"comment_count":"0","relative_dates":{"created":"Publicado 1 ano atr\u00e1s","modified":"Atualizado 1 ano atr\u00e1s"},"absolute_dates":{"created":"Publicado em 31 de mar\u00e7o de 2025","modified":"Atualizado em 31 de mar\u00e7o de 2025"},"absolute_dates_time":{"created":"Publicado em 31 de mar\u00e7o de 2025 15:40","modified":"Atualizado em 31 de mar\u00e7o de 2025 15:40"},"featured_img_caption":"","series_order":"","_links":{"self":[{"href":"https:\/\/lavras.tv\/site\/wp-json\/wp\/v2\/posts\/165339","targetHints":{"allow":["GET"]}}],"collection":[{"href":"https:\/\/lavras.tv\/site\/wp-json\/wp\/v2\/posts"}],"about":[{"href":"https:\/\/lavras.tv\/site\/wp-json\/wp\/v2\/types\/post"}],"author":[{"embeddable":true,"href":"https:\/\/lavras.tv\/site\/wp-json\/wp\/v2\/users\/5"}],"replies":[{"embeddable":true,"href":"https:\/\/lavras.tv\/site\/wp-json\/wp\/v2\/comments?post=165339"}],"version-history":[{"count":1,"href":"https:\/\/lavras.tv\/site\/wp-json\/wp\/v2\/posts\/165339\/revisions"}],"predecessor-version":[{"id":165341,"href":"https:\/\/lavras.tv\/site\/wp-json\/wp\/v2\/posts\/165339\/revisions\/165341"}],"wp:featuredmedia":[{"embeddable":true,"href":"https:\/\/lavras.tv\/site\/wp-json\/wp\/v2\/media\/165340"}],"wp:attachment":[{"href":"https:\/\/lavras.tv\/site\/wp-json\/wp\/v2\/media?parent=165339"}],"wp:term":[{"taxonomy":"category","embeddable":true,"href":"https:\/\/lavras.tv\/site\/wp-json\/wp\/v2\/categories?post=165339"},{"taxonomy":"post_tag","embeddable":true,"href":"https:\/\/lavras.tv\/site\/wp-json\/wp\/v2\/tags?post=165339"}],"curies":[{"name":"wp","href":"https:\/\/api.w.org\/{rel}","templated":true}]}}