{"id":165342,"date":"2025-03-31T15:45:30","date_gmt":"2025-03-31T18:45:30","guid":{"rendered":"https:\/\/lavras.tv\/site\/?p=165342"},"modified":"2025-03-31T15:45:31","modified_gmt":"2025-03-31T18:45:31","slug":"cruzeiro-vai-priorizar-a-sul-americana-jardim-responde-e-reitera-estrategia","status":"publish","type":"post","link":"https:\/\/lavras.tv\/site\/2025\/03\/31\/cruzeiro-vai-priorizar-a-sul-americana-jardim-responde-e-reitera-estrategia\/","title":{"rendered":"Cruzeiro vai priorizar a Sul-Americana? Jardim responde e reitera estrat\u00e9gia"},"content":{"rendered":"<div class=\"lavra-antes-do-conteudo_2\" id=\"lavra-1725916050\"><div id=\"lavra-slider-27\" class=\"custom-slider lavra-slider-2537978280 lavra-slider\"><ul><li><div style=\"margin-left: auto;margin-right: auto;text-align: center;\" id=\"lavra-535350482\"><a href=\"https:\/\/sistemas.lavras.mg.gov.br\/portalcidadao\/#df1b1a7c7b2a290bcb31e32771e610784662739a88807c0dacac58ede5f391a7530e299dc302d611ee73cb143fc22eaf93592e53e7b5bdb01b00a0b8d28dae460c141dd2ff83412e4dc1c31b16b25f33144a9e5620ea73b13f5bc1c59411d98439ad226e8af03840603796067d87afe130812cf3de24982d0e306f9e61e764e5\" aria-label=\"Lavras-TV&#8211;720x104px (1) (1)\"><img src=\"https:\/\/lavras.tv\/site\/wp-content\/uploads\/2025\/01\/Lavras-TV-720x104px-1-1.png\" alt=\"\"  srcset=\"https:\/\/lavras.tv\/site\/wp-content\/uploads\/2025\/01\/Lavras-TV-720x104px-1-1.png 720w, https:\/\/lavras.tv\/site\/wp-content\/uploads\/2025\/01\/Lavras-TV-720x104px-1-1-470x68.png 470w, https:\/\/lavras.tv\/site\/wp-content\/uploads\/2025\/01\/Lavras-TV-720x104px-1-1-170x25.png 170w, https:\/\/lavras.tv\/site\/wp-content\/uploads\/2025\/01\/Lavras-TV-720x104px-1-1-200x29.png 200w\" sizes=\"(max-width: 720px) 100vw, 720px\" width=\"720\" height=\"104\"  style=\"display: inline-block;\" \/><\/a><\/div><\/li><li><a href=\"https:\/\/sistemas.lavras.mg.gov.br\/portalcidadao\/#df1b1a7c7b2a290bcb31e32771e610784662739a88807c0dacac58ede5f391a7530e299dc302d611ee73cb143fc22eaf93592e53e7b5bdb01b00a0b8d28dae460c141dd2ff83412e4dc1c31b16b25f33144a9e5620ea73b13f5bc1c59411d98439ad226e8af03840603796067d87afe130812cf3de24982d0e306f9e61e764e5\" aria-label=\"Banner_Emprego_PortallavrasTV\"><img src=\"https:\/\/lavras.tv\/site\/wp-content\/uploads\/2025\/03\/Banner_Emprego_PortallavrasTV.png\" alt=\"\"  srcset=\"https:\/\/lavras.tv\/site\/wp-content\/uploads\/2025\/03\/Banner_Emprego_PortallavrasTV.png 720w, https:\/\/lavras.tv\/site\/wp-content\/uploads\/2025\/03\/Banner_Emprego_PortallavrasTV-470x68.png 470w, https:\/\/lavras.tv\/site\/wp-content\/uploads\/2025\/03\/Banner_Emprego_PortallavrasTV-170x25.png 170w, https:\/\/lavras.tv\/site\/wp-content\/uploads\/2025\/03\/Banner_Emprego_PortallavrasTV-200x29.png 200w\" sizes=\"(max-width: 720px) 100vw, 720px\" width=\"720\" height=\"104\"   \/><\/a><\/li><li><a href=\"https:\/\/sistemas.lavras.mg.gov.br\/portalcidadao\/#df1b1a7c7b2a290bcb31e32771e610784662739a88807c0dacac58ede5f391a7530e299dc302d611ee73cb143fc22eaf93592e53e7b5bdb01b00a0b8d28dae460c141dd2ff83412e4dc1c31b16b25f33144a9e5620ea73b13f5bc1c59411d98439ad226e8af03840603796067d87afe130812cf3de24982d0e306f9e61e764e5\" aria-label=\"Banner_Obras_PortallavrasTV\"><img src=\"https:\/\/lavras.tv\/site\/wp-content\/uploads\/2025\/03\/Banner_Obras_PortallavrasTV.png\" alt=\"\"  srcset=\"https:\/\/lavras.tv\/site\/wp-content\/uploads\/2025\/03\/Banner_Obras_PortallavrasTV.png 720w, https:\/\/lavras.tv\/site\/wp-content\/uploads\/2025\/03\/Banner_Obras_PortallavrasTV-470x68.png 470w, https:\/\/lavras.tv\/site\/wp-content\/uploads\/2025\/03\/Banner_Obras_PortallavrasTV-170x25.png 170w, https:\/\/lavras.tv\/site\/wp-content\/uploads\/2025\/03\/Banner_Obras_PortallavrasTV-200x29.png 200w\" sizes=\"(max-width: 720px) 100vw, 720px\" width=\"720\" height=\"104\"   \/><\/a><\/li><li><div style=\"margin-left: auto;margin-right: auto;text-align: center;\" id=\"lavra-3565811974\"><a href=\"https:\/\/sistemas.lavras.mg.gov.br\/portalcidadao\/#df1b1a7c7b2a290bcb31e32771e610784662739a88807c0dacac58ede5f391a7530e299dc302d611ee73cb143fc22eaf93592e53e7b5bdb01b00a0b8d28dae460c141dd2ff83412e4dc1c31b16b25f33144a9e5620ea73b13f5bc1c59411d98439ad226e8af03840603796067d87afe130812cf3de24982d0e306f9e61e764e5\" aria-label=\"Banner_Educa\u00e7\u00e3o_PortallavrasTV\"><img src=\"https:\/\/lavras.tv\/site\/wp-content\/uploads\/2025\/01\/Banner_Educacao_PortallavrasTV.png\" alt=\"\"  srcset=\"https:\/\/lavras.tv\/site\/wp-content\/uploads\/2025\/01\/Banner_Educacao_PortallavrasTV.png 720w, https:\/\/lavras.tv\/site\/wp-content\/uploads\/2025\/01\/Banner_Educacao_PortallavrasTV-470x68.png 470w, https:\/\/lavras.tv\/site\/wp-content\/uploads\/2025\/01\/Banner_Educacao_PortallavrasTV-170x25.png 170w, https:\/\/lavras.tv\/site\/wp-content\/uploads\/2025\/01\/Banner_Educacao_PortallavrasTV-200x29.png 200w\" sizes=\"(max-width: 720px) 100vw, 720px\" width=\"720\" height=\"104\"  style=\"display: inline-block;\" \/><\/a><\/div><\/li><li><a href=\"https:\/\/sistemas.lavras.mg.gov.br\/portalcidadao\/#df1b1a7c7b2a290bcb31e32771e610784662739a88807c0dacac58ede5f391a7530e299dc302d611ee73cb143fc22eaf93592e53e7b5bdb01b00a0b8d28dae460c141dd2ff83412e4dc1c31b16b25f33144a9e5620ea73b13f5bc1c59411d98439ad226e8af03840603796067d87afe130812cf3de24982d0e306f9e61e764e5\" aria-label=\"Banner_Sa\u00fade_PortallavrasTV\"><img src=\"https:\/\/lavras.tv\/site\/wp-content\/uploads\/2025\/03\/Banner_Saude_PortallavrasTV.png\" alt=\"\"  srcset=\"https:\/\/lavras.tv\/site\/wp-content\/uploads\/2025\/03\/Banner_Saude_PortallavrasTV.png 720w, https:\/\/lavras.tv\/site\/wp-content\/uploads\/2025\/03\/Banner_Saude_PortallavrasTV-470x68.png 470w, https:\/\/lavras.tv\/site\/wp-content\/uploads\/2025\/03\/Banner_Saude_PortallavrasTV-170x25.png 170w, https:\/\/lavras.tv\/site\/wp-content\/uploads\/2025\/03\/Banner_Saude_PortallavrasTV-200x29.png 200w\" sizes=\"(max-width: 720px) 100vw, 720px\" width=\"720\" height=\"104\"   \/><\/a><\/li><li><div id=\"lavra-2326970102\" style=\"width:720px;height:104px;background-color:#ddd;overflow:scroll;\">\n\t<strong>Sa\u00edda da depura\u00e7\u00e3o de an\u00fancios<\/strong>\n\t<br><br>\n\tO an\u00fancio n\u00e3o \u00e9 exibido na p\u00e1gina<br><br>post atual: Cruzeiro vai priorizar a Sul-Americana? Jardim responde e reitera estrat\u00e9gia, ID: 165342<br><br><span style=\"color: red;\">O post atual n\u00e3o \u00e9 id\u00eantico ao post principal.<\/span><br><br>An\u00fancios: ROXO - TOPO INTERNA - ROTATIVO 2 (197)<br \/>Grupo de an\u00fancios: Princ_Meio01_720x104 (27)<br><br>Condi\u00e7\u00f5es de exibi\u00e7\u00e3o<div style=\"margin-bottom: 20px; white-space: pre-wrap; font-family: monospace; width: 100%; background: #ffe9e9;\"><strong>condi\u00e7\u00f5es gerais<\/strong><table border=\"1\"><thead><tr><th><\/th><th>An\u00fancios<\/th><th>wp_the_query<\/th><\/tr><\/thead><tr><td>is_main_query<\/td><td>1<\/td><td>1<\/td><\/tr><tr><td>is_rest_api<\/td><td>0<\/td><td>1<\/td><\/tr><tr><td>page<\/td><td>0<\/td><td>1<\/td><\/tr><tr><td>numpages<\/td><td>0<\/td><td>1<\/td><\/tr><tr><td>is_archive<\/td><td>1<\/td><td><\/td><\/tr><tr><td>is_search<\/td><td>1<\/td><td><\/td><\/tr><tr><td>is_home<\/td><td>1<\/td><td><\/td><\/tr><tr><td>is_404<\/td><td>1<\/td><td><\/td><\/tr><tr><td>is_attachment<\/td><td>1<\/td><td><\/td><\/tr><tr><td>is_singular<\/td><td>1<\/td><td><\/td><\/tr><tr><td>is_front_page<\/td><td>1<\/td><td><\/td><\/tr><tr><td>is_feed<\/td><td>1<\/td><td><\/td><\/tr><\/table><\/div><br><br><span style=\"color: red;\">Seu site usa HTTPS, mas o c\u00f3digo do an\u00fancio cont\u00e9m HTTP e pode n\u00e3o funcionar.<\/span>\t<br><br>\n\t<a style=\"color: green;\" href=\"https:\/\/wpadvancedads.com\/manual\/ad-debug-mode\/?utm_source=advanced-ads&utm_medium=link&utm_campaign=ad-debug-mode\" target=\"_blank\" rel=\"nofollow\">Encontre solu\u00e7\u00f5es no manual<\/a>\n<\/div>\n<\/li><\/ul><\/div><script>( window.advanced_ads_ready || jQuery( document ).ready ).call( null, function() {var $lavraslider2537978280 = jQuery( \".lavra-slider-2537978280\" );$lavraslider2537978280.on( \"unslider.ready\", function() { jQuery( \"div.custom-slider ul li\" ).css( \"display\", \"block\" ); });$lavraslider2537978280.unslider({ delay:4000, autoplay:true, nav:false, arrows:false, infinite:true });$lavraslider2537978280.on(\"mouseover\", function() {$lavraslider2537978280.unslider(\"stop\");}).on(\"mouseout\", function() {$lavraslider2537978280.unslider(\"start\");});});<\/script><\/div>\n<p>Raposa estreia no torneio continental nesta ter\u00e7a-feira (1\u00ba\/4), \u00e0s 19h, contra o Uni\u00f3n de Santa Fe, no Est\u00e1dio 15 de Abril, em Santa Fe de la Vera Cruz, na Argentina<\/p>\n\n\n\n<figure class=\"wp-block-image size-full\"><img fetchpriority=\"high\" decoding=\"async\" width=\"900\" height=\"506\" src=\"https:\/\/lavras.tv\/site\/wp-content\/uploads\/2025\/03\/cruzeiro-leonardojardim-sulamericana-futebolmineiro-futebolnacional-900x506-1.jpg\" alt=\"\" class=\"wp-image-165343\" srcset=\"https:\/\/lavras.tv\/site\/wp-content\/uploads\/2025\/03\/cruzeiro-leonardojardim-sulamericana-futebolmineiro-futebolnacional-900x506-1.jpg 900w, https:\/\/lavras.tv\/site\/wp-content\/uploads\/2025\/03\/cruzeiro-leonardojardim-sulamericana-futebolmineiro-futebolnacional-900x506-1-470x264.jpg 470w, https:\/\/lavras.tv\/site\/wp-content\/uploads\/2025\/03\/cruzeiro-leonardojardim-sulamericana-futebolmineiro-futebolnacional-900x506-1-170x96.jpg 170w, https:\/\/lavras.tv\/site\/wp-content\/uploads\/2025\/03\/cruzeiro-leonardojardim-sulamericana-futebolmineiro-futebolnacional-900x506-1-200x112.jpg 200w\" sizes=\"(max-width: 900px) 100vw, 900px\" \/><\/figure>\n\n\n\n<p>O Cruzeiro j\u00e1 est\u00e1 em solo argentino para estrear na&nbsp;<a href=\"https:\/\/noataque.com.br\/futebol\/time\/cruzeiro\/noticia\/2025\/03\/30\/sul-americana-saiba-como-comprar-ingresso-para-estreia-do-cruzeiro-na-argentina\/\"><strong>Copa Sul-Americana<\/strong><\/a>&nbsp;\u2013 o confronto com o Uni\u00f3n de Santa Fe est\u00e1 marcado para esta ter\u00e7a-feira (1\u00ba\/4), \u00e0s 19h, no Est\u00e1dio 15 de Abril, em Santa Fe de la Vera Cruz, pela primeira rodada do Grupo E. Diante da tantos compromissos que envolvem a sequ\u00eancia da temporada, a pergunta que fica \u00e9: a Raposa vai priorizar o torneio continental? T\u00e9cnico celeste,&nbsp;<a href=\"https:\/\/noataque.com.br\/futebol\/brasileirao-serie-a\/time\/cruzeiro\/noticia\/2025\/03\/30\/jardim-abre-o-jogo-sobre-situacao-de-marlon-no-cruzeiro-nao-e-reserva\/\"><strong>Leonardo Jardim<\/strong><\/a>&nbsp;respondeu \u00e0 quest\u00e3o e reiterou a estrat\u00e9gia adotada pela comiss\u00e3o t\u00e9cnica para manter o alto n\u00edvel do time.<\/p>\n\n\n\n<p>Como determinado por Leonardo Jardim,&nbsp;<strong>n\u00e3o h\u00e1 campeonato mais importante<\/strong>&nbsp;ou desejado. Ap\u00f3s a vit\u00f3ria por 2 a 1 sobre o Mirassol, nesse s\u00e1bado (29\/3), pela primeira rodada do Campeonato Brasileiro, ele justificou: \u201cCada competi\u00e7\u00e3o \u00e9 uma competi\u00e7\u00e3o, um momento diferente. Mas, para n\u00f3s, nesta fase, o pr\u00f3ximo jogo ser\u00e1 sempre o mais importante\u201d.<\/p>\n\n\n\n<p>O plano da comiss\u00e3o j\u00e1 havia sido detalhado anteriormente: adotar o sistema de rod\u00edzio. \u201cEm termos de elenco, com certeza vamos ter que trocar algumas pe\u00e7as porque queremos o pessoal fresco, a correr. Se durante um jogo trocamos para mant\u00ea-los frescos, durante competi\u00e7\u00f5es diferentes temos que trocar pe\u00e7as e acionar outras do banco. Esta sempre ser\u00e1 a ideia. Esque\u00e7am aqueles 11 que v\u00e3o jogar e resolver tudo\u201d, argumentou.<\/p>\n\n\n\n<p>O treinador j\u00e1 deixou claro que n\u00e3o gosta de classificar os jogadores como titulares ou reservas. Para ele, futebol \u00e9 conjunto. E ter pe\u00e7as \u00e9 \u2018solu\u00e7\u00e3o\u2019, n\u00e3o problema.<\/p>\n\n\n\n<p>\u201cO futebol hoje em dia\u2026 n\u00e3o \u00e9 f\u00e1cil ter 11 para resolver todos os assuntos. N\u00f3s temos que ter um elenco e que todos trabalhem para jogar. \u00c9 o que eu digo aos meus jogadores. Se tiver aqui algum jogador que quer ser s\u00f3 reserva, pe\u00e7a ao presidente para sair. Para ser reserva n\u00e3o \u00e9 necess\u00e1rio. Eu quero jogadores que queiram jogar, que queiram conquistar o espa\u00e7o quando jogam, de forma competente\u201d, prosseguiu.<\/p>\n\n\n\n<p>O treinador aproveitou o tema para descontrair: \u201cPara ter reserva, eu pegava voc\u00ea, voc\u00ea, voc\u00ea e a gente ia para l\u00e1. Tranquilos, fic\u00e1vamos sempre de fora, sem press\u00e3o (risos). Queremos \u00e9 pessoal que queira jogar. Eu quero que os atacantes lutem pela posi\u00e7\u00e3o, que os meias lutem pela posi\u00e7\u00e3o e, depois, n\u00f3s fazemos esta gest\u00e3o\u201d.<\/p>\n\n\n\n<h2 class=\"wp-block-heading\" id=\"h-metas-esportivas-do-cruzeiro\">Metas esportivas do Cruzeiro<\/h2>\n\n\n\n<p>Recentemente, Leonardo Jardim detalhou que os principais objetivos s\u00e3o conquistar vaga na Copa Libertadores de 2026 e avan\u00e7ar ao mata-mata da Sul-Americana \u2013 vencer o torneio tamb\u00e9m leva a equipe a disputar a principal competi\u00e7\u00e3o continental no pr\u00f3ximo ano.<\/p>\n\n\n\n<p>Segundo o treinador, gan\u00e2ncia n\u00e3o faltar\u00e1: \u201cEm termos de Sul-Americana, queremos qualifica\u00e7\u00e3o. No Brasileiro, queremos entrar na Libertadores, \u00e9 o nosso primeiro objetivo. Dentro de campo, temos que provar se queremos e podemos ser campe\u00f5es. Em termos de ambi\u00e7\u00e3o e objetivo, para essa \u00e9poca, o que est\u00e1 definido, \u00e9 entrar na Libertadores. Do nosso lado, n\u00e3o vai faltar ambi\u00e7\u00e3o. No futebol, n\u00e3o existe isso. Mas tem que ser dentro de campo\u201d.<\/p>\n\n\n\n<h2 class=\"wp-block-heading\" id=\"h-desfalque-na-sul-americana\">Desfalque na Sul-Americana<\/h2>\n\n\n\n<p>Leonardo Jardim n\u00e3o poder\u00e1 contar com&nbsp;<a href=\"https:\/\/noataque.com.br\/futebol\/copa-sul-americana\/time\/cruzeiro\/noticia\/2025\/03\/30\/matheus-pereira-desfalca-cruzeiro-em-estreia-na-sul-americana\/\"><strong>Matheus Pereira<\/strong><\/a>&nbsp;na estreia pela Copa Sul-Americana. O meio-campista n\u00e3o viajou com o grupo para o duelo contra o Uni\u00f3n de Santa Fe, nesta ter\u00e7a-feira (1\u00ba\/4), \u00e0s 19h, no Est\u00e1dio 15 de Abril, em Santa Fe de la Vera Cruz, pela primeira rodada do Grupo E.<\/p>\n\n\n\n<p>O motivo \u00e9 conhecido. Matheus Pereira&nbsp;<strong>aguarda o primeiro filho<\/strong>, fruto do relacionamento com Thalyta Lima. A mulher do camisa 10 est\u00e1 na fase final da gesta\u00e7\u00e3o, e Theo pode chegar a qualquer momento. O meia faz quest\u00e3o de acompanhar o nascimento do nen\u00e9m, e o Cruzeiro, assim como o treinador,&nbsp;entende que a quest\u00e3o \u00e9 nobre.<\/p>\n","protected":false},"excerpt":{"rendered":"<p>Raposa estreia no torneio continental nesta ter\u00e7a-feira (1\u00ba\/4), \u00e0s 19h, contra o Uni\u00f3n de Santa Fe, no Est\u00e1dio 15 de Abril, em Santa Fe de la Vera Cruz, na Argentina O Cruzeiro j\u00e1 est\u00e1 em solo argentino para estrear na&nbsp;Copa Sul-Americana&nbsp;\u2013 o confronto com o Uni\u00f3n de Santa Fe est\u00e1 marcado para esta ter\u00e7a-feira (1\u00ba\/4), [&hellip;]<\/p>\n","protected":false},"author":5,"featured_media":165343,"comment_status":"closed","ping_status":"open","sticky":false,"template":"","format":"standard","meta":{"advgb_blocks_editor_width":"","advgb_blocks_columns_visual_guide":"","_exactmetrics_skip_tracking":false,"_exactmetrics_sitenote_active":false,"_exactmetrics_sitenote_note":"","_exactmetrics_sitenote_category":0,"footnotes":""},"categories":[7,3,2],"tags":[],"class_list":["post-165342","post","type-post","status-publish","format-standard","has-post-thumbnail","hentry","category-destaques","category-esportes","category-noticias"],"better_featured_image":{"id":165343,"alt_text":"","caption":"","description":"","media_type":"image","media_details":{"width":900,"height":506,"file":"2025\/03\/cruzeiro-leonardojardim-sulamericana-futebolmineiro-futebolnacional-900x506-1.jpg","filesize":73847,"sizes":{"medium":{"file":"cruzeiro-leonardojardim-sulamericana-futebolmineiro-futebolnacional-900x506-1-470x264.jpg","width":470,"height":264,"mime-type":"image\/jpeg","filesize":28505,"source_url":"https:\/\/lavras.tv\/site\/wp-content\/uploads\/2025\/03\/cruzeiro-leonardojardim-sulamericana-futebolmineiro-futebolnacional-900x506-1-470x264.jpg"},"thumbnail":{"file":"cruzeiro-leonardojardim-sulamericana-futebolmineiro-futebolnacional-900x506-1-170x96.jpg","width":170,"height":96,"mime-type":"image\/jpeg","filesize":7067,"source_url":"https:\/\/lavras.tv\/site\/wp-content\/uploads\/2025\/03\/cruzeiro-leonardojardim-sulamericana-futebolmineiro-futebolnacional-900x506-1-170x96.jpg"},"lshowcase-thumb":{"file":"cruzeiro-leonardojardim-sulamericana-futebolmineiro-futebolnacional-900x506-1-200x112.jpg","width":200,"height":112,"mime-type":"image\/jpeg","filesize":8597,"source_url":"https:\/\/lavras.tv\/site\/wp-content\/uploads\/2025\/03\/cruzeiro-leonardojardim-sulamericana-futebolmineiro-futebolnacional-900x506-1-200x112.jpg"},"alm-thumbnail":{"file":"cruzeiro-leonardojardim-sulamericana-futebolmineiro-futebolnacional-900x506-1-150x150.jpg","width":150,"height":150,"mime-type":"image\/jpeg","filesize":8420,"source_url":"https:\/\/lavras.tv\/site\/wp-content\/uploads\/2025\/03\/cruzeiro-leonardojardim-sulamericana-futebolmineiro-futebolnacional-900x506-1-150x150.jpg"}},"image_meta":{"aperture":"0","credit":"","camera":"","caption":"","created_timestamp":"0","copyright":"","focal_length":"0","iso":"0","shutter_speed":"0","title":"","orientation":"0","keywords":[]}},"post":165342,"source_url":"https:\/\/lavras.tv\/site\/wp-content\/uploads\/2025\/03\/cruzeiro-leonardojardim-sulamericana-futebolmineiro-futebolnacional-900x506-1.jpg"},"author_meta":{"display_name":"Vinicius Bustamante","author_link":"https:\/\/lavras.tv\/site\/author\/vinicius-bustamante\/"},"featured_img":"https:\/\/lavras.tv\/site\/wp-content\/uploads\/2025\/03\/cruzeiro-leonardojardim-sulamericana-futebolmineiro-futebolnacional-900x506-1-470x264.jpg","coauthors":[],"tax_additional":{"categories":{"linked":["<a href=\"https:\/\/lavras.tv\/site\/category\/destaques\/\" class=\"advgb-post-tax-term\">Destaques<\/a>","<a href=\"https:\/\/lavras.tv\/site\/category\/esportes\/\" class=\"advgb-post-tax-term\">Esportes<\/a>","<a href=\"https:\/\/lavras.tv\/site\/category\/noticias\/\" class=\"advgb-post-tax-term\">Not\u00edcias<\/a>"],"unlinked":["<span class=\"advgb-post-tax-term\">Destaques<\/span>","<span class=\"advgb-post-tax-term\">Esportes<\/span>","<span class=\"advgb-post-tax-term\">Not\u00edcias<\/span>"]}},"comment_count":"0","relative_dates":{"created":"Publicado 1 ano atr\u00e1s","modified":"Atualizado 1 ano atr\u00e1s"},"absolute_dates":{"created":"Publicado em 31 de mar\u00e7o de 2025","modified":"Atualizado em 31 de mar\u00e7o de 2025"},"absolute_dates_time":{"created":"Publicado em 31 de mar\u00e7o de 2025 15:45","modified":"Atualizado em 31 de mar\u00e7o de 2025 15:45"},"featured_img_caption":"","series_order":"","_links":{"self":[{"href":"https:\/\/lavras.tv\/site\/wp-json\/wp\/v2\/posts\/165342","targetHints":{"allow":["GET"]}}],"collection":[{"href":"https:\/\/lavras.tv\/site\/wp-json\/wp\/v2\/posts"}],"about":[{"href":"https:\/\/lavras.tv\/site\/wp-json\/wp\/v2\/types\/post"}],"author":[{"embeddable":true,"href":"https:\/\/lavras.tv\/site\/wp-json\/wp\/v2\/users\/5"}],"replies":[{"embeddable":true,"href":"https:\/\/lavras.tv\/site\/wp-json\/wp\/v2\/comments?post=165342"}],"version-history":[{"count":1,"href":"https:\/\/lavras.tv\/site\/wp-json\/wp\/v2\/posts\/165342\/revisions"}],"predecessor-version":[{"id":165344,"href":"https:\/\/lavras.tv\/site\/wp-json\/wp\/v2\/posts\/165342\/revisions\/165344"}],"wp:featuredmedia":[{"embeddable":true,"href":"https:\/\/lavras.tv\/site\/wp-json\/wp\/v2\/media\/165343"}],"wp:attachment":[{"href":"https:\/\/lavras.tv\/site\/wp-json\/wp\/v2\/media?parent=165342"}],"wp:term":[{"taxonomy":"category","embeddable":true,"href":"https:\/\/lavras.tv\/site\/wp-json\/wp\/v2\/categories?post=165342"},{"taxonomy":"post_tag","embeddable":true,"href":"https:\/\/lavras.tv\/site\/wp-json\/wp\/v2\/tags?post=165342"}],"curies":[{"name":"wp","href":"https:\/\/api.w.org\/{rel}","templated":true}]}}