{"id":165551,"date":"2025-04-01T11:10:41","date_gmt":"2025-04-01T14:10:41","guid":{"rendered":"https:\/\/lavras.tv\/site\/?p=165551"},"modified":"2025-04-01T11:10:42","modified_gmt":"2025-04-01T14:10:42","slug":"minas-se-despede-do-periodo-chuvoso-mas-nao-do-calor","status":"publish","type":"post","link":"https:\/\/lavras.tv\/site\/2025\/04\/01\/minas-se-despede-do-periodo-chuvoso-mas-nao-do-calor\/","title":{"rendered":"Minas se despede do per\u00edodo chuvoso, mas n\u00e3o do calor"},"content":{"rendered":"<div class=\"lavra-antes-do-conteudo_2\" id=\"lavra-3032695982\"><div id=\"lavra-slider-27\" class=\"custom-slider lavra-slider-3380309402 lavra-slider\"><ul><li><div style=\"margin-left: auto;margin-right: auto;text-align: center;\" id=\"lavra-1320740852\"><a href=\"https:\/\/sistemas.lavras.mg.gov.br\/portalcidadao\/#df1b1a7c7b2a290bcb31e32771e610784662739a88807c0dacac58ede5f391a7530e299dc302d611ee73cb143fc22eaf93592e53e7b5bdb01b00a0b8d28dae460c141dd2ff83412e4dc1c31b16b25f33144a9e5620ea73b13f5bc1c59411d98439ad226e8af03840603796067d87afe130812cf3de24982d0e306f9e61e764e5\" aria-label=\"Lavras-TV&#8211;720x104px (1) (1)\"><img src=\"https:\/\/lavras.tv\/site\/wp-content\/uploads\/2025\/01\/Lavras-TV-720x104px-1-1.png\" alt=\"\"  srcset=\"https:\/\/lavras.tv\/site\/wp-content\/uploads\/2025\/01\/Lavras-TV-720x104px-1-1.png 720w, https:\/\/lavras.tv\/site\/wp-content\/uploads\/2025\/01\/Lavras-TV-720x104px-1-1-470x68.png 470w, https:\/\/lavras.tv\/site\/wp-content\/uploads\/2025\/01\/Lavras-TV-720x104px-1-1-170x25.png 170w, https:\/\/lavras.tv\/site\/wp-content\/uploads\/2025\/01\/Lavras-TV-720x104px-1-1-200x29.png 200w\" sizes=\"(max-width: 720px) 100vw, 720px\" width=\"720\" height=\"104\"  style=\"display: inline-block;\" \/><\/a><\/div><\/li><li><a href=\"https:\/\/sistemas.lavras.mg.gov.br\/portalcidadao\/#df1b1a7c7b2a290bcb31e32771e610784662739a88807c0dacac58ede5f391a7530e299dc302d611ee73cb143fc22eaf93592e53e7b5bdb01b00a0b8d28dae460c141dd2ff83412e4dc1c31b16b25f33144a9e5620ea73b13f5bc1c59411d98439ad226e8af03840603796067d87afe130812cf3de24982d0e306f9e61e764e5\" aria-label=\"Banner_Emprego_PortallavrasTV\"><img src=\"https:\/\/lavras.tv\/site\/wp-content\/uploads\/2025\/03\/Banner_Emprego_PortallavrasTV.png\" alt=\"\"  srcset=\"https:\/\/lavras.tv\/site\/wp-content\/uploads\/2025\/03\/Banner_Emprego_PortallavrasTV.png 720w, https:\/\/lavras.tv\/site\/wp-content\/uploads\/2025\/03\/Banner_Emprego_PortallavrasTV-470x68.png 470w, https:\/\/lavras.tv\/site\/wp-content\/uploads\/2025\/03\/Banner_Emprego_PortallavrasTV-170x25.png 170w, https:\/\/lavras.tv\/site\/wp-content\/uploads\/2025\/03\/Banner_Emprego_PortallavrasTV-200x29.png 200w\" sizes=\"(max-width: 720px) 100vw, 720px\" width=\"720\" height=\"104\"   \/><\/a><\/li><li><a href=\"https:\/\/sistemas.lavras.mg.gov.br\/portalcidadao\/#df1b1a7c7b2a290bcb31e32771e610784662739a88807c0dacac58ede5f391a7530e299dc302d611ee73cb143fc22eaf93592e53e7b5bdb01b00a0b8d28dae460c141dd2ff83412e4dc1c31b16b25f33144a9e5620ea73b13f5bc1c59411d98439ad226e8af03840603796067d87afe130812cf3de24982d0e306f9e61e764e5\" aria-label=\"Banner_Obras_PortallavrasTV\"><img src=\"https:\/\/lavras.tv\/site\/wp-content\/uploads\/2025\/03\/Banner_Obras_PortallavrasTV.png\" alt=\"\"  srcset=\"https:\/\/lavras.tv\/site\/wp-content\/uploads\/2025\/03\/Banner_Obras_PortallavrasTV.png 720w, https:\/\/lavras.tv\/site\/wp-content\/uploads\/2025\/03\/Banner_Obras_PortallavrasTV-470x68.png 470w, https:\/\/lavras.tv\/site\/wp-content\/uploads\/2025\/03\/Banner_Obras_PortallavrasTV-170x25.png 170w, https:\/\/lavras.tv\/site\/wp-content\/uploads\/2025\/03\/Banner_Obras_PortallavrasTV-200x29.png 200w\" sizes=\"(max-width: 720px) 100vw, 720px\" width=\"720\" height=\"104\"   \/><\/a><\/li><li><div style=\"margin-left: auto;margin-right: auto;text-align: center;\" id=\"lavra-290353835\"><a href=\"https:\/\/sistemas.lavras.mg.gov.br\/portalcidadao\/#df1b1a7c7b2a290bcb31e32771e610784662739a88807c0dacac58ede5f391a7530e299dc302d611ee73cb143fc22eaf93592e53e7b5bdb01b00a0b8d28dae460c141dd2ff83412e4dc1c31b16b25f33144a9e5620ea73b13f5bc1c59411d98439ad226e8af03840603796067d87afe130812cf3de24982d0e306f9e61e764e5\" aria-label=\"Banner_Educa\u00e7\u00e3o_PortallavrasTV\"><img src=\"https:\/\/lavras.tv\/site\/wp-content\/uploads\/2025\/01\/Banner_Educacao_PortallavrasTV.png\" alt=\"\"  srcset=\"https:\/\/lavras.tv\/site\/wp-content\/uploads\/2025\/01\/Banner_Educacao_PortallavrasTV.png 720w, https:\/\/lavras.tv\/site\/wp-content\/uploads\/2025\/01\/Banner_Educacao_PortallavrasTV-470x68.png 470w, https:\/\/lavras.tv\/site\/wp-content\/uploads\/2025\/01\/Banner_Educacao_PortallavrasTV-170x25.png 170w, https:\/\/lavras.tv\/site\/wp-content\/uploads\/2025\/01\/Banner_Educacao_PortallavrasTV-200x29.png 200w\" sizes=\"(max-width: 720px) 100vw, 720px\" width=\"720\" height=\"104\"  style=\"display: inline-block;\" \/><\/a><\/div><\/li><li><a href=\"https:\/\/sistemas.lavras.mg.gov.br\/portalcidadao\/#df1b1a7c7b2a290bcb31e32771e610784662739a88807c0dacac58ede5f391a7530e299dc302d611ee73cb143fc22eaf93592e53e7b5bdb01b00a0b8d28dae460c141dd2ff83412e4dc1c31b16b25f33144a9e5620ea73b13f5bc1c59411d98439ad226e8af03840603796067d87afe130812cf3de24982d0e306f9e61e764e5\" aria-label=\"Banner_Sa\u00fade_PortallavrasTV\"><img src=\"https:\/\/lavras.tv\/site\/wp-content\/uploads\/2025\/03\/Banner_Saude_PortallavrasTV.png\" alt=\"\"  srcset=\"https:\/\/lavras.tv\/site\/wp-content\/uploads\/2025\/03\/Banner_Saude_PortallavrasTV.png 720w, https:\/\/lavras.tv\/site\/wp-content\/uploads\/2025\/03\/Banner_Saude_PortallavrasTV-470x68.png 470w, https:\/\/lavras.tv\/site\/wp-content\/uploads\/2025\/03\/Banner_Saude_PortallavrasTV-170x25.png 170w, https:\/\/lavras.tv\/site\/wp-content\/uploads\/2025\/03\/Banner_Saude_PortallavrasTV-200x29.png 200w\" sizes=\"(max-width: 720px) 100vw, 720px\" width=\"720\" height=\"104\"   \/><\/a><\/li><li><div id=\"lavra-2767246797\" style=\"width:720px;height:104px;background-color:#ddd;overflow:scroll;\">\n\t<strong>Sa\u00edda da depura\u00e7\u00e3o de an\u00fancios<\/strong>\n\t<br><br>\n\tO an\u00fancio n\u00e3o \u00e9 exibido na p\u00e1gina<br><br>post atual: Minas se despede do per\u00edodo chuvoso, mas n\u00e3o do calor, ID: 165551<br><br><span style=\"color: red;\">O post atual n\u00e3o \u00e9 id\u00eantico ao post principal.<\/span><br><br>An\u00fancios: ROXO - TOPO INTERNA - ROTATIVO 2 (197)<br \/>Grupo de an\u00fancios: Princ_Meio01_720x104 (27)<br><br>Condi\u00e7\u00f5es de exibi\u00e7\u00e3o<div style=\"margin-bottom: 20px; white-space: pre-wrap; font-family: monospace; width: 100%; background: #ffe9e9;\"><strong>condi\u00e7\u00f5es gerais<\/strong><table border=\"1\"><thead><tr><th><\/th><th>An\u00fancios<\/th><th>wp_the_query<\/th><\/tr><\/thead><tr><td>is_main_query<\/td><td>1<\/td><td>1<\/td><\/tr><tr><td>is_rest_api<\/td><td>0<\/td><td>1<\/td><\/tr><tr><td>page<\/td><td>0<\/td><td>1<\/td><\/tr><tr><td>numpages<\/td><td>0<\/td><td>1<\/td><\/tr><tr><td>is_archive<\/td><td>1<\/td><td><\/td><\/tr><tr><td>is_search<\/td><td>1<\/td><td><\/td><\/tr><tr><td>is_home<\/td><td>1<\/td><td><\/td><\/tr><tr><td>is_404<\/td><td>1<\/td><td><\/td><\/tr><tr><td>is_attachment<\/td><td>1<\/td><td><\/td><\/tr><tr><td>is_singular<\/td><td>1<\/td><td><\/td><\/tr><tr><td>is_front_page<\/td><td>1<\/td><td><\/td><\/tr><tr><td>is_feed<\/td><td>1<\/td><td><\/td><\/tr><\/table><\/div><br><br><span style=\"color: red;\">Seu site usa HTTPS, mas o c\u00f3digo do an\u00fancio cont\u00e9m HTTP e pode n\u00e3o funcionar.<\/span>\t<br><br>\n\t<a style=\"color: green;\" href=\"https:\/\/wpadvancedads.com\/manual\/ad-debug-mode\/?utm_source=advanced-ads&utm_medium=link&utm_campaign=ad-debug-mode\" target=\"_blank\" rel=\"nofollow\">Encontre solu\u00e7\u00f5es no manual<\/a>\n<\/div>\n<\/li><\/ul><\/div><script>( window.advanced_ads_ready || jQuery( document ).ready ).call( null, function() {var $lavraslider3380309402 = jQuery( \".lavra-slider-3380309402\" );$lavraslider3380309402.on( \"unslider.ready\", function() { jQuery( \"div.custom-slider ul li\" ).css( \"display\", \"block\" ); });$lavraslider3380309402.unslider({ delay:4000, autoplay:true, nav:false, arrows:false, infinite:true });$lavraslider3380309402.on(\"mouseover\", function() {$lavraslider3380309402.unslider(\"stop\");}).on(\"mouseout\", function() {$lavraslider3380309402.unslider(\"start\");});});<\/script><\/div>\n<p>Ap\u00f3s breve queda por volta do dia 6, abril ter\u00e1 temperaturas acima da m\u00e9dia para o m\u00eas, que \u00e9 de 27,6\u00b0C no estado, prev\u00ea o Inmet<\/p>\n\n\n\n<figure class=\"wp-block-image size-large\"><img fetchpriority=\"high\" decoding=\"async\" width=\"970\" height=\"582\" src=\"https:\/\/lavras.tv\/site\/wp-content\/uploads\/2025\/04\/1_wge32801-48946075-970x582.jpg\" alt=\"\" class=\"wp-image-165552\" srcset=\"https:\/\/lavras.tv\/site\/wp-content\/uploads\/2025\/04\/1_wge32801-48946075-970x582.jpg 970w, https:\/\/lavras.tv\/site\/wp-content\/uploads\/2025\/04\/1_wge32801-48946075-470x282.jpg 470w, https:\/\/lavras.tv\/site\/wp-content\/uploads\/2025\/04\/1_wge32801-48946075-170x102.jpg 170w, https:\/\/lavras.tv\/site\/wp-content\/uploads\/2025\/04\/1_wge32801-48946075-200x120.jpg 200w, https:\/\/lavras.tv\/site\/wp-content\/uploads\/2025\/04\/1_wge32801-48946075.jpg 1200w\" sizes=\"(max-width: 970px) 100vw, 970px\" \/><\/figure>\n\n\n\n<p>Abril deixa para tr\u00e1s o per\u00edodo chuvoso e \u00e9 o primeiro m\u00eas que se inicia ap\u00f3s o encerramento do ver\u00e3o, em 20 de mar\u00e7o. No entanto, o Instituto Nacional de Meteorologia (Inmet) projeta temperaturas acima da m\u00e9dia em Minas Gerais e em outros estados do Brasil. Quanto \u00e0 ocorr\u00eancia de chuvas, o esperado \u00e9 que o volume fique dentro da m\u00e9dia hist\u00f3rica, que para a capital mineira \u00e9 de cerca de 80 mil\u00edmetros no quarto m\u00eas do ano.<\/p>\n\n\n\n<p>Em Minas, as temperaturas devem sofrer varia\u00e7\u00f5es ao longo do primeiro m\u00eas completo de outono. Isso se deve \u00e0 variabilidade clim\u00e1tica e n\u00e3o h\u00e1 um fen\u00f4meno espec\u00edfico envolvido, explica o meteorologista Claudemir Azevedo. O profissional do Inmet afirma que a partir da pr\u00f3xima semana, por volta do dia 6, domingo, deve haver uma diminui\u00e7\u00e3o nas marca\u00e7\u00f5es dos term\u00f4metros mineiros de 3\u00b0C a 4\u00b0C.<\/p>\n\n\n\n<p>No entanto, a \u201cesfriada\u201d deve ser breve, visto que para o fim de abril a previs\u00e3o \u00e9 de temperaturas acima da m\u00e9dia na maior parte do estado e na capital mineira, cuja m\u00e9dia hist\u00f3rica para o m\u00eas \u00e9 de 27,6\u00b0C. As regi\u00f5es da Zona da Mata e Vale do Jequitinhonha devem ser a exce\u00e7\u00e3o no estado, com valores dentro da m\u00e9dia, prev\u00ea o meteorologista do Inmet.<\/p>\n\n\n\n<p>Os estados de S\u00e3o Paulo e Rio de Janeiro, na Regi\u00e3o Sudeste do pa\u00eds, tamb\u00e9m devem ter temperaturas acima da m\u00e9dia durante o m\u00eas de abril. J\u00e1 na maior parte do Esp\u00edrito Santo, de acordo com o Inmet, os term\u00f4metros devem manter as marca\u00e7\u00f5es dentro da m\u00e9dia hist\u00f3rica. As regi\u00f5es Centro-Oeste, Sul e uma pequena parte da Nordeste tamb\u00e9m devem ter um abril mais quente que a m\u00e9dia. A previs\u00e3o para as demais partes do Nordeste e a Regi\u00e3o Norte \u00e9 de temperaturas dentro dos valores hist\u00f3ricos.<\/p>\n\n\n\n<p><br>Sem uma redu\u00e7\u00e3o no calor, a maior parte do Brasil n\u00e3o ter\u00e1 uma tr\u00e9gua do ver\u00e3o, que de acordo com o Inmet, foi o sexto mais quente do pa\u00eds desde 1961. Quanto \u00e0s precipita\u00e7\u00f5es no m\u00eas, o Inmet informou que nas \u201cregi\u00f5es Centro-Oeste e Sudeste haver\u00e1 chuvas mal distribu\u00eddas, com tend\u00eancia de volumes mais concentradas no leste do Sudeste. Na Regi\u00e3o Sul, a seca dever\u00e1 ser percebida principalmente no extremo-sul do Rio Grande do Sul e na parte central de Santa Catarina. Em outras \u00e1reas, as chuvas acima da m\u00e9dia podem ajudar na recupera\u00e7\u00e3o do solo.\u201d<\/p>\n\n\n\n<p><em><strong>BALAN\u00c7O<\/strong><\/em><\/p>\n\n\n\n<p>O m\u00eas de abril, climatologicamente, \u00e9 marcado pela redu\u00e7\u00e3o das chuvas sobre o estado de Minas Gerais, informa Claudemir Azevedo. Oficialmente, o per\u00edodo chuvoso terminou ontem (31\/3), e os balan\u00e7os completos e oficiais da Defesa Civil estadual e municipal de BH sobre a temporada ainda ser\u00e3o emitidos.<\/p>\n\n\n\n<p><br>Com base nos dados registrados pela&nbsp;<a href=\"https:\/\/www.em.com.br\/gerais\/2025\/03\/7098595-avenida-de-belo-horizonte-e-interditada-por-risco-de-alagamento.html\"><strong>Defesa Civil<\/strong><\/a>&nbsp;do estado entre 25 de setembro e a manh\u00e3 de ontem (31\/3), o per\u00edodo chuvoso 2024\/2025 em Minas deixou 26 mortos, 2.062 desabrigados e 9.896 pessoas desalojadas, que s\u00e3o aquelas que precisaram desocupar suas casas e se deslocar para domic\u00edlios de parentes ou amigos. Os n\u00fameros s\u00e3o superam amplamente os do mesmo per\u00edodo entre 2023\/2024, em que seis pessoas morreram, 399 ficaram desabrigadas e 2.833 desalojadas.<\/p>\n\n\n\n<p>Ipatinga, no Vale do A\u00e7o, foi o munic\u00edpio mineiro que mais registrou mortes provocadas pelas fortes chuvas e suas consequ\u00eancias. Deslizamentos de terra deixaram 10 mortos, entre eles duas crian\u00e7as. Na madrugada de domingo (12\/1) para segunda-feira (13\/1), uma chuva torrencial de 204 mil\u00edmetros em poucas horas \u2013 quase o volume previsto para todo o m\u00eas de janeiro \u2013 devastou o Bairro Beth\u00e2nia.<\/p>\n\n\n\n<p><br>As chuvas tamb\u00e9m deixaram v\u00edtimas em outros 13 munic\u00edpios mineiros. Em BH, de acordo com a Defesa Civil Estadual, n\u00e3o houve danos humanos, como mortes, desabrigados ou desalojados. No entanto, a capital mineira registrou diversas quedas de \u00e1rvores sobre resid\u00eancias, vias p\u00fablicas e ve\u00edculos. Somente entre 17 e 18 de mar\u00e7o, 70 esp\u00e9cimes ca\u00edram na Regi\u00e3o Metropolitana de BH, de acordo com o&nbsp;<strong><a href=\"https:\/\/www.em.com.br\/gerais\/2025\/03\/7097239-representatividade-limitada.html\">Corpo de Bombeiros Militar de Minas Gerais<\/a><\/strong>&nbsp;(CBMMG). Al\u00e9m disso, houve deslizamentos de terra e outros efeitos geol\u00f3gicos decorrentes das fortes chuvas na capital mineira.<\/p>\n\n\n\n<p><br><em><strong>PANCADAS HOJE<\/strong><\/em><\/p>\n\n\n\n<p>Para hoje (1\u00ba\/4), a previs\u00e3o do Inmet para Minas \u00e9 de c\u00e9u nublado com pancadas de chuva e trovoadas isoladas nas Regi\u00f5es Metropolitana, Oeste, Sul\/Sudoeste, Campo das Vertentes, Zona da Mata e Tri\u00e2ngulo Mineiro\/Alto Parana\u00edba. Demais regi\u00f5es, c\u00e9u parcialmente nublado. A m\u00e1xima prevista para o estado \u00e9 de 36\u00b0C, no Norte de Minas, e a m\u00ednima, de 15\u00b0C, no Sul\/Sudoeste e Campo das Vertentes. Em BH, a m\u00e1xima deve ser 29\u00b0C e a m\u00ednima de 18\u00b0C.<\/p>\n\n\n\n<p><br><em><strong>Noite de tempestade<\/strong><\/em><\/p>\n\n\n\n<p>Na noite de ontem, a Defesa Civil de Belo Horizonte teve que interditar a Avenida Teresa Cristina, nas regi\u00f5es Oeste e&nbsp;<a href=\"https:\/\/www.em.com.br\/gerais\/2025\/03\/7092561-jovem-arrastada-por-enxurrada-no-barreiro-segue-internada-em-estado-grave.html\"><strong>Barreiro<\/strong><\/a>, diante do risco de transbordamento dos c\u00f3rregos Ferrugem e Arrudas, que acompanham a via. Na \u201cdespedida\u201d do per\u00edodo chuvoso, algumas regi\u00f5es da capital, entre elas o Barreiro, registraram grande volumes de precipita\u00e7\u00f5es. A interdi\u00e7\u00e3o ocorreu entre as 19h29 e 19h55, quando a via foi liberada, informou a Defesa Civil. Entretanto, uma equipe do \u00f3rg\u00e3o permaneceu monitorando a avenida, uma vez que a capital seguia em alerta de tempestades v\u00e1lido at\u00e9 a manh\u00e3 de hoje. Tamb\u00e9m choveu forte em Contagem, na regi\u00e3o metropolitana. (Com Ag\u00eancia Brasil)&nbsp;<\/p>\n","protected":false},"excerpt":{"rendered":"<p>Ap\u00f3s breve queda por volta do dia 6, abril ter\u00e1 temperaturas acima da m\u00e9dia para o m\u00eas, que \u00e9 de 27,6\u00b0C no estado, prev\u00ea o Inmet Abril deixa para tr\u00e1s o per\u00edodo chuvoso e \u00e9 o primeiro m\u00eas que se inicia ap\u00f3s o encerramento do ver\u00e3o, em 20 de mar\u00e7o. No entanto, o Instituto Nacional [&hellip;]<\/p>\n","protected":false},"author":5,"featured_media":165552,"comment_status":"closed","ping_status":"open","sticky":false,"template":"","format":"standard","meta":{"advgb_blocks_editor_width":"","advgb_blocks_columns_visual_guide":"","_exactmetrics_skip_tracking":false,"_exactmetrics_sitenote_active":false,"_exactmetrics_sitenote_note":"","_exactmetrics_sitenote_category":0,"footnotes":""},"categories":[7,2],"tags":[],"class_list":["post-165551","post","type-post","status-publish","format-standard","has-post-thumbnail","hentry","category-destaques","category-noticias"],"better_featured_image":{"id":165552,"alt_text":"","caption":"","description":"","media_type":"image","media_details":{"width":1200,"height":720,"file":"2025\/04\/1_wge32801-48946075.jpg","filesize":98365,"sizes":{"medium":{"file":"1_wge32801-48946075-470x282.jpg","width":470,"height":282,"mime-type":"image\/jpeg","filesize":22711,"source_url":"https:\/\/lavras.tv\/site\/wp-content\/uploads\/2025\/04\/1_wge32801-48946075-470x282.jpg"},"large":{"file":"1_wge32801-48946075-970x582.jpg","width":970,"height":582,"mime-type":"image\/jpeg","filesize":68079,"source_url":"https:\/\/lavras.tv\/site\/wp-content\/uploads\/2025\/04\/1_wge32801-48946075-970x582.jpg"},"thumbnail":{"file":"1_wge32801-48946075-170x102.jpg","width":170,"height":102,"mime-type":"image\/jpeg","filesize":4472,"source_url":"https:\/\/lavras.tv\/site\/wp-content\/uploads\/2025\/04\/1_wge32801-48946075-170x102.jpg"},"lshowcase-thumb":{"file":"1_wge32801-48946075-200x120.jpg","width":200,"height":120,"mime-type":"image\/jpeg","filesize":5656,"source_url":"https:\/\/lavras.tv\/site\/wp-content\/uploads\/2025\/04\/1_wge32801-48946075-200x120.jpg"},"alm-thumbnail":{"file":"1_wge32801-48946075-150x150.jpg","width":150,"height":150,"mime-type":"image\/jpeg","filesize":5566,"source_url":"https:\/\/lavras.tv\/site\/wp-content\/uploads\/2025\/04\/1_wge32801-48946075-150x150.jpg"}},"image_meta":{"aperture":"0","credit":"","camera":"","caption":"","created_timestamp":"0","copyright":"","focal_length":"0","iso":"0","shutter_speed":"0","title":"","orientation":"0","keywords":[]}},"post":165551,"source_url":"https:\/\/lavras.tv\/site\/wp-content\/uploads\/2025\/04\/1_wge32801-48946075.jpg"},"author_meta":{"display_name":"Vinicius Bustamante","author_link":"https:\/\/lavras.tv\/site\/author\/vinicius-bustamante\/"},"featured_img":"https:\/\/lavras.tv\/site\/wp-content\/uploads\/2025\/04\/1_wge32801-48946075-470x282.jpg","coauthors":[],"tax_additional":{"categories":{"linked":["<a href=\"https:\/\/lavras.tv\/site\/category\/destaques\/\" class=\"advgb-post-tax-term\">Destaques<\/a>","<a href=\"https:\/\/lavras.tv\/site\/category\/noticias\/\" class=\"advgb-post-tax-term\">Not\u00edcias<\/a>"],"unlinked":["<span class=\"advgb-post-tax-term\">Destaques<\/span>","<span class=\"advgb-post-tax-term\">Not\u00edcias<\/span>"]}},"comment_count":"0","relative_dates":{"created":"Publicado 1 ano atr\u00e1s","modified":"Atualizado 1 ano atr\u00e1s"},"absolute_dates":{"created":"Publicado em 1 de abril de 2025","modified":"Atualizado em 1 de abril de 2025"},"absolute_dates_time":{"created":"Publicado em 1 de abril de 2025 11:10","modified":"Atualizado em 1 de abril de 2025 11:10"},"featured_img_caption":"","series_order":"","_links":{"self":[{"href":"https:\/\/lavras.tv\/site\/wp-json\/wp\/v2\/posts\/165551","targetHints":{"allow":["GET"]}}],"collection":[{"href":"https:\/\/lavras.tv\/site\/wp-json\/wp\/v2\/posts"}],"about":[{"href":"https:\/\/lavras.tv\/site\/wp-json\/wp\/v2\/types\/post"}],"author":[{"embeddable":true,"href":"https:\/\/lavras.tv\/site\/wp-json\/wp\/v2\/users\/5"}],"replies":[{"embeddable":true,"href":"https:\/\/lavras.tv\/site\/wp-json\/wp\/v2\/comments?post=165551"}],"version-history":[{"count":1,"href":"https:\/\/lavras.tv\/site\/wp-json\/wp\/v2\/posts\/165551\/revisions"}],"predecessor-version":[{"id":165553,"href":"https:\/\/lavras.tv\/site\/wp-json\/wp\/v2\/posts\/165551\/revisions\/165553"}],"wp:featuredmedia":[{"embeddable":true,"href":"https:\/\/lavras.tv\/site\/wp-json\/wp\/v2\/media\/165552"}],"wp:attachment":[{"href":"https:\/\/lavras.tv\/site\/wp-json\/wp\/v2\/media?parent=165551"}],"wp:term":[{"taxonomy":"category","embeddable":true,"href":"https:\/\/lavras.tv\/site\/wp-json\/wp\/v2\/categories?post=165551"},{"taxonomy":"post_tag","embeddable":true,"href":"https:\/\/lavras.tv\/site\/wp-json\/wp\/v2\/tags?post=165551"}],"curies":[{"name":"wp","href":"https:\/\/api.w.org\/{rel}","templated":true}]}}