{"id":165554,"date":"2025-04-01T11:16:41","date_gmt":"2025-04-01T14:16:41","guid":{"rendered":"https:\/\/lavras.tv\/site\/?p=165554"},"modified":"2025-04-01T11:16:42","modified_gmt":"2025-04-01T14:16:42","slug":"alvaro-damiao-assume-prefeitura-de-bh-depois-de-8-anos-no-legislativo","status":"publish","type":"post","link":"https:\/\/lavras.tv\/site\/2025\/04\/01\/alvaro-damiao-assume-prefeitura-de-bh-depois-de-8-anos-no-legislativo\/","title":{"rendered":"\u00c1lvaro Dami\u00e3o assume Prefeitura de BH depois de 8 anos no Legislativo"},"content":{"rendered":"<div class=\"lavra-antes-do-conteudo_2\" id=\"lavra-2152832329\"><div id=\"lavra-slider-27\" class=\"custom-slider lavra-slider-395963327 lavra-slider\"><ul><li><div style=\"margin-left: auto;margin-right: auto;text-align: center;\" id=\"lavra-400345474\"><a href=\"https:\/\/sistemas.lavras.mg.gov.br\/portalcidadao\/#df1b1a7c7b2a290bcb31e32771e610784662739a88807c0dacac58ede5f391a7530e299dc302d611ee73cb143fc22eaf93592e53e7b5bdb01b00a0b8d28dae460c141dd2ff83412e4dc1c31b16b25f33144a9e5620ea73b13f5bc1c59411d98439ad226e8af03840603796067d87afe130812cf3de24982d0e306f9e61e764e5\" aria-label=\"Lavras-TV&#8211;720x104px (1) (1)\"><img src=\"https:\/\/lavras.tv\/site\/wp-content\/uploads\/2025\/01\/Lavras-TV-720x104px-1-1.png\" alt=\"\"  srcset=\"https:\/\/lavras.tv\/site\/wp-content\/uploads\/2025\/01\/Lavras-TV-720x104px-1-1.png 720w, https:\/\/lavras.tv\/site\/wp-content\/uploads\/2025\/01\/Lavras-TV-720x104px-1-1-470x68.png 470w, https:\/\/lavras.tv\/site\/wp-content\/uploads\/2025\/01\/Lavras-TV-720x104px-1-1-170x25.png 170w, https:\/\/lavras.tv\/site\/wp-content\/uploads\/2025\/01\/Lavras-TV-720x104px-1-1-200x29.png 200w\" sizes=\"(max-width: 720px) 100vw, 720px\" width=\"720\" height=\"104\"  style=\"display: inline-block;\" \/><\/a><\/div><\/li><li><a href=\"https:\/\/sistemas.lavras.mg.gov.br\/portalcidadao\/#df1b1a7c7b2a290bcb31e32771e610784662739a88807c0dacac58ede5f391a7530e299dc302d611ee73cb143fc22eaf93592e53e7b5bdb01b00a0b8d28dae460c141dd2ff83412e4dc1c31b16b25f33144a9e5620ea73b13f5bc1c59411d98439ad226e8af03840603796067d87afe130812cf3de24982d0e306f9e61e764e5\" aria-label=\"Banner_Emprego_PortallavrasTV\"><img src=\"https:\/\/lavras.tv\/site\/wp-content\/uploads\/2025\/03\/Banner_Emprego_PortallavrasTV.png\" alt=\"\"  srcset=\"https:\/\/lavras.tv\/site\/wp-content\/uploads\/2025\/03\/Banner_Emprego_PortallavrasTV.png 720w, https:\/\/lavras.tv\/site\/wp-content\/uploads\/2025\/03\/Banner_Emprego_PortallavrasTV-470x68.png 470w, https:\/\/lavras.tv\/site\/wp-content\/uploads\/2025\/03\/Banner_Emprego_PortallavrasTV-170x25.png 170w, https:\/\/lavras.tv\/site\/wp-content\/uploads\/2025\/03\/Banner_Emprego_PortallavrasTV-200x29.png 200w\" sizes=\"(max-width: 720px) 100vw, 720px\" width=\"720\" height=\"104\"   \/><\/a><\/li><li><a href=\"https:\/\/sistemas.lavras.mg.gov.br\/portalcidadao\/#df1b1a7c7b2a290bcb31e32771e610784662739a88807c0dacac58ede5f391a7530e299dc302d611ee73cb143fc22eaf93592e53e7b5bdb01b00a0b8d28dae460c141dd2ff83412e4dc1c31b16b25f33144a9e5620ea73b13f5bc1c59411d98439ad226e8af03840603796067d87afe130812cf3de24982d0e306f9e61e764e5\" aria-label=\"Banner_Obras_PortallavrasTV\"><img src=\"https:\/\/lavras.tv\/site\/wp-content\/uploads\/2025\/03\/Banner_Obras_PortallavrasTV.png\" alt=\"\"  srcset=\"https:\/\/lavras.tv\/site\/wp-content\/uploads\/2025\/03\/Banner_Obras_PortallavrasTV.png 720w, https:\/\/lavras.tv\/site\/wp-content\/uploads\/2025\/03\/Banner_Obras_PortallavrasTV-470x68.png 470w, https:\/\/lavras.tv\/site\/wp-content\/uploads\/2025\/03\/Banner_Obras_PortallavrasTV-170x25.png 170w, https:\/\/lavras.tv\/site\/wp-content\/uploads\/2025\/03\/Banner_Obras_PortallavrasTV-200x29.png 200w\" sizes=\"(max-width: 720px) 100vw, 720px\" width=\"720\" height=\"104\"   \/><\/a><\/li><li><div style=\"margin-left: auto;margin-right: auto;text-align: center;\" id=\"lavra-3346571901\"><a href=\"https:\/\/sistemas.lavras.mg.gov.br\/portalcidadao\/#df1b1a7c7b2a290bcb31e32771e610784662739a88807c0dacac58ede5f391a7530e299dc302d611ee73cb143fc22eaf93592e53e7b5bdb01b00a0b8d28dae460c141dd2ff83412e4dc1c31b16b25f33144a9e5620ea73b13f5bc1c59411d98439ad226e8af03840603796067d87afe130812cf3de24982d0e306f9e61e764e5\" aria-label=\"Banner_Educa\u00e7\u00e3o_PortallavrasTV\"><img src=\"https:\/\/lavras.tv\/site\/wp-content\/uploads\/2025\/01\/Banner_Educacao_PortallavrasTV.png\" alt=\"\"  srcset=\"https:\/\/lavras.tv\/site\/wp-content\/uploads\/2025\/01\/Banner_Educacao_PortallavrasTV.png 720w, https:\/\/lavras.tv\/site\/wp-content\/uploads\/2025\/01\/Banner_Educacao_PortallavrasTV-470x68.png 470w, https:\/\/lavras.tv\/site\/wp-content\/uploads\/2025\/01\/Banner_Educacao_PortallavrasTV-170x25.png 170w, https:\/\/lavras.tv\/site\/wp-content\/uploads\/2025\/01\/Banner_Educacao_PortallavrasTV-200x29.png 200w\" sizes=\"(max-width: 720px) 100vw, 720px\" width=\"720\" height=\"104\"  style=\"display: inline-block;\" \/><\/a><\/div><\/li><li><a href=\"https:\/\/sistemas.lavras.mg.gov.br\/portalcidadao\/#df1b1a7c7b2a290bcb31e32771e610784662739a88807c0dacac58ede5f391a7530e299dc302d611ee73cb143fc22eaf93592e53e7b5bdb01b00a0b8d28dae460c141dd2ff83412e4dc1c31b16b25f33144a9e5620ea73b13f5bc1c59411d98439ad226e8af03840603796067d87afe130812cf3de24982d0e306f9e61e764e5\" aria-label=\"Banner_Sa\u00fade_PortallavrasTV\"><img src=\"https:\/\/lavras.tv\/site\/wp-content\/uploads\/2025\/03\/Banner_Saude_PortallavrasTV.png\" alt=\"\"  srcset=\"https:\/\/lavras.tv\/site\/wp-content\/uploads\/2025\/03\/Banner_Saude_PortallavrasTV.png 720w, https:\/\/lavras.tv\/site\/wp-content\/uploads\/2025\/03\/Banner_Saude_PortallavrasTV-470x68.png 470w, https:\/\/lavras.tv\/site\/wp-content\/uploads\/2025\/03\/Banner_Saude_PortallavrasTV-170x25.png 170w, https:\/\/lavras.tv\/site\/wp-content\/uploads\/2025\/03\/Banner_Saude_PortallavrasTV-200x29.png 200w\" sizes=\"(max-width: 720px) 100vw, 720px\" width=\"720\" height=\"104\"   \/><\/a><\/li><li><div id=\"lavra-3817439353\" style=\"width:720px;height:104px;background-color:#ddd;overflow:scroll;\">\n\t<strong>Sa\u00edda da depura\u00e7\u00e3o de an\u00fancios<\/strong>\n\t<br><br>\n\tO an\u00fancio n\u00e3o \u00e9 exibido na p\u00e1gina<br><br>post atual: \u00c1lvaro Dami\u00e3o assume Prefeitura de BH depois de 8 anos no Legislativo, ID: 165554<br><br><span style=\"color: red;\">O post atual n\u00e3o \u00e9 id\u00eantico ao post principal.<\/span><br><br>An\u00fancios: ROXO - TOPO INTERNA - ROTATIVO 2 (197)<br \/>Grupo de an\u00fancios: Princ_Meio01_720x104 (27)<br><br>Condi\u00e7\u00f5es de exibi\u00e7\u00e3o<div style=\"margin-bottom: 20px; white-space: pre-wrap; font-family: monospace; width: 100%; background: #ffe9e9;\"><strong>condi\u00e7\u00f5es gerais<\/strong><table border=\"1\"><thead><tr><th><\/th><th>An\u00fancios<\/th><th>wp_the_query<\/th><\/tr><\/thead><tr><td>is_main_query<\/td><td>1<\/td><td>1<\/td><\/tr><tr><td>is_rest_api<\/td><td>0<\/td><td>1<\/td><\/tr><tr><td>page<\/td><td>0<\/td><td>1<\/td><\/tr><tr><td>numpages<\/td><td>0<\/td><td>1<\/td><\/tr><tr><td>is_archive<\/td><td>1<\/td><td><\/td><\/tr><tr><td>is_search<\/td><td>1<\/td><td><\/td><\/tr><tr><td>is_home<\/td><td>1<\/td><td><\/td><\/tr><tr><td>is_404<\/td><td>1<\/td><td><\/td><\/tr><tr><td>is_attachment<\/td><td>1<\/td><td><\/td><\/tr><tr><td>is_singular<\/td><td>1<\/td><td><\/td><\/tr><tr><td>is_front_page<\/td><td>1<\/td><td><\/td><\/tr><tr><td>is_feed<\/td><td>1<\/td><td><\/td><\/tr><\/table><\/div><br><br><span style=\"color: red;\">Seu site usa HTTPS, mas o c\u00f3digo do an\u00fancio cont\u00e9m HTTP e pode n\u00e3o funcionar.<\/span>\t<br><br>\n\t<a style=\"color: green;\" href=\"https:\/\/wpadvancedads.com\/manual\/ad-debug-mode\/?utm_source=advanced-ads&utm_medium=link&utm_campaign=ad-debug-mode\" target=\"_blank\" rel=\"nofollow\">Encontre solu\u00e7\u00f5es no manual<\/a>\n<\/div>\n<\/li><\/ul><\/div><script>( window.advanced_ads_ready || jQuery( document ).ready ).call( null, function() {var $lavraslider395963327 = jQuery( \".lavra-slider-395963327\" );$lavraslider395963327.on( \"unslider.ready\", function() { jQuery( \"div.custom-slider ul li\" ).css( \"display\", \"block\" ); });$lavraslider395963327.unslider({ delay:4000, autoplay:true, nav:false, arrows:false, infinite:true });$lavraslider395963327.on(\"mouseover\", function() {$lavraslider395963327.unslider(\"stop\");}).on(\"mouseout\", function() {$lavraslider395963327.unslider(\"start\");});});<\/script><\/div>\n<p>Como foram os dois mandatos na C\u00e2mara Municipal de \u00c1lvaro Dami\u00e3o, que a partir de quinta-feira passa a comandar a Prefeitura de BH<\/p>\n\n\n\n<figure class=\"wp-block-image size-large\"><img fetchpriority=\"high\" decoding=\"async\" width=\"970\" height=\"581\" src=\"https:\/\/lavras.tv\/site\/wp-content\/uploads\/2025\/04\/1_damiao_como_vereador-48598385-970x581.jpg\" alt=\"\" class=\"wp-image-165555\" srcset=\"https:\/\/lavras.tv\/site\/wp-content\/uploads\/2025\/04\/1_damiao_como_vereador-48598385-970x581.jpg 970w, https:\/\/lavras.tv\/site\/wp-content\/uploads\/2025\/04\/1_damiao_como_vereador-48598385-470x282.jpg 470w, https:\/\/lavras.tv\/site\/wp-content\/uploads\/2025\/04\/1_damiao_como_vereador-48598385-170x102.jpg 170w, https:\/\/lavras.tv\/site\/wp-content\/uploads\/2025\/04\/1_damiao_como_vereador-48598385-200x120.jpg 200w, https:\/\/lavras.tv\/site\/wp-content\/uploads\/2025\/04\/1_damiao_como_vereador-48598385.jpg 1200w\" sizes=\"(max-width: 970px) 100vw, 970px\" \/><\/figure>\n\n\n\n<p>Nesta quinta-feira (3\/4),\u00a0<a href=\"https:\/\/www.em.com.br\/politica\/2025\/03\/7094473-alvaro-damiao-pede-que-cerimonia-de-posse-respeite-luto-oficial-por-fuad.html\"><strong>\u00c1lvaro Dami\u00e3o (Uni\u00e3o Brasil)<\/strong><\/a>\u00a0<a href=\"https:\/\/www.em.com.br\/politica\/2025\/03\/7095276-alvaro-damiao-vai-tomar-posse-no-dia-3-de-abril-diz-presidente-da-cmbh.html\"><strong>tomar\u00e1 posse como prefeito titular<\/strong>\u00a0<\/a>da capital mineira em ato solene na<a href=\"https:\/\/www.em.com.br\/cmbh-pode-aprovar-aumento-de-876-do-auxilio-alimentacao-dos-vereadores.html\"><strong>\u00a0C\u00e2mara Municipal de Belo Horizonte<\/strong><\/a>. Ap\u00f3s tr\u00eas meses atuando como prefeito em exerc\u00edcio, ele assume o Executivo de forma definitiva ap\u00f3s o\u00a0<a href=\"https:\/\/www.em.com.br\/politica\/2025\/03\/7093928-morte-de-fuad-damiao-decreta-luto-oficial-em-bh.html\"><strong>falecimento de Fuad Noman<\/strong><\/a>\u00a0(PSD),\u00a0<a href=\"https:\/\/www.em.com.br\/politica\/2024\/10\/6974461-fuad-noman-e-reeleito-prefeito-de-belo-horizonte.html\"><strong>reeleito em outubro do ano passado<\/strong><\/a>.<\/p>\n\n\n\n<p>Como bagagem para comandar o munic\u00edpio mais populoso do estado, o radialista carrega a experi\u00eancia de dois mandatos no Legislativo belo-horizontino.Eleito como vice na chapa encabe\u00e7ada por Fuad Noman, Dami\u00e3o viveu os oito anos anteriores ao desembarque no n\u00famero 1.212 da Avenida Afonso Pena tendo a C\u00e2mara Municipal como casa pol\u00edtica.<\/p>\n\n\n\n<p>Levantamento feito pelo\u00a0<strong>Estado de Minas<\/strong>\u00a0mostra que, neste per\u00edodo, ele apresentou 61 projetos de lei (PL) \u00e0 Casa, a maior parte deles com a participa\u00e7\u00e3o de outros vereadores. Do total de propostas de lei protocoladas na C\u00e2mara Municipal entre 2017 e 2024, 14 textos (23% deles) continham apenas a assinatura de Dami\u00e3o. Seis deles foram aprovados e sancionados e integram hoje o conjunto de leis da capital mineira. As propostas t\u00eam variadas naturezas.<\/p>\n\n\n\n<p>O primeiro projeto aprovado com assinatura exclusiva de Dami\u00e3o determina a divulga\u00e7\u00e3o do Servi\u00e7o de remo\u00e7\u00e3o de animais em BH, protocolado em 2017. No mesmo ano, o agora prefeito da cidade aprovou uma lei que estabelece o patrulhamento preventivo em bens p\u00fablicos da cidade pela Guarda Municipal. Ainda no \u00e2mbito da seguran\u00e7a p\u00fablica, o vereador aprovou tamb\u00e9m a obrigatoriedade de advert\u00eancias visuais para evitar circula\u00e7\u00e3o de crian\u00e7as em estabelecimentos que comercializam produtos com conota\u00e7\u00e3o er\u00f3tica.<\/p>\n\n\n\n<p>A ampla maioria dos projetos que contam com a assinatura de Dami\u00e3o t\u00eam tamb\u00e9m outros nomes na lista de autores. S\u00e3o 47 PLs com essa caracter\u00edstica, 77% do total. Destes, 23 foram aprovados, quase a metade (48,9%). Outros 15 foram retirados de tramita\u00e7\u00e3o e nove foram rejeitados pela Casa.<\/p>\n\n\n\n<h2 class=\"wp-block-heading\">Principais alian\u00e7as e temas de trabalho<\/h2>\n\n\n\n<p>No aspecto da apresenta\u00e7\u00e3o de projetos de lei, os dois mandatos de Dami\u00e3o na C\u00e2mara Municipal foram marcados por uma ampla gama de parcerias nos espectros partid\u00e1rios e ideol\u00f3gicos e tamb\u00e9m nos temas discutidos nos textos.<\/p>\n\n\n\n<p>Apenas dois dos seis maiores parceiros de projetos ainda est\u00e3o na C\u00e2mara Municipal. Jorge Santos (Republicanos) \u00e9 o nome que mais aparece nos PLs assinados pelo atual prefeito da capital. Dos 47 projetos protocolados por Dami\u00e3o com coautores, 42 tiveram a assinatura do ex-parlamentar, que n\u00e3o conseguiu se reeleger no pleito do ano passado.<\/p>\n\n\n\n<p>A vice-lideran\u00e7a \u00e9 de\u00a0<a href=\"https:\/\/www.em.com.br\/politica\/2024\/12\/7023629-entrevista-gabriel-aponta-erros-e-acertos-e-mantem-sonho-de-governar-bh.html\"><strong>Gabriel Azevedo (MDB)<\/strong><\/a>, ex-presidente da C\u00e2mara que deixou o Legislativo para tentar a Prefeitura de Belo Horizonte (PBH). Com o parlamentar, Dami\u00e3o foi consignat\u00e1rio de 30 projetos. A lista segue com Reinaldo Gomes Preto Sacol\u00e3o (MDB) e Wanderley Porto (PRD), ambos com 25 PLs. Com 22 projetos aparecem Juliano Lopes (Podemos), Henrique Braga (MDB) e Irlan Melo (Republicanos). Apenas Lopes, Porto e Melo seguem como vereadores na casa.Ao todo, Dami\u00e3o assinou projetos com 74 vereadores diferentes.<\/p>\n\n\n\n<p>Al\u00e9m de Juliano Lopes, Irlan Melo e Wanderley Porto, a lista conta com os seguintes parlamentares em atividade na C\u00e2mara: Braulio Lara, Bruno Miranda (PDT), Cida Falabella (PSOL), Cl\u00e1udio do Mundo Novo (PL), Cleiton Xavier (MDB), Bruno Pedralva (PT), Edmar Branco (PCdoB), Fernanda Alto\u00e9 (Novo), Fl\u00e1via Borja (DC), Iza Louren\u00e7a (PSOL), Janaina Cardoso (Uni\u00e3o Brasil), Maninho F\u00e9lix (PSD), Marcela Tr\u00f3pia (Novo), Pedro Patrus (PT), Professora Marli (PP), Uner Augusto (PL), Wagner Ferreira.<\/p>\n\n\n\n<p>Em classifica\u00e7\u00e3o tem\u00e1tica das propostas feita pela reportagem, o assunto mais comum entre os projetos apresentados por Dami\u00e3o \u00e9 o relacionado a regras urbanas, com nove ocasi\u00f5es. Com sete seguem propostas pelo direito dos animais. Com seis textos cada est\u00e3o PLs sobre seguran\u00e7a e sobre datas comemorativas e cinco planos para a sa\u00fade p\u00fablica.<\/p>\n\n\n\n<p>Al\u00e9m destes temas h\u00e1 projetos sobre a economia da cidade, o sistema de educa\u00e7\u00e3o, transporte, prote\u00e7\u00e3o social, meio ambiente, regimento interno da C\u00e2mara, desafeta\u00e7\u00e3o de propriedades, trabalho e nome de espa\u00e7os p\u00fablicos de BH.<\/p>\n\n\n\n<p>A experi\u00eancia de Dami\u00e3o na C\u00e2mara \u00e9 apontada por aliados como um trunfo do novo prefeito de BH para contornar os problemas de relacionamento entre Executivo e Legislativo da capital neste in\u00edcio de mandato. A nova mesa diretora da Casa foi eleita em janeiro ao derrotar o candidato governista e mandou recados raivosos para o ent\u00e3o vice-prefeito, que ficou respons\u00e1vel por articular a campanha contr\u00e1ria a Juliano Lopes (Podemos).<\/p>\n\n\n\n<p>Ap\u00f3s um momento inicial de troca de farpas, os dois lados j\u00e1 se manifestaram em tom apaziguador. Durante o vel\u00f3rio de Fuad Noman, o presidente da C\u00e2mara tratou o embate como cap\u00edtulo superado. \u201cTanto eu quanto os 41 vereadores, assim como Fuad e \u00c1lvaro, fomos eleitos para servir \u00e0 cidade de Belo Horizonte. O que aconteceu no passado est\u00e1 superado da minha parte. L\u00f3gico que temos dois poderes independentes, mas devemos conviver em harmonia para que a cidade se desenvolva. Da minha parte, como presidente e vereador por quatro mandatos, desejo boa sorte a Dami\u00e3o e que consiga colocar em pr\u00e1tica o plano de governo que apresentou na campanha junto com Fuad\u201d, disse Juliano Lopes.<\/p>\n","protected":false},"excerpt":{"rendered":"<p>Como foram os dois mandatos na C\u00e2mara Municipal de \u00c1lvaro Dami\u00e3o, que a partir de quinta-feira passa a comandar a Prefeitura de BH Nesta quinta-feira (3\/4),\u00a0\u00c1lvaro Dami\u00e3o (Uni\u00e3o Brasil)\u00a0tomar\u00e1 posse como prefeito titular\u00a0da capital mineira em ato solene na\u00a0C\u00e2mara Municipal de Belo Horizonte. Ap\u00f3s tr\u00eas meses atuando como prefeito em exerc\u00edcio, ele assume o Executivo [&hellip;]<\/p>\n","protected":false},"author":5,"featured_media":165555,"comment_status":"closed","ping_status":"open","sticky":false,"template":"","format":"standard","meta":{"advgb_blocks_editor_width":"","advgb_blocks_columns_visual_guide":"","_exactmetrics_skip_tracking":false,"_exactmetrics_sitenote_active":false,"_exactmetrics_sitenote_note":"","_exactmetrics_sitenote_category":0,"footnotes":""},"categories":[7,2,12],"tags":[],"class_list":["post-165554","post","type-post","status-publish","format-standard","has-post-thumbnail","hentry","category-destaques","category-noticias","category-politica"],"better_featured_image":{"id":165555,"alt_text":"","caption":"","description":"","media_type":"image","media_details":{"width":1200,"height":719,"file":"2025\/04\/1_damiao_como_vereador-48598385.jpg","filesize":147161,"sizes":{"medium":{"file":"1_damiao_como_vereador-48598385-470x282.jpg","width":470,"height":282,"mime-type":"image\/jpeg","filesize":22248,"source_url":"https:\/\/lavras.tv\/site\/wp-content\/uploads\/2025\/04\/1_damiao_como_vereador-48598385-470x282.jpg"},"large":{"file":"1_damiao_como_vereador-48598385-970x581.jpg","width":970,"height":581,"mime-type":"image\/jpeg","filesize":64850,"source_url":"https:\/\/lavras.tv\/site\/wp-content\/uploads\/2025\/04\/1_damiao_como_vereador-48598385-970x581.jpg"},"thumbnail":{"file":"1_damiao_como_vereador-48598385-170x102.jpg","width":170,"height":102,"mime-type":"image\/jpeg","filesize":5016,"source_url":"https:\/\/lavras.tv\/site\/wp-content\/uploads\/2025\/04\/1_damiao_como_vereador-48598385-170x102.jpg"},"lshowcase-thumb":{"file":"1_damiao_como_vereador-48598385-200x120.jpg","width":200,"height":120,"mime-type":"image\/jpeg","filesize":6304,"source_url":"https:\/\/lavras.tv\/site\/wp-content\/uploads\/2025\/04\/1_damiao_como_vereador-48598385-200x120.jpg"},"alm-thumbnail":{"file":"1_damiao_como_vereador-48598385-150x150.jpg","width":150,"height":150,"mime-type":"image\/jpeg","filesize":6034,"source_url":"https:\/\/lavras.tv\/site\/wp-content\/uploads\/2025\/04\/1_damiao_como_vereador-48598385-150x150.jpg"}},"image_meta":{"aperture":"0","credit":"","camera":"","caption":"","created_timestamp":"0","copyright":"","focal_length":"0","iso":"0","shutter_speed":"0","title":"","orientation":"0","keywords":[]}},"post":165554,"source_url":"https:\/\/lavras.tv\/site\/wp-content\/uploads\/2025\/04\/1_damiao_como_vereador-48598385.jpg"},"author_meta":{"display_name":"Vinicius Bustamante","author_link":"https:\/\/lavras.tv\/site\/author\/vinicius-bustamante\/"},"featured_img":"https:\/\/lavras.tv\/site\/wp-content\/uploads\/2025\/04\/1_damiao_como_vereador-48598385-470x282.jpg","coauthors":[],"tax_additional":{"categories":{"linked":["<a href=\"https:\/\/lavras.tv\/site\/category\/destaques\/\" class=\"advgb-post-tax-term\">Destaques<\/a>","<a href=\"https:\/\/lavras.tv\/site\/category\/noticias\/\" class=\"advgb-post-tax-term\">Not\u00edcias<\/a>","<a href=\"https:\/\/lavras.tv\/site\/category\/politica\/\" class=\"advgb-post-tax-term\">Pol\u00edtica<\/a>"],"unlinked":["<span class=\"advgb-post-tax-term\">Destaques<\/span>","<span class=\"advgb-post-tax-term\">Not\u00edcias<\/span>","<span class=\"advgb-post-tax-term\">Pol\u00edtica<\/span>"]}},"comment_count":"0","relative_dates":{"created":"Publicado 1 ano atr\u00e1s","modified":"Atualizado 1 ano atr\u00e1s"},"absolute_dates":{"created":"Publicado em 1 de abril de 2025","modified":"Atualizado em 1 de abril de 2025"},"absolute_dates_time":{"created":"Publicado em 1 de abril de 2025 11:16","modified":"Atualizado em 1 de abril de 2025 11:16"},"featured_img_caption":"","series_order":"","_links":{"self":[{"href":"https:\/\/lavras.tv\/site\/wp-json\/wp\/v2\/posts\/165554","targetHints":{"allow":["GET"]}}],"collection":[{"href":"https:\/\/lavras.tv\/site\/wp-json\/wp\/v2\/posts"}],"about":[{"href":"https:\/\/lavras.tv\/site\/wp-json\/wp\/v2\/types\/post"}],"author":[{"embeddable":true,"href":"https:\/\/lavras.tv\/site\/wp-json\/wp\/v2\/users\/5"}],"replies":[{"embeddable":true,"href":"https:\/\/lavras.tv\/site\/wp-json\/wp\/v2\/comments?post=165554"}],"version-history":[{"count":1,"href":"https:\/\/lavras.tv\/site\/wp-json\/wp\/v2\/posts\/165554\/revisions"}],"predecessor-version":[{"id":165556,"href":"https:\/\/lavras.tv\/site\/wp-json\/wp\/v2\/posts\/165554\/revisions\/165556"}],"wp:featuredmedia":[{"embeddable":true,"href":"https:\/\/lavras.tv\/site\/wp-json\/wp\/v2\/media\/165555"}],"wp:attachment":[{"href":"https:\/\/lavras.tv\/site\/wp-json\/wp\/v2\/media?parent=165554"}],"wp:term":[{"taxonomy":"category","embeddable":true,"href":"https:\/\/lavras.tv\/site\/wp-json\/wp\/v2\/categories?post=165554"},{"taxonomy":"post_tag","embeddable":true,"href":"https:\/\/lavras.tv\/site\/wp-json\/wp\/v2\/tags?post=165554"}],"curies":[{"name":"wp","href":"https:\/\/api.w.org\/{rel}","templated":true}]}}