{"id":165557,"date":"2025-04-01T11:29:02","date_gmt":"2025-04-01T14:29:02","guid":{"rendered":"https:\/\/lavras.tv\/site\/?p=165557"},"modified":"2025-04-01T11:29:03","modified_gmt":"2025-04-01T14:29:03","slug":"a-partir-desta-terca-imposto-sobre-compras-internacionais-fica-mais-caro","status":"publish","type":"post","link":"https:\/\/lavras.tv\/site\/2025\/04\/01\/a-partir-desta-terca-imposto-sobre-compras-internacionais-fica-mais-caro\/","title":{"rendered":"A partir desta ter\u00e7a, imposto sobre compras internacionais fica mais caro"},"content":{"rendered":"<div class=\"lavra-antes-do-conteudo_2\" id=\"lavra-1022759633\"><div id=\"lavra-slider-27\" class=\"custom-slider lavra-slider-3438452845 lavra-slider\"><ul><li><div style=\"margin-left: auto;margin-right: auto;text-align: center;\" id=\"lavra-1869545076\"><a href=\"https:\/\/sistemas.lavras.mg.gov.br\/portalcidadao\/#df1b1a7c7b2a290bcb31e32771e610784662739a88807c0dacac58ede5f391a7530e299dc302d611ee73cb143fc22eaf93592e53e7b5bdb01b00a0b8d28dae460c141dd2ff83412e4dc1c31b16b25f33144a9e5620ea73b13f5bc1c59411d98439ad226e8af03840603796067d87afe130812cf3de24982d0e306f9e61e764e5\" aria-label=\"Lavras-TV&#8211;720x104px (1) (1)\"><img src=\"https:\/\/lavras.tv\/site\/wp-content\/uploads\/2025\/01\/Lavras-TV-720x104px-1-1.png\" alt=\"\"  srcset=\"https:\/\/lavras.tv\/site\/wp-content\/uploads\/2025\/01\/Lavras-TV-720x104px-1-1.png 720w, https:\/\/lavras.tv\/site\/wp-content\/uploads\/2025\/01\/Lavras-TV-720x104px-1-1-470x68.png 470w, https:\/\/lavras.tv\/site\/wp-content\/uploads\/2025\/01\/Lavras-TV-720x104px-1-1-170x25.png 170w, https:\/\/lavras.tv\/site\/wp-content\/uploads\/2025\/01\/Lavras-TV-720x104px-1-1-200x29.png 200w\" sizes=\"(max-width: 720px) 100vw, 720px\" width=\"720\" height=\"104\"  style=\"display: inline-block;\" \/><\/a><\/div><\/li><li><a href=\"https:\/\/sistemas.lavras.mg.gov.br\/portalcidadao\/#df1b1a7c7b2a290bcb31e32771e610784662739a88807c0dacac58ede5f391a7530e299dc302d611ee73cb143fc22eaf93592e53e7b5bdb01b00a0b8d28dae460c141dd2ff83412e4dc1c31b16b25f33144a9e5620ea73b13f5bc1c59411d98439ad226e8af03840603796067d87afe130812cf3de24982d0e306f9e61e764e5\" aria-label=\"Banner_Emprego_PortallavrasTV\"><img src=\"https:\/\/lavras.tv\/site\/wp-content\/uploads\/2025\/03\/Banner_Emprego_PortallavrasTV.png\" alt=\"\"  srcset=\"https:\/\/lavras.tv\/site\/wp-content\/uploads\/2025\/03\/Banner_Emprego_PortallavrasTV.png 720w, https:\/\/lavras.tv\/site\/wp-content\/uploads\/2025\/03\/Banner_Emprego_PortallavrasTV-470x68.png 470w, https:\/\/lavras.tv\/site\/wp-content\/uploads\/2025\/03\/Banner_Emprego_PortallavrasTV-170x25.png 170w, https:\/\/lavras.tv\/site\/wp-content\/uploads\/2025\/03\/Banner_Emprego_PortallavrasTV-200x29.png 200w\" sizes=\"(max-width: 720px) 100vw, 720px\" width=\"720\" height=\"104\"   \/><\/a><\/li><li><a href=\"https:\/\/sistemas.lavras.mg.gov.br\/portalcidadao\/#df1b1a7c7b2a290bcb31e32771e610784662739a88807c0dacac58ede5f391a7530e299dc302d611ee73cb143fc22eaf93592e53e7b5bdb01b00a0b8d28dae460c141dd2ff83412e4dc1c31b16b25f33144a9e5620ea73b13f5bc1c59411d98439ad226e8af03840603796067d87afe130812cf3de24982d0e306f9e61e764e5\" aria-label=\"Banner_Obras_PortallavrasTV\"><img src=\"https:\/\/lavras.tv\/site\/wp-content\/uploads\/2025\/03\/Banner_Obras_PortallavrasTV.png\" alt=\"\"  srcset=\"https:\/\/lavras.tv\/site\/wp-content\/uploads\/2025\/03\/Banner_Obras_PortallavrasTV.png 720w, https:\/\/lavras.tv\/site\/wp-content\/uploads\/2025\/03\/Banner_Obras_PortallavrasTV-470x68.png 470w, https:\/\/lavras.tv\/site\/wp-content\/uploads\/2025\/03\/Banner_Obras_PortallavrasTV-170x25.png 170w, https:\/\/lavras.tv\/site\/wp-content\/uploads\/2025\/03\/Banner_Obras_PortallavrasTV-200x29.png 200w\" sizes=\"(max-width: 720px) 100vw, 720px\" width=\"720\" height=\"104\"   \/><\/a><\/li><li><div style=\"margin-left: auto;margin-right: auto;text-align: center;\" id=\"lavra-922540259\"><a href=\"https:\/\/sistemas.lavras.mg.gov.br\/portalcidadao\/#df1b1a7c7b2a290bcb31e32771e610784662739a88807c0dacac58ede5f391a7530e299dc302d611ee73cb143fc22eaf93592e53e7b5bdb01b00a0b8d28dae460c141dd2ff83412e4dc1c31b16b25f33144a9e5620ea73b13f5bc1c59411d98439ad226e8af03840603796067d87afe130812cf3de24982d0e306f9e61e764e5\" aria-label=\"Banner_Educa\u00e7\u00e3o_PortallavrasTV\"><img src=\"https:\/\/lavras.tv\/site\/wp-content\/uploads\/2025\/01\/Banner_Educacao_PortallavrasTV.png\" alt=\"\"  srcset=\"https:\/\/lavras.tv\/site\/wp-content\/uploads\/2025\/01\/Banner_Educacao_PortallavrasTV.png 720w, https:\/\/lavras.tv\/site\/wp-content\/uploads\/2025\/01\/Banner_Educacao_PortallavrasTV-470x68.png 470w, https:\/\/lavras.tv\/site\/wp-content\/uploads\/2025\/01\/Banner_Educacao_PortallavrasTV-170x25.png 170w, https:\/\/lavras.tv\/site\/wp-content\/uploads\/2025\/01\/Banner_Educacao_PortallavrasTV-200x29.png 200w\" sizes=\"(max-width: 720px) 100vw, 720px\" width=\"720\" height=\"104\"  style=\"display: inline-block;\" \/><\/a><\/div><\/li><li><a href=\"https:\/\/sistemas.lavras.mg.gov.br\/portalcidadao\/#df1b1a7c7b2a290bcb31e32771e610784662739a88807c0dacac58ede5f391a7530e299dc302d611ee73cb143fc22eaf93592e53e7b5bdb01b00a0b8d28dae460c141dd2ff83412e4dc1c31b16b25f33144a9e5620ea73b13f5bc1c59411d98439ad226e8af03840603796067d87afe130812cf3de24982d0e306f9e61e764e5\" aria-label=\"Banner_Sa\u00fade_PortallavrasTV\"><img src=\"https:\/\/lavras.tv\/site\/wp-content\/uploads\/2025\/03\/Banner_Saude_PortallavrasTV.png\" alt=\"\"  srcset=\"https:\/\/lavras.tv\/site\/wp-content\/uploads\/2025\/03\/Banner_Saude_PortallavrasTV.png 720w, https:\/\/lavras.tv\/site\/wp-content\/uploads\/2025\/03\/Banner_Saude_PortallavrasTV-470x68.png 470w, https:\/\/lavras.tv\/site\/wp-content\/uploads\/2025\/03\/Banner_Saude_PortallavrasTV-170x25.png 170w, https:\/\/lavras.tv\/site\/wp-content\/uploads\/2025\/03\/Banner_Saude_PortallavrasTV-200x29.png 200w\" sizes=\"(max-width: 720px) 100vw, 720px\" width=\"720\" height=\"104\"   \/><\/a><\/li><li><div id=\"lavra-2965533297\" style=\"width:720px;height:104px;background-color:#ddd;overflow:scroll;\">\n\t<strong>Sa\u00edda da depura\u00e7\u00e3o de an\u00fancios<\/strong>\n\t<br><br>\n\tO an\u00fancio n\u00e3o \u00e9 exibido na p\u00e1gina<br><br>post atual: A partir desta ter\u00e7a, imposto sobre compras internacionais fica mais caro, ID: 165557<br><br><span style=\"color: red;\">O post atual n\u00e3o \u00e9 id\u00eantico ao post principal.<\/span><br><br>An\u00fancios: ROXO - TOPO INTERNA - ROTATIVO 2 (197)<br \/>Grupo de an\u00fancios: Princ_Meio01_720x104 (27)<br><br>Condi\u00e7\u00f5es de exibi\u00e7\u00e3o<div style=\"margin-bottom: 20px; white-space: pre-wrap; font-family: monospace; width: 100%; background: #ffe9e9;\"><strong>condi\u00e7\u00f5es gerais<\/strong><table border=\"1\"><thead><tr><th><\/th><th>An\u00fancios<\/th><th>wp_the_query<\/th><\/tr><\/thead><tr><td>is_main_query<\/td><td>1<\/td><td>1<\/td><\/tr><tr><td>is_rest_api<\/td><td>0<\/td><td>1<\/td><\/tr><tr><td>page<\/td><td>0<\/td><td>1<\/td><\/tr><tr><td>numpages<\/td><td>0<\/td><td>1<\/td><\/tr><tr><td>is_archive<\/td><td>1<\/td><td><\/td><\/tr><tr><td>is_search<\/td><td>1<\/td><td><\/td><\/tr><tr><td>is_home<\/td><td>1<\/td><td><\/td><\/tr><tr><td>is_404<\/td><td>1<\/td><td><\/td><\/tr><tr><td>is_attachment<\/td><td>1<\/td><td><\/td><\/tr><tr><td>is_singular<\/td><td>1<\/td><td><\/td><\/tr><tr><td>is_front_page<\/td><td>1<\/td><td><\/td><\/tr><tr><td>is_feed<\/td><td>1<\/td><td><\/td><\/tr><\/table><\/div><br><br><span style=\"color: red;\">Seu site usa HTTPS, mas o c\u00f3digo do an\u00fancio cont\u00e9m HTTP e pode n\u00e3o funcionar.<\/span>\t<br><br>\n\t<a style=\"color: green;\" href=\"https:\/\/wpadvancedads.com\/manual\/ad-debug-mode\/?utm_source=advanced-ads&utm_medium=link&utm_campaign=ad-debug-mode\" target=\"_blank\" rel=\"nofollow\">Encontre solu\u00e7\u00f5es no manual<\/a>\n<\/div>\n<\/li><\/ul><\/div><script>( window.advanced_ads_ready || jQuery( document ).ready ).call( null, function() {var $lavraslider3438452845 = jQuery( \".lavra-slider-3438452845\" );$lavraslider3438452845.on( \"unslider.ready\", function() { jQuery( \"div.custom-slider ul li\" ).css( \"display\", \"block\" ); });$lavraslider3438452845.unslider({ delay:4000, autoplay:true, nav:false, arrows:false, infinite:true });$lavraslider3438452845.on(\"mouseover\", function() {$lavraslider3438452845.unslider(\"stop\");}).on(\"mouseout\", function() {$lavraslider3438452845.unslider(\"start\");});});<\/script><\/div>\n<p>Al\u00e9m de Minas Gerais, outros nove estados tamb\u00e9m ter\u00e3o aumento no ICMS sobre produtos importados. Entidades patronais defendem medida<\/p>\n\n\n\n<figure class=\"wp-block-image size-large\"><img fetchpriority=\"high\" decoding=\"async\" width=\"970\" height=\"582\" src=\"https:\/\/lavras.tv\/site\/wp-content\/uploads\/2025\/04\/1_whatsapp_image_2025_03_31_at_17_36_29-48941623-970x582.jpeg\" alt=\"\" class=\"wp-image-165558\" srcset=\"https:\/\/lavras.tv\/site\/wp-content\/uploads\/2025\/04\/1_whatsapp_image_2025_03_31_at_17_36_29-48941623-970x582.jpeg 970w, https:\/\/lavras.tv\/site\/wp-content\/uploads\/2025\/04\/1_whatsapp_image_2025_03_31_at_17_36_29-48941623-470x282.jpeg 470w, https:\/\/lavras.tv\/site\/wp-content\/uploads\/2025\/04\/1_whatsapp_image_2025_03_31_at_17_36_29-48941623-170x102.jpeg 170w, https:\/\/lavras.tv\/site\/wp-content\/uploads\/2025\/04\/1_whatsapp_image_2025_03_31_at_17_36_29-48941623-200x120.jpeg 200w, https:\/\/lavras.tv\/site\/wp-content\/uploads\/2025\/04\/1_whatsapp_image_2025_03_31_at_17_36_29-48941623.jpeg 1200w\" sizes=\"(max-width: 970px) 100vw, 970px\" \/><\/figure>\n\n\n\n<p>O Imposto sobre Circula\u00e7\u00e3o de Mercadorias e Servi\u00e7os (ICMS) cobrado em compras em sites estrangeiros vai subir em Minas Gerais de 17% para 20% a partir desta ter\u00e7a-feira (1\/4). A mudan\u00e7a ocorre ap\u00f3s um acordo fechado no \u00e2mbito do\u00a0<strong><a href=\"https:\/\/www.em.com.br\/economia\/2025\/03\/7097570-dez-estados-aumentam-icms-para-compra-em-site-estrangeiro-a-partir-de-abril.html\">Comit\u00ea Nacional de Secret\u00e1rios de Fazenda dos Estados e do Distrito Federal (Comsefaz)<\/a><\/strong>\u00a0no final de 2024, com o argumento de proteger o com\u00e9rcio nacional.<\/p>\n\n\n\n<p>A medida vale para outros nove estados da federa\u00e7\u00e3o: Bahia, Piau\u00ed, Cear\u00e1, Rio Grande do Norte, Alagoas, Sergipe, Roraima, Acre. O restante depende de aprova\u00e7\u00e3o das Assembleias Legislativas ou decreto dos governadores, como no caso de Maranh\u00e3o, Pernambuco, Rio de Janeiro, Tocantins e o Distrito Federal. Em Minas, o imposto foi majorado por um decreto do governador Romeu Zema (Novo).<\/p>\n\n\n\n<p>Segundo manifesta\u00e7\u00e3o do Comsefaz, publicada em dezembro, a \u201ccrescente utiliza\u00e7\u00e3o de plataformas de com\u00e9rcio eletr\u00f4nico transfronteiri\u00e7o\u201d para compra de produtos de vestu\u00e1rio, eletr\u00f4nicos, acess\u00f3rios e artigos de uso pessoal, \u201cimp\u00f5e a necessidade de ajustes peri\u00f3dicos que protejam a competitividade do com\u00e9rcio interno e da ind\u00fastria nacional\u201d.<\/p>\n\n\n\n<p>\u201cO objetivo central \u00e9 resguardar os empregos e a renda dos brasileiros, que enfrentam os desafios de um mercado global cada vez mais integrado, alinhando o tratamento tribut\u00e1rio dos produtos importados ao aplicado aos bens produzidos e comercializados no mercado interno\u201d, disse o comit\u00ea de secret\u00e1rios.<\/p>\n\n\n\n<p>Dados do Instituto Brasileiro de Geografia e Estat\u00edstica (IBGE) mostram que o setor de Servi\u00e7os correspondeu a 68,8% do Produto Interno Bruto (PIB) brasileiro, calculado em R$ 10,1 trilh\u00f5es em 2024&nbsp;\u2013 sem considerar os valores de imposto sobre produtos. O com\u00e9rcio corresponde a 12% da economia do \u00faltimo ano, cerca de R$ 1,2 trilh\u00e3o.<\/p>\n\n\n\n<p>Em Minas Gerais, um levantamento da Funda\u00e7\u00e3o Jo\u00e3o Pinheiro mostra que o setor de servi\u00e7os corresponde a 56,1% do total da economia mineira,&nbsp;<strong><a href=\"https:\/\/www.em.com.br\/economia\/2025\/03\/7093782-pib-de-minas-cresce-31-em-2024-mesmo-com-agro-em-queda.html\">que em 2024 fechou em R$ 1,06 trilh\u00e3o<\/a><\/strong>, ou seja, cerca de R$ 594 bilh\u00f5es. Apesar da pesquisa n\u00e3o dar valores nominais para o com\u00e9rcio, os dados mostram um crescimento de 4% do setor no estado em rela\u00e7\u00e3o ao ano de 2024.<\/p>\n\n\n\n<p>Em nota, a Federa\u00e7\u00e3o do Com\u00e9rcio de Minas Gerais (Fecom\u00e9rcio-MG) disse que o aumento do ICMS vai ajudar a garantir uma \u201cisonomia fiscal\u201d para a economia mineira, al\u00e9m de melhorar o desenvolvimento do mercado nacional. A entidade patronal destaca que a taxa\u00e7\u00e3o tem a capacidade de desestimular a importa\u00e7\u00e3o de alguns produtos e tornar a competi\u00e7\u00e3o entre os produtos nacionais e internacionais \u201cmais justa\u201d.<\/p>\n\n\n\n<p>\u201cEssa mudan\u00e7a \u00e9 de extrema import\u00e2ncia para o com\u00e9rcio, os servi\u00e7os, a ind\u00fastria e o agroneg\u00f3cio. Toda a cadeia produtiva nacional \u00e9 beneficiada, permitindo que haja uma prote\u00e7\u00e3o do mercado de trabalho nacional e, consequentemente, da renda das fam\u00edlias, do investimento e da produ\u00e7\u00e3o\u201d, disse.<\/p>\n\n\n\n<p>Segundo a entidade, quando n\u00e3o h\u00e1 taxa\u00e7\u00e3o adequada dos produtos importados, a concorr\u00eancia desleal pode acarretar no fechamento de empresas de todos os setores produtivos, em especial da Ind\u00fastria. O aumento do ICMS seria uma forma de \u201c<strong><a href=\"https:\/\/www.em.com.br\/app\/noticia\/economia\/2023\/09\/22\/internas_economia,1565563\/shopee-e-mercado-livre-sao-incluidos-no-programa-remessa-conforme.shtml\">assegurar a sobreviv\u00eancia das empresas e dos postos de trabalho<\/a><\/strong>\u201d.<\/p>\n\n\n\n<p>\u201cA alta mortalidade de pessoas jur\u00eddicas acarreta tamb\u00e9m na perda de empregos, principalmente entre os trabalhadores mais pobres, e exp\u00f5e o pa\u00eds a uma alta depend\u00eancia das importa\u00e7\u00f5es, aumentando a vulnerabilidade econ\u00f4mica nacional. Esses motivos justificam e refor\u00e7am ainda mais a import\u00e2ncia do aumento da tributa\u00e7\u00e3o das importa\u00e7\u00f5es, protegendo os nossos setores produtivos, com destaque para o com\u00e9rcio nacional\u201d, completa a Fecom\u00e9rcio-MG.<\/p>\n\n\n\n<p>A taxa\u00e7\u00e3o ocorre para compras que recaem sobre o Regime de Tributa\u00e7\u00e3o Simplificada (RTS), aplicado em encomendas internacionais com valor aduaneiro de at\u00e9 US$ 3 mil. Atualmente, essas compras s\u00e3o tributadas com Imposto de Importa\u00e7\u00e3o (nacional) de 60% mais ICMS (estadual).<\/p>\n\n\n\n<p>Desde agosto do ano passado, as compras de at\u00e9 US$ 50, que antes eram isentas de imposto de importa\u00e7\u00e3o, passaram a ter uma&nbsp;<strong><a href=\"https:\/\/www.em.com.br\/economia\/2024\/06\/6872057-taxa-das-blusinhas-quanto-vai-custar-compra-de-rs-200.html\">al\u00edquota de 20%, conhecida como \u201ctaxa das blusinhas\u201d.<\/a><\/strong>&nbsp;A Confedera\u00e7\u00e3o Nacional do Com\u00e9rcio de Bens, Servi\u00e7os e Turismo (CNC) classificou a taxa\u00e7\u00e3o como uma medida positiva, que pode promover maior equil\u00edbrio concorrencial entre produtos estrangeiros e os comercializados no mercado interno.<\/p>\n\n\n\n<p>\u201cA CNC tem alertado de forma cont\u00ednua sobre os preju\u00edzos causados pela isen\u00e7\u00e3o de tributos para importados de pequeno valor, que resulta em concorr\u00eancia desleal com o varejo nacional. O com\u00e9rcio brasileiro, al\u00e9m de cumprir rigorosamente suas obriga\u00e7\u00f5es tribut\u00e1rias, \u00e9 respons\u00e1vel por grande parcela da gera\u00e7\u00e3o de empregos e renda no pa\u00eds. A equipara\u00e7\u00e3o tribut\u00e1ria, por meio de medidas como o aumento do ICMS, \u00e9 essencial para proteger a economia brasileira e os milh\u00f5es de empreendedores e trabalhadores que atuam no com\u00e9rcio local\u201d, disse.<\/p>\n","protected":false},"excerpt":{"rendered":"<p>Al\u00e9m de Minas Gerais, outros nove estados tamb\u00e9m ter\u00e3o aumento no ICMS sobre produtos importados. Entidades patronais defendem medida O Imposto sobre Circula\u00e7\u00e3o de Mercadorias e Servi\u00e7os (ICMS) cobrado em compras em sites estrangeiros vai subir em Minas Gerais de 17% para 20% a partir desta ter\u00e7a-feira (1\/4). A mudan\u00e7a ocorre ap\u00f3s um acordo fechado [&hellip;]<\/p>\n","protected":false},"author":5,"featured_media":165558,"comment_status":"closed","ping_status":"open","sticky":false,"template":"","format":"standard","meta":{"advgb_blocks_editor_width":"","advgb_blocks_columns_visual_guide":"","_exactmetrics_skip_tracking":false,"_exactmetrics_sitenote_active":false,"_exactmetrics_sitenote_note":"","_exactmetrics_sitenote_category":0,"footnotes":""},"categories":[7,2,12],"tags":[],"class_list":["post-165557","post","type-post","status-publish","format-standard","has-post-thumbnail","hentry","category-destaques","category-noticias","category-politica"],"better_featured_image":{"id":165558,"alt_text":"","caption":"","description":"","media_type":"image","media_details":{"width":1200,"height":720,"file":"2025\/04\/1_whatsapp_image_2025_03_31_at_17_36_29-48941623.jpeg","filesize":220459,"sizes":{"medium":{"file":"1_whatsapp_image_2025_03_31_at_17_36_29-48941623-470x282.jpeg","width":470,"height":282,"mime-type":"image\/jpeg","filesize":27329,"source_url":"https:\/\/lavras.tv\/site\/wp-content\/uploads\/2025\/04\/1_whatsapp_image_2025_03_31_at_17_36_29-48941623-470x282.jpeg"},"large":{"file":"1_whatsapp_image_2025_03_31_at_17_36_29-48941623-970x582.jpeg","width":970,"height":582,"mime-type":"image\/jpeg","filesize":100199,"source_url":"https:\/\/lavras.tv\/site\/wp-content\/uploads\/2025\/04\/1_whatsapp_image_2025_03_31_at_17_36_29-48941623-970x582.jpeg"},"thumbnail":{"file":"1_whatsapp_image_2025_03_31_at_17_36_29-48941623-170x102.jpeg","width":170,"height":102,"mime-type":"image\/jpeg","filesize":4718,"source_url":"https:\/\/lavras.tv\/site\/wp-content\/uploads\/2025\/04\/1_whatsapp_image_2025_03_31_at_17_36_29-48941623-170x102.jpeg"},"lshowcase-thumb":{"file":"1_whatsapp_image_2025_03_31_at_17_36_29-48941623-200x120.jpeg","width":200,"height":120,"mime-type":"image\/jpeg","filesize":5990,"source_url":"https:\/\/lavras.tv\/site\/wp-content\/uploads\/2025\/04\/1_whatsapp_image_2025_03_31_at_17_36_29-48941623-200x120.jpeg"},"alm-thumbnail":{"file":"1_whatsapp_image_2025_03_31_at_17_36_29-48941623-150x150.jpeg","width":150,"height":150,"mime-type":"image\/jpeg","filesize":5284,"source_url":"https:\/\/lavras.tv\/site\/wp-content\/uploads\/2025\/04\/1_whatsapp_image_2025_03_31_at_17_36_29-48941623-150x150.jpeg"}},"image_meta":{"aperture":"0","credit":"","camera":"","caption":"","created_timestamp":"0","copyright":"","focal_length":"0","iso":"0","shutter_speed":"0","title":"","orientation":"0","keywords":[]}},"post":165557,"source_url":"https:\/\/lavras.tv\/site\/wp-content\/uploads\/2025\/04\/1_whatsapp_image_2025_03_31_at_17_36_29-48941623.jpeg"},"author_meta":{"display_name":"Vinicius Bustamante","author_link":"https:\/\/lavras.tv\/site\/author\/vinicius-bustamante\/"},"featured_img":"https:\/\/lavras.tv\/site\/wp-content\/uploads\/2025\/04\/1_whatsapp_image_2025_03_31_at_17_36_29-48941623-470x282.jpeg","coauthors":[],"tax_additional":{"categories":{"linked":["<a href=\"https:\/\/lavras.tv\/site\/category\/destaques\/\" class=\"advgb-post-tax-term\">Destaques<\/a>","<a href=\"https:\/\/lavras.tv\/site\/category\/noticias\/\" class=\"advgb-post-tax-term\">Not\u00edcias<\/a>","<a href=\"https:\/\/lavras.tv\/site\/category\/politica\/\" class=\"advgb-post-tax-term\">Pol\u00edtica<\/a>"],"unlinked":["<span class=\"advgb-post-tax-term\">Destaques<\/span>","<span class=\"advgb-post-tax-term\">Not\u00edcias<\/span>","<span class=\"advgb-post-tax-term\">Pol\u00edtica<\/span>"]}},"comment_count":"0","relative_dates":{"created":"Publicado 1 ano atr\u00e1s","modified":"Atualizado 1 ano atr\u00e1s"},"absolute_dates":{"created":"Publicado em 1 de abril de 2025","modified":"Atualizado em 1 de abril de 2025"},"absolute_dates_time":{"created":"Publicado em 1 de abril de 2025 11:29","modified":"Atualizado em 1 de abril de 2025 11:29"},"featured_img_caption":"","series_order":"","_links":{"self":[{"href":"https:\/\/lavras.tv\/site\/wp-json\/wp\/v2\/posts\/165557","targetHints":{"allow":["GET"]}}],"collection":[{"href":"https:\/\/lavras.tv\/site\/wp-json\/wp\/v2\/posts"}],"about":[{"href":"https:\/\/lavras.tv\/site\/wp-json\/wp\/v2\/types\/post"}],"author":[{"embeddable":true,"href":"https:\/\/lavras.tv\/site\/wp-json\/wp\/v2\/users\/5"}],"replies":[{"embeddable":true,"href":"https:\/\/lavras.tv\/site\/wp-json\/wp\/v2\/comments?post=165557"}],"version-history":[{"count":1,"href":"https:\/\/lavras.tv\/site\/wp-json\/wp\/v2\/posts\/165557\/revisions"}],"predecessor-version":[{"id":165559,"href":"https:\/\/lavras.tv\/site\/wp-json\/wp\/v2\/posts\/165557\/revisions\/165559"}],"wp:featuredmedia":[{"embeddable":true,"href":"https:\/\/lavras.tv\/site\/wp-json\/wp\/v2\/media\/165558"}],"wp:attachment":[{"href":"https:\/\/lavras.tv\/site\/wp-json\/wp\/v2\/media?parent=165557"}],"wp:term":[{"taxonomy":"category","embeddable":true,"href":"https:\/\/lavras.tv\/site\/wp-json\/wp\/v2\/categories?post=165557"},{"taxonomy":"post_tag","embeddable":true,"href":"https:\/\/lavras.tv\/site\/wp-json\/wp\/v2\/tags?post=165557"}],"curies":[{"name":"wp","href":"https:\/\/api.w.org\/{rel}","templated":true}]}}