{"id":165560,"date":"2025-04-01T11:34:44","date_gmt":"2025-04-01T14:34:44","guid":{"rendered":"https:\/\/lavras.tv\/site\/?p=165560"},"modified":"2025-04-01T11:34:45","modified_gmt":"2025-04-01T14:34:45","slug":"polemica-posso-estacionar-o-carro-na-vaga-de-uma-loja-mesmo-se-nao-for-cliente","status":"publish","type":"post","link":"https:\/\/lavras.tv\/site\/2025\/04\/01\/polemica-posso-estacionar-o-carro-na-vaga-de-uma-loja-mesmo-se-nao-for-cliente\/","title":{"rendered":"Pol\u00eamica: Posso estacionar o carro na vaga de uma loja, mesmo se n\u00e3o for cliente?"},"content":{"rendered":"<div class=\"lavra-antes-do-conteudo_2\" id=\"lavra-2789929989\"><div id=\"lavra-slider-27\" class=\"custom-slider lavra-slider-4189911580 lavra-slider\"><ul><li><div style=\"margin-left: auto;margin-right: auto;text-align: center;\" id=\"lavra-1662342148\"><a href=\"https:\/\/sistemas.lavras.mg.gov.br\/portalcidadao\/#df1b1a7c7b2a290bcb31e32771e610784662739a88807c0dacac58ede5f391a7530e299dc302d611ee73cb143fc22eaf93592e53e7b5bdb01b00a0b8d28dae460c141dd2ff83412e4dc1c31b16b25f33144a9e5620ea73b13f5bc1c59411d98439ad226e8af03840603796067d87afe130812cf3de24982d0e306f9e61e764e5\" aria-label=\"Lavras-TV&#8211;720x104px (1) (1)\"><img src=\"https:\/\/lavras.tv\/site\/wp-content\/uploads\/2025\/01\/Lavras-TV-720x104px-1-1.png\" alt=\"\"  srcset=\"https:\/\/lavras.tv\/site\/wp-content\/uploads\/2025\/01\/Lavras-TV-720x104px-1-1.png 720w, https:\/\/lavras.tv\/site\/wp-content\/uploads\/2025\/01\/Lavras-TV-720x104px-1-1-470x68.png 470w, https:\/\/lavras.tv\/site\/wp-content\/uploads\/2025\/01\/Lavras-TV-720x104px-1-1-170x25.png 170w, https:\/\/lavras.tv\/site\/wp-content\/uploads\/2025\/01\/Lavras-TV-720x104px-1-1-200x29.png 200w\" sizes=\"(max-width: 720px) 100vw, 720px\" width=\"720\" height=\"104\"  style=\"display: inline-block;\" \/><\/a><\/div><\/li><li><a href=\"https:\/\/sistemas.lavras.mg.gov.br\/portalcidadao\/#df1b1a7c7b2a290bcb31e32771e610784662739a88807c0dacac58ede5f391a7530e299dc302d611ee73cb143fc22eaf93592e53e7b5bdb01b00a0b8d28dae460c141dd2ff83412e4dc1c31b16b25f33144a9e5620ea73b13f5bc1c59411d98439ad226e8af03840603796067d87afe130812cf3de24982d0e306f9e61e764e5\" aria-label=\"Banner_Emprego_PortallavrasTV\"><img src=\"https:\/\/lavras.tv\/site\/wp-content\/uploads\/2025\/03\/Banner_Emprego_PortallavrasTV.png\" alt=\"\"  srcset=\"https:\/\/lavras.tv\/site\/wp-content\/uploads\/2025\/03\/Banner_Emprego_PortallavrasTV.png 720w, https:\/\/lavras.tv\/site\/wp-content\/uploads\/2025\/03\/Banner_Emprego_PortallavrasTV-470x68.png 470w, https:\/\/lavras.tv\/site\/wp-content\/uploads\/2025\/03\/Banner_Emprego_PortallavrasTV-170x25.png 170w, https:\/\/lavras.tv\/site\/wp-content\/uploads\/2025\/03\/Banner_Emprego_PortallavrasTV-200x29.png 200w\" sizes=\"(max-width: 720px) 100vw, 720px\" width=\"720\" height=\"104\"   \/><\/a><\/li><li><a href=\"https:\/\/sistemas.lavras.mg.gov.br\/portalcidadao\/#df1b1a7c7b2a290bcb31e32771e610784662739a88807c0dacac58ede5f391a7530e299dc302d611ee73cb143fc22eaf93592e53e7b5bdb01b00a0b8d28dae460c141dd2ff83412e4dc1c31b16b25f33144a9e5620ea73b13f5bc1c59411d98439ad226e8af03840603796067d87afe130812cf3de24982d0e306f9e61e764e5\" aria-label=\"Banner_Obras_PortallavrasTV\"><img src=\"https:\/\/lavras.tv\/site\/wp-content\/uploads\/2025\/03\/Banner_Obras_PortallavrasTV.png\" alt=\"\"  srcset=\"https:\/\/lavras.tv\/site\/wp-content\/uploads\/2025\/03\/Banner_Obras_PortallavrasTV.png 720w, https:\/\/lavras.tv\/site\/wp-content\/uploads\/2025\/03\/Banner_Obras_PortallavrasTV-470x68.png 470w, https:\/\/lavras.tv\/site\/wp-content\/uploads\/2025\/03\/Banner_Obras_PortallavrasTV-170x25.png 170w, https:\/\/lavras.tv\/site\/wp-content\/uploads\/2025\/03\/Banner_Obras_PortallavrasTV-200x29.png 200w\" sizes=\"(max-width: 720px) 100vw, 720px\" width=\"720\" height=\"104\"   \/><\/a><\/li><li><div style=\"margin-left: auto;margin-right: auto;text-align: center;\" id=\"lavra-514848694\"><a href=\"https:\/\/sistemas.lavras.mg.gov.br\/portalcidadao\/#df1b1a7c7b2a290bcb31e32771e610784662739a88807c0dacac58ede5f391a7530e299dc302d611ee73cb143fc22eaf93592e53e7b5bdb01b00a0b8d28dae460c141dd2ff83412e4dc1c31b16b25f33144a9e5620ea73b13f5bc1c59411d98439ad226e8af03840603796067d87afe130812cf3de24982d0e306f9e61e764e5\" aria-label=\"Banner_Educa\u00e7\u00e3o_PortallavrasTV\"><img src=\"https:\/\/lavras.tv\/site\/wp-content\/uploads\/2025\/01\/Banner_Educacao_PortallavrasTV.png\" alt=\"\"  srcset=\"https:\/\/lavras.tv\/site\/wp-content\/uploads\/2025\/01\/Banner_Educacao_PortallavrasTV.png 720w, https:\/\/lavras.tv\/site\/wp-content\/uploads\/2025\/01\/Banner_Educacao_PortallavrasTV-470x68.png 470w, https:\/\/lavras.tv\/site\/wp-content\/uploads\/2025\/01\/Banner_Educacao_PortallavrasTV-170x25.png 170w, https:\/\/lavras.tv\/site\/wp-content\/uploads\/2025\/01\/Banner_Educacao_PortallavrasTV-200x29.png 200w\" sizes=\"(max-width: 720px) 100vw, 720px\" width=\"720\" height=\"104\"  style=\"display: inline-block;\" \/><\/a><\/div><\/li><li><a href=\"https:\/\/sistemas.lavras.mg.gov.br\/portalcidadao\/#df1b1a7c7b2a290bcb31e32771e610784662739a88807c0dacac58ede5f391a7530e299dc302d611ee73cb143fc22eaf93592e53e7b5bdb01b00a0b8d28dae460c141dd2ff83412e4dc1c31b16b25f33144a9e5620ea73b13f5bc1c59411d98439ad226e8af03840603796067d87afe130812cf3de24982d0e306f9e61e764e5\" aria-label=\"Banner_Sa\u00fade_PortallavrasTV\"><img src=\"https:\/\/lavras.tv\/site\/wp-content\/uploads\/2025\/03\/Banner_Saude_PortallavrasTV.png\" alt=\"\"  srcset=\"https:\/\/lavras.tv\/site\/wp-content\/uploads\/2025\/03\/Banner_Saude_PortallavrasTV.png 720w, https:\/\/lavras.tv\/site\/wp-content\/uploads\/2025\/03\/Banner_Saude_PortallavrasTV-470x68.png 470w, https:\/\/lavras.tv\/site\/wp-content\/uploads\/2025\/03\/Banner_Saude_PortallavrasTV-170x25.png 170w, https:\/\/lavras.tv\/site\/wp-content\/uploads\/2025\/03\/Banner_Saude_PortallavrasTV-200x29.png 200w\" sizes=\"(max-width: 720px) 100vw, 720px\" width=\"720\" height=\"104\"   \/><\/a><\/li><li><div id=\"lavra-1705772994\" style=\"width:720px;height:104px;background-color:#ddd;overflow:scroll;\">\n\t<strong>Sa\u00edda da depura\u00e7\u00e3o de an\u00fancios<\/strong>\n\t<br><br>\n\tO an\u00fancio n\u00e3o \u00e9 exibido na p\u00e1gina<br><br>post atual: Pol\u00eamica: Posso estacionar o carro na vaga de uma loja, mesmo se n\u00e3o for cliente?, ID: 165560<br><br><span style=\"color: red;\">O post atual n\u00e3o \u00e9 id\u00eantico ao post principal.<\/span><br><br>An\u00fancios: ROXO - TOPO INTERNA - ROTATIVO 2 (197)<br \/>Grupo de an\u00fancios: Princ_Meio01_720x104 (27)<br><br>Condi\u00e7\u00f5es de exibi\u00e7\u00e3o<div style=\"margin-bottom: 20px; white-space: pre-wrap; font-family: monospace; width: 100%; background: #ffe9e9;\"><strong>condi\u00e7\u00f5es gerais<\/strong><table border=\"1\"><thead><tr><th><\/th><th>An\u00fancios<\/th><th>wp_the_query<\/th><\/tr><\/thead><tr><td>is_main_query<\/td><td>1<\/td><td>1<\/td><\/tr><tr><td>is_rest_api<\/td><td>0<\/td><td>1<\/td><\/tr><tr><td>page<\/td><td>0<\/td><td>1<\/td><\/tr><tr><td>numpages<\/td><td>0<\/td><td>1<\/td><\/tr><tr><td>is_archive<\/td><td>1<\/td><td><\/td><\/tr><tr><td>is_search<\/td><td>1<\/td><td><\/td><\/tr><tr><td>is_home<\/td><td>1<\/td><td><\/td><\/tr><tr><td>is_404<\/td><td>1<\/td><td><\/td><\/tr><tr><td>is_attachment<\/td><td>1<\/td><td><\/td><\/tr><tr><td>is_singular<\/td><td>1<\/td><td><\/td><\/tr><tr><td>is_front_page<\/td><td>1<\/td><td><\/td><\/tr><tr><td>is_feed<\/td><td>1<\/td><td><\/td><\/tr><\/table><\/div><br><br><span style=\"color: red;\">Seu site usa HTTPS, mas o c\u00f3digo do an\u00fancio cont\u00e9m HTTP e pode n\u00e3o funcionar.<\/span>\t<br><br>\n\t<a style=\"color: green;\" href=\"https:\/\/wpadvancedads.com\/manual\/ad-debug-mode\/?utm_source=advanced-ads&utm_medium=link&utm_campaign=ad-debug-mode\" target=\"_blank\" rel=\"nofollow\">Encontre solu\u00e7\u00f5es no manual<\/a>\n<\/div>\n<\/li><\/ul><\/div><script>( window.advanced_ads_ready || jQuery( document ).ready ).call( null, function() {var $lavraslider4189911580 = jQuery( \".lavra-slider-4189911580\" );$lavraslider4189911580.on( \"unslider.ready\", function() { jQuery( \"div.custom-slider ul li\" ).css( \"display\", \"block\" ); });$lavraslider4189911580.unslider({ delay:4000, autoplay:true, nav:false, arrows:false, infinite:true });$lavraslider4189911580.on(\"mouseover\", function() {$lavraslider4189911580.unslider(\"stop\");}).on(\"mouseout\", function() {$lavraslider4189911580.unslider(\"start\");});});<\/script><\/div>\n<p>Entenda o que diz a lei sobre estacionar em vagas de lojas e evite dor de cabe\u00e7a com multas ou guinchos<\/p>\n\n\n\n<figure class=\"wp-block-image size-large\"><img fetchpriority=\"high\" decoding=\"async\" width=\"970\" height=\"545\" src=\"https:\/\/lavras.tv\/site\/wp-content\/uploads\/2025\/04\/1_capturar-48943274-970x545.jpg\" alt=\"\" class=\"wp-image-165561\" srcset=\"https:\/\/lavras.tv\/site\/wp-content\/uploads\/2025\/04\/1_capturar-48943274-970x545.jpg 970w, https:\/\/lavras.tv\/site\/wp-content\/uploads\/2025\/04\/1_capturar-48943274-470x264.jpg 470w, https:\/\/lavras.tv\/site\/wp-content\/uploads\/2025\/04\/1_capturar-48943274-170x95.jpg 170w, https:\/\/lavras.tv\/site\/wp-content\/uploads\/2025\/04\/1_capturar-48943274-200x112.jpg 200w, https:\/\/lavras.tv\/site\/wp-content\/uploads\/2025\/04\/1_capturar-48943274.jpg 1200w\" sizes=\"(max-width: 970px) 100vw, 970px\" \/><\/figure>\n\n\n\n<p>Quem nunca<strong>\u00a0rodou a rua atr\u00e1s de uma vaga para estacionar<\/strong>\u00a0e, de repente, viu aquele espa\u00e7o tentador em frente a uma loja, com uma placa de\u00a0<strong>\u201cexclusivo para clientes\u201d?<\/strong>\u00a0A\u00ed vem a d\u00favida: posso parar aqui, mesmo sem ser cliente? Essa discuss\u00e3o \u00e9 antiga e sempre volta \u00e0 tona nas redes sociais, onde motoristas defendem que sim,<a href=\"https:\/\/www.vrum.com.br\/noticias\/2024\/06\/6885257-estacionaram-em-frente-a-sua-garagem-veiculo-nao-pode-ser-multado.html\" target=\"_blank\" rel=\"noreferrer noopener\">\u00a0podem estacionar<\/a>, enquanto lojistas dizem que n\u00e3o. Mas o que a lei realmente diz sobre isso? \u00c9 o que vamos explicar.\u00a0<\/p>\n\n\n\n<h2 class=\"wp-block-heading\"><strong>O que diz a Resolu\u00e7\u00e3o 302\/2008 do Contran?<\/strong><\/h2>\n\n\n\n<p>A Resolu\u00e7\u00e3o 302\/2008 do Contran, que foi revogada em 2022 e substitu\u00edda pela Resolu\u00e7\u00e3o 965\/2022, mas ainda \u00e9 muito citada, estabelece&nbsp;<strong>regras claras<\/strong>&nbsp;sobre&nbsp;<strong>estacionamentos<\/strong>&nbsp;em vias p\u00fablicas. O artigo 6\u00ba da resolu\u00e7\u00e3o de 2008 dizia que&nbsp;<em>\u201cfica vedado destinar parte da via para estacionamento privativo de qualquer ve\u00edculo em situa\u00e7\u00f5es de uso n\u00e3o previstas nesta resolu\u00e7\u00e3o\u201d.&nbsp;<\/em><\/p>\n\n\n\n<p>J\u00e1 a Resolu\u00e7\u00e3o 965\/2022 mant\u00e9m essa l\u00f3gica: s\u00f3 os \u00f3rg\u00e3os de tr\u00e2nsito podem reservar vagas em vias p\u00fablicas, e apenas para casos espec\u00edficos, como t\u00e1xis, ambul\u00e2ncias, ve\u00edculos de idosos ou pessoas com defici\u00eancia, carga e descarga, estacionamento rotativo, viaturas policiais e vagas de curta dura\u00e7\u00e3o (at\u00e9 30 minutos, com pisca-alerta ligado). Ou seja,&nbsp;<strong>uma loja n\u00e3o pode, por conta pr\u00f3pria, reservar uma vaga na rua s\u00f3 aos seus clientes.<\/strong><\/p>\n\n\n\n<p>Na pr\u00e1tica, isso significa que, se a vaga est\u00e1 na via p\u00fablica \u2013 mesmo que a cal\u00e7ada tenha sido rebaixada pelo lojista para criar um recuo \u2013, qualquer motorista pode estacionar ali, cliente ou n\u00e3o. Quando um comerciante rebaixa a guia para fazer um estacionamento de recuo, ele est\u00e1 \u201ctrocando\u201d a vaga que antes era paralela ao meio-fio por uma vaga dentro do recuo.&nbsp;<\/p>\n\n\n\n<p>Mas essa vaga continua sendo p\u00fablica, porque a via p\u00fablica n\u00e3o deixa de ser p\u00fablica s\u00f3 porque a cal\u00e7ada foi rebaixada. Ent\u00e3o,<strong>&nbsp;legalmente, voc\u00ea pode estacionar, sim,<\/strong>&nbsp;mesmo sem ser cliente.<\/p>\n\n\n\n<h2 class=\"wp-block-heading\"><strong>Quando a vaga \u00e9 realmente privativa?<\/strong><\/h2>\n\n\n\n<p>Agora, tem um detalhe importante: a<strong>&nbsp;vaga s\u00f3 \u00e9 considerada privativa de verdade se ela estiver dentro do terreno do estabelecimento<\/strong>, com entrada e sa\u00edda pr\u00f3prias, e&nbsp;<strong>sem interferir na via p\u00fablica.<\/strong>&nbsp;Nesses casos, o lojista precisa ter uma autoriza\u00e7\u00e3o municipal, geralmente vinculada ao alvar\u00e1 de funcionamento, para criar um estacionamento exclusivo.&nbsp;<\/p>\n\n\n\n<figure class=\"wp-block-image\"><img decoding=\"async\" src=\"https:\/\/midias.vrum.com.br\/_midias\/jpg\/2025\/03\/31\/4-48943300.jpg\" alt=\"Mesmo que o estabelecimento  rebaixe a guia e coloque uma placa de &quot;exclusivo para clientes&quot;, isso n\u00e3o muda absolutamente em nada, a vaga ainda \u00e9 p\u00fablica\" class=\"wp-image-115046\"\/><figcaption class=\"wp-element-caption\"><small>Mesmo que o estabelecimento rebaixe a guia e coloque uma placa de &#8220;exclusivo para clientes&#8221;, isso n\u00e3o muda absolutamente em nada, a vaga ainda \u00e9 p\u00fablica  <\/small><small>Foto: Reprodu\u00e7\u00e3o\/Google Maps<\/small><\/figcaption><\/figure>\n\n\n\n<p>Isso significa que a \u00e1rea tem que fazer parte da propriedade da loja, com a cal\u00e7ada alta ao redor para permitir o estacionamento p\u00fablico paralelo. Se a loja simplesmente rebaixar a guia e colocar uma placa de&nbsp;<em>\u201cexclusivo para clientes\u201d<\/em>,&nbsp;<strong>isso n\u00e3o vale<\/strong>&nbsp;\u2013 a vaga ainda \u00e9 p\u00fablica.<\/p>\n\n\n\n<h2 class=\"wp-block-heading\"><strong>E as placas de \u201csujeito a guincho\u201d?<\/strong><\/h2>\n\n\n\n<p>Voc\u00ea j\u00e1 deve ter visto placas em frente a farm\u00e1cias, padarias e mercadinhos dizendo \u201cexclusivo para clientes, sujeito a reboque\u201d. Mas ser\u00e1 que o lojista pode mesmo guinchar seu carro? Na maioria dos casos, n\u00e3o.&nbsp;<\/p>\n\n\n\n<p>O Portal do Tr\u00e2nsito explica que s\u00f3 os \u00f3rg\u00e3os de tr\u00e2nsito t\u00eam autoridade para mandar guinchar um ve\u00edculo, e isso s\u00f3 acontece se&nbsp;<strong>o carro estiver em uma vaga devidamente sinalizada como privativa<\/strong>&nbsp;(por exemplo, para idosos ou deficientes) ou em local proibido, como uma esquina. Uma placa colocada pelo lojista n\u00e3o tem valor legal pra isso.<\/p>\n\n\n\n<figure class=\"wp-block-image\"><img decoding=\"async\" src=\"https:\/\/midias.vrum.com.br\/_midias\/jpg\/2025\/03\/31\/1-48943276.jpg\" alt=\"Correntes proibido estacionar \u00e9 ilegal e pass\u00edvel de multa\" class=\"wp-image-115046\"\/><figcaption class=\"wp-element-caption\"><small>Correntes proibindo estacionar \u00e9 ilegal e pass\u00edvel de multa<\/small><small>Foto: Reprodu\u00e7\u00e3o\/Google Maps<\/small><\/figcaption><\/figure>\n\n\n\n<p>Al\u00e9m disso, o artigo 24 do CTB deixa claro que apenas os \u00f3rg\u00e3os de tr\u00e2nsito podem reservar vagas em vias p\u00fablicas. Ent\u00e3o, se o lojista colocar cones, correntes ou pneus para impedir que voc\u00ea estacione, ele est\u00e1 cometendo uma irregularidade. Isso \u00e9 uma infra\u00e7\u00e3o grav\u00edssima, prevista no artigo 246 do CTB. A&nbsp;<a href=\"https:\/\/www.vrum.com.br\/aceleradas\/2024\/11\/6982454-5-mitos-e-verdades-sobre-multas-de-transito-no-brasil.html\" target=\"_blank\" rel=\"noreferrer noopener\">multa<\/a>&nbsp;pode chegar a&nbsp;<strong>R$ 1.467,35<\/strong>, e o respons\u00e1vel pode ser obrigado a remover os obst\u00e1culos.<\/p>\n\n\n\n<h2 class=\"wp-block-heading\"><strong>E quando voc\u00ea n\u00e3o pode estacionar?<\/strong><\/h2>\n\n\n\n<p>Tem&nbsp;<a href=\"https:\/\/www.vrum.com.br\/noticias\/2024\/06\/6886675-estacionamento-irregular-todas-as-situacoes-que-geram-multa.html\" target=\"_blank\" rel=\"noreferrer noopener\">situa\u00e7\u00f5es em que voc\u00ea n\u00e3o pode estacionar,<\/a>&nbsp;mesmo que a vaga pare\u00e7a p\u00fablica. Se a rua tiver&nbsp;<strong>uma placa de \u201cproibido estacionar\u201d ou \u201cproibido parar e estacionar\u201d<\/strong>, o lojista pode, sim, usar o recuo como exclusivo, porque ningu\u00e9m poderia estacionar ali de qualquer jeito. Nesse caso, a vaga passa a ser dele, e voc\u00ea pode ser multado ou, nesse caso, guinchado se parar.&nbsp;<\/p>\n\n\n\n<p>Al\u00e9m disso, se h\u00e1 uma<strong>&nbsp;ciclofaixa na entrada do estabelecimento,<\/strong>&nbsp;ou seja, ao lado do recuo, tamb\u00e9m \u00e9 proibido.&nbsp;<\/p>\n\n\n\n<p>Outra situa\u00e7\u00e3o, como j\u00e1 citada, \u00e9 quando a loja tem um estacionamento privativo de verdade, dentro do terreno, com entrada e sa\u00edda pr\u00f3prias. A\u00ed, se voc\u00ea estacionar sem ser cliente, o dono pode chamar a pol\u00edcia ou um guincho, porque voc\u00ea t\u00e1 invadindo uma propriedade privada. Exemplo \u00e9 aqueles estacionamentos subterr\u00e2neos, de supermercado, por exemplo, ou na parte de cima.&nbsp;<\/p>\n\n\n\n<h2 class=\"wp-block-heading\"><strong>O que fazer se o lojista reclamar?<\/strong><\/h2>\n\n\n\n<p>Se voc\u00ea estacionar em uma vaga de recuo e o lojista vier reclamar, o ideal \u00e9 manter a calma. Explique que, pela lei, a vaga \u00e9 p\u00fablica, e que ele n\u00e3o pode te multar ou guinchar seu carro. Se ele insistir ou amea\u00e7ar, voc\u00ea pode acionar a autoridade de tr\u00e2nsito do munic\u00edpio para verificar a situa\u00e7\u00e3o. E novamente: se o lojista colocar cones ou correntes, voc\u00ea pode denunciar ao \u00f3rg\u00e3o de tr\u00e2nsito local, porque isso \u00e9 ilegal.<\/p>\n\n\n\n<p>Por outro lado, se voc\u00ea perceber que a vaga \u00e9 realmente privativa (dentro do terreno, com entrada e sa\u00edda), o melhor \u00e9 evitar confus\u00e3o e procurar outro lugar para estacionar. E, claro, sempre cheque se n\u00e3o tem placa de \u201cproibido estacionar\u201d na rua, pra n\u00e3o levar uma multa de bobeira.<\/p>\n\n\n\n<p>Por outro lado, alguns lojistas argumentam que investem para criar essas vagas e que \u00e9 injusto que outros motoristas as usem. Um coment\u00e1rio no Portal do Tr\u00e2nsito resume o sentimento:&nbsp;<em>\u201cO lojista usa o espa\u00e7o para facilitar a vida dos clientes, e a\u00ed vem uma lei que deixa qualquer um estacionar. \u00c9 errado!\u201d<\/em>&nbsp;Mas, enquanto a lei n\u00e3o mudar, o direito de estacionar em vias p\u00fablicas \u00e9 de todos.<\/p>\n\n\n\n<p>No fim das contas, a lei fica ao lado do motorista na maioria dos casos: se a vaga est\u00e1 na via p\u00fablica, voc\u00ea pode estacionar, sim, mesmo sem ser cliente. Mas, como tudo no tr\u00e2nsito, \u00e9 bom usar o bom senso. Se voc\u00ea sabe que o lojista vai fazer um esc\u00e2ndalo, talvez seja melhor procurar outro lugar para parar. E, claro, fique de olho nas sinaliza\u00e7\u00f5es.&nbsp;<\/p>\n","protected":false},"excerpt":{"rendered":"<p>Entenda o que diz a lei sobre estacionar em vagas de lojas e evite dor de cabe\u00e7a com multas ou guinchos Quem nunca\u00a0rodou a rua atr\u00e1s de uma vaga para estacionar\u00a0e, de repente, viu aquele espa\u00e7o tentador em frente a uma loja, com uma placa de\u00a0\u201cexclusivo para clientes\u201d?\u00a0A\u00ed vem a d\u00favida: posso parar aqui, mesmo [&hellip;]<\/p>\n","protected":false},"author":5,"featured_media":165561,"comment_status":"closed","ping_status":"open","sticky":false,"template":"","format":"standard","meta":{"advgb_blocks_editor_width":"","advgb_blocks_columns_visual_guide":"","_exactmetrics_skip_tracking":false,"_exactmetrics_sitenote_active":false,"_exactmetrics_sitenote_note":"","_exactmetrics_sitenote_category":0,"footnotes":""},"categories":[7,2],"tags":[],"class_list":["post-165560","post","type-post","status-publish","format-standard","has-post-thumbnail","hentry","category-destaques","category-noticias"],"better_featured_image":{"id":165561,"alt_text":"","caption":"","description":"","media_type":"image","media_details":{"width":1200,"height":674,"file":"2025\/04\/1_capturar-48943274.jpg","filesize":201406,"sizes":{"medium":{"file":"1_capturar-48943274-470x264.jpg","width":470,"height":264,"mime-type":"image\/jpeg","filesize":27008,"source_url":"https:\/\/lavras.tv\/site\/wp-content\/uploads\/2025\/04\/1_capturar-48943274-470x264.jpg"},"large":{"file":"1_capturar-48943274-970x545.jpg","width":970,"height":545,"mime-type":"image\/jpeg","filesize":94896,"source_url":"https:\/\/lavras.tv\/site\/wp-content\/uploads\/2025\/04\/1_capturar-48943274-970x545.jpg"},"thumbnail":{"file":"1_capturar-48943274-170x95.jpg","width":170,"height":95,"mime-type":"image\/jpeg","filesize":4774,"source_url":"https:\/\/lavras.tv\/site\/wp-content\/uploads\/2025\/04\/1_capturar-48943274-170x95.jpg"},"lshowcase-thumb":{"file":"1_capturar-48943274-200x112.jpg","width":200,"height":112,"mime-type":"image\/jpeg","filesize":6225,"source_url":"https:\/\/lavras.tv\/site\/wp-content\/uploads\/2025\/04\/1_capturar-48943274-200x112.jpg"},"alm-thumbnail":{"file":"1_capturar-48943274-150x150.jpg","width":150,"height":150,"mime-type":"image\/jpeg","filesize":6575,"source_url":"https:\/\/lavras.tv\/site\/wp-content\/uploads\/2025\/04\/1_capturar-48943274-150x150.jpg"}},"image_meta":{"aperture":"0","credit":"","camera":"","caption":"","created_timestamp":"0","copyright":"","focal_length":"0","iso":"0","shutter_speed":"0","title":"","orientation":"0","keywords":[]}},"post":165560,"source_url":"https:\/\/lavras.tv\/site\/wp-content\/uploads\/2025\/04\/1_capturar-48943274.jpg"},"author_meta":{"display_name":"Vinicius Bustamante","author_link":"https:\/\/lavras.tv\/site\/author\/vinicius-bustamante\/"},"featured_img":"https:\/\/lavras.tv\/site\/wp-content\/uploads\/2025\/04\/1_capturar-48943274-470x264.jpg","coauthors":[],"tax_additional":{"categories":{"linked":["<a href=\"https:\/\/lavras.tv\/site\/category\/destaques\/\" class=\"advgb-post-tax-term\">Destaques<\/a>","<a href=\"https:\/\/lavras.tv\/site\/category\/noticias\/\" class=\"advgb-post-tax-term\">Not\u00edcias<\/a>"],"unlinked":["<span class=\"advgb-post-tax-term\">Destaques<\/span>","<span class=\"advgb-post-tax-term\">Not\u00edcias<\/span>"]}},"comment_count":"0","relative_dates":{"created":"Publicado 1 ano atr\u00e1s","modified":"Atualizado 1 ano atr\u00e1s"},"absolute_dates":{"created":"Publicado em 1 de abril de 2025","modified":"Atualizado em 1 de abril de 2025"},"absolute_dates_time":{"created":"Publicado em 1 de abril de 2025 11:34","modified":"Atualizado em 1 de abril de 2025 11:34"},"featured_img_caption":"","series_order":"","_links":{"self":[{"href":"https:\/\/lavras.tv\/site\/wp-json\/wp\/v2\/posts\/165560","targetHints":{"allow":["GET"]}}],"collection":[{"href":"https:\/\/lavras.tv\/site\/wp-json\/wp\/v2\/posts"}],"about":[{"href":"https:\/\/lavras.tv\/site\/wp-json\/wp\/v2\/types\/post"}],"author":[{"embeddable":true,"href":"https:\/\/lavras.tv\/site\/wp-json\/wp\/v2\/users\/5"}],"replies":[{"embeddable":true,"href":"https:\/\/lavras.tv\/site\/wp-json\/wp\/v2\/comments?post=165560"}],"version-history":[{"count":1,"href":"https:\/\/lavras.tv\/site\/wp-json\/wp\/v2\/posts\/165560\/revisions"}],"predecessor-version":[{"id":165562,"href":"https:\/\/lavras.tv\/site\/wp-json\/wp\/v2\/posts\/165560\/revisions\/165562"}],"wp:featuredmedia":[{"embeddable":true,"href":"https:\/\/lavras.tv\/site\/wp-json\/wp\/v2\/media\/165561"}],"wp:attachment":[{"href":"https:\/\/lavras.tv\/site\/wp-json\/wp\/v2\/media?parent=165560"}],"wp:term":[{"taxonomy":"category","embeddable":true,"href":"https:\/\/lavras.tv\/site\/wp-json\/wp\/v2\/categories?post=165560"},{"taxonomy":"post_tag","embeddable":true,"href":"https:\/\/lavras.tv\/site\/wp-json\/wp\/v2\/tags?post=165560"}],"curies":[{"name":"wp","href":"https:\/\/api.w.org\/{rel}","templated":true}]}}