{"id":165841,"date":"2025-04-02T15:07:44","date_gmt":"2025-04-02T18:07:44","guid":{"rendered":"http:\/\/lavras.tv\/site\/?p=165841"},"modified":"2025-04-02T15:07:45","modified_gmt":"2025-04-02T18:07:45","slug":"quaest-pela-primeira-vez-governo-lula-e-reprovado-por-mais-da-metade-da-populacao","status":"publish","type":"post","link":"https:\/\/lavras.tv\/site\/2025\/04\/02\/quaest-pela-primeira-vez-governo-lula-e-reprovado-por-mais-da-metade-da-populacao\/","title":{"rendered":"Quaest: pela primeira vez, governo Lula \u00e9 reprovado por mais da metade da popula\u00e7\u00e3o"},"content":{"rendered":"<div class=\"lavra-antes-do-conteudo_2\" id=\"lavra-2408010413\"><div id=\"lavra-slider-27\" class=\"custom-slider lavra-slider-3219500834 lavra-slider\"><ul><li><div style=\"margin-left: auto;margin-right: auto;text-align: center;\" id=\"lavra-624579953\"><a href=\"https:\/\/sistemas.lavras.mg.gov.br\/portalcidadao\/#df1b1a7c7b2a290bcb31e32771e610784662739a88807c0dacac58ede5f391a7530e299dc302d611ee73cb143fc22eaf93592e53e7b5bdb01b00a0b8d28dae460c141dd2ff83412e4dc1c31b16b25f33144a9e5620ea73b13f5bc1c59411d98439ad226e8af03840603796067d87afe130812cf3de24982d0e306f9e61e764e5\" aria-label=\"Lavras-TV&#8211;720x104px (1) (1)\"><img src=\"https:\/\/lavras.tv\/site\/wp-content\/uploads\/2025\/01\/Lavras-TV-720x104px-1-1.png\" alt=\"\"  srcset=\"https:\/\/lavras.tv\/site\/wp-content\/uploads\/2025\/01\/Lavras-TV-720x104px-1-1.png 720w, https:\/\/lavras.tv\/site\/wp-content\/uploads\/2025\/01\/Lavras-TV-720x104px-1-1-470x68.png 470w, https:\/\/lavras.tv\/site\/wp-content\/uploads\/2025\/01\/Lavras-TV-720x104px-1-1-170x25.png 170w, https:\/\/lavras.tv\/site\/wp-content\/uploads\/2025\/01\/Lavras-TV-720x104px-1-1-200x29.png 200w\" sizes=\"(max-width: 720px) 100vw, 720px\" width=\"720\" height=\"104\"  style=\"display: inline-block;\" \/><\/a><\/div><\/li><li><a href=\"https:\/\/sistemas.lavras.mg.gov.br\/portalcidadao\/#df1b1a7c7b2a290bcb31e32771e610784662739a88807c0dacac58ede5f391a7530e299dc302d611ee73cb143fc22eaf93592e53e7b5bdb01b00a0b8d28dae460c141dd2ff83412e4dc1c31b16b25f33144a9e5620ea73b13f5bc1c59411d98439ad226e8af03840603796067d87afe130812cf3de24982d0e306f9e61e764e5\" aria-label=\"Banner_Emprego_PortallavrasTV\"><img src=\"https:\/\/lavras.tv\/site\/wp-content\/uploads\/2025\/03\/Banner_Emprego_PortallavrasTV.png\" alt=\"\"  srcset=\"https:\/\/lavras.tv\/site\/wp-content\/uploads\/2025\/03\/Banner_Emprego_PortallavrasTV.png 720w, https:\/\/lavras.tv\/site\/wp-content\/uploads\/2025\/03\/Banner_Emprego_PortallavrasTV-470x68.png 470w, https:\/\/lavras.tv\/site\/wp-content\/uploads\/2025\/03\/Banner_Emprego_PortallavrasTV-170x25.png 170w, https:\/\/lavras.tv\/site\/wp-content\/uploads\/2025\/03\/Banner_Emprego_PortallavrasTV-200x29.png 200w\" sizes=\"(max-width: 720px) 100vw, 720px\" width=\"720\" height=\"104\"   \/><\/a><\/li><li><a href=\"https:\/\/sistemas.lavras.mg.gov.br\/portalcidadao\/#df1b1a7c7b2a290bcb31e32771e610784662739a88807c0dacac58ede5f391a7530e299dc302d611ee73cb143fc22eaf93592e53e7b5bdb01b00a0b8d28dae460c141dd2ff83412e4dc1c31b16b25f33144a9e5620ea73b13f5bc1c59411d98439ad226e8af03840603796067d87afe130812cf3de24982d0e306f9e61e764e5\" aria-label=\"Banner_Obras_PortallavrasTV\"><img src=\"https:\/\/lavras.tv\/site\/wp-content\/uploads\/2025\/03\/Banner_Obras_PortallavrasTV.png\" alt=\"\"  srcset=\"https:\/\/lavras.tv\/site\/wp-content\/uploads\/2025\/03\/Banner_Obras_PortallavrasTV.png 720w, https:\/\/lavras.tv\/site\/wp-content\/uploads\/2025\/03\/Banner_Obras_PortallavrasTV-470x68.png 470w, https:\/\/lavras.tv\/site\/wp-content\/uploads\/2025\/03\/Banner_Obras_PortallavrasTV-170x25.png 170w, https:\/\/lavras.tv\/site\/wp-content\/uploads\/2025\/03\/Banner_Obras_PortallavrasTV-200x29.png 200w\" sizes=\"(max-width: 720px) 100vw, 720px\" width=\"720\" height=\"104\"   \/><\/a><\/li><li><div style=\"margin-left: auto;margin-right: auto;text-align: center;\" id=\"lavra-662409831\"><a href=\"https:\/\/sistemas.lavras.mg.gov.br\/portalcidadao\/#df1b1a7c7b2a290bcb31e32771e610784662739a88807c0dacac58ede5f391a7530e299dc302d611ee73cb143fc22eaf93592e53e7b5bdb01b00a0b8d28dae460c141dd2ff83412e4dc1c31b16b25f33144a9e5620ea73b13f5bc1c59411d98439ad226e8af03840603796067d87afe130812cf3de24982d0e306f9e61e764e5\" aria-label=\"Banner_Educa\u00e7\u00e3o_PortallavrasTV\"><img src=\"https:\/\/lavras.tv\/site\/wp-content\/uploads\/2025\/01\/Banner_Educacao_PortallavrasTV.png\" alt=\"\"  srcset=\"https:\/\/lavras.tv\/site\/wp-content\/uploads\/2025\/01\/Banner_Educacao_PortallavrasTV.png 720w, https:\/\/lavras.tv\/site\/wp-content\/uploads\/2025\/01\/Banner_Educacao_PortallavrasTV-470x68.png 470w, https:\/\/lavras.tv\/site\/wp-content\/uploads\/2025\/01\/Banner_Educacao_PortallavrasTV-170x25.png 170w, https:\/\/lavras.tv\/site\/wp-content\/uploads\/2025\/01\/Banner_Educacao_PortallavrasTV-200x29.png 200w\" sizes=\"(max-width: 720px) 100vw, 720px\" width=\"720\" height=\"104\"  style=\"display: inline-block;\" \/><\/a><\/div><\/li><li><a href=\"https:\/\/sistemas.lavras.mg.gov.br\/portalcidadao\/#df1b1a7c7b2a290bcb31e32771e610784662739a88807c0dacac58ede5f391a7530e299dc302d611ee73cb143fc22eaf93592e53e7b5bdb01b00a0b8d28dae460c141dd2ff83412e4dc1c31b16b25f33144a9e5620ea73b13f5bc1c59411d98439ad226e8af03840603796067d87afe130812cf3de24982d0e306f9e61e764e5\" aria-label=\"Banner_Sa\u00fade_PortallavrasTV\"><img src=\"https:\/\/lavras.tv\/site\/wp-content\/uploads\/2025\/03\/Banner_Saude_PortallavrasTV.png\" alt=\"\"  srcset=\"https:\/\/lavras.tv\/site\/wp-content\/uploads\/2025\/03\/Banner_Saude_PortallavrasTV.png 720w, https:\/\/lavras.tv\/site\/wp-content\/uploads\/2025\/03\/Banner_Saude_PortallavrasTV-470x68.png 470w, https:\/\/lavras.tv\/site\/wp-content\/uploads\/2025\/03\/Banner_Saude_PortallavrasTV-170x25.png 170w, https:\/\/lavras.tv\/site\/wp-content\/uploads\/2025\/03\/Banner_Saude_PortallavrasTV-200x29.png 200w\" sizes=\"(max-width: 720px) 100vw, 720px\" width=\"720\" height=\"104\"   \/><\/a><\/li><li><div id=\"lavra-2551840403\" style=\"width:720px;height:104px;background-color:#ddd;overflow:scroll;\">\n\t<strong>Sa\u00edda da depura\u00e7\u00e3o de an\u00fancios<\/strong>\n\t<br><br>\n\tO an\u00fancio n\u00e3o \u00e9 exibido na p\u00e1gina<br><br>post atual: Quaest: pela primeira vez, governo Lula \u00e9 reprovado por mais da metade da popula\u00e7\u00e3o, ID: 165841<br><br><span style=\"color: red;\">O post atual n\u00e3o \u00e9 id\u00eantico ao post principal.<\/span><br><br>An\u00fancios: ROXO - TOPO INTERNA - ROTATIVO 2 (197)<br \/>Grupo de an\u00fancios: Princ_Meio01_720x104 (27)<br><br>Condi\u00e7\u00f5es de exibi\u00e7\u00e3o<div style=\"margin-bottom: 20px; white-space: pre-wrap; font-family: monospace; width: 100%; background: #ffe9e9;\"><strong>condi\u00e7\u00f5es gerais<\/strong><table border=\"1\"><thead><tr><th><\/th><th>An\u00fancios<\/th><th>wp_the_query<\/th><\/tr><\/thead><tr><td>is_main_query<\/td><td>1<\/td><td>1<\/td><\/tr><tr><td>is_rest_api<\/td><td>0<\/td><td>1<\/td><\/tr><tr><td>page<\/td><td>0<\/td><td>1<\/td><\/tr><tr><td>numpages<\/td><td>0<\/td><td>1<\/td><\/tr><tr><td>is_archive<\/td><td>1<\/td><td><\/td><\/tr><tr><td>is_search<\/td><td>1<\/td><td><\/td><\/tr><tr><td>is_home<\/td><td>1<\/td><td><\/td><\/tr><tr><td>is_404<\/td><td>1<\/td><td><\/td><\/tr><tr><td>is_attachment<\/td><td>1<\/td><td><\/td><\/tr><tr><td>is_singular<\/td><td>1<\/td><td><\/td><\/tr><tr><td>is_front_page<\/td><td>1<\/td><td><\/td><\/tr><tr><td>is_feed<\/td><td>1<\/td><td><\/td><\/tr><\/table><\/div><br><br><span style=\"color: red;\">Seu site usa HTTPS, mas o c\u00f3digo do an\u00fancio cont\u00e9m HTTP e pode n\u00e3o funcionar.<\/span>\t<br><br>\n\t<a style=\"color: green;\" href=\"https:\/\/wpadvancedads.com\/manual\/ad-debug-mode\/?utm_source=advanced-ads&utm_medium=link&utm_campaign=ad-debug-mode\" target=\"_blank\" rel=\"nofollow\">Encontre solu\u00e7\u00f5es no manual<\/a>\n<\/div>\n<\/li><\/ul><\/div><script>( window.advanced_ads_ready || jQuery( document ).ready ).call( null, function() {var $lavraslider3219500834 = jQuery( \".lavra-slider-3219500834\" );$lavraslider3219500834.on( \"unslider.ready\", function() { jQuery( \"div.custom-slider ul li\" ).css( \"display\", \"block\" ); });$lavraslider3219500834.unslider({ delay:4000, autoplay:true, nav:false, arrows:false, infinite:true });$lavraslider3219500834.on(\"mouseover\", function() {$lavraslider3219500834.unslider(\"stop\");}).on(\"mouseout\", function() {$lavraslider3219500834.unslider(\"start\");});});<\/script><\/div>\n<p><strong>O levantamento \u00e9 o primeiro da Genial Quaest a mostrar uma reprova\u00e7\u00e3o de mais de 50% para o governo Lula<\/strong><\/p>\n\n\n\n<figure class=\"wp-block-image size-large\"><img fetchpriority=\"high\" decoding=\"async\" width=\"970\" height=\"582\" src=\"http:\/\/lavras.tv\/site\/wp-content\/uploads\/2025\/04\/1_54350884905_21d777c790_k_e1741294872369_990x557-48064576-970x582.jpg\" alt=\"\" class=\"wp-image-165842\" srcset=\"https:\/\/lavras.tv\/site\/wp-content\/uploads\/2025\/04\/1_54350884905_21d777c790_k_e1741294872369_990x557-48064576-970x582.jpg 970w, https:\/\/lavras.tv\/site\/wp-content\/uploads\/2025\/04\/1_54350884905_21d777c790_k_e1741294872369_990x557-48064576-470x282.jpg 470w, https:\/\/lavras.tv\/site\/wp-content\/uploads\/2025\/04\/1_54350884905_21d777c790_k_e1741294872369_990x557-48064576-170x102.jpg 170w, https:\/\/lavras.tv\/site\/wp-content\/uploads\/2025\/04\/1_54350884905_21d777c790_k_e1741294872369_990x557-48064576-200x120.jpg 200w, https:\/\/lavras.tv\/site\/wp-content\/uploads\/2025\/04\/1_54350884905_21d777c790_k_e1741294872369_990x557-48064576.jpg 1200w\" sizes=\"(max-width: 970px) 100vw, 970px\" \/><\/figure>\n\n\n\n<p>Pela primeira vez, o\u00a0<a href=\"https:\/\/www.em.com.br\/politica\/2025\/03\/7095618-governo-lula-indica-guido-mantega-para-conselho-fiscal-da-eletrobras.html\"><strong>governo do presidente<\/strong><\/a>\u00a0Luiz In\u00e1cio\u00a0<a href=\"https:\/\/www.em.com.br\/politica\/2025\/03\/7097894-lula-deve-procurar-presidentes-de-partidos-na-volta-ao-brasil-para-avancar-com-reforma-ministerial.html\"><strong>Lula<\/strong>\u00a0<\/a>da Silva (PT) passou a ser reprovado por mais da metade da popula\u00e7\u00e3o, de acordo com a nova\u00a0pesquisa Genial Quaest, divulgada nesta quarta-feira (2\/4).<\/p>\n\n\n\n<p>O levantamento, que ouviu 2.004 pessoas maiores de 16 anos entre os dias 27 e 31 de mar\u00e7o, mostra que o presidente \u00e9 reprovado por 56%, enquanto 41% da popula\u00e7\u00e3o aprova a gest\u00e3o e 3% n\u00e3o sabem ou n\u00e3o responderam.\u00a0A margem de erro \u00e9 de dois pontos percentuais para mais ou para menos.\u00a0<\/p>\n\n\n\n<p>\u00c9 a primeira pesquisa do instituto em que Lula \u00e9 reprovado por mais de 50% da popula\u00e7\u00e3o. A \u00faltima pesquisa\u00a0Genial Quaest, divulgada em janeiro, mostrava uma reprova\u00e7\u00e3o de 49%, frente a aprova\u00e7\u00e3o de 47%.\u00a0<\/p>\n\n\n\n<p>Os resultados da pesquisa refor\u00e7am o que foi mostrado por outros institutos, como a AtlasIntel desta semana (49,6% de reprova\u00e7\u00e3o).<\/p>\n\n\n\n<h2 class=\"wp-block-heading\">Regi\u00f5es<\/h2>\n\n\n\n<p>Entre as regi\u00f5es do pa\u00eds, segundo o levantamento da Quaest, o Sul concentra o maior \u00edndice de reprova\u00e7\u00e3o, com 64%. Lula concentra maior popularidade no Nordeste, com 52% de aprova\u00e7\u00e3o. No&nbsp;Centro-Oeste e no Norte, 52% dos entrevistados desaprovam o governo. No Sudeste, esse \u00edndice vai para 60% dos entrevistados pela pesquisa Genial Quaest.&nbsp;<\/p>\n\n\n\n<p>No recorte por g\u00eanero, a pesquisa Quaest mostra predomin\u00e2ncia da reprova\u00e7\u00e3o entre homens (59%), enquanto 53% das mulheres ouvidas pelo levantamento desaprovam o governo do petista.<\/p>\n\n\n\n<p>J\u00e1 na an\u00e1lise por idade, a desaprova\u00e7\u00e3o do governo \u00e9 maior entre a popula\u00e7\u00e3o mais jovem. De acordo com a pesquisa Genial Quaest, 64% das popula\u00e7\u00e3o entre 16 e 34 anos reprovam a gest\u00e3o do petista.<\/p>\n\n\n\n<p>Ainda de acordo com os dados do levantamento, \u00e9 poss\u00edvel afirmar que a desaprova\u00e7\u00e3o do governo Lula diminui quando os entrevistados s\u00e3o mais velhos. Isso porque, entre a popula\u00e7\u00e3o de 35 e 59 anos, 54% desaprovam Lula e, na popula\u00e7\u00e3o que tem 60 anos ou mais, 50% aprovam e 46% desaprovam o governo.<\/p>\n\n\n\n<h2 class=\"wp-block-heading\">Governo quer aumentar popularidade<\/h2>\n\n\n\n<p>Com o objetivo de aumentar a popularidade, o governo Lula promover\u00e1 um evento sobre o balan\u00e7o de dois anos de governo nesta quinta-feira (3\/4). Al\u00e9m do presidente, a solenidade ter\u00e1&nbsp;a presen\u00e7a de ministros de Estado, parlamentares, representantes da sociedade civil e outras autoridades.<\/p>\n\n\n\n<p>O\u00a0evento far\u00e1 parte de uma campanha do governo para tentar reverter\u00a0\u00a0a\u00a0queda na popularidade de Lula, que est\u00e1 no pior patamar dos tr\u00eas mandatos.\u00a0Batizada de \u201cO Brasil Dando a Volta Por Cima\u201d, a solenidade vai destacar os programas como o P\u00e9-de-Meia, a isen\u00e7\u00e3o do Imposto de Renda at\u00e9 R$ 5 mil e o Minha Casa Minha Vida.<\/p>\n","protected":false},"excerpt":{"rendered":"<p>O levantamento \u00e9 o primeiro da Genial Quaest a mostrar uma reprova\u00e7\u00e3o de mais de 50% para o governo Lula Pela primeira vez, o\u00a0governo do presidente\u00a0Luiz In\u00e1cio\u00a0Lula\u00a0da Silva (PT) passou a ser reprovado por mais da metade da popula\u00e7\u00e3o, de acordo com a nova\u00a0pesquisa Genial Quaest, divulgada nesta quarta-feira (2\/4). O levantamento, que ouviu 2.004 [&hellip;]<\/p>\n","protected":false},"author":5,"featured_media":165842,"comment_status":"closed","ping_status":"open","sticky":false,"template":"","format":"standard","meta":{"advgb_blocks_editor_width":"","advgb_blocks_columns_visual_guide":"","_exactmetrics_skip_tracking":false,"_exactmetrics_sitenote_active":false,"_exactmetrics_sitenote_note":"","_exactmetrics_sitenote_category":0,"footnotes":""},"categories":[7,2,12],"tags":[],"class_list":["post-165841","post","type-post","status-publish","format-standard","has-post-thumbnail","hentry","category-destaques","category-noticias","category-politica"],"better_featured_image":{"id":165842,"alt_text":"","caption":"","description":"","media_type":"image","media_details":{"width":1200,"height":720,"file":"2025\/04\/1_54350884905_21d777c790_k_e1741294872369_990x557-48064576.jpg","filesize":156246,"sizes":{"medium":{"file":"1_54350884905_21d777c790_k_e1741294872369_990x557-48064576-470x282.jpg","width":470,"height":282,"mime-type":"image\/jpeg","filesize":21495,"source_url":"https:\/\/lavras.tv\/site\/wp-content\/uploads\/2025\/04\/1_54350884905_21d777c790_k_e1741294872369_990x557-48064576-470x282.jpg"},"large":{"file":"1_54350884905_21d777c790_k_e1741294872369_990x557-48064576-970x582.jpg","width":970,"height":582,"mime-type":"image\/jpeg","filesize":69153,"source_url":"https:\/\/lavras.tv\/site\/wp-content\/uploads\/2025\/04\/1_54350884905_21d777c790_k_e1741294872369_990x557-48064576-970x582.jpg"},"thumbnail":{"file":"1_54350884905_21d777c790_k_e1741294872369_990x557-48064576-170x102.jpg","width":170,"height":102,"mime-type":"image\/jpeg","filesize":4927,"source_url":"https:\/\/lavras.tv\/site\/wp-content\/uploads\/2025\/04\/1_54350884905_21d777c790_k_e1741294872369_990x557-48064576-170x102.jpg"},"lshowcase-thumb":{"file":"1_54350884905_21d777c790_k_e1741294872369_990x557-48064576-200x120.jpg","width":200,"height":120,"mime-type":"image\/jpeg","filesize":5988,"source_url":"https:\/\/lavras.tv\/site\/wp-content\/uploads\/2025\/04\/1_54350884905_21d777c790_k_e1741294872369_990x557-48064576-200x120.jpg"},"alm-thumbnail":{"file":"1_54350884905_21d777c790_k_e1741294872369_990x557-48064576-150x150.jpg","width":150,"height":150,"mime-type":"image\/jpeg","filesize":5377,"source_url":"https:\/\/lavras.tv\/site\/wp-content\/uploads\/2025\/04\/1_54350884905_21d777c790_k_e1741294872369_990x557-48064576-150x150.jpg"}},"image_meta":{"aperture":"0","credit":"","camera":"","caption":"","created_timestamp":"0","copyright":"","focal_length":"0","iso":"0","shutter_speed":"0","title":"","orientation":"0","keywords":[]}},"post":165841,"source_url":"https:\/\/lavras.tv\/site\/wp-content\/uploads\/2025\/04\/1_54350884905_21d777c790_k_e1741294872369_990x557-48064576.jpg"},"author_meta":{"display_name":"Vinicius Bustamante","author_link":"https:\/\/lavras.tv\/site\/author\/vinicius-bustamante\/"},"featured_img":"https:\/\/lavras.tv\/site\/wp-content\/uploads\/2025\/04\/1_54350884905_21d777c790_k_e1741294872369_990x557-48064576-470x282.jpg","coauthors":[],"tax_additional":{"categories":{"linked":["<a href=\"https:\/\/lavras.tv\/site\/category\/destaques\/\" class=\"advgb-post-tax-term\">Destaques<\/a>","<a href=\"https:\/\/lavras.tv\/site\/category\/noticias\/\" class=\"advgb-post-tax-term\">Not\u00edcias<\/a>","<a href=\"https:\/\/lavras.tv\/site\/category\/politica\/\" class=\"advgb-post-tax-term\">Pol\u00edtica<\/a>"],"unlinked":["<span class=\"advgb-post-tax-term\">Destaques<\/span>","<span class=\"advgb-post-tax-term\">Not\u00edcias<\/span>","<span class=\"advgb-post-tax-term\">Pol\u00edtica<\/span>"]}},"comment_count":"0","relative_dates":{"created":"Publicado 1 ano atr\u00e1s","modified":"Atualizado 1 ano atr\u00e1s"},"absolute_dates":{"created":"Publicado em 2 de abril de 2025","modified":"Atualizado em 2 de abril de 2025"},"absolute_dates_time":{"created":"Publicado em 2 de abril de 2025 15:07","modified":"Atualizado em 2 de abril de 2025 15:07"},"featured_img_caption":"","series_order":"","_links":{"self":[{"href":"https:\/\/lavras.tv\/site\/wp-json\/wp\/v2\/posts\/165841","targetHints":{"allow":["GET"]}}],"collection":[{"href":"https:\/\/lavras.tv\/site\/wp-json\/wp\/v2\/posts"}],"about":[{"href":"https:\/\/lavras.tv\/site\/wp-json\/wp\/v2\/types\/post"}],"author":[{"embeddable":true,"href":"https:\/\/lavras.tv\/site\/wp-json\/wp\/v2\/users\/5"}],"replies":[{"embeddable":true,"href":"https:\/\/lavras.tv\/site\/wp-json\/wp\/v2\/comments?post=165841"}],"version-history":[{"count":1,"href":"https:\/\/lavras.tv\/site\/wp-json\/wp\/v2\/posts\/165841\/revisions"}],"predecessor-version":[{"id":165843,"href":"https:\/\/lavras.tv\/site\/wp-json\/wp\/v2\/posts\/165841\/revisions\/165843"}],"wp:featuredmedia":[{"embeddable":true,"href":"https:\/\/lavras.tv\/site\/wp-json\/wp\/v2\/media\/165842"}],"wp:attachment":[{"href":"https:\/\/lavras.tv\/site\/wp-json\/wp\/v2\/media?parent=165841"}],"wp:term":[{"taxonomy":"category","embeddable":true,"href":"https:\/\/lavras.tv\/site\/wp-json\/wp\/v2\/categories?post=165841"},{"taxonomy":"post_tag","embeddable":true,"href":"https:\/\/lavras.tv\/site\/wp-json\/wp\/v2\/tags?post=165841"}],"curies":[{"name":"wp","href":"https:\/\/api.w.org\/{rel}","templated":true}]}}