{"id":165844,"date":"2025-04-02T15:13:32","date_gmt":"2025-04-02T18:13:32","guid":{"rendered":"http:\/\/lavras.tv\/site\/?p=165844"},"modified":"2025-04-02T15:13:33","modified_gmt":"2025-04-02T18:13:33","slug":"trump-anuncia-novas-tarifas-no-dia-da-libertacao","status":"publish","type":"post","link":"https:\/\/lavras.tv\/site\/2025\/04\/02\/trump-anuncia-novas-tarifas-no-dia-da-libertacao\/","title":{"rendered":"Trump anuncia novas tarifas no &#8216;Dia da Liberta\u00e7\u00e3o&#8217;"},"content":{"rendered":"<div class=\"lavra-antes-do-conteudo_2\" id=\"lavra-1503593040\"><div id=\"lavra-slider-27\" class=\"custom-slider lavra-slider-2638004352 lavra-slider\"><ul><li><div style=\"margin-left: auto;margin-right: auto;text-align: center;\" id=\"lavra-1823719410\"><a href=\"https:\/\/sistemas.lavras.mg.gov.br\/portalcidadao\/#df1b1a7c7b2a290bcb31e32771e610784662739a88807c0dacac58ede5f391a7530e299dc302d611ee73cb143fc22eaf93592e53e7b5bdb01b00a0b8d28dae460c141dd2ff83412e4dc1c31b16b25f33144a9e5620ea73b13f5bc1c59411d98439ad226e8af03840603796067d87afe130812cf3de24982d0e306f9e61e764e5\" aria-label=\"Lavras-TV&#8211;720x104px (1) (1)\"><img src=\"https:\/\/lavras.tv\/site\/wp-content\/uploads\/2025\/01\/Lavras-TV-720x104px-1-1.png\" alt=\"\"  srcset=\"https:\/\/lavras.tv\/site\/wp-content\/uploads\/2025\/01\/Lavras-TV-720x104px-1-1.png 720w, https:\/\/lavras.tv\/site\/wp-content\/uploads\/2025\/01\/Lavras-TV-720x104px-1-1-470x68.png 470w, https:\/\/lavras.tv\/site\/wp-content\/uploads\/2025\/01\/Lavras-TV-720x104px-1-1-170x25.png 170w, https:\/\/lavras.tv\/site\/wp-content\/uploads\/2025\/01\/Lavras-TV-720x104px-1-1-200x29.png 200w\" sizes=\"(max-width: 720px) 100vw, 720px\" width=\"720\" height=\"104\"  style=\"display: inline-block;\" \/><\/a><\/div><\/li><li><a href=\"https:\/\/sistemas.lavras.mg.gov.br\/portalcidadao\/#df1b1a7c7b2a290bcb31e32771e610784662739a88807c0dacac58ede5f391a7530e299dc302d611ee73cb143fc22eaf93592e53e7b5bdb01b00a0b8d28dae460c141dd2ff83412e4dc1c31b16b25f33144a9e5620ea73b13f5bc1c59411d98439ad226e8af03840603796067d87afe130812cf3de24982d0e306f9e61e764e5\" aria-label=\"Banner_Emprego_PortallavrasTV\"><img src=\"https:\/\/lavras.tv\/site\/wp-content\/uploads\/2025\/03\/Banner_Emprego_PortallavrasTV.png\" alt=\"\"  srcset=\"https:\/\/lavras.tv\/site\/wp-content\/uploads\/2025\/03\/Banner_Emprego_PortallavrasTV.png 720w, https:\/\/lavras.tv\/site\/wp-content\/uploads\/2025\/03\/Banner_Emprego_PortallavrasTV-470x68.png 470w, https:\/\/lavras.tv\/site\/wp-content\/uploads\/2025\/03\/Banner_Emprego_PortallavrasTV-170x25.png 170w, https:\/\/lavras.tv\/site\/wp-content\/uploads\/2025\/03\/Banner_Emprego_PortallavrasTV-200x29.png 200w\" sizes=\"(max-width: 720px) 100vw, 720px\" width=\"720\" height=\"104\"   \/><\/a><\/li><li><a href=\"https:\/\/sistemas.lavras.mg.gov.br\/portalcidadao\/#df1b1a7c7b2a290bcb31e32771e610784662739a88807c0dacac58ede5f391a7530e299dc302d611ee73cb143fc22eaf93592e53e7b5bdb01b00a0b8d28dae460c141dd2ff83412e4dc1c31b16b25f33144a9e5620ea73b13f5bc1c59411d98439ad226e8af03840603796067d87afe130812cf3de24982d0e306f9e61e764e5\" aria-label=\"Banner_Obras_PortallavrasTV\"><img src=\"https:\/\/lavras.tv\/site\/wp-content\/uploads\/2025\/03\/Banner_Obras_PortallavrasTV.png\" alt=\"\"  srcset=\"https:\/\/lavras.tv\/site\/wp-content\/uploads\/2025\/03\/Banner_Obras_PortallavrasTV.png 720w, https:\/\/lavras.tv\/site\/wp-content\/uploads\/2025\/03\/Banner_Obras_PortallavrasTV-470x68.png 470w, https:\/\/lavras.tv\/site\/wp-content\/uploads\/2025\/03\/Banner_Obras_PortallavrasTV-170x25.png 170w, https:\/\/lavras.tv\/site\/wp-content\/uploads\/2025\/03\/Banner_Obras_PortallavrasTV-200x29.png 200w\" sizes=\"(max-width: 720px) 100vw, 720px\" width=\"720\" height=\"104\"   \/><\/a><\/li><li><div style=\"margin-left: auto;margin-right: auto;text-align: center;\" id=\"lavra-2097885201\"><a href=\"https:\/\/sistemas.lavras.mg.gov.br\/portalcidadao\/#df1b1a7c7b2a290bcb31e32771e610784662739a88807c0dacac58ede5f391a7530e299dc302d611ee73cb143fc22eaf93592e53e7b5bdb01b00a0b8d28dae460c141dd2ff83412e4dc1c31b16b25f33144a9e5620ea73b13f5bc1c59411d98439ad226e8af03840603796067d87afe130812cf3de24982d0e306f9e61e764e5\" aria-label=\"Banner_Educa\u00e7\u00e3o_PortallavrasTV\"><img src=\"https:\/\/lavras.tv\/site\/wp-content\/uploads\/2025\/01\/Banner_Educacao_PortallavrasTV.png\" alt=\"\"  srcset=\"https:\/\/lavras.tv\/site\/wp-content\/uploads\/2025\/01\/Banner_Educacao_PortallavrasTV.png 720w, https:\/\/lavras.tv\/site\/wp-content\/uploads\/2025\/01\/Banner_Educacao_PortallavrasTV-470x68.png 470w, https:\/\/lavras.tv\/site\/wp-content\/uploads\/2025\/01\/Banner_Educacao_PortallavrasTV-170x25.png 170w, https:\/\/lavras.tv\/site\/wp-content\/uploads\/2025\/01\/Banner_Educacao_PortallavrasTV-200x29.png 200w\" sizes=\"(max-width: 720px) 100vw, 720px\" width=\"720\" height=\"104\"  style=\"display: inline-block;\" \/><\/a><\/div><\/li><li><a href=\"https:\/\/sistemas.lavras.mg.gov.br\/portalcidadao\/#df1b1a7c7b2a290bcb31e32771e610784662739a88807c0dacac58ede5f391a7530e299dc302d611ee73cb143fc22eaf93592e53e7b5bdb01b00a0b8d28dae460c141dd2ff83412e4dc1c31b16b25f33144a9e5620ea73b13f5bc1c59411d98439ad226e8af03840603796067d87afe130812cf3de24982d0e306f9e61e764e5\" aria-label=\"Banner_Sa\u00fade_PortallavrasTV\"><img src=\"https:\/\/lavras.tv\/site\/wp-content\/uploads\/2025\/03\/Banner_Saude_PortallavrasTV.png\" alt=\"\"  srcset=\"https:\/\/lavras.tv\/site\/wp-content\/uploads\/2025\/03\/Banner_Saude_PortallavrasTV.png 720w, https:\/\/lavras.tv\/site\/wp-content\/uploads\/2025\/03\/Banner_Saude_PortallavrasTV-470x68.png 470w, https:\/\/lavras.tv\/site\/wp-content\/uploads\/2025\/03\/Banner_Saude_PortallavrasTV-170x25.png 170w, https:\/\/lavras.tv\/site\/wp-content\/uploads\/2025\/03\/Banner_Saude_PortallavrasTV-200x29.png 200w\" sizes=\"(max-width: 720px) 100vw, 720px\" width=\"720\" height=\"104\"   \/><\/a><\/li><li><div id=\"lavra-2565989901\" style=\"width:720px;height:104px;background-color:#ddd;overflow:scroll;\">\n\t<strong>Sa\u00edda da depura\u00e7\u00e3o de an\u00fancios<\/strong>\n\t<br><br>\n\tO an\u00fancio n\u00e3o \u00e9 exibido na p\u00e1gina<br><br>post atual: Trump anuncia novas tarifas no 'Dia da Liberta\u00e7\u00e3o', ID: 165844<br><br><span style=\"color: red;\">O post atual n\u00e3o \u00e9 id\u00eantico ao post principal.<\/span><br><br>An\u00fancios: ROXO - TOPO INTERNA - ROTATIVO 2 (197)<br \/>Grupo de an\u00fancios: Princ_Meio01_720x104 (27)<br><br>Condi\u00e7\u00f5es de exibi\u00e7\u00e3o<div style=\"margin-bottom: 20px; white-space: pre-wrap; font-family: monospace; width: 100%; background: #ffe9e9;\"><strong>condi\u00e7\u00f5es gerais<\/strong><table border=\"1\"><thead><tr><th><\/th><th>An\u00fancios<\/th><th>wp_the_query<\/th><\/tr><\/thead><tr><td>is_main_query<\/td><td>1<\/td><td>1<\/td><\/tr><tr><td>is_rest_api<\/td><td>0<\/td><td>1<\/td><\/tr><tr><td>page<\/td><td>0<\/td><td>1<\/td><\/tr><tr><td>numpages<\/td><td>0<\/td><td>1<\/td><\/tr><tr><td>is_archive<\/td><td>1<\/td><td><\/td><\/tr><tr><td>is_search<\/td><td>1<\/td><td><\/td><\/tr><tr><td>is_home<\/td><td>1<\/td><td><\/td><\/tr><tr><td>is_404<\/td><td>1<\/td><td><\/td><\/tr><tr><td>is_attachment<\/td><td>1<\/td><td><\/td><\/tr><tr><td>is_singular<\/td><td>1<\/td><td><\/td><\/tr><tr><td>is_front_page<\/td><td>1<\/td><td><\/td><\/tr><tr><td>is_feed<\/td><td>1<\/td><td><\/td><\/tr><\/table><\/div><br><br><span style=\"color: red;\">Seu site usa HTTPS, mas o c\u00f3digo do an\u00fancio cont\u00e9m HTTP e pode n\u00e3o funcionar.<\/span>\t<br><br>\n\t<a style=\"color: green;\" href=\"https:\/\/wpadvancedads.com\/manual\/ad-debug-mode\/?utm_source=advanced-ads&utm_medium=link&utm_campaign=ad-debug-mode\" target=\"_blank\" rel=\"nofollow\">Encontre solu\u00e7\u00f5es no manual<\/a>\n<\/div>\n<\/li><\/ul><\/div><script>( window.advanced_ads_ready || jQuery( document ).ready ).call( null, function() {var $lavraslider2638004352 = jQuery( \".lavra-slider-2638004352\" );$lavraslider2638004352.on( \"unslider.ready\", function() { jQuery( \"div.custom-slider ul li\" ).css( \"display\", \"block\" ); });$lavraslider2638004352.unslider({ delay:4000, autoplay:true, nav:false, arrows:false, infinite:true });$lavraslider2638004352.on(\"mouseover\", function() {$lavraslider2638004352.unslider(\"stop\");}).on(\"mouseout\", function() {$lavraslider2638004352.unslider(\"start\");});});<\/script><\/div>\n<p>Convencido de que os pa\u00edses &#8220;roubam&#8221; os Estados Unidos, o republicano apresentar\u00e1 as medidas no fim da tarde, depois do fechamento da Bolsa de Nova York<\/p>\n\n\n\n<figure class=\"wp-block-image size-large\"><img fetchpriority=\"high\" decoding=\"async\" width=\"970\" height=\"582\" src=\"http:\/\/lavras.tv\/site\/wp-content\/uploads\/2025\/04\/1_carros_novos_parados_em_porto_do_japao_no_dia_em_que_trump_anuncia_tarifas_sobre_importacoes-49010654-970x582.jpg\" alt=\"\" class=\"wp-image-165845\" srcset=\"https:\/\/lavras.tv\/site\/wp-content\/uploads\/2025\/04\/1_carros_novos_parados_em_porto_do_japao_no_dia_em_que_trump_anuncia_tarifas_sobre_importacoes-49010654-970x582.jpg 970w, https:\/\/lavras.tv\/site\/wp-content\/uploads\/2025\/04\/1_carros_novos_parados_em_porto_do_japao_no_dia_em_que_trump_anuncia_tarifas_sobre_importacoes-49010654-470x282.jpg 470w, https:\/\/lavras.tv\/site\/wp-content\/uploads\/2025\/04\/1_carros_novos_parados_em_porto_do_japao_no_dia_em_que_trump_anuncia_tarifas_sobre_importacoes-49010654-170x102.jpg 170w, https:\/\/lavras.tv\/site\/wp-content\/uploads\/2025\/04\/1_carros_novos_parados_em_porto_do_japao_no_dia_em_que_trump_anuncia_tarifas_sobre_importacoes-49010654-200x120.jpg 200w, https:\/\/lavras.tv\/site\/wp-content\/uploads\/2025\/04\/1_carros_novos_parados_em_porto_do_japao_no_dia_em_que_trump_anuncia_tarifas_sobre_importacoes-49010654.jpg 1200w\" sizes=\"(max-width: 970px) 100vw, 970px\" \/><\/figure>\n\n\n\n<p>O presidente&nbsp;<strong><a href=\"https:\/\/www.em.com.br\/internacional\/2025\/04\/7099771-trump-sofre-primeira-derrota-eleitoral-apos-votacao-para-suprema-corte-de-wisconsin.html\">Donald Trump<\/a><\/strong>&nbsp;anunciou que esta quarta-feira (2) ser\u00e1 o &#8220;Dia da Liberta\u00e7\u00e3o&#8221; para os Estados Unidos, mas as novas tarifas que ele pretende anunciar t\u00eam o poder de provocar o in\u00edcio da m\u00e3e de todas as batalhas comerciais.<\/p>\n\n\n\n<p>Convencido de que os pa\u00edses &#8220;roubam&#8221; os&nbsp;<strong><a href=\"https:\/\/www.em.com.br\/tudo-sobre\/estados-unidos\/\">Estados Unidos<\/a><\/strong>, o republicano apresentar\u00e1 as medidas ao lado de integrantes de seu gabinete no Jardim das Rosas da Casa Branca \u00e0s 16h00 locais (17h00 de Bras\u00edlia), logo ap\u00f3s o&nbsp;<strong><a href=\"https:\/\/www.em.com.br\/internacional\/2025\/04\/7099621-wall-street-fecha-com-resultados-mistos-por-receios-sobre-anuncio-de-tarifas-de-trump.html\">fechamento da Bolsa de Nova York<\/a><\/strong>.<\/p>\n\n\n\n<p>Trump sente fasc\u00ednio pelo&nbsp;<strong><a href=\"https:\/\/www.em.com.br\/internacional\/2024\/12\/7003356-ocde-faz-alerta-sobre-protecionismo-antes-do-retorno-de-trump-ao-poder.html\">protecionismo<\/a>&nbsp;<\/strong>do final do s\u00e9culo XIX e in\u00edcio do s\u00e9culo XX nos Estados Unidos e considera as&nbsp;<strong><a href=\"https:\/\/www.em.com.br\/internacional\/2025\/03\/7097941-tarifas-alfandegarias-a-arma-economica-versatil-de-trump.html\">tarifas<\/a>&nbsp;<\/strong>quase como uma varinha m\u00e1gica capaz de reindustrializar o pa\u00eds, reequilibrar a balan\u00e7a comercial e eliminar o d\u00e9ficit fiscal.<\/p>\n\n\n\n<p>Na ter\u00e7a-feira, ele insistiu que as tarifas alfandeg\u00e1rias&nbsp;<strong><a href=\"https:\/\/www.em.com.br\/internacional\/2025\/04\/7099324-casa-branca-diz-que-pacote-de-tarifas-de-trump-tera-efeito-imediato.html\">ter\u00e3o efeito &#8220;imediato<\/a><\/strong>&#8220;, segundo a porta-voz da Casa Branca, Karoline Leavitt.<\/p>\n\n\n\n<p>O presidente de 78 anos mant\u00e9m os detalhes de seu plano em segredo.&nbsp;<\/p>\n\n\n\n<p>Ele j\u00e1 amea\u00e7ou anunciar tarifas &#8220;rec\u00edprocas&#8221;, ou seja, que Washington iguale d\u00f3lar por d\u00f3lar as tarifas impostas aos produtos americanos no exterior.<\/p>\n\n\n\n<h2 class=\"wp-block-heading\">&#8211; Gentil &#8211;<\/h2>\n\n\n\n<p>Mas na segunda-feira, ele prometeu ser benevolente, &#8220;muito gentil&#8221;.<\/p>\n\n\n\n<p>Alguns meios de comunica\u00e7\u00e3o americanos sugerem que o republicano cogita adotar uma tarifa \u00fanica de 20% sobre todas as importa\u00e7\u00f5es e um tratamento preferencial para alguns pa\u00edses.<\/p>\n\n\n\n<p>Desde que retornou \u00e0 Casa Branca em janeiro, Trump aumentou as tarifas para produtos procedentes da China, para uma parte dos produtos do M\u00e9xico e Canad\u00e1, parceiros dos Estados Unidos no Tratado de Livre Com\u00e9rcio da Am\u00e9rica do Norte (T-MEC), e sobre o&nbsp;<strong><a href=\"https:\/\/www.em.com.br\/internacional\/2025\/03\/7081965-tarifas-americanas-sobre-aco-e-aluminio-entram-em-vigor-china-e-ue-anunciam-medidas.html\">a\u00e7o e o alum\u00ednio<\/a><\/strong>, independente de sua origem.<\/p>\n\n\n\n<p>Na quinta-feira, \u00e0s 0H01 de Washington (1h01 de Bras\u00edlia), tamb\u00e9m adotar\u00e1 uma tarifa adicional de 25% sobre os&nbsp;<strong><a href=\"https:\/\/www.em.com.br\/internacional\/2025\/03\/7094812-mundo-protesta-contra-tarifas-aos-automoveis-anunciadas-por-trump.html\">autom\u00f3veis e autope\u00e7as<\/a><\/strong>&nbsp;fabricados no exterior.<\/p>\n\n\n\n<p>Teoricamente, haver\u00e1 uma exce\u00e7\u00e3o: os ve\u00edculos montados no&nbsp;<strong><a href=\"https:\/\/www.em.com.br\/internacional\/2025\/03\/7077012-eua-isenta-tarifas-de-importacao-para-automoveis-de-canada-e-mexico-por-um-mes.html\">M\u00e9xico ou Canad\u00e1<\/a><\/strong>&nbsp;ser\u00e3o submetidos a um imposto de 25% somente sobre a parte das pe\u00e7as que n\u00e3o procedem dos Estados Unidos.<\/p>\n\n\n\n<p>As principais economias do planeta, incluindo Uni\u00e3o Europeia e Canad\u00e1, prometeram&nbsp;<strong><a href=\"https:\/\/www.em.com.br\/internacional\/2025\/04\/7098770-ue-alerta-que-tem-plano-solido-para-adoptar-represalias-as-tarifas-dos-eua.html\">repres\u00e1lias<\/a><\/strong>.<\/p>\n\n\n\n<p>O magnata republicano usa as tarifas, uma de suas palavras preferidas, como uma arma de pol\u00edtica externa desde seu primeiro mandato, de 2017 a 2021.&nbsp;<\/p>\n\n\n\n<p>Ele acredita que s\u00e3o a panaceia que impulsionar\u00e1 o &#8220;renascimento&#8221; da ind\u00fastria nacional.&nbsp;<\/p>\n\n\n\n<p>Querem evitar as tarifas? Que se instalem nos Estados Unidos, responde Trump a quem o critica pelo impacto que as tarifas podem ter para as empresas.<\/p>\n\n\n\n<p>As consequ\u00eancias podem ser gigantescas. Um \u00fanico aponta a dimens\u00e3o: em 2024, as importa\u00e7\u00f5es americanas alcan\u00e7aram 3,3 trilh\u00f5es de d\u00f3lares (18,7 trilh\u00f5es de reais), uma quantia superior ao Produto Interno Bruto anual de economias importantes como a da Fran\u00e7a.<\/p>\n\n\n\n<p>Os cr\u00edticos afirmam que os consumidores americanos ser\u00e3o afetados \u00e0 medida que os importadores aumentem os pre\u00e7os. E n\u00e3o se descarta o aumento do risco de uma recess\u00e3o na maior economia do mundo e em outras.&nbsp;<\/p>\n\n\n\n<p>O nervosismo foi palp\u00e1vel nos \u00faltimos dias nas Bolsas e mant\u00e9m em alerta os parceiros e rivais dos Estados Unidos.<\/p>\n","protected":false},"excerpt":{"rendered":"<p>Convencido de que os pa\u00edses &#8220;roubam&#8221; os Estados Unidos, o republicano apresentar\u00e1 as medidas no fim da tarde, depois do fechamento da Bolsa de Nova York O presidente&nbsp;Donald Trump&nbsp;anunciou que esta quarta-feira (2) ser\u00e1 o &#8220;Dia da Liberta\u00e7\u00e3o&#8221; para os Estados Unidos, mas as novas tarifas que ele pretende anunciar t\u00eam o poder de provocar [&hellip;]<\/p>\n","protected":false},"author":5,"featured_media":165845,"comment_status":"closed","ping_status":"open","sticky":false,"template":"","format":"standard","meta":{"advgb_blocks_editor_width":"","advgb_blocks_columns_visual_guide":"","_exactmetrics_skip_tracking":false,"_exactmetrics_sitenote_active":false,"_exactmetrics_sitenote_note":"","_exactmetrics_sitenote_category":0,"footnotes":""},"categories":[2,12],"tags":[],"class_list":["post-165844","post","type-post","status-publish","format-standard","has-post-thumbnail","hentry","category-noticias","category-politica"],"better_featured_image":{"id":165845,"alt_text":"","caption":"","description":"","media_type":"image","media_details":{"width":1200,"height":720,"file":"2025\/04\/1_carros_novos_parados_em_porto_do_japao_no_dia_em_que_trump_anuncia_tarifas_sobre_importacoes-49010654.jpg","filesize":271925,"sizes":{"medium":{"file":"1_carros_novos_parados_em_porto_do_japao_no_dia_em_que_trump_anuncia_tarifas_sobre_importacoes-49010654-470x282.jpg","width":470,"height":282,"mime-type":"image\/jpeg","filesize":43022,"source_url":"https:\/\/lavras.tv\/site\/wp-content\/uploads\/2025\/04\/1_carros_novos_parados_em_porto_do_japao_no_dia_em_que_trump_anuncia_tarifas_sobre_importacoes-49010654-470x282.jpg"},"large":{"file":"1_carros_novos_parados_em_porto_do_japao_no_dia_em_que_trump_anuncia_tarifas_sobre_importacoes-49010654-970x582.jpg","width":970,"height":582,"mime-type":"image\/jpeg","filesize":143524,"source_url":"https:\/\/lavras.tv\/site\/wp-content\/uploads\/2025\/04\/1_carros_novos_parados_em_porto_do_japao_no_dia_em_que_trump_anuncia_tarifas_sobre_importacoes-49010654-970x582.jpg"},"thumbnail":{"file":"1_carros_novos_parados_em_porto_do_japao_no_dia_em_que_trump_anuncia_tarifas_sobre_importacoes-49010654-170x102.jpg","width":170,"height":102,"mime-type":"image\/jpeg","filesize":7254,"source_url":"https:\/\/lavras.tv\/site\/wp-content\/uploads\/2025\/04\/1_carros_novos_parados_em_porto_do_japao_no_dia_em_que_trump_anuncia_tarifas_sobre_importacoes-49010654-170x102.jpg"},"lshowcase-thumb":{"file":"1_carros_novos_parados_em_porto_do_japao_no_dia_em_que_trump_anuncia_tarifas_sobre_importacoes-49010654-200x120.jpg","width":200,"height":120,"mime-type":"image\/jpeg","filesize":9305,"source_url":"https:\/\/lavras.tv\/site\/wp-content\/uploads\/2025\/04\/1_carros_novos_parados_em_porto_do_japao_no_dia_em_que_trump_anuncia_tarifas_sobre_importacoes-49010654-200x120.jpg"},"alm-thumbnail":{"file":"1_carros_novos_parados_em_porto_do_japao_no_dia_em_que_trump_anuncia_tarifas_sobre_importacoes-49010654-150x150.jpg","width":150,"height":150,"mime-type":"image\/jpeg","filesize":8749,"source_url":"https:\/\/lavras.tv\/site\/wp-content\/uploads\/2025\/04\/1_carros_novos_parados_em_porto_do_japao_no_dia_em_que_trump_anuncia_tarifas_sobre_importacoes-49010654-150x150.jpg"}},"image_meta":{"aperture":"0","credit":"","camera":"","caption":"","created_timestamp":"0","copyright":"","focal_length":"0","iso":"0","shutter_speed":"0","title":"","orientation":"0","keywords":[]}},"post":165844,"source_url":"https:\/\/lavras.tv\/site\/wp-content\/uploads\/2025\/04\/1_carros_novos_parados_em_porto_do_japao_no_dia_em_que_trump_anuncia_tarifas_sobre_importacoes-49010654.jpg"},"author_meta":{"display_name":"Vinicius Bustamante","author_link":"https:\/\/lavras.tv\/site\/author\/vinicius-bustamante\/"},"featured_img":"https:\/\/lavras.tv\/site\/wp-content\/uploads\/2025\/04\/1_carros_novos_parados_em_porto_do_japao_no_dia_em_que_trump_anuncia_tarifas_sobre_importacoes-49010654-470x282.jpg","coauthors":[],"tax_additional":{"categories":{"linked":["<a href=\"https:\/\/lavras.tv\/site\/category\/noticias\/\" class=\"advgb-post-tax-term\">Not\u00edcias<\/a>","<a href=\"https:\/\/lavras.tv\/site\/category\/politica\/\" class=\"advgb-post-tax-term\">Pol\u00edtica<\/a>"],"unlinked":["<span class=\"advgb-post-tax-term\">Not\u00edcias<\/span>","<span class=\"advgb-post-tax-term\">Pol\u00edtica<\/span>"]}},"comment_count":"0","relative_dates":{"created":"Publicado 1 ano atr\u00e1s","modified":"Atualizado 1 ano atr\u00e1s"},"absolute_dates":{"created":"Publicado em 2 de abril de 2025","modified":"Atualizado em 2 de abril de 2025"},"absolute_dates_time":{"created":"Publicado em 2 de abril de 2025 15:13","modified":"Atualizado em 2 de abril de 2025 15:13"},"featured_img_caption":"","series_order":"","_links":{"self":[{"href":"https:\/\/lavras.tv\/site\/wp-json\/wp\/v2\/posts\/165844","targetHints":{"allow":["GET"]}}],"collection":[{"href":"https:\/\/lavras.tv\/site\/wp-json\/wp\/v2\/posts"}],"about":[{"href":"https:\/\/lavras.tv\/site\/wp-json\/wp\/v2\/types\/post"}],"author":[{"embeddable":true,"href":"https:\/\/lavras.tv\/site\/wp-json\/wp\/v2\/users\/5"}],"replies":[{"embeddable":true,"href":"https:\/\/lavras.tv\/site\/wp-json\/wp\/v2\/comments?post=165844"}],"version-history":[{"count":1,"href":"https:\/\/lavras.tv\/site\/wp-json\/wp\/v2\/posts\/165844\/revisions"}],"predecessor-version":[{"id":165846,"href":"https:\/\/lavras.tv\/site\/wp-json\/wp\/v2\/posts\/165844\/revisions\/165846"}],"wp:featuredmedia":[{"embeddable":true,"href":"https:\/\/lavras.tv\/site\/wp-json\/wp\/v2\/media\/165845"}],"wp:attachment":[{"href":"https:\/\/lavras.tv\/site\/wp-json\/wp\/v2\/media?parent=165844"}],"wp:term":[{"taxonomy":"category","embeddable":true,"href":"https:\/\/lavras.tv\/site\/wp-json\/wp\/v2\/categories?post=165844"},{"taxonomy":"post_tag","embeddable":true,"href":"https:\/\/lavras.tv\/site\/wp-json\/wp\/v2\/tags?post=165844"}],"curies":[{"name":"wp","href":"https:\/\/api.w.org\/{rel}","templated":true}]}}