{"id":165847,"date":"2025-04-02T15:19:22","date_gmt":"2025-04-02T18:19:22","guid":{"rendered":"http:\/\/lavras.tv\/site\/?p=165847"},"modified":"2025-04-02T15:19:23","modified_gmt":"2025-04-02T18:19:23","slug":"recem-nascida-e-achada-por-garis-no-lixo-funcionario-quer-adota-la","status":"publish","type":"post","link":"https:\/\/lavras.tv\/site\/2025\/04\/02\/recem-nascida-e-achada-por-garis-no-lixo-funcionario-quer-adota-la\/","title":{"rendered":"Rec\u00e9m-nascida \u00e9 achada por garis no lixo; funcion\u00e1rio quer adot\u00e1-la"},"content":{"rendered":"<div class=\"lavra-antes-do-conteudo_2\" id=\"lavra-446473384\"><div id=\"lavra-slider-27\" class=\"custom-slider lavra-slider-2777784237 lavra-slider\"><ul><li><div style=\"margin-left: auto;margin-right: auto;text-align: center;\" id=\"lavra-2974927926\"><a href=\"https:\/\/sistemas.lavras.mg.gov.br\/portalcidadao\/#df1b1a7c7b2a290bcb31e32771e610784662739a88807c0dacac58ede5f391a7530e299dc302d611ee73cb143fc22eaf93592e53e7b5bdb01b00a0b8d28dae460c141dd2ff83412e4dc1c31b16b25f33144a9e5620ea73b13f5bc1c59411d98439ad226e8af03840603796067d87afe130812cf3de24982d0e306f9e61e764e5\" aria-label=\"Lavras-TV&#8211;720x104px (1) (1)\"><img src=\"https:\/\/lavras.tv\/site\/wp-content\/uploads\/2025\/01\/Lavras-TV-720x104px-1-1.png\" alt=\"\"  srcset=\"https:\/\/lavras.tv\/site\/wp-content\/uploads\/2025\/01\/Lavras-TV-720x104px-1-1.png 720w, https:\/\/lavras.tv\/site\/wp-content\/uploads\/2025\/01\/Lavras-TV-720x104px-1-1-470x68.png 470w, https:\/\/lavras.tv\/site\/wp-content\/uploads\/2025\/01\/Lavras-TV-720x104px-1-1-170x25.png 170w, https:\/\/lavras.tv\/site\/wp-content\/uploads\/2025\/01\/Lavras-TV-720x104px-1-1-200x29.png 200w\" sizes=\"(max-width: 720px) 100vw, 720px\" width=\"720\" height=\"104\"  style=\"display: inline-block;\" \/><\/a><\/div><\/li><li><a href=\"https:\/\/sistemas.lavras.mg.gov.br\/portalcidadao\/#df1b1a7c7b2a290bcb31e32771e610784662739a88807c0dacac58ede5f391a7530e299dc302d611ee73cb143fc22eaf93592e53e7b5bdb01b00a0b8d28dae460c141dd2ff83412e4dc1c31b16b25f33144a9e5620ea73b13f5bc1c59411d98439ad226e8af03840603796067d87afe130812cf3de24982d0e306f9e61e764e5\" aria-label=\"Banner_Emprego_PortallavrasTV\"><img src=\"https:\/\/lavras.tv\/site\/wp-content\/uploads\/2025\/03\/Banner_Emprego_PortallavrasTV.png\" alt=\"\"  srcset=\"https:\/\/lavras.tv\/site\/wp-content\/uploads\/2025\/03\/Banner_Emprego_PortallavrasTV.png 720w, https:\/\/lavras.tv\/site\/wp-content\/uploads\/2025\/03\/Banner_Emprego_PortallavrasTV-470x68.png 470w, https:\/\/lavras.tv\/site\/wp-content\/uploads\/2025\/03\/Banner_Emprego_PortallavrasTV-170x25.png 170w, https:\/\/lavras.tv\/site\/wp-content\/uploads\/2025\/03\/Banner_Emprego_PortallavrasTV-200x29.png 200w\" sizes=\"(max-width: 720px) 100vw, 720px\" width=\"720\" height=\"104\"   \/><\/a><\/li><li><a href=\"https:\/\/sistemas.lavras.mg.gov.br\/portalcidadao\/#df1b1a7c7b2a290bcb31e32771e610784662739a88807c0dacac58ede5f391a7530e299dc302d611ee73cb143fc22eaf93592e53e7b5bdb01b00a0b8d28dae460c141dd2ff83412e4dc1c31b16b25f33144a9e5620ea73b13f5bc1c59411d98439ad226e8af03840603796067d87afe130812cf3de24982d0e306f9e61e764e5\" aria-label=\"Banner_Obras_PortallavrasTV\"><img src=\"https:\/\/lavras.tv\/site\/wp-content\/uploads\/2025\/03\/Banner_Obras_PortallavrasTV.png\" alt=\"\"  srcset=\"https:\/\/lavras.tv\/site\/wp-content\/uploads\/2025\/03\/Banner_Obras_PortallavrasTV.png 720w, https:\/\/lavras.tv\/site\/wp-content\/uploads\/2025\/03\/Banner_Obras_PortallavrasTV-470x68.png 470w, https:\/\/lavras.tv\/site\/wp-content\/uploads\/2025\/03\/Banner_Obras_PortallavrasTV-170x25.png 170w, https:\/\/lavras.tv\/site\/wp-content\/uploads\/2025\/03\/Banner_Obras_PortallavrasTV-200x29.png 200w\" sizes=\"(max-width: 720px) 100vw, 720px\" width=\"720\" height=\"104\"   \/><\/a><\/li><li><div style=\"margin-left: auto;margin-right: auto;text-align: center;\" id=\"lavra-2672238997\"><a href=\"https:\/\/sistemas.lavras.mg.gov.br\/portalcidadao\/#df1b1a7c7b2a290bcb31e32771e610784662739a88807c0dacac58ede5f391a7530e299dc302d611ee73cb143fc22eaf93592e53e7b5bdb01b00a0b8d28dae460c141dd2ff83412e4dc1c31b16b25f33144a9e5620ea73b13f5bc1c59411d98439ad226e8af03840603796067d87afe130812cf3de24982d0e306f9e61e764e5\" aria-label=\"Banner_Educa\u00e7\u00e3o_PortallavrasTV\"><img src=\"https:\/\/lavras.tv\/site\/wp-content\/uploads\/2025\/01\/Banner_Educacao_PortallavrasTV.png\" alt=\"\"  srcset=\"https:\/\/lavras.tv\/site\/wp-content\/uploads\/2025\/01\/Banner_Educacao_PortallavrasTV.png 720w, https:\/\/lavras.tv\/site\/wp-content\/uploads\/2025\/01\/Banner_Educacao_PortallavrasTV-470x68.png 470w, https:\/\/lavras.tv\/site\/wp-content\/uploads\/2025\/01\/Banner_Educacao_PortallavrasTV-170x25.png 170w, https:\/\/lavras.tv\/site\/wp-content\/uploads\/2025\/01\/Banner_Educacao_PortallavrasTV-200x29.png 200w\" sizes=\"(max-width: 720px) 100vw, 720px\" width=\"720\" height=\"104\"  style=\"display: inline-block;\" \/><\/a><\/div><\/li><li><a href=\"https:\/\/sistemas.lavras.mg.gov.br\/portalcidadao\/#df1b1a7c7b2a290bcb31e32771e610784662739a88807c0dacac58ede5f391a7530e299dc302d611ee73cb143fc22eaf93592e53e7b5bdb01b00a0b8d28dae460c141dd2ff83412e4dc1c31b16b25f33144a9e5620ea73b13f5bc1c59411d98439ad226e8af03840603796067d87afe130812cf3de24982d0e306f9e61e764e5\" aria-label=\"Banner_Sa\u00fade_PortallavrasTV\"><img src=\"https:\/\/lavras.tv\/site\/wp-content\/uploads\/2025\/03\/Banner_Saude_PortallavrasTV.png\" alt=\"\"  srcset=\"https:\/\/lavras.tv\/site\/wp-content\/uploads\/2025\/03\/Banner_Saude_PortallavrasTV.png 720w, https:\/\/lavras.tv\/site\/wp-content\/uploads\/2025\/03\/Banner_Saude_PortallavrasTV-470x68.png 470w, https:\/\/lavras.tv\/site\/wp-content\/uploads\/2025\/03\/Banner_Saude_PortallavrasTV-170x25.png 170w, https:\/\/lavras.tv\/site\/wp-content\/uploads\/2025\/03\/Banner_Saude_PortallavrasTV-200x29.png 200w\" sizes=\"(max-width: 720px) 100vw, 720px\" width=\"720\" height=\"104\"   \/><\/a><\/li><li><div id=\"lavra-3461419218\" style=\"width:720px;height:104px;background-color:#ddd;overflow:scroll;\">\n\t<strong>Sa\u00edda da depura\u00e7\u00e3o de an\u00fancios<\/strong>\n\t<br><br>\n\tO an\u00fancio n\u00e3o \u00e9 exibido na p\u00e1gina<br><br>post atual: Rec\u00e9m-nascida \u00e9 achada por garis no lixo; funcion\u00e1rio quer adot\u00e1-la, ID: 165847<br><br><span style=\"color: red;\">O post atual n\u00e3o \u00e9 id\u00eantico ao post principal.<\/span><br><br>An\u00fancios: ROXO - TOPO INTERNA - ROTATIVO 2 (197)<br \/>Grupo de an\u00fancios: Princ_Meio01_720x104 (27)<br><br>Condi\u00e7\u00f5es de exibi\u00e7\u00e3o<div style=\"margin-bottom: 20px; white-space: pre-wrap; font-family: monospace; width: 100%; background: #ffe9e9;\"><strong>condi\u00e7\u00f5es gerais<\/strong><table border=\"1\"><thead><tr><th><\/th><th>An\u00fancios<\/th><th>wp_the_query<\/th><\/tr><\/thead><tr><td>is_main_query<\/td><td>1<\/td><td>1<\/td><\/tr><tr><td>is_rest_api<\/td><td>0<\/td><td>1<\/td><\/tr><tr><td>page<\/td><td>0<\/td><td>1<\/td><\/tr><tr><td>numpages<\/td><td>0<\/td><td>1<\/td><\/tr><tr><td>is_archive<\/td><td>1<\/td><td><\/td><\/tr><tr><td>is_search<\/td><td>1<\/td><td><\/td><\/tr><tr><td>is_home<\/td><td>1<\/td><td><\/td><\/tr><tr><td>is_404<\/td><td>1<\/td><td><\/td><\/tr><tr><td>is_attachment<\/td><td>1<\/td><td><\/td><\/tr><tr><td>is_singular<\/td><td>1<\/td><td><\/td><\/tr><tr><td>is_front_page<\/td><td>1<\/td><td><\/td><\/tr><tr><td>is_feed<\/td><td>1<\/td><td><\/td><\/tr><\/table><\/div><br><br><span style=\"color: red;\">Seu site usa HTTPS, mas o c\u00f3digo do an\u00fancio cont\u00e9m HTTP e pode n\u00e3o funcionar.<\/span>\t<br><br>\n\t<a style=\"color: green;\" href=\"https:\/\/wpadvancedads.com\/manual\/ad-debug-mode\/?utm_source=advanced-ads&utm_medium=link&utm_campaign=ad-debug-mode\" target=\"_blank\" rel=\"nofollow\">Encontre solu\u00e7\u00f5es no manual<\/a>\n<\/div>\n<\/li><\/ul><\/div><script>( window.advanced_ads_ready || jQuery( document ).ready ).call( null, function() {var $lavraslider2777784237 = jQuery( \".lavra-slider-2777784237\" );$lavraslider2777784237.on( \"unslider.ready\", function() { jQuery( \"div.custom-slider ul li\" ).css( \"display\", \"block\" ); });$lavraslider2777784237.unslider({ delay:4000, autoplay:true, nav:false, arrows:false, infinite:true });$lavraslider2777784237.on(\"mouseover\", function() {$lavraslider2777784237.unslider(\"stop\");}).on(\"mouseout\", function() {$lavraslider2777784237.unslider(\"start\");});});<\/script><\/div>\n<p><strong>Trabalhador que encontrou a crian\u00e7a pensou que, a princ\u00edpio, se tratava de uma boneca<\/strong><\/p>\n\n\n\n<figure class=\"wp-block-image size-large\"><img fetchpriority=\"high\" decoding=\"async\" width=\"970\" height=\"643\" src=\"http:\/\/lavras.tv\/site\/wp-content\/uploads\/2025\/04\/sem_titulo-49001769-970x643.jpg\" alt=\"\" class=\"wp-image-165848\" srcset=\"https:\/\/lavras.tv\/site\/wp-content\/uploads\/2025\/04\/sem_titulo-49001769-970x643.jpg 970w, https:\/\/lavras.tv\/site\/wp-content\/uploads\/2025\/04\/sem_titulo-49001769-453x300.jpg 453w, https:\/\/lavras.tv\/site\/wp-content\/uploads\/2025\/04\/sem_titulo-49001769-170x113.jpg 170w, https:\/\/lavras.tv\/site\/wp-content\/uploads\/2025\/04\/sem_titulo-49001769-200x133.jpg 200w, https:\/\/lavras.tv\/site\/wp-content\/uploads\/2025\/04\/sem_titulo-49001769-1536x1018.jpg 1536w, https:\/\/lavras.tv\/site\/wp-content\/uploads\/2025\/04\/sem_titulo-49001769.jpg 1812w\" sizes=\"(max-width: 970px) 100vw, 970px\" \/><\/figure>\n\n\n\n<p>Uma\u00a0<strong><a href=\"https:\/\/www.em.com.br\/internacional\/2024\/08\/6913489-recem-nascido-viraliza-ao-aparecer-mal-humorado-em-fotos.html\" target=\"_blank\" rel=\"noreferrer noopener\">rec\u00e9m-nascida<\/a><\/strong>\u00a0foi encontrada dentro de uma sacola de lixo por funcion\u00e1rios da Companhia Municipal de Limpeza Urbana (Comlurb), na Zona Norte do Rio de Janeiro, na madrugada desta ter\u00e7a-feira (1\u00ba\/4). Um dos trabalhadores disse que pretende iniciar o processo de ado\u00e7\u00e3o.<\/p>\n\n\n\n<p>O gari Samuel da Silva Santos, que achou\u00a0a beb\u00ea, contou ao\u00a0<em>g1<\/em>\u00a0que, a princ\u00edpio, pensou que fosse uma boneca. &#8220;Eu estava vindo do trabalho, entrei na rua para terminar o servi\u00e7o. Batendo um lixo, coletando, peguei uma caixa e joguei para dentro do caminh\u00e3o. Quando voltei, vi um neg\u00f3cio no ch\u00e3o e achei at\u00e9 que fosse uma boneca. Falei: &#8216;Caraca, achei uma beb\u00ea reborn! Vou levar para minha filha'&#8221;, disse.\u00a0<\/p>\n\n\n\n<p>Quando notou que se tratava de uma crian\u00e7a de verdade, pausou o servi\u00e7o e chamou as autoridades. &#8220;Peguei na m\u00e3o, vi que era uma nenenzinha. Come\u00e7ou a chorar e tudo. Paramos o servi\u00e7o&#8221;, relatou Samuel, tamb\u00e9m referindo-se aos colegas.\u00a0<\/p>\n\n\n\n<p>Policiais foram at\u00e9 o local e socorreram&nbsp;a rec\u00e9m-nascida, que foi levada para a Maternidade Herculano Pinheiro, em Madureira, onde recebeu atendimento m\u00e9dico.<\/p>\n\n\n\n<p>Em nota, o hospital informou que a beb\u00ea est\u00e1 internada. &#8220;A dire\u00e7\u00e3o do Hospital Maternidade Herculano Pinheiro informa que o beb\u00ea est\u00e1 internado em Unidade Intermedi\u00e1ria, com quadro de sa\u00fade est\u00e1vel e segue recebendo os cuidados indicados pelas equipes m\u00e9dica e multiprofissional da unidade. O Conselho Tutelar e a Vara da Inf\u00e2ncia j\u00e1 foram comunicados sobre o caso.&#8221;<\/p>\n\n\n\n<h2 class=\"wp-block-heading\">Ado\u00e7\u00e3o<\/h2>\n\n\n\n<p>O&nbsp;gari revelou que pretende iniciar o processo de ado\u00e7\u00e3o da crian\u00e7a.&nbsp;&#8220;Depois do servi\u00e7o, quando acabou, fui l\u00e1 fazer uma visita e t\u00f4 entrando em procedimento para o hospital para a gente ver como faz para poder adotar ela.&#8221;<\/p>\n\n\n\n<p>O&nbsp;<em>Correio<\/em>&nbsp;entrou em contato com a Pol\u00edcia Militar do&nbsp;Rio de Janeiro&nbsp;para saber detalhes sobre a investiga\u00e7\u00e3o, mas ainda n\u00e3o teve resposta.&nbsp;<\/p>\n","protected":false},"excerpt":{"rendered":"<p>Trabalhador que encontrou a crian\u00e7a pensou que, a princ\u00edpio, se tratava de uma boneca Uma\u00a0rec\u00e9m-nascida\u00a0foi encontrada dentro de uma sacola de lixo por funcion\u00e1rios da Companhia Municipal de Limpeza Urbana (Comlurb), na Zona Norte do Rio de Janeiro, na madrugada desta ter\u00e7a-feira (1\u00ba\/4). Um dos trabalhadores disse que pretende iniciar o processo de ado\u00e7\u00e3o. O [&hellip;]<\/p>\n","protected":false},"author":5,"featured_media":165848,"comment_status":"closed","ping_status":"open","sticky":false,"template":"","format":"standard","meta":{"advgb_blocks_editor_width":"","advgb_blocks_columns_visual_guide":"","_exactmetrics_skip_tracking":false,"_exactmetrics_sitenote_active":false,"_exactmetrics_sitenote_note":"","_exactmetrics_sitenote_category":0,"footnotes":""},"categories":[2],"tags":[],"class_list":["post-165847","post","type-post","status-publish","format-standard","has-post-thumbnail","hentry","category-noticias"],"better_featured_image":{"id":165848,"alt_text":"","caption":"","description":"","media_type":"image","media_details":{"width":1812,"height":1201,"file":"2025\/04\/sem_titulo-49001769.jpg","filesize":239670,"sizes":{"medium":{"file":"sem_titulo-49001769-453x300.jpg","width":453,"height":300,"mime-type":"image\/jpeg","filesize":24378,"source_url":"https:\/\/lavras.tv\/site\/wp-content\/uploads\/2025\/04\/sem_titulo-49001769-453x300.jpg"},"large":{"file":"sem_titulo-49001769-970x643.jpg","width":970,"height":643,"mime-type":"image\/jpeg","filesize":68412,"source_url":"https:\/\/lavras.tv\/site\/wp-content\/uploads\/2025\/04\/sem_titulo-49001769-970x643.jpg"},"thumbnail":{"file":"sem_titulo-49001769-170x113.jpg","width":170,"height":113,"mime-type":"image\/jpeg","filesize":5875,"source_url":"https:\/\/lavras.tv\/site\/wp-content\/uploads\/2025\/04\/sem_titulo-49001769-170x113.jpg"},"lshowcase-thumb":{"file":"sem_titulo-49001769-200x133.jpg","width":200,"height":133,"mime-type":"image\/jpeg","filesize":7445,"source_url":"https:\/\/lavras.tv\/site\/wp-content\/uploads\/2025\/04\/sem_titulo-49001769-200x133.jpg"},"1536x1536":{"file":"sem_titulo-49001769-1536x1018.jpg","width":1536,"height":1018,"mime-type":"image\/jpeg","filesize":127865,"source_url":"https:\/\/lavras.tv\/site\/wp-content\/uploads\/2025\/04\/sem_titulo-49001769-1536x1018.jpg"},"alm-thumbnail":{"file":"sem_titulo-49001769-150x150.jpg","width":150,"height":150,"mime-type":"image\/jpeg","filesize":6306,"source_url":"https:\/\/lavras.tv\/site\/wp-content\/uploads\/2025\/04\/sem_titulo-49001769-150x150.jpg"}},"image_meta":{"aperture":"0","credit":"","camera":"","caption":"","created_timestamp":"0","copyright":"","focal_length":"0","iso":"0","shutter_speed":"0","title":"","orientation":"0","keywords":[]}},"post":165847,"source_url":"https:\/\/lavras.tv\/site\/wp-content\/uploads\/2025\/04\/sem_titulo-49001769.jpg"},"author_meta":{"display_name":"Vinicius Bustamante","author_link":"https:\/\/lavras.tv\/site\/author\/vinicius-bustamante\/"},"featured_img":"https:\/\/lavras.tv\/site\/wp-content\/uploads\/2025\/04\/sem_titulo-49001769-453x300.jpg","coauthors":[],"tax_additional":{"categories":{"linked":["<a href=\"https:\/\/lavras.tv\/site\/category\/noticias\/\" class=\"advgb-post-tax-term\">Not\u00edcias<\/a>"],"unlinked":["<span class=\"advgb-post-tax-term\">Not\u00edcias<\/span>"]}},"comment_count":"0","relative_dates":{"created":"Publicado 1 ano atr\u00e1s","modified":"Atualizado 1 ano atr\u00e1s"},"absolute_dates":{"created":"Publicado em 2 de abril de 2025","modified":"Atualizado em 2 de abril de 2025"},"absolute_dates_time":{"created":"Publicado em 2 de abril de 2025 15:19","modified":"Atualizado em 2 de abril de 2025 15:19"},"featured_img_caption":"","series_order":"","_links":{"self":[{"href":"https:\/\/lavras.tv\/site\/wp-json\/wp\/v2\/posts\/165847","targetHints":{"allow":["GET"]}}],"collection":[{"href":"https:\/\/lavras.tv\/site\/wp-json\/wp\/v2\/posts"}],"about":[{"href":"https:\/\/lavras.tv\/site\/wp-json\/wp\/v2\/types\/post"}],"author":[{"embeddable":true,"href":"https:\/\/lavras.tv\/site\/wp-json\/wp\/v2\/users\/5"}],"replies":[{"embeddable":true,"href":"https:\/\/lavras.tv\/site\/wp-json\/wp\/v2\/comments?post=165847"}],"version-history":[{"count":1,"href":"https:\/\/lavras.tv\/site\/wp-json\/wp\/v2\/posts\/165847\/revisions"}],"predecessor-version":[{"id":165849,"href":"https:\/\/lavras.tv\/site\/wp-json\/wp\/v2\/posts\/165847\/revisions\/165849"}],"wp:featuredmedia":[{"embeddable":true,"href":"https:\/\/lavras.tv\/site\/wp-json\/wp\/v2\/media\/165848"}],"wp:attachment":[{"href":"https:\/\/lavras.tv\/site\/wp-json\/wp\/v2\/media?parent=165847"}],"wp:term":[{"taxonomy":"category","embeddable":true,"href":"https:\/\/lavras.tv\/site\/wp-json\/wp\/v2\/categories?post=165847"},{"taxonomy":"post_tag","embeddable":true,"href":"https:\/\/lavras.tv\/site\/wp-json\/wp\/v2\/tags?post=165847"}],"curies":[{"name":"wp","href":"https:\/\/api.w.org\/{rel}","templated":true}]}}