{"id":165850,"date":"2025-04-02T15:26:08","date_gmt":"2025-04-02T18:26:08","guid":{"rendered":"http:\/\/lavras.tv\/site\/?p=165850"},"modified":"2025-04-02T15:26:09","modified_gmt":"2025-04-02T18:26:09","slug":"zema-volta-atras-e-diz-que-nao-vai-aumentar-imposto-sobre-importados","status":"publish","type":"post","link":"https:\/\/lavras.tv\/site\/2025\/04\/02\/zema-volta-atras-e-diz-que-nao-vai-aumentar-imposto-sobre-importados\/","title":{"rendered":"Zema volta atr\u00e1s e diz que n\u00e3o vai aumentar imposto sobre importados"},"content":{"rendered":"<div class=\"lavra-antes-do-conteudo_2\" id=\"lavra-1643384733\"><div id=\"lavra-slider-27\" class=\"custom-slider lavra-slider-2820556790 lavra-slider\"><ul><li><div style=\"margin-left: auto;margin-right: auto;text-align: center;\" id=\"lavra-3155618108\"><a href=\"https:\/\/sistemas.lavras.mg.gov.br\/portalcidadao\/#df1b1a7c7b2a290bcb31e32771e610784662739a88807c0dacac58ede5f391a7530e299dc302d611ee73cb143fc22eaf93592e53e7b5bdb01b00a0b8d28dae460c141dd2ff83412e4dc1c31b16b25f33144a9e5620ea73b13f5bc1c59411d98439ad226e8af03840603796067d87afe130812cf3de24982d0e306f9e61e764e5\" aria-label=\"Lavras-TV&#8211;720x104px (1) (1)\"><img src=\"https:\/\/lavras.tv\/site\/wp-content\/uploads\/2025\/01\/Lavras-TV-720x104px-1-1.png\" alt=\"\"  srcset=\"https:\/\/lavras.tv\/site\/wp-content\/uploads\/2025\/01\/Lavras-TV-720x104px-1-1.png 720w, https:\/\/lavras.tv\/site\/wp-content\/uploads\/2025\/01\/Lavras-TV-720x104px-1-1-470x68.png 470w, https:\/\/lavras.tv\/site\/wp-content\/uploads\/2025\/01\/Lavras-TV-720x104px-1-1-170x25.png 170w, https:\/\/lavras.tv\/site\/wp-content\/uploads\/2025\/01\/Lavras-TV-720x104px-1-1-200x29.png 200w\" sizes=\"(max-width: 720px) 100vw, 720px\" width=\"720\" height=\"104\"  style=\"display: inline-block;\" \/><\/a><\/div><\/li><li><a href=\"https:\/\/sistemas.lavras.mg.gov.br\/portalcidadao\/#df1b1a7c7b2a290bcb31e32771e610784662739a88807c0dacac58ede5f391a7530e299dc302d611ee73cb143fc22eaf93592e53e7b5bdb01b00a0b8d28dae460c141dd2ff83412e4dc1c31b16b25f33144a9e5620ea73b13f5bc1c59411d98439ad226e8af03840603796067d87afe130812cf3de24982d0e306f9e61e764e5\" aria-label=\"Banner_Emprego_PortallavrasTV\"><img src=\"https:\/\/lavras.tv\/site\/wp-content\/uploads\/2025\/03\/Banner_Emprego_PortallavrasTV.png\" alt=\"\"  srcset=\"https:\/\/lavras.tv\/site\/wp-content\/uploads\/2025\/03\/Banner_Emprego_PortallavrasTV.png 720w, https:\/\/lavras.tv\/site\/wp-content\/uploads\/2025\/03\/Banner_Emprego_PortallavrasTV-470x68.png 470w, https:\/\/lavras.tv\/site\/wp-content\/uploads\/2025\/03\/Banner_Emprego_PortallavrasTV-170x25.png 170w, https:\/\/lavras.tv\/site\/wp-content\/uploads\/2025\/03\/Banner_Emprego_PortallavrasTV-200x29.png 200w\" sizes=\"(max-width: 720px) 100vw, 720px\" width=\"720\" height=\"104\"   \/><\/a><\/li><li><a href=\"https:\/\/sistemas.lavras.mg.gov.br\/portalcidadao\/#df1b1a7c7b2a290bcb31e32771e610784662739a88807c0dacac58ede5f391a7530e299dc302d611ee73cb143fc22eaf93592e53e7b5bdb01b00a0b8d28dae460c141dd2ff83412e4dc1c31b16b25f33144a9e5620ea73b13f5bc1c59411d98439ad226e8af03840603796067d87afe130812cf3de24982d0e306f9e61e764e5\" aria-label=\"Banner_Obras_PortallavrasTV\"><img src=\"https:\/\/lavras.tv\/site\/wp-content\/uploads\/2025\/03\/Banner_Obras_PortallavrasTV.png\" alt=\"\"  srcset=\"https:\/\/lavras.tv\/site\/wp-content\/uploads\/2025\/03\/Banner_Obras_PortallavrasTV.png 720w, https:\/\/lavras.tv\/site\/wp-content\/uploads\/2025\/03\/Banner_Obras_PortallavrasTV-470x68.png 470w, https:\/\/lavras.tv\/site\/wp-content\/uploads\/2025\/03\/Banner_Obras_PortallavrasTV-170x25.png 170w, https:\/\/lavras.tv\/site\/wp-content\/uploads\/2025\/03\/Banner_Obras_PortallavrasTV-200x29.png 200w\" sizes=\"(max-width: 720px) 100vw, 720px\" width=\"720\" height=\"104\"   \/><\/a><\/li><li><div style=\"margin-left: auto;margin-right: auto;text-align: center;\" id=\"lavra-4096880109\"><a href=\"https:\/\/sistemas.lavras.mg.gov.br\/portalcidadao\/#df1b1a7c7b2a290bcb31e32771e610784662739a88807c0dacac58ede5f391a7530e299dc302d611ee73cb143fc22eaf93592e53e7b5bdb01b00a0b8d28dae460c141dd2ff83412e4dc1c31b16b25f33144a9e5620ea73b13f5bc1c59411d98439ad226e8af03840603796067d87afe130812cf3de24982d0e306f9e61e764e5\" aria-label=\"Banner_Educa\u00e7\u00e3o_PortallavrasTV\"><img src=\"https:\/\/lavras.tv\/site\/wp-content\/uploads\/2025\/01\/Banner_Educacao_PortallavrasTV.png\" alt=\"\"  srcset=\"https:\/\/lavras.tv\/site\/wp-content\/uploads\/2025\/01\/Banner_Educacao_PortallavrasTV.png 720w, https:\/\/lavras.tv\/site\/wp-content\/uploads\/2025\/01\/Banner_Educacao_PortallavrasTV-470x68.png 470w, https:\/\/lavras.tv\/site\/wp-content\/uploads\/2025\/01\/Banner_Educacao_PortallavrasTV-170x25.png 170w, https:\/\/lavras.tv\/site\/wp-content\/uploads\/2025\/01\/Banner_Educacao_PortallavrasTV-200x29.png 200w\" sizes=\"(max-width: 720px) 100vw, 720px\" width=\"720\" height=\"104\"  style=\"display: inline-block;\" \/><\/a><\/div><\/li><li><a href=\"https:\/\/sistemas.lavras.mg.gov.br\/portalcidadao\/#df1b1a7c7b2a290bcb31e32771e610784662739a88807c0dacac58ede5f391a7530e299dc302d611ee73cb143fc22eaf93592e53e7b5bdb01b00a0b8d28dae460c141dd2ff83412e4dc1c31b16b25f33144a9e5620ea73b13f5bc1c59411d98439ad226e8af03840603796067d87afe130812cf3de24982d0e306f9e61e764e5\" aria-label=\"Banner_Sa\u00fade_PortallavrasTV\"><img src=\"https:\/\/lavras.tv\/site\/wp-content\/uploads\/2025\/03\/Banner_Saude_PortallavrasTV.png\" alt=\"\"  srcset=\"https:\/\/lavras.tv\/site\/wp-content\/uploads\/2025\/03\/Banner_Saude_PortallavrasTV.png 720w, https:\/\/lavras.tv\/site\/wp-content\/uploads\/2025\/03\/Banner_Saude_PortallavrasTV-470x68.png 470w, https:\/\/lavras.tv\/site\/wp-content\/uploads\/2025\/03\/Banner_Saude_PortallavrasTV-170x25.png 170w, https:\/\/lavras.tv\/site\/wp-content\/uploads\/2025\/03\/Banner_Saude_PortallavrasTV-200x29.png 200w\" sizes=\"(max-width: 720px) 100vw, 720px\" width=\"720\" height=\"104\"   \/><\/a><\/li><li><div id=\"lavra-2841411185\" style=\"width:720px;height:104px;background-color:#ddd;overflow:scroll;\">\n\t<strong>Sa\u00edda da depura\u00e7\u00e3o de an\u00fancios<\/strong>\n\t<br><br>\n\tO an\u00fancio n\u00e3o \u00e9 exibido na p\u00e1gina<br><br>post atual: Zema volta atr\u00e1s e diz que n\u00e3o vai aumentar imposto sobre importados, ID: 165850<br><br><span style=\"color: red;\">O post atual n\u00e3o \u00e9 id\u00eantico ao post principal.<\/span><br><br>An\u00fancios: ROXO - TOPO INTERNA - ROTATIVO 2 (197)<br \/>Grupo de an\u00fancios: Princ_Meio01_720x104 (27)<br><br>Condi\u00e7\u00f5es de exibi\u00e7\u00e3o<div style=\"margin-bottom: 20px; white-space: pre-wrap; font-family: monospace; width: 100%; background: #ffe9e9;\"><strong>condi\u00e7\u00f5es gerais<\/strong><table border=\"1\"><thead><tr><th><\/th><th>An\u00fancios<\/th><th>wp_the_query<\/th><\/tr><\/thead><tr><td>is_main_query<\/td><td>1<\/td><td>1<\/td><\/tr><tr><td>is_rest_api<\/td><td>0<\/td><td>1<\/td><\/tr><tr><td>page<\/td><td>0<\/td><td>1<\/td><\/tr><tr><td>numpages<\/td><td>0<\/td><td>1<\/td><\/tr><tr><td>is_archive<\/td><td>1<\/td><td><\/td><\/tr><tr><td>is_search<\/td><td>1<\/td><td><\/td><\/tr><tr><td>is_home<\/td><td>1<\/td><td><\/td><\/tr><tr><td>is_404<\/td><td>1<\/td><td><\/td><\/tr><tr><td>is_attachment<\/td><td>1<\/td><td><\/td><\/tr><tr><td>is_singular<\/td><td>1<\/td><td><\/td><\/tr><tr><td>is_front_page<\/td><td>1<\/td><td><\/td><\/tr><tr><td>is_feed<\/td><td>1<\/td><td><\/td><\/tr><\/table><\/div><br><br><span style=\"color: red;\">Seu site usa HTTPS, mas o c\u00f3digo do an\u00fancio cont\u00e9m HTTP e pode n\u00e3o funcionar.<\/span>\t<br><br>\n\t<a style=\"color: green;\" href=\"https:\/\/wpadvancedads.com\/manual\/ad-debug-mode\/?utm_source=advanced-ads&utm_medium=link&utm_campaign=ad-debug-mode\" target=\"_blank\" rel=\"nofollow\">Encontre solu\u00e7\u00f5es no manual<\/a>\n<\/div>\n<\/li><\/ul><\/div><script>( window.advanced_ads_ready || jQuery( document ).ready ).call( null, function() {var $lavraslider2820556790 = jQuery( \".lavra-slider-2820556790\" );$lavraslider2820556790.on( \"unslider.ready\", function() { jQuery( \"div.custom-slider ul li\" ).css( \"display\", \"block\" ); });$lavraslider2820556790.unslider({ delay:4000, autoplay:true, nav:false, arrows:false, infinite:true });$lavraslider2820556790.on(\"mouseover\", function() {$lavraslider2820556790.unslider(\"stop\");}).on(\"mouseout\", function() {$lavraslider2820556790.unslider(\"start\");});});<\/script><\/div>\n<p><strong>Aumento de ICMS sobre compras em plataformas estrangeiras havia sido aprovado pelo governador em dezembro de 2024. Revoga\u00e7\u00e3o depende de um novo decreto<\/strong><\/p>\n\n\n\n<figure class=\"wp-block-image size-large\"><img fetchpriority=\"high\" decoding=\"async\" width=\"970\" height=\"582\" src=\"http:\/\/lavras.tv\/site\/wp-content\/uploads\/2025\/04\/1_zema-39952497-970x582.jpeg\" alt=\"\" class=\"wp-image-165851\" srcset=\"https:\/\/lavras.tv\/site\/wp-content\/uploads\/2025\/04\/1_zema-39952497-970x582.jpeg 970w, https:\/\/lavras.tv\/site\/wp-content\/uploads\/2025\/04\/1_zema-39952497-470x282.jpeg 470w, https:\/\/lavras.tv\/site\/wp-content\/uploads\/2025\/04\/1_zema-39952497-170x102.jpeg 170w, https:\/\/lavras.tv\/site\/wp-content\/uploads\/2025\/04\/1_zema-39952497-200x120.jpeg 200w, https:\/\/lavras.tv\/site\/wp-content\/uploads\/2025\/04\/1_zema-39952497.jpeg 1200w\" sizes=\"(max-width: 970px) 100vw, 970px\" \/><\/figure>\n\n\n\n<p>O governador de Minas Gerais, Romeu Zema (Novo), afirmou que n\u00e3o vai aumentar o Imposto sobre Circula\u00e7\u00e3o de Mercadorias e Servi\u00e7os (ICMS) em produtos comprados no exterior. A\u00a0<strong><a href=\"https:\/\/www.em.com.br\/economia\/2025\/04\/7098495-a-partir-desta-terca-imposto-sobre-compras-internacionais-fica-mais-caro.html\">medida entrou em vigor nesta ter\u00e7a-feira (1\u00ba\/4)<\/a><\/strong>, fazendo com que a al\u00edquota cobrada aumentasse de 17% para 20%, conforme acordado pelo Comit\u00ea Nacional de Secret\u00e1rios de Fazenda (Comsefaz) no final de 2024.<\/p>\n\n\n\n<p>Por\u00e9m, como a medida foi aprovada por Zema por meio de um decreto publicado no final de 2024, o governador ainda precisa editar uma nova decis\u00e3o para suspender os efeitos do aumento. Al\u00e9m de Minas Gerais,&nbsp;<strong><a href=\"https:\/\/www.em.com.br\/economia\/2025\/03\/7097570-dez-estados-aumentam-icms-para-compra-em-site-estrangeiro-a-partir-de-abril.html\">outros nove estados subiram a al\u00edquota de ICMS:<\/a><\/strong>&nbsp;Bahia, Piau\u00ed, Cear\u00e1, Rio Grande do Norte, Alagoas, Sergipe, Roraima, Acre.<\/p>\n\n\n\n<p>O aumento no restante das unidades federativas depende de aprova\u00e7\u00e3o das Assembleias Legislativas ou decreto dos governadores, como no caso de Maranh\u00e3o, Pernambuco, Rio de Janeiro, Tocantins e o Distrito Federal.<\/p>\n\n\n\n<p>Segundo manifesta\u00e7\u00e3o do Comsefaz, publicada em dezembro, a \u201ccrescente utiliza\u00e7\u00e3o de plataformas de com\u00e9rcio eletr\u00f4nico transfronteiri\u00e7o\u201d para compra de produtos de vestu\u00e1rio, eletr\u00f4nicos, acess\u00f3rios e artigos de uso pessoal, \u201cimp\u00f5e a necessidade de ajustes peri\u00f3dicos que protejam a competitividade do com\u00e9rcio interno e da ind\u00fastria nacional\u201d.<\/p>\n\n\n\n<p>\u201cO objetivo central \u00e9 resguardar os empregos e a renda dos brasileiros, que enfrentam os desafios de um mercado global cada vez mais integrado, alinhando o tratamento tribut\u00e1rio dos produtos importados ao aplicado aos bens produzidos e comercializados no mercado interno\u201d, disse o comit\u00ea de secret\u00e1rios.<\/p>\n\n\n\n<p>A medida havia sido aprovada pelas entidades patronais que defendem os interesses dos empres\u00e1rios brasileiros. A Federa\u00e7\u00e3o do Com\u00e9rcio de Minas Gerais (Fecom\u00e9rcio-MG), por exemplo, disse que quando n\u00e3o h\u00e1 taxa\u00e7\u00e3o adequada dos produtos importados, a concorr\u00eancia desleal pode acarretar no fechamento de empresas de todos os setores produtivos, em especial da Ind\u00fastria.<\/p>\n\n\n\n<p>\u201cA alta mortalidade de pessoas jur\u00eddicas acarreta tamb\u00e9m na perda de empregos, principalmente entre os trabalhadores mais pobres, e exp\u00f5e o pa\u00eds a uma alta depend\u00eancia das importa\u00e7\u00f5es, aumentando a vulnerabilidade econ\u00f4mica nacional. Esses motivos justificam e refor\u00e7am ainda mais a import\u00e2ncia do aumento da tributa\u00e7\u00e3o das importa\u00e7\u00f5es, protegendo os nossos setores produtivos, com destaque para o com\u00e9rcio nacional\u201d, disse a entidade.<\/p>\n\n\n\n<p>A Federa\u00e7\u00e3o das Ind\u00fastrias de Minas Gerais (Fiemg) afirmou que a manuten\u00e7\u00e3o desse cen\u00e1rio de concorr\u00eancia desleal pode provocar a perda de mais de um milh\u00e3o de empregos e preju\u00edzos na ordem de R$ 99 bilh\u00f5es no faturamento do setor produtivo, segundo estudos da entidade.<\/p>\n\n\n\n<p>\u201cAl\u00e9m dos danos econ\u00f4micos, a entrada desregulada de produtos no pa\u00eds representa s\u00e9rios riscos \u00e0 sa\u00fade e \u00e0 seguran\u00e7a dos consumidores, j\u00e1 que muitos itens n\u00e3o atendem \u00e0s exig\u00eancias regulat\u00f3rias e sanit\u00e1rias brasileiras. A al\u00edquota de 20% est\u00e1 em conson\u00e2ncia com a tributa\u00e7\u00e3o de diversos bens produzidos e comercializados no Brasil. Em alguns casos, inclusive, representa carga inferior \u00e0quela incidente sobre a produ\u00e7\u00e3o nacional. Portanto, o ajuste \u00e9 coerente e necess\u00e1rio para garantir que os produtos brasileiros n\u00e3o operem em desvantagem frente aos importados\u201d, afirmou a Fiemg.<\/p>\n\n\n\n<h2 class=\"wp-block-heading\">Depois do recuo&nbsp;<\/h2>\n\n\n\n<p>Agora, a Fecom\u00e9rcio-MG disse que foi surpreendida negativamente com o recuo de Zema. Em nota enviada \u00e0 reportagem, a entidade disse que a nova al\u00edquota \u201cserviria para minimizar a discrep\u00e2ncia existente entre a tributa\u00e7\u00e3o de produtos vendidos por comerciantes nacionais e plataformas internacionais, apesar de ainda n\u00e3o garantir a isonomia tribut\u00e1ria correta para um ambiente de neg\u00f3cios justo e eficiente&#8221;.<\/p>\n\n\n\n<p>\u201cA aus\u00eancia de uma taxa\u00e7\u00e3o adequada dos produtos importados gera uma concorr\u00eancia desleal entre o com\u00e9rcio nacional e internacional. Essa concorr\u00eancia desleal exp\u00f5e os setores produtivos locais a uma maior probabilidade de mortalidade, especialmente para as micro e pequenas empresas. \u00c9 preciso que as pol\u00edticas tribut\u00e1rias assegurem uma realidade de mercado igualit\u00e1ria e o aumento do ICMS, prometido pelo governo estadual, figurava como um avan\u00e7o para este cen\u00e1rio\u201d, ressalta a Fecom\u00e9rcio-MG.<\/p>\n\n\n\n<p>Por sua vez, a Fiemg disse compreender a decis\u00e3o do governador de Minas Gerais e concordou com o argumento de que a medida deveria ser adotada em todos os estados para ter efetividade. \u201cSem uma ado\u00e7\u00e3o coordenada por todas as unidades da federa\u00e7\u00e3o, a medida poderia gerar novas distor\u00e7\u00f5es no pr\u00f3prio territ\u00f3rio nacional, prejudicando ainda mais a ind\u00fastria brasileira\u201d, afirmou a representante das ind\u00fastrias mineiras.<\/p>\n\n\n\n<p>\u201cA Federa\u00e7\u00e3o refor\u00e7a que a al\u00edquota de 20% est\u00e1 alinhada \u00e0 carga tribut\u00e1ria aplicada a diversos produtos fabricados e vendidos no Brasil \u2014 e, em alguns casos, \u00e9 at\u00e9 inferior \u00e0quela incidente sobre o produto nacional. O ajuste, portanto, \u00e9 necess\u00e1rio para que a ind\u00fastria brasileira n\u00e3o opere em desvantagem frente aos produtos importados. Por isso, a Fiemg conclama os demais Estados a adotarem a al\u00edquota de 20% de ICMS\u201d, acrescentou.<\/p>\n\n\n\n<p>A Associa\u00e7\u00e3o Brasileira de Mobilidade e Tecnologia (Amobitec) avaliou como positiva a decis\u00e3o de revogar o aumento do ICMS. A entidade representa empresas gigantes do setor que seriam afetadas pela nova al\u00edquota, como Amazon, Shein e Alibaba.<\/p>\n\n\n\n<p>\u201cA Amobitec considera que h\u00e1 diversas perdas para a sociedade no aumento da al\u00edquota. A imposi\u00e7\u00e3o de um ICMS maior, no caso de 20%, vai elevar a carga tribut\u00e1ria total para, pelo menos, 50%, podendo atingir 104% considerando a incid\u00eancia da taxa\u00e7\u00e3o federal prevista pelo Programa Remessa Conforme. Como resultado, haveria tend\u00eancia de redu\u00e7\u00e3o no volume de compras internacionais e prov\u00e1vel recuo na arrecada\u00e7\u00e3o fiscal\u201d, afirmou.<\/p>\n","protected":false},"excerpt":{"rendered":"<p>Aumento de ICMS sobre compras em plataformas estrangeiras havia sido aprovado pelo governador em dezembro de 2024. Revoga\u00e7\u00e3o depende de um novo decreto O governador de Minas Gerais, Romeu Zema (Novo), afirmou que n\u00e3o vai aumentar o Imposto sobre Circula\u00e7\u00e3o de Mercadorias e Servi\u00e7os (ICMS) em produtos comprados no exterior. A\u00a0medida entrou em vigor nesta [&hellip;]<\/p>\n","protected":false},"author":5,"featured_media":165851,"comment_status":"closed","ping_status":"open","sticky":false,"template":"","format":"standard","meta":{"advgb_blocks_editor_width":"","advgb_blocks_columns_visual_guide":"","_exactmetrics_skip_tracking":false,"_exactmetrics_sitenote_active":false,"_exactmetrics_sitenote_note":"","_exactmetrics_sitenote_category":0,"footnotes":""},"categories":[2,12],"tags":[],"class_list":["post-165850","post","type-post","status-publish","format-standard","has-post-thumbnail","hentry","category-noticias","category-politica"],"better_featured_image":{"id":165851,"alt_text":"","caption":"","description":"","media_type":"image","media_details":{"width":1200,"height":720,"file":"2025\/04\/1_zema-39952497.jpeg","filesize":66853,"sizes":{"medium":{"file":"1_zema-39952497-470x282.jpeg","width":470,"height":282,"mime-type":"image\/jpeg","filesize":12106,"source_url":"https:\/\/lavras.tv\/site\/wp-content\/uploads\/2025\/04\/1_zema-39952497-470x282.jpeg"},"large":{"file":"1_zema-39952497-970x582.jpeg","width":970,"height":582,"mime-type":"image\/jpeg","filesize":34978,"source_url":"https:\/\/lavras.tv\/site\/wp-content\/uploads\/2025\/04\/1_zema-39952497-970x582.jpeg"},"thumbnail":{"file":"1_zema-39952497-170x102.jpeg","width":170,"height":102,"mime-type":"image\/jpeg","filesize":3204,"source_url":"https:\/\/lavras.tv\/site\/wp-content\/uploads\/2025\/04\/1_zema-39952497-170x102.jpeg"},"lshowcase-thumb":{"file":"1_zema-39952497-200x120.jpeg","width":200,"height":120,"mime-type":"image\/jpeg","filesize":3890,"source_url":"https:\/\/lavras.tv\/site\/wp-content\/uploads\/2025\/04\/1_zema-39952497-200x120.jpeg"},"alm-thumbnail":{"file":"1_zema-39952497-150x150.jpeg","width":150,"height":150,"mime-type":"image\/jpeg","filesize":3788,"source_url":"https:\/\/lavras.tv\/site\/wp-content\/uploads\/2025\/04\/1_zema-39952497-150x150.jpeg"}},"image_meta":{"aperture":"0","credit":"","camera":"","caption":"","created_timestamp":"0","copyright":"","focal_length":"0","iso":"0","shutter_speed":"0","title":"","orientation":"0","keywords":[]}},"post":165850,"source_url":"https:\/\/lavras.tv\/site\/wp-content\/uploads\/2025\/04\/1_zema-39952497.jpeg"},"author_meta":{"display_name":"Vinicius Bustamante","author_link":"https:\/\/lavras.tv\/site\/author\/vinicius-bustamante\/"},"featured_img":"https:\/\/lavras.tv\/site\/wp-content\/uploads\/2025\/04\/1_zema-39952497-470x282.jpeg","coauthors":[],"tax_additional":{"categories":{"linked":["<a href=\"https:\/\/lavras.tv\/site\/category\/noticias\/\" class=\"advgb-post-tax-term\">Not\u00edcias<\/a>","<a href=\"https:\/\/lavras.tv\/site\/category\/politica\/\" class=\"advgb-post-tax-term\">Pol\u00edtica<\/a>"],"unlinked":["<span class=\"advgb-post-tax-term\">Not\u00edcias<\/span>","<span class=\"advgb-post-tax-term\">Pol\u00edtica<\/span>"]}},"comment_count":"0","relative_dates":{"created":"Publicado 1 ano atr\u00e1s","modified":"Atualizado 1 ano atr\u00e1s"},"absolute_dates":{"created":"Publicado em 2 de abril de 2025","modified":"Atualizado em 2 de abril de 2025"},"absolute_dates_time":{"created":"Publicado em 2 de abril de 2025 15:26","modified":"Atualizado em 2 de abril de 2025 15:26"},"featured_img_caption":"","series_order":"","_links":{"self":[{"href":"https:\/\/lavras.tv\/site\/wp-json\/wp\/v2\/posts\/165850","targetHints":{"allow":["GET"]}}],"collection":[{"href":"https:\/\/lavras.tv\/site\/wp-json\/wp\/v2\/posts"}],"about":[{"href":"https:\/\/lavras.tv\/site\/wp-json\/wp\/v2\/types\/post"}],"author":[{"embeddable":true,"href":"https:\/\/lavras.tv\/site\/wp-json\/wp\/v2\/users\/5"}],"replies":[{"embeddable":true,"href":"https:\/\/lavras.tv\/site\/wp-json\/wp\/v2\/comments?post=165850"}],"version-history":[{"count":1,"href":"https:\/\/lavras.tv\/site\/wp-json\/wp\/v2\/posts\/165850\/revisions"}],"predecessor-version":[{"id":165852,"href":"https:\/\/lavras.tv\/site\/wp-json\/wp\/v2\/posts\/165850\/revisions\/165852"}],"wp:featuredmedia":[{"embeddable":true,"href":"https:\/\/lavras.tv\/site\/wp-json\/wp\/v2\/media\/165851"}],"wp:attachment":[{"href":"https:\/\/lavras.tv\/site\/wp-json\/wp\/v2\/media?parent=165850"}],"wp:term":[{"taxonomy":"category","embeddable":true,"href":"https:\/\/lavras.tv\/site\/wp-json\/wp\/v2\/categories?post=165850"},{"taxonomy":"post_tag","embeddable":true,"href":"https:\/\/lavras.tv\/site\/wp-json\/wp\/v2\/tags?post=165850"}],"curies":[{"name":"wp","href":"https:\/\/api.w.org\/{rel}","templated":true}]}}