{"id":165859,"date":"2025-04-02T15:44:11","date_gmt":"2025-04-02T18:44:11","guid":{"rendered":"http:\/\/lavras.tv\/site\/?p=165859"},"modified":"2025-04-02T15:44:12","modified_gmt":"2025-04-02T18:44:12","slug":"saiba-quando-e-a-hora-de-trocar-a-embreagem-de-seu-carro","status":"publish","type":"post","link":"https:\/\/lavras.tv\/site\/2025\/04\/02\/saiba-quando-e-a-hora-de-trocar-a-embreagem-de-seu-carro\/","title":{"rendered":"Saiba quando \u00e9 a hora de trocar a embreagem de seu carro"},"content":{"rendered":"<div class=\"lavra-antes-do-conteudo_2\" id=\"lavra-640663349\"><div id=\"lavra-slider-27\" class=\"custom-slider lavra-slider-2587832632 lavra-slider\"><ul><li><div style=\"margin-left: auto;margin-right: auto;text-align: center;\" id=\"lavra-2346585558\"><a href=\"https:\/\/sistemas.lavras.mg.gov.br\/portalcidadao\/#df1b1a7c7b2a290bcb31e32771e610784662739a88807c0dacac58ede5f391a7530e299dc302d611ee73cb143fc22eaf93592e53e7b5bdb01b00a0b8d28dae460c141dd2ff83412e4dc1c31b16b25f33144a9e5620ea73b13f5bc1c59411d98439ad226e8af03840603796067d87afe130812cf3de24982d0e306f9e61e764e5\" aria-label=\"Lavras-TV&#8211;720x104px (1) (1)\"><img src=\"https:\/\/lavras.tv\/site\/wp-content\/uploads\/2025\/01\/Lavras-TV-720x104px-1-1.png\" alt=\"\"  srcset=\"https:\/\/lavras.tv\/site\/wp-content\/uploads\/2025\/01\/Lavras-TV-720x104px-1-1.png 720w, https:\/\/lavras.tv\/site\/wp-content\/uploads\/2025\/01\/Lavras-TV-720x104px-1-1-470x68.png 470w, https:\/\/lavras.tv\/site\/wp-content\/uploads\/2025\/01\/Lavras-TV-720x104px-1-1-170x25.png 170w, https:\/\/lavras.tv\/site\/wp-content\/uploads\/2025\/01\/Lavras-TV-720x104px-1-1-200x29.png 200w\" sizes=\"(max-width: 720px) 100vw, 720px\" width=\"720\" height=\"104\"  style=\"display: inline-block;\" \/><\/a><\/div><\/li><li><a href=\"https:\/\/sistemas.lavras.mg.gov.br\/portalcidadao\/#df1b1a7c7b2a290bcb31e32771e610784662739a88807c0dacac58ede5f391a7530e299dc302d611ee73cb143fc22eaf93592e53e7b5bdb01b00a0b8d28dae460c141dd2ff83412e4dc1c31b16b25f33144a9e5620ea73b13f5bc1c59411d98439ad226e8af03840603796067d87afe130812cf3de24982d0e306f9e61e764e5\" aria-label=\"Banner_Emprego_PortallavrasTV\"><img src=\"https:\/\/lavras.tv\/site\/wp-content\/uploads\/2025\/03\/Banner_Emprego_PortallavrasTV.png\" alt=\"\"  srcset=\"https:\/\/lavras.tv\/site\/wp-content\/uploads\/2025\/03\/Banner_Emprego_PortallavrasTV.png 720w, https:\/\/lavras.tv\/site\/wp-content\/uploads\/2025\/03\/Banner_Emprego_PortallavrasTV-470x68.png 470w, https:\/\/lavras.tv\/site\/wp-content\/uploads\/2025\/03\/Banner_Emprego_PortallavrasTV-170x25.png 170w, https:\/\/lavras.tv\/site\/wp-content\/uploads\/2025\/03\/Banner_Emprego_PortallavrasTV-200x29.png 200w\" sizes=\"(max-width: 720px) 100vw, 720px\" width=\"720\" height=\"104\"   \/><\/a><\/li><li><a href=\"https:\/\/sistemas.lavras.mg.gov.br\/portalcidadao\/#df1b1a7c7b2a290bcb31e32771e610784662739a88807c0dacac58ede5f391a7530e299dc302d611ee73cb143fc22eaf93592e53e7b5bdb01b00a0b8d28dae460c141dd2ff83412e4dc1c31b16b25f33144a9e5620ea73b13f5bc1c59411d98439ad226e8af03840603796067d87afe130812cf3de24982d0e306f9e61e764e5\" aria-label=\"Banner_Obras_PortallavrasTV\"><img src=\"https:\/\/lavras.tv\/site\/wp-content\/uploads\/2025\/03\/Banner_Obras_PortallavrasTV.png\" alt=\"\"  srcset=\"https:\/\/lavras.tv\/site\/wp-content\/uploads\/2025\/03\/Banner_Obras_PortallavrasTV.png 720w, https:\/\/lavras.tv\/site\/wp-content\/uploads\/2025\/03\/Banner_Obras_PortallavrasTV-470x68.png 470w, https:\/\/lavras.tv\/site\/wp-content\/uploads\/2025\/03\/Banner_Obras_PortallavrasTV-170x25.png 170w, https:\/\/lavras.tv\/site\/wp-content\/uploads\/2025\/03\/Banner_Obras_PortallavrasTV-200x29.png 200w\" sizes=\"(max-width: 720px) 100vw, 720px\" width=\"720\" height=\"104\"   \/><\/a><\/li><li><div style=\"margin-left: auto;margin-right: auto;text-align: center;\" id=\"lavra-795700404\"><a href=\"https:\/\/sistemas.lavras.mg.gov.br\/portalcidadao\/#df1b1a7c7b2a290bcb31e32771e610784662739a88807c0dacac58ede5f391a7530e299dc302d611ee73cb143fc22eaf93592e53e7b5bdb01b00a0b8d28dae460c141dd2ff83412e4dc1c31b16b25f33144a9e5620ea73b13f5bc1c59411d98439ad226e8af03840603796067d87afe130812cf3de24982d0e306f9e61e764e5\" aria-label=\"Banner_Educa\u00e7\u00e3o_PortallavrasTV\"><img src=\"https:\/\/lavras.tv\/site\/wp-content\/uploads\/2025\/01\/Banner_Educacao_PortallavrasTV.png\" alt=\"\"  srcset=\"https:\/\/lavras.tv\/site\/wp-content\/uploads\/2025\/01\/Banner_Educacao_PortallavrasTV.png 720w, https:\/\/lavras.tv\/site\/wp-content\/uploads\/2025\/01\/Banner_Educacao_PortallavrasTV-470x68.png 470w, https:\/\/lavras.tv\/site\/wp-content\/uploads\/2025\/01\/Banner_Educacao_PortallavrasTV-170x25.png 170w, https:\/\/lavras.tv\/site\/wp-content\/uploads\/2025\/01\/Banner_Educacao_PortallavrasTV-200x29.png 200w\" sizes=\"(max-width: 720px) 100vw, 720px\" width=\"720\" height=\"104\"  style=\"display: inline-block;\" \/><\/a><\/div><\/li><li><a href=\"https:\/\/sistemas.lavras.mg.gov.br\/portalcidadao\/#df1b1a7c7b2a290bcb31e32771e610784662739a88807c0dacac58ede5f391a7530e299dc302d611ee73cb143fc22eaf93592e53e7b5bdb01b00a0b8d28dae460c141dd2ff83412e4dc1c31b16b25f33144a9e5620ea73b13f5bc1c59411d98439ad226e8af03840603796067d87afe130812cf3de24982d0e306f9e61e764e5\" aria-label=\"Banner_Sa\u00fade_PortallavrasTV\"><img src=\"https:\/\/lavras.tv\/site\/wp-content\/uploads\/2025\/03\/Banner_Saude_PortallavrasTV.png\" alt=\"\"  srcset=\"https:\/\/lavras.tv\/site\/wp-content\/uploads\/2025\/03\/Banner_Saude_PortallavrasTV.png 720w, https:\/\/lavras.tv\/site\/wp-content\/uploads\/2025\/03\/Banner_Saude_PortallavrasTV-470x68.png 470w, https:\/\/lavras.tv\/site\/wp-content\/uploads\/2025\/03\/Banner_Saude_PortallavrasTV-170x25.png 170w, https:\/\/lavras.tv\/site\/wp-content\/uploads\/2025\/03\/Banner_Saude_PortallavrasTV-200x29.png 200w\" sizes=\"(max-width: 720px) 100vw, 720px\" width=\"720\" height=\"104\"   \/><\/a><\/li><li><div id=\"lavra-913153109\" style=\"width:720px;height:104px;background-color:#ddd;overflow:scroll;\">\n\t<strong>Sa\u00edda da depura\u00e7\u00e3o de an\u00fancios<\/strong>\n\t<br><br>\n\tO an\u00fancio n\u00e3o \u00e9 exibido na p\u00e1gina<br><br>post atual: Saiba quando \u00e9 a hora de trocar a embreagem de seu carro, ID: 165859<br><br><span style=\"color: red;\">O post atual n\u00e3o \u00e9 id\u00eantico ao post principal.<\/span><br><br>An\u00fancios: ROXO - TOPO INTERNA - ROTATIVO 2 (197)<br \/>Grupo de an\u00fancios: Princ_Meio01_720x104 (27)<br><br>Condi\u00e7\u00f5es de exibi\u00e7\u00e3o<div style=\"margin-bottom: 20px; white-space: pre-wrap; font-family: monospace; width: 100%; background: #ffe9e9;\"><strong>condi\u00e7\u00f5es gerais<\/strong><table border=\"1\"><thead><tr><th><\/th><th>An\u00fancios<\/th><th>wp_the_query<\/th><\/tr><\/thead><tr><td>is_main_query<\/td><td>1<\/td><td>1<\/td><\/tr><tr><td>is_rest_api<\/td><td>0<\/td><td>1<\/td><\/tr><tr><td>page<\/td><td>0<\/td><td>1<\/td><\/tr><tr><td>numpages<\/td><td>0<\/td><td>1<\/td><\/tr><tr><td>is_archive<\/td><td>1<\/td><td><\/td><\/tr><tr><td>is_search<\/td><td>1<\/td><td><\/td><\/tr><tr><td>is_home<\/td><td>1<\/td><td><\/td><\/tr><tr><td>is_404<\/td><td>1<\/td><td><\/td><\/tr><tr><td>is_attachment<\/td><td>1<\/td><td><\/td><\/tr><tr><td>is_singular<\/td><td>1<\/td><td><\/td><\/tr><tr><td>is_front_page<\/td><td>1<\/td><td><\/td><\/tr><tr><td>is_feed<\/td><td>1<\/td><td><\/td><\/tr><\/table><\/div><br><br><span style=\"color: red;\">Seu site usa HTTPS, mas o c\u00f3digo do an\u00fancio cont\u00e9m HTTP e pode n\u00e3o funcionar.<\/span>\t<br><br>\n\t<a style=\"color: green;\" href=\"https:\/\/wpadvancedads.com\/manual\/ad-debug-mode\/?utm_source=advanced-ads&utm_medium=link&utm_campaign=ad-debug-mode\" target=\"_blank\" rel=\"nofollow\">Encontre solu\u00e7\u00f5es no manual<\/a>\n<\/div>\n<\/li><\/ul><\/div><script>( window.advanced_ads_ready || jQuery( document ).ready ).call( null, function() {var $lavraslider2587832632 = jQuery( \".lavra-slider-2587832632\" );$lavraslider2587832632.on( \"unslider.ready\", function() { jQuery( \"div.custom-slider ul li\" ).css( \"display\", \"block\" ); });$lavraslider2587832632.unslider({ delay:4000, autoplay:true, nav:false, arrows:false, infinite:true });$lavraslider2587832632.on(\"mouseover\", function() {$lavraslider2587832632.unslider(\"stop\");}).on(\"mouseout\", function() {$lavraslider2587832632.unslider(\"start\");});});<\/script><\/div>\n<p>A embreagem faz parte da transmiss\u00e3o do ve\u00edculo e, assim como qualquer pe\u00e7a, tem data de validade<\/p>\n\n\n\n<figure class=\"wp-block-image size-large\"><img fetchpriority=\"high\" decoding=\"async\" width=\"970\" height=\"545\" src=\"http:\/\/lavras.tv\/site\/wp-content\/uploads\/2025\/04\/1_files__image_98d64bb7_3779_497d_937b_dcc7a6738762-40617455-970x545.jpg\" alt=\"\" class=\"wp-image-165860\" srcset=\"https:\/\/lavras.tv\/site\/wp-content\/uploads\/2025\/04\/1_files__image_98d64bb7_3779_497d_937b_dcc7a6738762-40617455-970x545.jpg 970w, https:\/\/lavras.tv\/site\/wp-content\/uploads\/2025\/04\/1_files__image_98d64bb7_3779_497d_937b_dcc7a6738762-40617455-470x264.jpg 470w, https:\/\/lavras.tv\/site\/wp-content\/uploads\/2025\/04\/1_files__image_98d64bb7_3779_497d_937b_dcc7a6738762-40617455-170x95.jpg 170w, https:\/\/lavras.tv\/site\/wp-content\/uploads\/2025\/04\/1_files__image_98d64bb7_3779_497d_937b_dcc7a6738762-40617455-200x112.jpg 200w, https:\/\/lavras.tv\/site\/wp-content\/uploads\/2025\/04\/1_files__image_98d64bb7_3779_497d_937b_dcc7a6738762-40617455.jpg 1200w\" sizes=\"(max-width: 970px) 100vw, 970px\" \/><\/figure>\n\n\n\n<p>A\u00a0<a href=\"https:\/\/www.vrum.com.br\/noticias\/2024\/12\/7014748-renault-tem-transmissao-de-15-marchas-e-sem-embreagem-para-suv-hibrido.html\" target=\"_blank\" rel=\"noreferrer noopener\">embreagem<\/a>\u00a0\u00e9 um dos componentes mais importantes do sistema de transmiss\u00e3o do carro, permitindo a\u00a0<a href=\"https:\/\/www.vrum.com.br\/aceleradas\/2025\/03\/7096428-carros-eletricos-possuem-marcha.html\" target=\"_blank\" rel=\"noreferrer noopener\">troca de marchas<\/a>\u00a0e o desenvolvimento do ve\u00edculo enquanto ele anda. Mas assim como qualquer pe\u00e7a, est\u00e1 sujeita ao desgaste e em algum momento, necessitar\u00e1 ser trocada.<\/p>\n\n\n\n<p>A principal fun\u00e7\u00e3o da embreagem \u00e9 conectar e desconectar o motor da transmiss\u00e3o, que permite que o carro troque de marchas sem danificar outros componentes internos. Abaixo est\u00e3o alguns sinais que podem ser observados, que mostram que sua embreagem j\u00e1 est\u00e1 na hora de trocar:<\/p>\n\n\n\n<ul class=\"wp-block-list\">\n<li><strong>Pedal duro:<\/strong>\u00a0Quando o pedal da embreagem est\u00e1 duro, ou seja, dif\u00edcil de pisar;<\/li>\n\n\n\n<li><strong>Dificuldade para engatar:<\/strong>\u00a0Caso esteja com dificuldades para engatar as marchas, como uma resist\u00eancia ou arranh\u00f5es;<\/li>\n\n\n\n<li><strong>O giro subindo sem resposta:<\/strong>\u00a0Quando o giro sobe mais do que o normal, e o carro come\u00e7a a patinar;<\/li>\n\n\n\n<li><strong>Tremedeira ao arrancar:<\/strong>\u00a0Uma vibra\u00e7\u00e3o fora do comum quando arranca com o carro;<\/li>\n<\/ul>\n\n\n\n<p>A durabilidade da embreagem depende de diversos fatores, como a condu\u00e7\u00e3o do motorista, o peso transportado diariamente, e a&nbsp;<a href=\"https:\/\/www.vrum.com.br\/aceleradas\/2025\/03\/7092404-cuidado-com-golpes-veja-o-limite-de-quilometragem-de-carro-usado.html\" target=\"_blank\" rel=\"noreferrer noopener\">quilometragem<\/a>&nbsp;total. Geralmente, ela dura at\u00e9 os 100 mil km, mas h\u00e1 casos em que aos 50 mil km ela j\u00e1 come\u00e7a a dar sinais.&nbsp;<\/p>\n\n\n\n<figure class=\"wp-block-image\"><img decoding=\"async\" src=\"https:\/\/midias.vrum.com.br\/_midias\/jpg\/2023\/09\/26\/740x420\/1_96d3cc00_pedal_do_freio_sendo_acionado_por_pe_calcado_com_tenis_bege_claro-31766418.jpg\" alt=\"pedal do freio sendo acionado por pe calcado com tenis bege claro\" class=\"wp-image-115046\"\/><figcaption class=\"wp-element-caption\"><small>Pedal da embreagem esta localizado ao lado esquerdo do freio <\/small><small>Foto: O correto \u00e9 pisar somente no pedal do freio para depois acionar o da embreagem<\/small><\/figcaption><\/figure>\n\n\n\n<p>Para confirmar que sua embreagem est\u00e1 na hora de trocar, leve o carro at\u00e9 um mec\u00e2nico e pe\u00e7a para que ele teste o carro. Os\u00a0<a href=\"https:\/\/www.vrum.com.br\/aceleradas\/2025\/03\/7096157-sistema-de-piloto-automatico-da-tesla-reprova-em-teste-de-ex-engenheiro-da-nasa.html\" target=\"_blank\" rel=\"noreferrer noopener\">testes<\/a>\u00a0que ser\u00e3o feitos s\u00e3o:<\/p>\n\n\n\n<ul class=\"wp-block-list\">\n<li><strong>Teste da patina\u00e7\u00e3o:<\/strong>\u00a0Teste realizado com o carro em marcha alta e acelerando, caso a rota\u00e7\u00e3o do motor suba sem um ganho de velocidade, a embreagem pode estar patinando;<\/li>\n\n\n\n<li><strong>Teste do pedal:<\/strong>\u00a0O mec\u00e2nico testa o pedal enquanto d\u00e1 uma volta com o carro, observando o funcionamento e poss\u00edveis desgastes.<\/li>\n<\/ul>\n\n\n\n<p>Muitas pessoas t\u00eam o costume de andar com o p\u00e9 apoiado no pedal da embreagem, o que pode causar um desgaste precoce. Al\u00e9m disso, evitar ficar segurando o carro no controle em subidas, e fazer trocas de marchas mais suaves. \u00c9 importante tamb\u00e9m sempre manter as revis\u00f5es em dia, de prefer\u00eancia, em um mec\u00e2nico de confian\u00e7a.<\/p>\n","protected":false},"excerpt":{"rendered":"<p>A embreagem faz parte da transmiss\u00e3o do ve\u00edculo e, assim como qualquer pe\u00e7a, tem data de validade A\u00a0embreagem\u00a0\u00e9 um dos componentes mais importantes do sistema de transmiss\u00e3o do carro, permitindo a\u00a0troca de marchas\u00a0e o desenvolvimento do ve\u00edculo enquanto ele anda. Mas assim como qualquer pe\u00e7a, est\u00e1 sujeita ao desgaste e em algum momento, necessitar\u00e1 ser [&hellip;]<\/p>\n","protected":false},"author":5,"featured_media":165860,"comment_status":"closed","ping_status":"open","sticky":false,"template":"","format":"standard","meta":{"advgb_blocks_editor_width":"","advgb_blocks_columns_visual_guide":"","_exactmetrics_skip_tracking":false,"_exactmetrics_sitenote_active":false,"_exactmetrics_sitenote_note":"","_exactmetrics_sitenote_category":0,"footnotes":""},"categories":[2],"tags":[],"class_list":["post-165859","post","type-post","status-publish","format-standard","has-post-thumbnail","hentry","category-noticias"],"better_featured_image":{"id":165860,"alt_text":"","caption":"","description":"","media_type":"image","media_details":{"width":1200,"height":674,"file":"2025\/04\/1_files__image_98d64bb7_3779_497d_937b_dcc7a6738762-40617455.jpg","filesize":122921,"sizes":{"medium":{"file":"1_files__image_98d64bb7_3779_497d_937b_dcc7a6738762-40617455-470x264.jpg","width":470,"height":264,"mime-type":"image\/jpeg","filesize":19091,"source_url":"https:\/\/lavras.tv\/site\/wp-content\/uploads\/2025\/04\/1_files__image_98d64bb7_3779_497d_937b_dcc7a6738762-40617455-470x264.jpg"},"large":{"file":"1_files__image_98d64bb7_3779_497d_937b_dcc7a6738762-40617455-970x545.jpg","width":970,"height":545,"mime-type":"image\/jpeg","filesize":68040,"source_url":"https:\/\/lavras.tv\/site\/wp-content\/uploads\/2025\/04\/1_files__image_98d64bb7_3779_497d_937b_dcc7a6738762-40617455-970x545.jpg"},"thumbnail":{"file":"1_files__image_98d64bb7_3779_497d_937b_dcc7a6738762-40617455-170x95.jpg","width":170,"height":95,"mime-type":"image\/jpeg","filesize":3811,"source_url":"https:\/\/lavras.tv\/site\/wp-content\/uploads\/2025\/04\/1_files__image_98d64bb7_3779_497d_937b_dcc7a6738762-40617455-170x95.jpg"},"lshowcase-thumb":{"file":"1_files__image_98d64bb7_3779_497d_937b_dcc7a6738762-40617455-200x112.jpg","width":200,"height":112,"mime-type":"image\/jpeg","filesize":4799,"source_url":"https:\/\/lavras.tv\/site\/wp-content\/uploads\/2025\/04\/1_files__image_98d64bb7_3779_497d_937b_dcc7a6738762-40617455-200x112.jpg"},"alm-thumbnail":{"file":"1_files__image_98d64bb7_3779_497d_937b_dcc7a6738762-40617455-150x150.jpg","width":150,"height":150,"mime-type":"image\/jpeg","filesize":5127,"source_url":"https:\/\/lavras.tv\/site\/wp-content\/uploads\/2025\/04\/1_files__image_98d64bb7_3779_497d_937b_dcc7a6738762-40617455-150x150.jpg"}},"image_meta":{"aperture":"0","credit":"","camera":"","caption":"","created_timestamp":"0","copyright":"","focal_length":"0","iso":"0","shutter_speed":"0","title":"","orientation":"0","keywords":[]}},"post":165859,"source_url":"https:\/\/lavras.tv\/site\/wp-content\/uploads\/2025\/04\/1_files__image_98d64bb7_3779_497d_937b_dcc7a6738762-40617455.jpg"},"author_meta":{"display_name":"Vinicius Bustamante","author_link":"https:\/\/lavras.tv\/site\/author\/vinicius-bustamante\/"},"featured_img":"https:\/\/lavras.tv\/site\/wp-content\/uploads\/2025\/04\/1_files__image_98d64bb7_3779_497d_937b_dcc7a6738762-40617455-470x264.jpg","coauthors":[],"tax_additional":{"categories":{"linked":["<a href=\"https:\/\/lavras.tv\/site\/category\/noticias\/\" class=\"advgb-post-tax-term\">Not\u00edcias<\/a>"],"unlinked":["<span class=\"advgb-post-tax-term\">Not\u00edcias<\/span>"]}},"comment_count":"0","relative_dates":{"created":"Publicado 1 ano atr\u00e1s","modified":"Atualizado 1 ano atr\u00e1s"},"absolute_dates":{"created":"Publicado em 2 de abril de 2025","modified":"Atualizado em 2 de abril de 2025"},"absolute_dates_time":{"created":"Publicado em 2 de abril de 2025 15:44","modified":"Atualizado em 2 de abril de 2025 15:44"},"featured_img_caption":"","series_order":"","_links":{"self":[{"href":"https:\/\/lavras.tv\/site\/wp-json\/wp\/v2\/posts\/165859","targetHints":{"allow":["GET"]}}],"collection":[{"href":"https:\/\/lavras.tv\/site\/wp-json\/wp\/v2\/posts"}],"about":[{"href":"https:\/\/lavras.tv\/site\/wp-json\/wp\/v2\/types\/post"}],"author":[{"embeddable":true,"href":"https:\/\/lavras.tv\/site\/wp-json\/wp\/v2\/users\/5"}],"replies":[{"embeddable":true,"href":"https:\/\/lavras.tv\/site\/wp-json\/wp\/v2\/comments?post=165859"}],"version-history":[{"count":1,"href":"https:\/\/lavras.tv\/site\/wp-json\/wp\/v2\/posts\/165859\/revisions"}],"predecessor-version":[{"id":165861,"href":"https:\/\/lavras.tv\/site\/wp-json\/wp\/v2\/posts\/165859\/revisions\/165861"}],"wp:featuredmedia":[{"embeddable":true,"href":"https:\/\/lavras.tv\/site\/wp-json\/wp\/v2\/media\/165860"}],"wp:attachment":[{"href":"https:\/\/lavras.tv\/site\/wp-json\/wp\/v2\/media?parent=165859"}],"wp:term":[{"taxonomy":"category","embeddable":true,"href":"https:\/\/lavras.tv\/site\/wp-json\/wp\/v2\/categories?post=165859"},{"taxonomy":"post_tag","embeddable":true,"href":"https:\/\/lavras.tv\/site\/wp-json\/wp\/v2\/tags?post=165859"}],"curies":[{"name":"wp","href":"https:\/\/api.w.org\/{rel}","templated":true}]}}