{"id":166082,"date":"2025-04-03T14:17:00","date_gmt":"2025-04-03T17:17:00","guid":{"rendered":"https:\/\/lavras.tv\/site\/?p=166082"},"modified":"2025-04-03T14:17:01","modified_gmt":"2025-04-03T17:17:01","slug":"policia-civil-recupera-celulares-furtados-em-loja-de-eletronicos-em-santo-antonio-do-amparo-mg","status":"publish","type":"post","link":"https:\/\/lavras.tv\/site\/2025\/04\/03\/policia-civil-recupera-celulares-furtados-em-loja-de-eletronicos-em-santo-antonio-do-amparo-mg\/","title":{"rendered":"POL\u00cdCIA CIVIL RECUPERA CELULARES FURTADOS EM LOJA DE ELETR\u00d4NICOS EM SANTO ANT\u00d4NIO DO AMPARO\/MG"},"content":{"rendered":"<div class=\"lavra-antes-do-conteudo_2\" id=\"lavra-3699942112\"><div id=\"lavra-slider-27\" class=\"custom-slider lavra-slider-96295103 lavra-slider\"><ul><li><div style=\"margin-left: auto;margin-right: auto;text-align: center;\" id=\"lavra-2010514645\"><a href=\"https:\/\/sistemas.lavras.mg.gov.br\/portalcidadao\/#df1b1a7c7b2a290bcb31e32771e610784662739a88807c0dacac58ede5f391a7530e299dc302d611ee73cb143fc22eaf93592e53e7b5bdb01b00a0b8d28dae460c141dd2ff83412e4dc1c31b16b25f33144a9e5620ea73b13f5bc1c59411d98439ad226e8af03840603796067d87afe130812cf3de24982d0e306f9e61e764e5\" aria-label=\"Lavras-TV&#8211;720x104px (1) (1)\"><img src=\"https:\/\/lavras.tv\/site\/wp-content\/uploads\/2025\/01\/Lavras-TV-720x104px-1-1.png\" alt=\"\"  srcset=\"https:\/\/lavras.tv\/site\/wp-content\/uploads\/2025\/01\/Lavras-TV-720x104px-1-1.png 720w, https:\/\/lavras.tv\/site\/wp-content\/uploads\/2025\/01\/Lavras-TV-720x104px-1-1-470x68.png 470w, https:\/\/lavras.tv\/site\/wp-content\/uploads\/2025\/01\/Lavras-TV-720x104px-1-1-170x25.png 170w, https:\/\/lavras.tv\/site\/wp-content\/uploads\/2025\/01\/Lavras-TV-720x104px-1-1-200x29.png 200w\" sizes=\"(max-width: 720px) 100vw, 720px\" width=\"720\" height=\"104\"  style=\"display: inline-block;\" \/><\/a><\/div><\/li><li><a href=\"https:\/\/sistemas.lavras.mg.gov.br\/portalcidadao\/#df1b1a7c7b2a290bcb31e32771e610784662739a88807c0dacac58ede5f391a7530e299dc302d611ee73cb143fc22eaf93592e53e7b5bdb01b00a0b8d28dae460c141dd2ff83412e4dc1c31b16b25f33144a9e5620ea73b13f5bc1c59411d98439ad226e8af03840603796067d87afe130812cf3de24982d0e306f9e61e764e5\" aria-label=\"Banner_Emprego_PortallavrasTV\"><img src=\"https:\/\/lavras.tv\/site\/wp-content\/uploads\/2025\/03\/Banner_Emprego_PortallavrasTV.png\" alt=\"\"  srcset=\"https:\/\/lavras.tv\/site\/wp-content\/uploads\/2025\/03\/Banner_Emprego_PortallavrasTV.png 720w, https:\/\/lavras.tv\/site\/wp-content\/uploads\/2025\/03\/Banner_Emprego_PortallavrasTV-470x68.png 470w, https:\/\/lavras.tv\/site\/wp-content\/uploads\/2025\/03\/Banner_Emprego_PortallavrasTV-170x25.png 170w, https:\/\/lavras.tv\/site\/wp-content\/uploads\/2025\/03\/Banner_Emprego_PortallavrasTV-200x29.png 200w\" sizes=\"(max-width: 720px) 100vw, 720px\" width=\"720\" height=\"104\"   \/><\/a><\/li><li><a href=\"https:\/\/sistemas.lavras.mg.gov.br\/portalcidadao\/#df1b1a7c7b2a290bcb31e32771e610784662739a88807c0dacac58ede5f391a7530e299dc302d611ee73cb143fc22eaf93592e53e7b5bdb01b00a0b8d28dae460c141dd2ff83412e4dc1c31b16b25f33144a9e5620ea73b13f5bc1c59411d98439ad226e8af03840603796067d87afe130812cf3de24982d0e306f9e61e764e5\" aria-label=\"Banner_Obras_PortallavrasTV\"><img src=\"https:\/\/lavras.tv\/site\/wp-content\/uploads\/2025\/03\/Banner_Obras_PortallavrasTV.png\" alt=\"\"  srcset=\"https:\/\/lavras.tv\/site\/wp-content\/uploads\/2025\/03\/Banner_Obras_PortallavrasTV.png 720w, https:\/\/lavras.tv\/site\/wp-content\/uploads\/2025\/03\/Banner_Obras_PortallavrasTV-470x68.png 470w, https:\/\/lavras.tv\/site\/wp-content\/uploads\/2025\/03\/Banner_Obras_PortallavrasTV-170x25.png 170w, https:\/\/lavras.tv\/site\/wp-content\/uploads\/2025\/03\/Banner_Obras_PortallavrasTV-200x29.png 200w\" sizes=\"(max-width: 720px) 100vw, 720px\" width=\"720\" height=\"104\"   \/><\/a><\/li><li><div style=\"margin-left: auto;margin-right: auto;text-align: center;\" id=\"lavra-1302027762\"><a href=\"https:\/\/sistemas.lavras.mg.gov.br\/portalcidadao\/#df1b1a7c7b2a290bcb31e32771e610784662739a88807c0dacac58ede5f391a7530e299dc302d611ee73cb143fc22eaf93592e53e7b5bdb01b00a0b8d28dae460c141dd2ff83412e4dc1c31b16b25f33144a9e5620ea73b13f5bc1c59411d98439ad226e8af03840603796067d87afe130812cf3de24982d0e306f9e61e764e5\" aria-label=\"Banner_Educa\u00e7\u00e3o_PortallavrasTV\"><img src=\"https:\/\/lavras.tv\/site\/wp-content\/uploads\/2025\/01\/Banner_Educacao_PortallavrasTV.png\" alt=\"\"  srcset=\"https:\/\/lavras.tv\/site\/wp-content\/uploads\/2025\/01\/Banner_Educacao_PortallavrasTV.png 720w, https:\/\/lavras.tv\/site\/wp-content\/uploads\/2025\/01\/Banner_Educacao_PortallavrasTV-470x68.png 470w, https:\/\/lavras.tv\/site\/wp-content\/uploads\/2025\/01\/Banner_Educacao_PortallavrasTV-170x25.png 170w, https:\/\/lavras.tv\/site\/wp-content\/uploads\/2025\/01\/Banner_Educacao_PortallavrasTV-200x29.png 200w\" sizes=\"(max-width: 720px) 100vw, 720px\" width=\"720\" height=\"104\"  style=\"display: inline-block;\" \/><\/a><\/div><\/li><li><a href=\"https:\/\/sistemas.lavras.mg.gov.br\/portalcidadao\/#df1b1a7c7b2a290bcb31e32771e610784662739a88807c0dacac58ede5f391a7530e299dc302d611ee73cb143fc22eaf93592e53e7b5bdb01b00a0b8d28dae460c141dd2ff83412e4dc1c31b16b25f33144a9e5620ea73b13f5bc1c59411d98439ad226e8af03840603796067d87afe130812cf3de24982d0e306f9e61e764e5\" aria-label=\"Banner_Sa\u00fade_PortallavrasTV\"><img src=\"https:\/\/lavras.tv\/site\/wp-content\/uploads\/2025\/03\/Banner_Saude_PortallavrasTV.png\" alt=\"\"  srcset=\"https:\/\/lavras.tv\/site\/wp-content\/uploads\/2025\/03\/Banner_Saude_PortallavrasTV.png 720w, https:\/\/lavras.tv\/site\/wp-content\/uploads\/2025\/03\/Banner_Saude_PortallavrasTV-470x68.png 470w, https:\/\/lavras.tv\/site\/wp-content\/uploads\/2025\/03\/Banner_Saude_PortallavrasTV-170x25.png 170w, https:\/\/lavras.tv\/site\/wp-content\/uploads\/2025\/03\/Banner_Saude_PortallavrasTV-200x29.png 200w\" sizes=\"(max-width: 720px) 100vw, 720px\" width=\"720\" height=\"104\"   \/><\/a><\/li><li><div id=\"lavra-1717049182\" style=\"width:720px;height:104px;background-color:#ddd;overflow:scroll;\">\n\t<strong>Sa\u00edda da depura\u00e7\u00e3o de an\u00fancios<\/strong>\n\t<br><br>\n\tO an\u00fancio n\u00e3o \u00e9 exibido na p\u00e1gina<br><br>post atual: POL\u00cdCIA CIVIL RECUPERA CELULARES FURTADOS EM LOJA DE ELETR\u00d4NICOS EM SANTO ANT\u00d4NIO DO AMPARO\/MG, ID: 166082<br><br><span style=\"color: red;\">O post atual n\u00e3o \u00e9 id\u00eantico ao post principal.<\/span><br><br>An\u00fancios: ROXO - TOPO INTERNA - ROTATIVO 2 (197)<br \/>Grupo de an\u00fancios: Princ_Meio01_720x104 (27)<br><br>Condi\u00e7\u00f5es de exibi\u00e7\u00e3o<div style=\"margin-bottom: 20px; white-space: pre-wrap; font-family: monospace; width: 100%; background: #ffe9e9;\"><strong>condi\u00e7\u00f5es gerais<\/strong><table border=\"1\"><thead><tr><th><\/th><th>An\u00fancios<\/th><th>wp_the_query<\/th><\/tr><\/thead><tr><td>is_main_query<\/td><td>1<\/td><td>1<\/td><\/tr><tr><td>is_rest_api<\/td><td>0<\/td><td>1<\/td><\/tr><tr><td>page<\/td><td>0<\/td><td>1<\/td><\/tr><tr><td>numpages<\/td><td>0<\/td><td>1<\/td><\/tr><tr><td>is_archive<\/td><td>1<\/td><td><\/td><\/tr><tr><td>is_search<\/td><td>1<\/td><td><\/td><\/tr><tr><td>is_home<\/td><td>1<\/td><td><\/td><\/tr><tr><td>is_404<\/td><td>1<\/td><td><\/td><\/tr><tr><td>is_attachment<\/td><td>1<\/td><td><\/td><\/tr><tr><td>is_singular<\/td><td>1<\/td><td><\/td><\/tr><tr><td>is_front_page<\/td><td>1<\/td><td><\/td><\/tr><tr><td>is_feed<\/td><td>1<\/td><td><\/td><\/tr><\/table><\/div><br><br><span style=\"color: red;\">Seu site usa HTTPS, mas o c\u00f3digo do an\u00fancio cont\u00e9m HTTP e pode n\u00e3o funcionar.<\/span>\t<br><br>\n\t<a style=\"color: green;\" href=\"https:\/\/wpadvancedads.com\/manual\/ad-debug-mode\/?utm_source=advanced-ads&utm_medium=link&utm_campaign=ad-debug-mode\" target=\"_blank\" rel=\"nofollow\">Encontre solu\u00e7\u00f5es no manual<\/a>\n<\/div>\n<\/li><\/ul><\/div><script>( window.advanced_ads_ready || jQuery( document ).ready ).call( null, function() {var $lavraslider96295103 = jQuery( \".lavra-slider-96295103\" );$lavraslider96295103.on( \"unslider.ready\", function() { jQuery( \"div.custom-slider ul li\" ).css( \"display\", \"block\" ); });$lavraslider96295103.unslider({ delay:4000, autoplay:true, nav:false, arrows:false, infinite:true });$lavraslider96295103.on(\"mouseover\", function() {$lavraslider96295103.unslider(\"stop\");}).on(\"mouseout\", function() {$lavraslider96295103.unslider(\"start\");});});<\/script><\/div>\n<figure class=\"wp-block-image size-large is-resized\"><img fetchpriority=\"high\" decoding=\"async\" width=\"768\" height=\"1024\" src=\"https:\/\/lavras.tv\/site\/wp-content\/uploads\/2025\/04\/WhatsApp-Image-2025-04-03-at-10.24.08-768x1024.jpeg\" alt=\"\" class=\"wp-image-166083\" style=\"width:527px;height:auto\" srcset=\"https:\/\/lavras.tv\/site\/wp-content\/uploads\/2025\/04\/WhatsApp-Image-2025-04-03-at-10.24.08-768x1024.jpeg 768w, https:\/\/lavras.tv\/site\/wp-content\/uploads\/2025\/04\/WhatsApp-Image-2025-04-03-at-10.24.08-225x300.jpeg 225w, https:\/\/lavras.tv\/site\/wp-content\/uploads\/2025\/04\/WhatsApp-Image-2025-04-03-at-10.24.08-113x150.jpeg 113w, https:\/\/lavras.tv\/site\/wp-content\/uploads\/2025\/04\/WhatsApp-Image-2025-04-03-at-10.24.08-150x200.jpeg 150w, https:\/\/lavras.tv\/site\/wp-content\/uploads\/2025\/04\/WhatsApp-Image-2025-04-03-at-10.24.08.jpeg 960w\" sizes=\"(max-width: 768px) 100vw, 768px\" \/><\/figure>\n\n\n\n<p>A Pol\u00edcia Civil de Minas Gerais, por meio das equipes de Santo Ant\u00f4nio do Amparo e da Delegacia Adjunta de Crime Contra o Patrim\u00f4nio de Apoio \u00e0 Atividade de Pol\u00edcia Judici\u00e1ria (DAPATRI) de Lavras, obteve um importante avan\u00e7o na investiga\u00e7\u00e3o do furto ocorrido em uma loja de eletroeletr\u00f4nicos no munic\u00edpio de Santo Ant\u00f4nio do Amparo. O crime, registrado no dia 30 de janeiro de 2025, causou um preju\u00edzo estimado de R$ 15 mil, ap\u00f3s dois criminosos arrombarem o estabelecimento e levarem diversos aparelhos celulares e eletr\u00f4nicos.<\/p>\n\n\n\n<p>Ap\u00f3s intensas dilig\u00eancias, os policiais civis conseguiram recuperar ontem (02\/04\/2025) quatro celulares furtados, avaliados em aproximadamente R$ 5 mil. Os aparelhos foram devidamente restitu\u00eddos ao propriet\u00e1rio da loja, trazendo al\u00edvio para a v\u00edtima e refor\u00e7ando o compromisso da Pol\u00edcia Civil no combate ao crime patrimonial.<\/p>\n\n\n\n<p>Durante a opera\u00e7\u00e3o policial, os receptadores dos aparelhos foram identificados e prestaram depoimento. O caso foi encaminhado \u00e0 Justi\u00e7a, e as investiga\u00e7\u00f5es continuam para localizar os demais itens subtra\u00eddos e identificar todos os envolvidos no crime.<\/p>\n\n\n\n<p>O delegado respons\u00e1vel pela investiga\u00e7\u00e3o alerta sobre os riscos e consequ\u00eancias da compra de produtos de origem duvidosa:<br>\u201cAo adquirir um celular sem proced\u00eancia comprovada, o comprador pode estar contribuindo diretamente para a criminalidade. Al\u00e9m disso, recepta\u00e7\u00e3o \u00e9 crime e pode levar \u00e0 pris\u00e3o. A popula\u00e7\u00e3o deve sempre exigir nota fiscal e denunciar qualquer suspeita \u00e0s autoridades.\u201d<\/p>\n\n\n\n<p>A Pol\u00edcia Civil refor\u00e7a seu compromisso com a seguran\u00e7a da popula\u00e7\u00e3o e pede que qualquer informa\u00e7\u00e3o sobre o paradeiro dos objetos furtados seja comunicada anonimamente pelo Disque Den\u00fancia 181.<\/p>\n","protected":false},"excerpt":{"rendered":"<p>A Pol\u00edcia Civil de Minas Gerais, por meio das equipes de Santo Ant\u00f4nio do Amparo e da Delegacia Adjunta de Crime Contra o Patrim\u00f4nio de Apoio \u00e0 Atividade de Pol\u00edcia Judici\u00e1ria (DAPATRI) de Lavras, obteve um importante avan\u00e7o na investiga\u00e7\u00e3o do furto ocorrido em uma loja de eletroeletr\u00f4nicos no munic\u00edpio de Santo Ant\u00f4nio do Amparo. [&hellip;]<\/p>\n","protected":false},"author":5,"featured_media":166083,"comment_status":"closed","ping_status":"open","sticky":false,"template":"","format":"standard","meta":{"advgb_blocks_editor_width":"","advgb_blocks_columns_visual_guide":"","_exactmetrics_skip_tracking":false,"_exactmetrics_sitenote_active":false,"_exactmetrics_sitenote_note":"","_exactmetrics_sitenote_category":0,"footnotes":""},"categories":[7,2],"tags":[],"class_list":["post-166082","post","type-post","status-publish","format-standard","has-post-thumbnail","hentry","category-destaques","category-noticias"],"better_featured_image":{"id":166083,"alt_text":"","caption":"","description":"","media_type":"image","media_details":{"width":960,"height":1280,"file":"2025\/04\/WhatsApp-Image-2025-04-03-at-10.24.08.jpeg","filesize":112726,"sizes":{"medium":{"file":"WhatsApp-Image-2025-04-03-at-10.24.08-225x300.jpeg","width":225,"height":300,"mime-type":"image\/jpeg","filesize":12765,"source_url":"https:\/\/lavras.tv\/site\/wp-content\/uploads\/2025\/04\/WhatsApp-Image-2025-04-03-at-10.24.08-225x300.jpeg"},"large":{"file":"WhatsApp-Image-2025-04-03-at-10.24.08-768x1024.jpeg","width":768,"height":1024,"mime-type":"image\/jpeg","filesize":89381,"source_url":"https:\/\/lavras.tv\/site\/wp-content\/uploads\/2025\/04\/WhatsApp-Image-2025-04-03-at-10.24.08-768x1024.jpeg"},"thumbnail":{"file":"WhatsApp-Image-2025-04-03-at-10.24.08-113x150.jpeg","width":113,"height":150,"mime-type":"image\/jpeg","filesize":4419,"source_url":"https:\/\/lavras.tv\/site\/wp-content\/uploads\/2025\/04\/WhatsApp-Image-2025-04-03-at-10.24.08-113x150.jpeg"},"lshowcase-thumb":{"file":"WhatsApp-Image-2025-04-03-at-10.24.08-150x200.jpeg","width":150,"height":200,"mime-type":"image\/jpeg","filesize":6745,"source_url":"https:\/\/lavras.tv\/site\/wp-content\/uploads\/2025\/04\/WhatsApp-Image-2025-04-03-at-10.24.08-150x200.jpeg"},"alm-thumbnail":{"file":"WhatsApp-Image-2025-04-03-at-10.24.08-150x150.jpeg","width":150,"height":150,"mime-type":"image\/jpeg","filesize":5185,"source_url":"https:\/\/lavras.tv\/site\/wp-content\/uploads\/2025\/04\/WhatsApp-Image-2025-04-03-at-10.24.08-150x150.jpeg"}},"image_meta":{"aperture":"0","credit":"","camera":"","caption":"","created_timestamp":"0","copyright":"","focal_length":"0","iso":"0","shutter_speed":"0","title":"","orientation":"0","keywords":[]}},"post":166082,"source_url":"https:\/\/lavras.tv\/site\/wp-content\/uploads\/2025\/04\/WhatsApp-Image-2025-04-03-at-10.24.08.jpeg"},"author_meta":{"display_name":"Vinicius Bustamante","author_link":"https:\/\/lavras.tv\/site\/author\/vinicius-bustamante\/"},"featured_img":"https:\/\/lavras.tv\/site\/wp-content\/uploads\/2025\/04\/WhatsApp-Image-2025-04-03-at-10.24.08-225x300.jpeg","coauthors":[],"tax_additional":{"categories":{"linked":["<a href=\"https:\/\/lavras.tv\/site\/category\/destaques\/\" class=\"advgb-post-tax-term\">Destaques<\/a>","<a href=\"https:\/\/lavras.tv\/site\/category\/noticias\/\" class=\"advgb-post-tax-term\">Not\u00edcias<\/a>"],"unlinked":["<span class=\"advgb-post-tax-term\">Destaques<\/span>","<span class=\"advgb-post-tax-term\">Not\u00edcias<\/span>"]}},"comment_count":"0","relative_dates":{"created":"Publicado 1 ano atr\u00e1s","modified":"Atualizado 1 ano atr\u00e1s"},"absolute_dates":{"created":"Publicado em 3 de abril de 2025","modified":"Atualizado em 3 de abril de 2025"},"absolute_dates_time":{"created":"Publicado em 3 de abril de 2025 14:17","modified":"Atualizado em 3 de abril de 2025 14:17"},"featured_img_caption":"","series_order":"","_links":{"self":[{"href":"https:\/\/lavras.tv\/site\/wp-json\/wp\/v2\/posts\/166082","targetHints":{"allow":["GET"]}}],"collection":[{"href":"https:\/\/lavras.tv\/site\/wp-json\/wp\/v2\/posts"}],"about":[{"href":"https:\/\/lavras.tv\/site\/wp-json\/wp\/v2\/types\/post"}],"author":[{"embeddable":true,"href":"https:\/\/lavras.tv\/site\/wp-json\/wp\/v2\/users\/5"}],"replies":[{"embeddable":true,"href":"https:\/\/lavras.tv\/site\/wp-json\/wp\/v2\/comments?post=166082"}],"version-history":[{"count":1,"href":"https:\/\/lavras.tv\/site\/wp-json\/wp\/v2\/posts\/166082\/revisions"}],"predecessor-version":[{"id":166084,"href":"https:\/\/lavras.tv\/site\/wp-json\/wp\/v2\/posts\/166082\/revisions\/166084"}],"wp:featuredmedia":[{"embeddable":true,"href":"https:\/\/lavras.tv\/site\/wp-json\/wp\/v2\/media\/166083"}],"wp:attachment":[{"href":"https:\/\/lavras.tv\/site\/wp-json\/wp\/v2\/media?parent=166082"}],"wp:term":[{"taxonomy":"category","embeddable":true,"href":"https:\/\/lavras.tv\/site\/wp-json\/wp\/v2\/categories?post=166082"},{"taxonomy":"post_tag","embeddable":true,"href":"https:\/\/lavras.tv\/site\/wp-json\/wp\/v2\/tags?post=166082"}],"curies":[{"name":"wp","href":"https:\/\/api.w.org\/{rel}","templated":true}]}}