{"id":166088,"date":"2025-04-03T14:28:50","date_gmt":"2025-04-03T17:28:50","guid":{"rendered":"https:\/\/lavras.tv\/site\/?p=166088"},"modified":"2025-04-03T14:28:51","modified_gmt":"2025-04-03T17:28:51","slug":"populacao-de-minas-gerais-comecara-a-diminuir-a-partir-de-2037","status":"publish","type":"post","link":"https:\/\/lavras.tv\/site\/2025\/04\/03\/populacao-de-minas-gerais-comecara-a-diminuir-a-partir-de-2037\/","title":{"rendered":"Popula\u00e7\u00e3o de Minas Gerais come\u00e7ar\u00e1 a diminuir a partir de 2037"},"content":{"rendered":"<div class=\"lavra-antes-do-conteudo_2\" id=\"lavra-1583017844\"><div id=\"lavra-slider-27\" class=\"custom-slider lavra-slider-3142332776 lavra-slider\"><ul><li><div style=\"margin-left: auto;margin-right: auto;text-align: center;\" id=\"lavra-4274490893\"><a href=\"https:\/\/sistemas.lavras.mg.gov.br\/portalcidadao\/#df1b1a7c7b2a290bcb31e32771e610784662739a88807c0dacac58ede5f391a7530e299dc302d611ee73cb143fc22eaf93592e53e7b5bdb01b00a0b8d28dae460c141dd2ff83412e4dc1c31b16b25f33144a9e5620ea73b13f5bc1c59411d98439ad226e8af03840603796067d87afe130812cf3de24982d0e306f9e61e764e5\" aria-label=\"Lavras-TV&#8211;720x104px (1) (1)\"><img src=\"https:\/\/lavras.tv\/site\/wp-content\/uploads\/2025\/01\/Lavras-TV-720x104px-1-1.png\" alt=\"\"  srcset=\"https:\/\/lavras.tv\/site\/wp-content\/uploads\/2025\/01\/Lavras-TV-720x104px-1-1.png 720w, https:\/\/lavras.tv\/site\/wp-content\/uploads\/2025\/01\/Lavras-TV-720x104px-1-1-470x68.png 470w, https:\/\/lavras.tv\/site\/wp-content\/uploads\/2025\/01\/Lavras-TV-720x104px-1-1-170x25.png 170w, https:\/\/lavras.tv\/site\/wp-content\/uploads\/2025\/01\/Lavras-TV-720x104px-1-1-200x29.png 200w\" sizes=\"(max-width: 720px) 100vw, 720px\" width=\"720\" height=\"104\"  style=\"display: inline-block;\" \/><\/a><\/div><\/li><li><a href=\"https:\/\/sistemas.lavras.mg.gov.br\/portalcidadao\/#df1b1a7c7b2a290bcb31e32771e610784662739a88807c0dacac58ede5f391a7530e299dc302d611ee73cb143fc22eaf93592e53e7b5bdb01b00a0b8d28dae460c141dd2ff83412e4dc1c31b16b25f33144a9e5620ea73b13f5bc1c59411d98439ad226e8af03840603796067d87afe130812cf3de24982d0e306f9e61e764e5\" aria-label=\"Banner_Emprego_PortallavrasTV\"><img src=\"https:\/\/lavras.tv\/site\/wp-content\/uploads\/2025\/03\/Banner_Emprego_PortallavrasTV.png\" alt=\"\"  srcset=\"https:\/\/lavras.tv\/site\/wp-content\/uploads\/2025\/03\/Banner_Emprego_PortallavrasTV.png 720w, https:\/\/lavras.tv\/site\/wp-content\/uploads\/2025\/03\/Banner_Emprego_PortallavrasTV-470x68.png 470w, https:\/\/lavras.tv\/site\/wp-content\/uploads\/2025\/03\/Banner_Emprego_PortallavrasTV-170x25.png 170w, https:\/\/lavras.tv\/site\/wp-content\/uploads\/2025\/03\/Banner_Emprego_PortallavrasTV-200x29.png 200w\" sizes=\"(max-width: 720px) 100vw, 720px\" width=\"720\" height=\"104\"   \/><\/a><\/li><li><a href=\"https:\/\/sistemas.lavras.mg.gov.br\/portalcidadao\/#df1b1a7c7b2a290bcb31e32771e610784662739a88807c0dacac58ede5f391a7530e299dc302d611ee73cb143fc22eaf93592e53e7b5bdb01b00a0b8d28dae460c141dd2ff83412e4dc1c31b16b25f33144a9e5620ea73b13f5bc1c59411d98439ad226e8af03840603796067d87afe130812cf3de24982d0e306f9e61e764e5\" aria-label=\"Banner_Obras_PortallavrasTV\"><img src=\"https:\/\/lavras.tv\/site\/wp-content\/uploads\/2025\/03\/Banner_Obras_PortallavrasTV.png\" alt=\"\"  srcset=\"https:\/\/lavras.tv\/site\/wp-content\/uploads\/2025\/03\/Banner_Obras_PortallavrasTV.png 720w, https:\/\/lavras.tv\/site\/wp-content\/uploads\/2025\/03\/Banner_Obras_PortallavrasTV-470x68.png 470w, https:\/\/lavras.tv\/site\/wp-content\/uploads\/2025\/03\/Banner_Obras_PortallavrasTV-170x25.png 170w, https:\/\/lavras.tv\/site\/wp-content\/uploads\/2025\/03\/Banner_Obras_PortallavrasTV-200x29.png 200w\" sizes=\"(max-width: 720px) 100vw, 720px\" width=\"720\" height=\"104\"   \/><\/a><\/li><li><div style=\"margin-left: auto;margin-right: auto;text-align: center;\" id=\"lavra-1583585420\"><a href=\"https:\/\/sistemas.lavras.mg.gov.br\/portalcidadao\/#df1b1a7c7b2a290bcb31e32771e610784662739a88807c0dacac58ede5f391a7530e299dc302d611ee73cb143fc22eaf93592e53e7b5bdb01b00a0b8d28dae460c141dd2ff83412e4dc1c31b16b25f33144a9e5620ea73b13f5bc1c59411d98439ad226e8af03840603796067d87afe130812cf3de24982d0e306f9e61e764e5\" aria-label=\"Banner_Educa\u00e7\u00e3o_PortallavrasTV\"><img src=\"https:\/\/lavras.tv\/site\/wp-content\/uploads\/2025\/01\/Banner_Educacao_PortallavrasTV.png\" alt=\"\"  srcset=\"https:\/\/lavras.tv\/site\/wp-content\/uploads\/2025\/01\/Banner_Educacao_PortallavrasTV.png 720w, https:\/\/lavras.tv\/site\/wp-content\/uploads\/2025\/01\/Banner_Educacao_PortallavrasTV-470x68.png 470w, https:\/\/lavras.tv\/site\/wp-content\/uploads\/2025\/01\/Banner_Educacao_PortallavrasTV-170x25.png 170w, https:\/\/lavras.tv\/site\/wp-content\/uploads\/2025\/01\/Banner_Educacao_PortallavrasTV-200x29.png 200w\" sizes=\"(max-width: 720px) 100vw, 720px\" width=\"720\" height=\"104\"  style=\"display: inline-block;\" \/><\/a><\/div><\/li><li><a href=\"https:\/\/sistemas.lavras.mg.gov.br\/portalcidadao\/#df1b1a7c7b2a290bcb31e32771e610784662739a88807c0dacac58ede5f391a7530e299dc302d611ee73cb143fc22eaf93592e53e7b5bdb01b00a0b8d28dae460c141dd2ff83412e4dc1c31b16b25f33144a9e5620ea73b13f5bc1c59411d98439ad226e8af03840603796067d87afe130812cf3de24982d0e306f9e61e764e5\" aria-label=\"Banner_Sa\u00fade_PortallavrasTV\"><img src=\"https:\/\/lavras.tv\/site\/wp-content\/uploads\/2025\/03\/Banner_Saude_PortallavrasTV.png\" alt=\"\"  srcset=\"https:\/\/lavras.tv\/site\/wp-content\/uploads\/2025\/03\/Banner_Saude_PortallavrasTV.png 720w, https:\/\/lavras.tv\/site\/wp-content\/uploads\/2025\/03\/Banner_Saude_PortallavrasTV-470x68.png 470w, https:\/\/lavras.tv\/site\/wp-content\/uploads\/2025\/03\/Banner_Saude_PortallavrasTV-170x25.png 170w, https:\/\/lavras.tv\/site\/wp-content\/uploads\/2025\/03\/Banner_Saude_PortallavrasTV-200x29.png 200w\" sizes=\"(max-width: 720px) 100vw, 720px\" width=\"720\" height=\"104\"   \/><\/a><\/li><li><div id=\"lavra-2740954730\" style=\"width:720px;height:104px;background-color:#ddd;overflow:scroll;\">\n\t<strong>Sa\u00edda da depura\u00e7\u00e3o de an\u00fancios<\/strong>\n\t<br><br>\n\tO an\u00fancio n\u00e3o \u00e9 exibido na p\u00e1gina<br><br>post atual: Popula\u00e7\u00e3o de Minas Gerais come\u00e7ar\u00e1 a diminuir a partir de 2037, ID: 166088<br><br><span style=\"color: red;\">O post atual n\u00e3o \u00e9 id\u00eantico ao post principal.<\/span><br><br>An\u00fancios: ROXO - TOPO INTERNA - ROTATIVO 2 (197)<br \/>Grupo de an\u00fancios: Princ_Meio01_720x104 (27)<br><br>Condi\u00e7\u00f5es de exibi\u00e7\u00e3o<div style=\"margin-bottom: 20px; white-space: pre-wrap; font-family: monospace; width: 100%; background: #ffe9e9;\"><strong>condi\u00e7\u00f5es gerais<\/strong><table border=\"1\"><thead><tr><th><\/th><th>An\u00fancios<\/th><th>wp_the_query<\/th><\/tr><\/thead><tr><td>is_main_query<\/td><td>1<\/td><td>1<\/td><\/tr><tr><td>is_rest_api<\/td><td>0<\/td><td>1<\/td><\/tr><tr><td>page<\/td><td>0<\/td><td>1<\/td><\/tr><tr><td>numpages<\/td><td>0<\/td><td>1<\/td><\/tr><tr><td>is_archive<\/td><td>1<\/td><td><\/td><\/tr><tr><td>is_search<\/td><td>1<\/td><td><\/td><\/tr><tr><td>is_home<\/td><td>1<\/td><td><\/td><\/tr><tr><td>is_404<\/td><td>1<\/td><td><\/td><\/tr><tr><td>is_attachment<\/td><td>1<\/td><td><\/td><\/tr><tr><td>is_singular<\/td><td>1<\/td><td><\/td><\/tr><tr><td>is_front_page<\/td><td>1<\/td><td><\/td><\/tr><tr><td>is_feed<\/td><td>1<\/td><td><\/td><\/tr><\/table><\/div><br><br><span style=\"color: red;\">Seu site usa HTTPS, mas o c\u00f3digo do an\u00fancio cont\u00e9m HTTP e pode n\u00e3o funcionar.<\/span>\t<br><br>\n\t<a style=\"color: green;\" href=\"https:\/\/wpadvancedads.com\/manual\/ad-debug-mode\/?utm_source=advanced-ads&utm_medium=link&utm_campaign=ad-debug-mode\" target=\"_blank\" rel=\"nofollow\">Encontre solu\u00e7\u00f5es no manual<\/a>\n<\/div>\n<\/li><\/ul><\/div><script>( window.advanced_ads_ready || jQuery( document ).ready ).call( null, function() {var $lavraslider3142332776 = jQuery( \".lavra-slider-3142332776\" );$lavraslider3142332776.on( \"unslider.ready\", function() { jQuery( \"div.custom-slider ul li\" ).css( \"display\", \"block\" ); });$lavraslider3142332776.unslider({ delay:4000, autoplay:true, nav:false, arrows:false, infinite:true });$lavraslider3142332776.on(\"mouseover\", function() {$lavraslider3142332776.unslider(\"stop\");}).on(\"mouseout\", function() {$lavraslider3142332776.unslider(\"start\");});});<\/script><\/div>\n<p>Estudo confirma o acelerado processo de envelhecimento da popula\u00e7\u00e3o e pode nortear pol\u00edticas que diminuam os efeitos desse fen\u00f4meno<\/p>\n\n\n\n<figure class=\"wp-block-image size-large\"><img fetchpriority=\"high\" decoding=\"async\" width=\"970\" height=\"582\" src=\"https:\/\/lavras.tv\/site\/wp-content\/uploads\/2025\/04\/1_whatsapp_image_2025_03_05_at_12_56_49-47644211-970x582.jpeg\" alt=\"\" class=\"wp-image-166090\" srcset=\"https:\/\/lavras.tv\/site\/wp-content\/uploads\/2025\/04\/1_whatsapp_image_2025_03_05_at_12_56_49-47644211-970x582.jpeg 970w, https:\/\/lavras.tv\/site\/wp-content\/uploads\/2025\/04\/1_whatsapp_image_2025_03_05_at_12_56_49-47644211-470x282.jpeg 470w, https:\/\/lavras.tv\/site\/wp-content\/uploads\/2025\/04\/1_whatsapp_image_2025_03_05_at_12_56_49-47644211-170x102.jpeg 170w, https:\/\/lavras.tv\/site\/wp-content\/uploads\/2025\/04\/1_whatsapp_image_2025_03_05_at_12_56_49-47644211-200x120.jpeg 200w, https:\/\/lavras.tv\/site\/wp-content\/uploads\/2025\/04\/1_whatsapp_image_2025_03_05_at_12_56_49-47644211.jpeg 1200w\" sizes=\"(max-width: 970px) 100vw, 970px\" \/><\/figure>\n\n\n\n<p>A popula\u00e7\u00e3o de Minas Gerais n\u00e3o seguir\u00e1\u00a0em crescimento por muito mais tempo. Uma proje\u00e7\u00e3o\u00a0realizada pelo Instituto Brasileiro de Geografia e Estat\u00edstica (IBGE) para a\u00a0<strong><a href=\"https:\/\/fjp.mg.gov.br\/\" target=\"_blank\" rel=\"noreferrer noopener\">Funda\u00e7\u00e3o Jo\u00e3o Pinheiro<\/a><\/strong>\u00a0(FJP), com base no\u00a0Censo de 2022, o n\u00famero de\u00a0habitantes do estado atingir\u00e1 um pico em\u00a02037, com um total de\u00a021,9 milh\u00f5es de\u00a0pessoas. Por\u00e9m, a\u00a0partir de ent\u00e3o, a tend\u00eancia \u00e9 que ocorra um\u00a0decl\u00ednio: em 2047, a popula\u00e7\u00e3o mineira dever\u00e1 ser de 21,7 milh\u00f5es de indiv\u00edduos.<\/p>\n\n\n\n<p>As proje\u00e7\u00f5es envolvem todos os 853 munic\u00edpios do estado, incluindo recortes por sexo e por faixa et\u00e1ria, al\u00e9m das 13 Regi\u00f5es Geogr\u00e1ficas Intermedi\u00e1rias (RGInt) de Minas Gerais.&nbsp;Entre os&nbsp;10 munic\u00edpios que mais crescer\u00e3o nos pr\u00f3ximos anos, nove s\u00e3o de m\u00e9dio porte, com popula\u00e7\u00f5es entre 20 mil e 120 mil habitantes, e est\u00e3o localizados na RGInt de Belo Horizonte: Esmeraldas, Sarzedo, Juatuba, Mateus Leme, Igarap\u00e9, S\u00e3o Jos\u00e9 da Lapa, Concei\u00e7\u00e3o do Mato Dentro, Lagoa Santa e Nova Lima.<\/p>\n\n\n\n<p>Por outro lado, a&nbsp;partir do per\u00edodo de 2032 a 2037, antes da queda da popula\u00e7\u00e3o total do estado, as popula\u00e7\u00f5es das RGInts de Barbacena, Juiz de Fora e Pouso Alegre j\u00e1 come\u00e7ar\u00e3o a diminuir. J\u00e1 nas regi\u00f5es de Patos de Minas, Te\u00f3filo Otoni, Uberaba e Uberl\u00e2ndia, a diminui\u00e7\u00e3o da popula\u00e7\u00e3o ocorrer\u00e1 apenas ao final do per\u00edodo de proje\u00e7\u00e3o (2042-2047). Em movimento contr\u00e1rio, apenas a RGInt de Montes Claros&nbsp;dever\u00e1 manter o crescimento populacional durante todo o per\u00edodo projetado.<\/p>\n\n\n\n<p>A pesquisa mostra como se dar\u00e1 a consolida\u00e7\u00e3o do&nbsp; processo de envelhecimento da popula\u00e7\u00e3o do estado, iniciado na segunda metade do s\u00e9culo 20, segundo suas regi\u00f5es e munic\u00edpios. &#8220;A consolida\u00e7\u00e3o desse processo reflete tend\u00eancias estruturais como a queda sustentada da fecundidade e o aumento progressivo da longevidade&#8221;, explica a pesquisadora da FJP, Denise Maia.<\/p>\n\n\n\n<p>&#8220;No entanto, s\u00e3o evidentes as diferen\u00e7as regionais quanto ao ritmo e ao est\u00e1gio atual desse envelhecimento, embora todos os indicadores apontem para uma converg\u00eancia gradual das regi\u00f5es mineiras em dire\u00e7\u00e3o a n\u00edveis avan\u00e7ados de envelhecimento populacional&#8221;, observa a especialista.<\/p>\n\n\n\n<h2 class=\"wp-block-heading\">Efeitos e medidas para sanar<\/h2>\n\n\n\n<p>As proje\u00e7\u00f5es populacionais permitem ao poder&nbsp;p\u00fablico antecipar poss\u00edveis demandas nas \u00e1reas de sa\u00fade, habita\u00e7\u00e3o, educa\u00e7\u00e3o e saneamento b\u00e1sico, entre outras. Para Denise Maia, esse novo cen\u00e1rio demogr\u00e1fico exigir\u00e1 a ado\u00e7\u00e3o de medidas emergenciais e estruturais cuidadosamente desenhadas para atender \u00e0s necessidades espec\u00edficas da popula\u00e7\u00e3o.<\/p>\n\n\n\n<p>&#8220;O desafio ser\u00e1 complexo e exigir\u00e1 pol\u00edticas p\u00fablicas integradas e coordenadas, com a\u00e7\u00f5es que contemplem simultaneamente o presente e o futuro, voltadas para mitigar os impactos negativos decorrentes da redu\u00e7\u00e3o da popula\u00e7\u00e3o em idade ativa e do avan\u00e7o do envelhecimento populacional&#8221;, avalia.<\/p>\n\n\n\n<p>De acordo com a pesquisadora, a elabora\u00e7\u00e3o de diagn\u00f3sticos detalhados sobre as voca\u00e7\u00f5es econ\u00f4micas locais e regionais ser\u00e3o fundamentais para identificar setores estrat\u00e9gicos&nbsp;e promover&nbsp;um desenvolvimento econ\u00f4mico sustent\u00e1vel.<\/p>\n\n\n\n<p>&#8220;Essas an\u00e1lises fornecer\u00e3o a base necess\u00e1ria para direcionar investimentos adequados que estimulem a forma\u00e7\u00e3o e a qualifica\u00e7\u00e3o profissional da juventude em \u00e1reas de alta empregabilidade, capazes de impulsionar setores-chave da economia regional&#8221;, observa.<\/p>\n\n\n\n<p>O estudo da Funda\u00e7\u00e3o Jo\u00e3o Pinheiro tamb\u00e9m aponta como fundamental o desenvolvimento de pol\u00edticas voltadas para a reten\u00e7\u00e3o populacional nos locais de origem, de modo a reduzir fluxos migrat\u00f3rios indesejados.\u00a0Entre essas medidas, est\u00e3o\u00a0incentivos fiscais, melhoria do acesso aos servi\u00e7os essenciais e investimentos em infraestrutura.<\/p>\n","protected":false},"excerpt":{"rendered":"<p>Estudo confirma o acelerado processo de envelhecimento da popula\u00e7\u00e3o e pode nortear pol\u00edticas que diminuam os efeitos desse fen\u00f4meno A popula\u00e7\u00e3o de Minas Gerais n\u00e3o seguir\u00e1\u00a0em crescimento por muito mais tempo. Uma proje\u00e7\u00e3o\u00a0realizada pelo Instituto Brasileiro de Geografia e Estat\u00edstica (IBGE) para a\u00a0Funda\u00e7\u00e3o Jo\u00e3o Pinheiro\u00a0(FJP), com base no\u00a0Censo de 2022, o n\u00famero de\u00a0habitantes do estado [&hellip;]<\/p>\n","protected":false},"author":5,"featured_media":166090,"comment_status":"closed","ping_status":"open","sticky":false,"template":"","format":"standard","meta":{"advgb_blocks_editor_width":"","advgb_blocks_columns_visual_guide":"","_exactmetrics_skip_tracking":false,"_exactmetrics_sitenote_active":false,"_exactmetrics_sitenote_note":"","_exactmetrics_sitenote_category":0,"footnotes":""},"categories":[7,2],"tags":[],"class_list":["post-166088","post","type-post","status-publish","format-standard","has-post-thumbnail","hentry","category-destaques","category-noticias"],"better_featured_image":{"id":166090,"alt_text":"","caption":"","description":"","media_type":"image","media_details":{"width":1200,"height":720,"file":"2025\/04\/1_whatsapp_image_2025_03_05_at_12_56_49-47644211.jpeg","filesize":331665,"sizes":{"medium":{"file":"1_whatsapp_image_2025_03_05_at_12_56_49-47644211-470x282.jpeg","width":470,"height":282,"mime-type":"image\/jpeg","filesize":42705,"source_url":"https:\/\/lavras.tv\/site\/wp-content\/uploads\/2025\/04\/1_whatsapp_image_2025_03_05_at_12_56_49-47644211-470x282.jpeg"},"large":{"file":"1_whatsapp_image_2025_03_05_at_12_56_49-47644211-970x582.jpeg","width":970,"height":582,"mime-type":"image\/jpeg","filesize":146987,"source_url":"https:\/\/lavras.tv\/site\/wp-content\/uploads\/2025\/04\/1_whatsapp_image_2025_03_05_at_12_56_49-47644211-970x582.jpeg"},"thumbnail":{"file":"1_whatsapp_image_2025_03_05_at_12_56_49-47644211-170x102.jpeg","width":170,"height":102,"mime-type":"image\/jpeg","filesize":6979,"source_url":"https:\/\/lavras.tv\/site\/wp-content\/uploads\/2025\/04\/1_whatsapp_image_2025_03_05_at_12_56_49-47644211-170x102.jpeg"},"lshowcase-thumb":{"file":"1_whatsapp_image_2025_03_05_at_12_56_49-47644211-200x120.jpeg","width":200,"height":120,"mime-type":"image\/jpeg","filesize":9059,"source_url":"https:\/\/lavras.tv\/site\/wp-content\/uploads\/2025\/04\/1_whatsapp_image_2025_03_05_at_12_56_49-47644211-200x120.jpeg"},"alm-thumbnail":{"file":"1_whatsapp_image_2025_03_05_at_12_56_49-47644211-150x150.jpeg","width":150,"height":150,"mime-type":"image\/jpeg","filesize":8606,"source_url":"https:\/\/lavras.tv\/site\/wp-content\/uploads\/2025\/04\/1_whatsapp_image_2025_03_05_at_12_56_49-47644211-150x150.jpeg"}},"image_meta":{"aperture":"0","credit":"","camera":"","caption":"","created_timestamp":"0","copyright":"","focal_length":"0","iso":"0","shutter_speed":"0","title":"","orientation":"0","keywords":[]}},"post":166088,"source_url":"https:\/\/lavras.tv\/site\/wp-content\/uploads\/2025\/04\/1_whatsapp_image_2025_03_05_at_12_56_49-47644211.jpeg"},"author_meta":{"display_name":"Vinicius Bustamante","author_link":"https:\/\/lavras.tv\/site\/author\/vinicius-bustamante\/"},"featured_img":"https:\/\/lavras.tv\/site\/wp-content\/uploads\/2025\/04\/1_whatsapp_image_2025_03_05_at_12_56_49-47644211-470x282.jpeg","coauthors":[],"tax_additional":{"categories":{"linked":["<a href=\"https:\/\/lavras.tv\/site\/category\/destaques\/\" class=\"advgb-post-tax-term\">Destaques<\/a>","<a href=\"https:\/\/lavras.tv\/site\/category\/noticias\/\" class=\"advgb-post-tax-term\">Not\u00edcias<\/a>"],"unlinked":["<span class=\"advgb-post-tax-term\">Destaques<\/span>","<span class=\"advgb-post-tax-term\">Not\u00edcias<\/span>"]}},"comment_count":"0","relative_dates":{"created":"Publicado 1 ano atr\u00e1s","modified":"Atualizado 1 ano atr\u00e1s"},"absolute_dates":{"created":"Publicado em 3 de abril de 2025","modified":"Atualizado em 3 de abril de 2025"},"absolute_dates_time":{"created":"Publicado em 3 de abril de 2025 14:28","modified":"Atualizado em 3 de abril de 2025 14:28"},"featured_img_caption":"","series_order":"","_links":{"self":[{"href":"https:\/\/lavras.tv\/site\/wp-json\/wp\/v2\/posts\/166088","targetHints":{"allow":["GET"]}}],"collection":[{"href":"https:\/\/lavras.tv\/site\/wp-json\/wp\/v2\/posts"}],"about":[{"href":"https:\/\/lavras.tv\/site\/wp-json\/wp\/v2\/types\/post"}],"author":[{"embeddable":true,"href":"https:\/\/lavras.tv\/site\/wp-json\/wp\/v2\/users\/5"}],"replies":[{"embeddable":true,"href":"https:\/\/lavras.tv\/site\/wp-json\/wp\/v2\/comments?post=166088"}],"version-history":[{"count":1,"href":"https:\/\/lavras.tv\/site\/wp-json\/wp\/v2\/posts\/166088\/revisions"}],"predecessor-version":[{"id":166091,"href":"https:\/\/lavras.tv\/site\/wp-json\/wp\/v2\/posts\/166088\/revisions\/166091"}],"wp:featuredmedia":[{"embeddable":true,"href":"https:\/\/lavras.tv\/site\/wp-json\/wp\/v2\/media\/166090"}],"wp:attachment":[{"href":"https:\/\/lavras.tv\/site\/wp-json\/wp\/v2\/media?parent=166088"}],"wp:term":[{"taxonomy":"category","embeddable":true,"href":"https:\/\/lavras.tv\/site\/wp-json\/wp\/v2\/categories?post=166088"},{"taxonomy":"post_tag","embeddable":true,"href":"https:\/\/lavras.tv\/site\/wp-json\/wp\/v2\/tags?post=166088"}],"curies":[{"name":"wp","href":"https:\/\/api.w.org\/{rel}","templated":true}]}}