{"id":166092,"date":"2025-04-03T14:35:04","date_gmt":"2025-04-03T17:35:04","guid":{"rendered":"https:\/\/lavras.tv\/site\/?p=166092"},"modified":"2025-04-03T14:35:05","modified_gmt":"2025-04-03T17:35:05","slug":"bebe-tem-agulha-esquecida-na-perna-apos-vacinacao-em-posto-de-saude","status":"publish","type":"post","link":"https:\/\/lavras.tv\/site\/2025\/04\/03\/bebe-tem-agulha-esquecida-na-perna-apos-vacinacao-em-posto-de-saude\/","title":{"rendered":"Beb\u00ea tem agulha esquecida na perna ap\u00f3s vacina\u00e7\u00e3o em posto de sa\u00fade"},"content":{"rendered":"<div class=\"lavra-antes-do-conteudo_2\" id=\"lavra-4131279756\"><div id=\"lavra-slider-27\" class=\"custom-slider lavra-slider-685811792 lavra-slider\"><ul><li><div style=\"margin-left: auto;margin-right: auto;text-align: center;\" id=\"lavra-2871160084\"><a href=\"https:\/\/sistemas.lavras.mg.gov.br\/portalcidadao\/#df1b1a7c7b2a290bcb31e32771e610784662739a88807c0dacac58ede5f391a7530e299dc302d611ee73cb143fc22eaf93592e53e7b5bdb01b00a0b8d28dae460c141dd2ff83412e4dc1c31b16b25f33144a9e5620ea73b13f5bc1c59411d98439ad226e8af03840603796067d87afe130812cf3de24982d0e306f9e61e764e5\" aria-label=\"Lavras-TV&#8211;720x104px (1) (1)\"><img src=\"https:\/\/lavras.tv\/site\/wp-content\/uploads\/2025\/01\/Lavras-TV-720x104px-1-1.png\" alt=\"\"  srcset=\"https:\/\/lavras.tv\/site\/wp-content\/uploads\/2025\/01\/Lavras-TV-720x104px-1-1.png 720w, https:\/\/lavras.tv\/site\/wp-content\/uploads\/2025\/01\/Lavras-TV-720x104px-1-1-470x68.png 470w, https:\/\/lavras.tv\/site\/wp-content\/uploads\/2025\/01\/Lavras-TV-720x104px-1-1-170x25.png 170w, https:\/\/lavras.tv\/site\/wp-content\/uploads\/2025\/01\/Lavras-TV-720x104px-1-1-200x29.png 200w\" sizes=\"(max-width: 720px) 100vw, 720px\" width=\"720\" height=\"104\"  style=\"display: inline-block;\" \/><\/a><\/div><\/li><li><a href=\"https:\/\/sistemas.lavras.mg.gov.br\/portalcidadao\/#df1b1a7c7b2a290bcb31e32771e610784662739a88807c0dacac58ede5f391a7530e299dc302d611ee73cb143fc22eaf93592e53e7b5bdb01b00a0b8d28dae460c141dd2ff83412e4dc1c31b16b25f33144a9e5620ea73b13f5bc1c59411d98439ad226e8af03840603796067d87afe130812cf3de24982d0e306f9e61e764e5\" aria-label=\"Banner_Emprego_PortallavrasTV\"><img src=\"https:\/\/lavras.tv\/site\/wp-content\/uploads\/2025\/03\/Banner_Emprego_PortallavrasTV.png\" alt=\"\"  srcset=\"https:\/\/lavras.tv\/site\/wp-content\/uploads\/2025\/03\/Banner_Emprego_PortallavrasTV.png 720w, https:\/\/lavras.tv\/site\/wp-content\/uploads\/2025\/03\/Banner_Emprego_PortallavrasTV-470x68.png 470w, https:\/\/lavras.tv\/site\/wp-content\/uploads\/2025\/03\/Banner_Emprego_PortallavrasTV-170x25.png 170w, https:\/\/lavras.tv\/site\/wp-content\/uploads\/2025\/03\/Banner_Emprego_PortallavrasTV-200x29.png 200w\" sizes=\"(max-width: 720px) 100vw, 720px\" width=\"720\" height=\"104\"   \/><\/a><\/li><li><a href=\"https:\/\/sistemas.lavras.mg.gov.br\/portalcidadao\/#df1b1a7c7b2a290bcb31e32771e610784662739a88807c0dacac58ede5f391a7530e299dc302d611ee73cb143fc22eaf93592e53e7b5bdb01b00a0b8d28dae460c141dd2ff83412e4dc1c31b16b25f33144a9e5620ea73b13f5bc1c59411d98439ad226e8af03840603796067d87afe130812cf3de24982d0e306f9e61e764e5\" aria-label=\"Banner_Obras_PortallavrasTV\"><img src=\"https:\/\/lavras.tv\/site\/wp-content\/uploads\/2025\/03\/Banner_Obras_PortallavrasTV.png\" alt=\"\"  srcset=\"https:\/\/lavras.tv\/site\/wp-content\/uploads\/2025\/03\/Banner_Obras_PortallavrasTV.png 720w, https:\/\/lavras.tv\/site\/wp-content\/uploads\/2025\/03\/Banner_Obras_PortallavrasTV-470x68.png 470w, https:\/\/lavras.tv\/site\/wp-content\/uploads\/2025\/03\/Banner_Obras_PortallavrasTV-170x25.png 170w, https:\/\/lavras.tv\/site\/wp-content\/uploads\/2025\/03\/Banner_Obras_PortallavrasTV-200x29.png 200w\" sizes=\"(max-width: 720px) 100vw, 720px\" width=\"720\" height=\"104\"   \/><\/a><\/li><li><div style=\"margin-left: auto;margin-right: auto;text-align: center;\" id=\"lavra-2588636566\"><a href=\"https:\/\/sistemas.lavras.mg.gov.br\/portalcidadao\/#df1b1a7c7b2a290bcb31e32771e610784662739a88807c0dacac58ede5f391a7530e299dc302d611ee73cb143fc22eaf93592e53e7b5bdb01b00a0b8d28dae460c141dd2ff83412e4dc1c31b16b25f33144a9e5620ea73b13f5bc1c59411d98439ad226e8af03840603796067d87afe130812cf3de24982d0e306f9e61e764e5\" aria-label=\"Banner_Educa\u00e7\u00e3o_PortallavrasTV\"><img src=\"https:\/\/lavras.tv\/site\/wp-content\/uploads\/2025\/01\/Banner_Educacao_PortallavrasTV.png\" alt=\"\"  srcset=\"https:\/\/lavras.tv\/site\/wp-content\/uploads\/2025\/01\/Banner_Educacao_PortallavrasTV.png 720w, https:\/\/lavras.tv\/site\/wp-content\/uploads\/2025\/01\/Banner_Educacao_PortallavrasTV-470x68.png 470w, https:\/\/lavras.tv\/site\/wp-content\/uploads\/2025\/01\/Banner_Educacao_PortallavrasTV-170x25.png 170w, https:\/\/lavras.tv\/site\/wp-content\/uploads\/2025\/01\/Banner_Educacao_PortallavrasTV-200x29.png 200w\" sizes=\"(max-width: 720px) 100vw, 720px\" width=\"720\" height=\"104\"  style=\"display: inline-block;\" \/><\/a><\/div><\/li><li><a href=\"https:\/\/sistemas.lavras.mg.gov.br\/portalcidadao\/#df1b1a7c7b2a290bcb31e32771e610784662739a88807c0dacac58ede5f391a7530e299dc302d611ee73cb143fc22eaf93592e53e7b5bdb01b00a0b8d28dae460c141dd2ff83412e4dc1c31b16b25f33144a9e5620ea73b13f5bc1c59411d98439ad226e8af03840603796067d87afe130812cf3de24982d0e306f9e61e764e5\" aria-label=\"Banner_Sa\u00fade_PortallavrasTV\"><img src=\"https:\/\/lavras.tv\/site\/wp-content\/uploads\/2025\/03\/Banner_Saude_PortallavrasTV.png\" alt=\"\"  srcset=\"https:\/\/lavras.tv\/site\/wp-content\/uploads\/2025\/03\/Banner_Saude_PortallavrasTV.png 720w, https:\/\/lavras.tv\/site\/wp-content\/uploads\/2025\/03\/Banner_Saude_PortallavrasTV-470x68.png 470w, https:\/\/lavras.tv\/site\/wp-content\/uploads\/2025\/03\/Banner_Saude_PortallavrasTV-170x25.png 170w, https:\/\/lavras.tv\/site\/wp-content\/uploads\/2025\/03\/Banner_Saude_PortallavrasTV-200x29.png 200w\" sizes=\"(max-width: 720px) 100vw, 720px\" width=\"720\" height=\"104\"   \/><\/a><\/li><li><div id=\"lavra-4246492251\" style=\"width:720px;height:104px;background-color:#ddd;overflow:scroll;\">\n\t<strong>Sa\u00edda da depura\u00e7\u00e3o de an\u00fancios<\/strong>\n\t<br><br>\n\tO an\u00fancio n\u00e3o \u00e9 exibido na p\u00e1gina<br><br>post atual: Beb\u00ea tem agulha esquecida na perna ap\u00f3s vacina\u00e7\u00e3o em posto de sa\u00fade, ID: 166092<br><br><span style=\"color: red;\">O post atual n\u00e3o \u00e9 id\u00eantico ao post principal.<\/span><br><br>An\u00fancios: ROXO - TOPO INTERNA - ROTATIVO 2 (197)<br \/>Grupo de an\u00fancios: Princ_Meio01_720x104 (27)<br><br>Condi\u00e7\u00f5es de exibi\u00e7\u00e3o<div style=\"margin-bottom: 20px; white-space: pre-wrap; font-family: monospace; width: 100%; background: #ffe9e9;\"><strong>condi\u00e7\u00f5es gerais<\/strong><table border=\"1\"><thead><tr><th><\/th><th>An\u00fancios<\/th><th>wp_the_query<\/th><\/tr><\/thead><tr><td>is_main_query<\/td><td>1<\/td><td>1<\/td><\/tr><tr><td>is_rest_api<\/td><td>0<\/td><td>1<\/td><\/tr><tr><td>page<\/td><td>0<\/td><td>1<\/td><\/tr><tr><td>numpages<\/td><td>0<\/td><td>1<\/td><\/tr><tr><td>is_archive<\/td><td>1<\/td><td><\/td><\/tr><tr><td>is_search<\/td><td>1<\/td><td><\/td><\/tr><tr><td>is_home<\/td><td>1<\/td><td><\/td><\/tr><tr><td>is_404<\/td><td>1<\/td><td><\/td><\/tr><tr><td>is_attachment<\/td><td>1<\/td><td><\/td><\/tr><tr><td>is_singular<\/td><td>1<\/td><td><\/td><\/tr><tr><td>is_front_page<\/td><td>1<\/td><td><\/td><\/tr><tr><td>is_feed<\/td><td>1<\/td><td><\/td><\/tr><\/table><\/div><br><br><span style=\"color: red;\">Seu site usa HTTPS, mas o c\u00f3digo do an\u00fancio cont\u00e9m HTTP e pode n\u00e3o funcionar.<\/span>\t<br><br>\n\t<a style=\"color: green;\" href=\"https:\/\/wpadvancedads.com\/manual\/ad-debug-mode\/?utm_source=advanced-ads&utm_medium=link&utm_campaign=ad-debug-mode\" target=\"_blank\" rel=\"nofollow\">Encontre solu\u00e7\u00f5es no manual<\/a>\n<\/div>\n<\/li><\/ul><\/div><script>( window.advanced_ads_ready || jQuery( document ).ready ).call( null, function() {var $lavraslider685811792 = jQuery( \".lavra-slider-685811792\" );$lavraslider685811792.on( \"unslider.ready\", function() { jQuery( \"div.custom-slider ul li\" ).css( \"display\", \"block\" ); });$lavraslider685811792.unslider({ delay:4000, autoplay:true, nav:false, arrows:false, infinite:true });$lavraslider685811792.on(\"mouseover\", function() {$lavraslider685811792.unslider(\"stop\");}).on(\"mouseout\", function() {$lavraslider685811792.unslider(\"start\");});});<\/script><\/div>\n<p>M\u00e3e descobre objeto cravado horas depois da aplica\u00e7\u00e3o; caso gerou den\u00fancia e enfermeiro foi afastado<\/p>\n\n\n\n<figure class=\"wp-block-image size-full\"><img fetchpriority=\"high\" decoding=\"async\" width=\"960\" height=\"474\" src=\"https:\/\/lavras.tv\/site\/wp-content\/uploads\/2025\/04\/WhatsApp-Image-2025-04-02-at-17.03.49-scaled-1.jpeg\" alt=\"\" class=\"wp-image-166093\" srcset=\"https:\/\/lavras.tv\/site\/wp-content\/uploads\/2025\/04\/WhatsApp-Image-2025-04-02-at-17.03.49-scaled-1.jpeg 960w, https:\/\/lavras.tv\/site\/wp-content\/uploads\/2025\/04\/WhatsApp-Image-2025-04-02-at-17.03.49-scaled-1-470x232.jpeg 470w, https:\/\/lavras.tv\/site\/wp-content\/uploads\/2025\/04\/WhatsApp-Image-2025-04-02-at-17.03.49-scaled-1-170x84.jpeg 170w, https:\/\/lavras.tv\/site\/wp-content\/uploads\/2025\/04\/WhatsApp-Image-2025-04-02-at-17.03.49-scaled-1-200x99.jpeg 200w\" sizes=\"(max-width: 960px) 100vw, 960px\" \/><\/figure>\n\n\n\n<p>O que era para ser apenas mais uma rotina de cuidados com a sa\u00fade do filho se transformou em uma tarde angustiante para Karen Ayala, em Florencio Varela, na Argentina. Na sexta-feira, 28 de mar\u00e7o, por volta das 13h30, ela levou seu beb\u00ea de quatro meses, Noah, ao Centro de Sa\u00fade Las Malvinas para receber as vacinas previstas para a idade. Algumas horas depois, j\u00e1 em casa,<strong>&nbsp;descobriu que uma agulha havia ficado cravada na perna da crian\u00e7a.<\/strong>&nbsp;<\/p>\n\n\n\n<p>Segundo Karen, o atendimento foi r\u00e1pido. Noah recebeu&nbsp;<a href=\"https:\/\/aqui.uai.com.br\/cidades\/guardas-municipais-agridem-mulher-em-frente-a-posto-de-saude-em-bh\/\" target=\"_blank\" rel=\"noreferrer noopener\">as segundas doses das vacinas&nbsp;<\/a>contra Pneumococo, Poliomielite, Pentavalente Qu\u00edntupla e Rotav\u00edrus. Sem sinais imediatos de rea\u00e7\u00e3o, m\u00e3e e filho voltaram para casa.&nbsp;<strong>O choro insistente de Noah, no entanto, come\u00e7ou a deix\u00e1-la em alerta. \u00c0s 15h30, ao retirar o algod\u00e3o colado na perna do beb\u00ea, veio o susto: uma agulha estava ali, visivelmente esquecida.<\/strong><\/p>\n\n\n\n<h2 class=\"wp-block-heading\" id=\"h-mae-volta-ao-posto-de-saude-e-procura-ajuda-da-policia\">M\u00e3e volta ao posto de sa\u00fade e procura ajuda da pol\u00edcia<\/h2>\n\n\n\n<p>Sem saber como agir, Karen retornou imediatamente ao posto. No local, foi informada de que o enfermeiro respons\u00e1vel j\u00e1 havia encerrado o turno. Um outro funcion\u00e1rio tentou acalm\u00e1-la, explicando que os materiais utilizados seguiam os protocolos de esteriliza\u00e7\u00e3o e validade. Mesmo assim, ela registrou uma queixa no livro da unidade e decidiu procurar a delegacia.<\/p>\n\n\n\n<figure class=\"wp-block-image\"><img decoding=\"async\" src=\"https:\/\/aqui.uai.com.br\/wp-content\/uploads\/2025\/04\/em7pTWvk3_720x0__1-scaled.jpg\" alt=\"\" class=\"wp-image-40140\"\/><\/figure>\n\n\n\n<p>Na 2\u00aa Delegacia de Pol\u00edcia de Florencio Varela, Karen foi informada de que o caso deveria ser tratado diretamente com o munic\u00edpio. A situa\u00e7\u00e3o parecia ter chegado a um impasse, mas no s\u00e1bado, 29 de mar\u00e7o, uma viatura apareceu em sua porta.&nbsp;<strong>Conduzida novamente \u00e0 delegacia, descobriu que uma den\u00fancia j\u00e1 havia sido registrada \u2014 mas n\u00e3o por ela, e sim pela pr\u00f3pria diretora do Departamento de Sa\u00fade do munic\u00edpio, Soledad Asteggiano.<\/strong><\/p>\n\n\n\n<p>Na sequ\u00eancia, u<strong>ma ambul\u00e2ncia foi enviada \u00e0 casa de Karen para avaliar o beb\u00ea.&nbsp;<\/strong>Segundo a m\u00e3e, a visita foi r\u00e1pida e n\u00e3o incluiu nem mesmo a medi\u00e7\u00e3o de temperatura. Diante da persist\u00eancia dos sintomas \u2014 febre e fraqueza \u2014 ela decidiu buscar atendimento no Hospital Mi Pueblo, tamb\u00e9m em Florencio Varela.<\/p>\n\n\n\n<h2 class=\"wp-block-heading\">Beb\u00ea \u00e9 internado com suspeita de infec\u00e7\u00e3o<\/h2>\n\n\n\n<p>No hospital, Noah foi internado para exames.&nbsp;<strong>O resultado mostrou aumento dos gl\u00f3bulos brancos,<\/strong><a href=\"https:\/\/aqui.uai.com.br\/noticias\/adolescente-morre-apos-injetar-mistura-com-borboleta-na-perna\/\" target=\"_blank\" rel=\"noreferrer noopener\"><strong>&nbsp;sinal de uma poss\u00edvel infec\u00e7\u00e3o no local onde a agulha ficou<\/strong><\/a><strong>.&nbsp;<\/strong>Ele recebeu os cuidados necess\u00e1rios e teve alta nos dias seguintes. Agora, se recupera em casa, est\u00e1vel, sem acompanhamento m\u00e9dico cont\u00ednuo.<\/p>\n\n\n\n<figure class=\"wp-block-image\"><img decoding=\"async\" src=\"https:\/\/aqui.uai.com.br\/wp-content\/uploads\/2025\/04\/rkCkNTvb5_720x0__1-576x1024.jpg\" alt=\"\" class=\"wp-image-40141\"\/><\/figure>\n\n\n\n<p>A prefeitura de Florencio Varela iniciou uma investiga\u00e7\u00e3o interna e afastou preventivamente o enfermeiro envolvido no epis\u00f3dio. O caso segue em apura\u00e7\u00e3o por suspeita de neglig\u00eancia m\u00e9dica.&nbsp;<\/p>\n\n\n\n<p><\/p>\n","protected":false},"excerpt":{"rendered":"<p>M\u00e3e descobre objeto cravado horas depois da aplica\u00e7\u00e3o; caso gerou den\u00fancia e enfermeiro foi afastado O que era para ser apenas mais uma rotina de cuidados com a sa\u00fade do filho se transformou em uma tarde angustiante para Karen Ayala, em Florencio Varela, na Argentina. Na sexta-feira, 28 de mar\u00e7o, por volta das 13h30, ela [&hellip;]<\/p>\n","protected":false},"author":5,"featured_media":166093,"comment_status":"closed","ping_status":"open","sticky":false,"template":"","format":"standard","meta":{"advgb_blocks_editor_width":"","advgb_blocks_columns_visual_guide":"","_exactmetrics_skip_tracking":false,"_exactmetrics_sitenote_active":false,"_exactmetrics_sitenote_note":"","_exactmetrics_sitenote_category":0,"footnotes":""},"categories":[7,2],"tags":[],"class_list":["post-166092","post","type-post","status-publish","format-standard","has-post-thumbnail","hentry","category-destaques","category-noticias"],"better_featured_image":{"id":166093,"alt_text":"","caption":"","description":"","media_type":"image","media_details":{"width":960,"height":474,"file":"2025\/04\/WhatsApp-Image-2025-04-02-at-17.03.49-scaled-1.jpeg","filesize":48078,"sizes":{"medium":{"file":"WhatsApp-Image-2025-04-02-at-17.03.49-scaled-1-470x232.jpeg","width":470,"height":232,"mime-type":"image\/jpeg","filesize":15641,"source_url":"https:\/\/lavras.tv\/site\/wp-content\/uploads\/2025\/04\/WhatsApp-Image-2025-04-02-at-17.03.49-scaled-1-470x232.jpeg"},"thumbnail":{"file":"WhatsApp-Image-2025-04-02-at-17.03.49-scaled-1-170x84.jpeg","width":170,"height":84,"mime-type":"image\/jpeg","filesize":3683,"source_url":"https:\/\/lavras.tv\/site\/wp-content\/uploads\/2025\/04\/WhatsApp-Image-2025-04-02-at-17.03.49-scaled-1-170x84.jpeg"},"lshowcase-thumb":{"file":"WhatsApp-Image-2025-04-02-at-17.03.49-scaled-1-200x99.jpeg","width":200,"height":99,"mime-type":"image\/jpeg","filesize":4606,"source_url":"https:\/\/lavras.tv\/site\/wp-content\/uploads\/2025\/04\/WhatsApp-Image-2025-04-02-at-17.03.49-scaled-1-200x99.jpeg"},"alm-thumbnail":{"file":"WhatsApp-Image-2025-04-02-at-17.03.49-scaled-1-150x150.jpeg","width":150,"height":150,"mime-type":"image\/jpeg","filesize":4286,"source_url":"https:\/\/lavras.tv\/site\/wp-content\/uploads\/2025\/04\/WhatsApp-Image-2025-04-02-at-17.03.49-scaled-1-150x150.jpeg"}},"image_meta":{"aperture":"0","credit":"","camera":"","caption":"","created_timestamp":"0","copyright":"","focal_length":"0","iso":"0","shutter_speed":"0","title":"","orientation":"0","keywords":[]}},"post":166092,"source_url":"https:\/\/lavras.tv\/site\/wp-content\/uploads\/2025\/04\/WhatsApp-Image-2025-04-02-at-17.03.49-scaled-1.jpeg"},"author_meta":{"display_name":"Vinicius Bustamante","author_link":"https:\/\/lavras.tv\/site\/author\/vinicius-bustamante\/"},"featured_img":"https:\/\/lavras.tv\/site\/wp-content\/uploads\/2025\/04\/WhatsApp-Image-2025-04-02-at-17.03.49-scaled-1-470x232.jpeg","coauthors":[],"tax_additional":{"categories":{"linked":["<a href=\"https:\/\/lavras.tv\/site\/category\/destaques\/\" class=\"advgb-post-tax-term\">Destaques<\/a>","<a href=\"https:\/\/lavras.tv\/site\/category\/noticias\/\" class=\"advgb-post-tax-term\">Not\u00edcias<\/a>"],"unlinked":["<span class=\"advgb-post-tax-term\">Destaques<\/span>","<span class=\"advgb-post-tax-term\">Not\u00edcias<\/span>"]}},"comment_count":"0","relative_dates":{"created":"Publicado 1 ano atr\u00e1s","modified":"Atualizado 1 ano atr\u00e1s"},"absolute_dates":{"created":"Publicado em 3 de abril de 2025","modified":"Atualizado em 3 de abril de 2025"},"absolute_dates_time":{"created":"Publicado em 3 de abril de 2025 14:35","modified":"Atualizado em 3 de abril de 2025 14:35"},"featured_img_caption":"","series_order":"","_links":{"self":[{"href":"https:\/\/lavras.tv\/site\/wp-json\/wp\/v2\/posts\/166092","targetHints":{"allow":["GET"]}}],"collection":[{"href":"https:\/\/lavras.tv\/site\/wp-json\/wp\/v2\/posts"}],"about":[{"href":"https:\/\/lavras.tv\/site\/wp-json\/wp\/v2\/types\/post"}],"author":[{"embeddable":true,"href":"https:\/\/lavras.tv\/site\/wp-json\/wp\/v2\/users\/5"}],"replies":[{"embeddable":true,"href":"https:\/\/lavras.tv\/site\/wp-json\/wp\/v2\/comments?post=166092"}],"version-history":[{"count":1,"href":"https:\/\/lavras.tv\/site\/wp-json\/wp\/v2\/posts\/166092\/revisions"}],"predecessor-version":[{"id":166094,"href":"https:\/\/lavras.tv\/site\/wp-json\/wp\/v2\/posts\/166092\/revisions\/166094"}],"wp:featuredmedia":[{"embeddable":true,"href":"https:\/\/lavras.tv\/site\/wp-json\/wp\/v2\/media\/166093"}],"wp:attachment":[{"href":"https:\/\/lavras.tv\/site\/wp-json\/wp\/v2\/media?parent=166092"}],"wp:term":[{"taxonomy":"category","embeddable":true,"href":"https:\/\/lavras.tv\/site\/wp-json\/wp\/v2\/categories?post=166092"},{"taxonomy":"post_tag","embeddable":true,"href":"https:\/\/lavras.tv\/site\/wp-json\/wp\/v2\/tags?post=166092"}],"curies":[{"name":"wp","href":"https:\/\/api.w.org\/{rel}","templated":true}]}}