{"id":16623,"date":"2018-06-14T08:29:41","date_gmt":"2018-06-14T11:29:41","guid":{"rendered":"http:\/\/lavras.tv\/site\/?p=16623"},"modified":"2018-06-14T08:29:41","modified_gmt":"2018-06-14T11:29:41","slug":"tae-kwon-do-lavrense-conquista-ouro-e-prata-no-campeonato-brasileiro-2018","status":"publish","type":"post","link":"https:\/\/lavras.tv\/site\/2018\/06\/14\/tae-kwon-do-lavrense-conquista-ouro-e-prata-no-campeonato-brasileiro-2018\/","title":{"rendered":"Tae Kwon-Do lavrense conquista ouro e prata no Campeonato Brasileiro 2018"},"content":{"rendered":"<div class=\"lavra-antes-do-conteudo_2\" id=\"lavra-1490370126\"><div id=\"lavra-slider-27\" class=\"custom-slider lavra-slider-4125950466 lavra-slider\"><ul><li><div style=\"margin-left: auto;margin-right: auto;text-align: center;\" id=\"lavra-3090052416\"><a href=\"https:\/\/sistemas.lavras.mg.gov.br\/portalcidadao\/#df1b1a7c7b2a290bcb31e32771e610784662739a88807c0dacac58ede5f391a7530e299dc302d611ee73cb143fc22eaf93592e53e7b5bdb01b00a0b8d28dae460c141dd2ff83412e4dc1c31b16b25f33144a9e5620ea73b13f5bc1c59411d98439ad226e8af03840603796067d87afe130812cf3de24982d0e306f9e61e764e5\" aria-label=\"Lavras-TV&#8211;720x104px (1) (1)\"><img src=\"https:\/\/lavras.tv\/site\/wp-content\/uploads\/2025\/01\/Lavras-TV-720x104px-1-1.png\" alt=\"\"  srcset=\"https:\/\/lavras.tv\/site\/wp-content\/uploads\/2025\/01\/Lavras-TV-720x104px-1-1.png 720w, https:\/\/lavras.tv\/site\/wp-content\/uploads\/2025\/01\/Lavras-TV-720x104px-1-1-470x68.png 470w, https:\/\/lavras.tv\/site\/wp-content\/uploads\/2025\/01\/Lavras-TV-720x104px-1-1-170x25.png 170w, https:\/\/lavras.tv\/site\/wp-content\/uploads\/2025\/01\/Lavras-TV-720x104px-1-1-200x29.png 200w\" sizes=\"(max-width: 720px) 100vw, 720px\" width=\"720\" height=\"104\"  style=\"display: inline-block;\" \/><\/a><\/div><\/li><li><a href=\"https:\/\/sistemas.lavras.mg.gov.br\/portalcidadao\/#df1b1a7c7b2a290bcb31e32771e610784662739a88807c0dacac58ede5f391a7530e299dc302d611ee73cb143fc22eaf93592e53e7b5bdb01b00a0b8d28dae460c141dd2ff83412e4dc1c31b16b25f33144a9e5620ea73b13f5bc1c59411d98439ad226e8af03840603796067d87afe130812cf3de24982d0e306f9e61e764e5\" aria-label=\"Banner_Emprego_PortallavrasTV\"><img src=\"https:\/\/lavras.tv\/site\/wp-content\/uploads\/2025\/03\/Banner_Emprego_PortallavrasTV.png\" alt=\"\"  srcset=\"https:\/\/lavras.tv\/site\/wp-content\/uploads\/2025\/03\/Banner_Emprego_PortallavrasTV.png 720w, https:\/\/lavras.tv\/site\/wp-content\/uploads\/2025\/03\/Banner_Emprego_PortallavrasTV-470x68.png 470w, https:\/\/lavras.tv\/site\/wp-content\/uploads\/2025\/03\/Banner_Emprego_PortallavrasTV-170x25.png 170w, https:\/\/lavras.tv\/site\/wp-content\/uploads\/2025\/03\/Banner_Emprego_PortallavrasTV-200x29.png 200w\" sizes=\"(max-width: 720px) 100vw, 720px\" width=\"720\" height=\"104\"   \/><\/a><\/li><li><a href=\"https:\/\/sistemas.lavras.mg.gov.br\/portalcidadao\/#df1b1a7c7b2a290bcb31e32771e610784662739a88807c0dacac58ede5f391a7530e299dc302d611ee73cb143fc22eaf93592e53e7b5bdb01b00a0b8d28dae460c141dd2ff83412e4dc1c31b16b25f33144a9e5620ea73b13f5bc1c59411d98439ad226e8af03840603796067d87afe130812cf3de24982d0e306f9e61e764e5\" aria-label=\"Banner_Obras_PortallavrasTV\"><img src=\"https:\/\/lavras.tv\/site\/wp-content\/uploads\/2025\/03\/Banner_Obras_PortallavrasTV.png\" alt=\"\"  srcset=\"https:\/\/lavras.tv\/site\/wp-content\/uploads\/2025\/03\/Banner_Obras_PortallavrasTV.png 720w, https:\/\/lavras.tv\/site\/wp-content\/uploads\/2025\/03\/Banner_Obras_PortallavrasTV-470x68.png 470w, https:\/\/lavras.tv\/site\/wp-content\/uploads\/2025\/03\/Banner_Obras_PortallavrasTV-170x25.png 170w, https:\/\/lavras.tv\/site\/wp-content\/uploads\/2025\/03\/Banner_Obras_PortallavrasTV-200x29.png 200w\" sizes=\"(max-width: 720px) 100vw, 720px\" width=\"720\" height=\"104\"   \/><\/a><\/li><li><div style=\"margin-left: auto;margin-right: auto;text-align: center;\" id=\"lavra-2897028612\"><a href=\"https:\/\/sistemas.lavras.mg.gov.br\/portalcidadao\/#df1b1a7c7b2a290bcb31e32771e610784662739a88807c0dacac58ede5f391a7530e299dc302d611ee73cb143fc22eaf93592e53e7b5bdb01b00a0b8d28dae460c141dd2ff83412e4dc1c31b16b25f33144a9e5620ea73b13f5bc1c59411d98439ad226e8af03840603796067d87afe130812cf3de24982d0e306f9e61e764e5\" aria-label=\"Banner_Educa\u00e7\u00e3o_PortallavrasTV\"><img src=\"https:\/\/lavras.tv\/site\/wp-content\/uploads\/2025\/01\/Banner_Educacao_PortallavrasTV.png\" alt=\"\"  srcset=\"https:\/\/lavras.tv\/site\/wp-content\/uploads\/2025\/01\/Banner_Educacao_PortallavrasTV.png 720w, https:\/\/lavras.tv\/site\/wp-content\/uploads\/2025\/01\/Banner_Educacao_PortallavrasTV-470x68.png 470w, https:\/\/lavras.tv\/site\/wp-content\/uploads\/2025\/01\/Banner_Educacao_PortallavrasTV-170x25.png 170w, https:\/\/lavras.tv\/site\/wp-content\/uploads\/2025\/01\/Banner_Educacao_PortallavrasTV-200x29.png 200w\" sizes=\"(max-width: 720px) 100vw, 720px\" width=\"720\" height=\"104\"  style=\"display: inline-block;\" \/><\/a><\/div><\/li><li><a href=\"https:\/\/sistemas.lavras.mg.gov.br\/portalcidadao\/#df1b1a7c7b2a290bcb31e32771e610784662739a88807c0dacac58ede5f391a7530e299dc302d611ee73cb143fc22eaf93592e53e7b5bdb01b00a0b8d28dae460c141dd2ff83412e4dc1c31b16b25f33144a9e5620ea73b13f5bc1c59411d98439ad226e8af03840603796067d87afe130812cf3de24982d0e306f9e61e764e5\" aria-label=\"Banner_Sa\u00fade_PortallavrasTV\"><img src=\"https:\/\/lavras.tv\/site\/wp-content\/uploads\/2025\/03\/Banner_Saude_PortallavrasTV.png\" alt=\"\"  srcset=\"https:\/\/lavras.tv\/site\/wp-content\/uploads\/2025\/03\/Banner_Saude_PortallavrasTV.png 720w, https:\/\/lavras.tv\/site\/wp-content\/uploads\/2025\/03\/Banner_Saude_PortallavrasTV-470x68.png 470w, https:\/\/lavras.tv\/site\/wp-content\/uploads\/2025\/03\/Banner_Saude_PortallavrasTV-170x25.png 170w, https:\/\/lavras.tv\/site\/wp-content\/uploads\/2025\/03\/Banner_Saude_PortallavrasTV-200x29.png 200w\" sizes=\"(max-width: 720px) 100vw, 720px\" width=\"720\" height=\"104\"   \/><\/a><\/li><li><div id=\"lavra-141365646\" style=\"width:720px;height:104px;background-color:#ddd;overflow:scroll;\">\n\t<strong>Sa\u00edda da depura\u00e7\u00e3o de an\u00fancios<\/strong>\n\t<br><br>\n\tO an\u00fancio n\u00e3o \u00e9 exibido na p\u00e1gina<br><br>post atual: Tae Kwon-Do lavrense conquista ouro e prata no Campeonato Brasileiro 2018, ID: 16623<br><br><span style=\"color: red;\">O post atual n\u00e3o \u00e9 id\u00eantico ao post principal.<\/span><br><br>An\u00fancios: ROXO - TOPO INTERNA - ROTATIVO 2 (197)<br \/>Grupo de an\u00fancios: Princ_Meio01_720x104 (27)<br><br>Condi\u00e7\u00f5es de exibi\u00e7\u00e3o<div style=\"margin-bottom: 20px; white-space: pre-wrap; font-family: monospace; width: 100%; background: #ffe9e9;\"><strong>condi\u00e7\u00f5es gerais<\/strong><table border=\"1\"><thead><tr><th><\/th><th>An\u00fancios<\/th><th>wp_the_query<\/th><\/tr><\/thead><tr><td>is_main_query<\/td><td>1<\/td><td>1<\/td><\/tr><tr><td>is_rest_api<\/td><td>0<\/td><td>1<\/td><\/tr><tr><td>page<\/td><td>0<\/td><td>1<\/td><\/tr><tr><td>numpages<\/td><td>0<\/td><td>1<\/td><\/tr><tr><td>is_archive<\/td><td>1<\/td><td><\/td><\/tr><tr><td>is_search<\/td><td>1<\/td><td><\/td><\/tr><tr><td>is_home<\/td><td>1<\/td><td><\/td><\/tr><tr><td>is_404<\/td><td>1<\/td><td><\/td><\/tr><tr><td>is_attachment<\/td><td>1<\/td><td><\/td><\/tr><tr><td>is_singular<\/td><td>1<\/td><td><\/td><\/tr><tr><td>is_front_page<\/td><td>1<\/td><td><\/td><\/tr><tr><td>is_feed<\/td><td>1<\/td><td><\/td><\/tr><\/table><\/div><br><br><span style=\"color: red;\">Seu site usa HTTPS, mas o c\u00f3digo do an\u00fancio cont\u00e9m HTTP e pode n\u00e3o funcionar.<\/span>\t<br><br>\n\t<a style=\"color: green;\" href=\"https:\/\/wpadvancedads.com\/manual\/ad-debug-mode\/?utm_source=advanced-ads&utm_medium=link&utm_campaign=ad-debug-mode\" target=\"_blank\" rel=\"nofollow\">Encontre solu\u00e7\u00f5es no manual<\/a>\n<\/div>\n<\/li><\/ul><\/div><script>( window.advanced_ads_ready || jQuery( document ).ready ).call( null, function() {var $lavraslider4125950466 = jQuery( \".lavra-slider-4125950466\" );$lavraslider4125950466.on( \"unslider.ready\", function() { jQuery( \"div.custom-slider ul li\" ).css( \"display\", \"block\" ); });$lavraslider4125950466.unslider({ delay:4000, autoplay:true, nav:false, arrows:false, infinite:true });$lavraslider4125950466.on(\"mouseover\", function() {$lavraslider4125950466.unslider(\"stop\");}).on(\"mouseout\", function() {$lavraslider4125950466.unslider(\"start\");});});<\/script><\/div><p><span style=\"font-weight: 400;\">Aconteceu neste \u00faltimo final de semana, na cidade de Cuiab\u00e1 (MT), o Campeonato Brasileiro Cadete, Juvenil e Sub 21. Esta \u00e9 uma das competi\u00e7\u00f5es mais importantes do ano, pois vale 20 pontos para o Ranking Nacional Brasileiro e \u00e9 competi\u00e7\u00e3o referencia para o Bolsa Atleta do Governo Federal.<\/span><!--more--><\/p>\n<p><span style=\"font-weight: 400;\">A equipe da Academia Gym Center participou da competi\u00e7\u00e3o com 5 atletas, sendo 3 atletas de Lavras e 2 atletas da cidade de Santo Ant\u00f4nio do Amparo. O atleta Maicon Silva (Santo Ant\u00f4nio do Amparo) se sagrou Vice Campe\u00e3o Brasileiro na categoria Cadete at\u00e9 61 kg e conquistou a vaga de reserva na Sele\u00e7\u00e3o Brasileira Cadete. A atleta Geovanna Avelar (Santo Ant\u00f4nio do Amparo) conquistou a medalha de bronze na categoria Cadete at\u00e9 59 kg. Estas duas medalhas foi um marco in\u00e9dito em competi\u00e7\u00e3o nacional para o TKD Amparense, gra\u00e7as ao excelente trabalho do Prof. Jo\u00e3o Gilberto Gaspar em parceria com o Ms. Valdeci Zampieri. Os atletas pertencem a Casa da Crian\u00e7a e do Jovem Amparense que visa o bem estar social de diversas crian\u00e7as e jovens.<\/span><\/p>\n<p><img fetchpriority=\"high\" decoding=\"async\" class=\"alignnone size-full wp-image-16624 aligncenter\" src=\"http:\/\/lavras.tv\/site\/wp-content\/uploads\/2018\/06\/IMG_20180610_185129733.jpg\" alt=\"IMG_20180610_185129733\" width=\"3264\" height=\"2448\" srcset=\"https:\/\/lavras.tv\/site\/wp-content\/uploads\/2018\/06\/IMG_20180610_185129733.jpg 3264w, https:\/\/lavras.tv\/site\/wp-content\/uploads\/2018\/06\/IMG_20180610_185129733-150x113.jpg 150w, https:\/\/lavras.tv\/site\/wp-content\/uploads\/2018\/06\/IMG_20180610_185129733-300x225.jpg 300w, https:\/\/lavras.tv\/site\/wp-content\/uploads\/2018\/06\/IMG_20180610_185129733-1024x768.jpg 1024w, https:\/\/lavras.tv\/site\/wp-content\/uploads\/2018\/06\/IMG_20180610_185129733-640x480.jpg 640w\" sizes=\"(max-width: 3264px) 100vw, 3264px\" \/><\/p>\n<p><span style=\"font-weight: 400;\">O atleta Oct\u00e1vio Henrique (Lavras) infelizmente foi derrotado em sua 1\u00aa luta na categoria Juvenil at\u00e9 59 kg, perdendo num placar muito apertado de 26 a 24 para o atleta do Cear\u00e1. Oct\u00e1vio est\u00e1 passando por um momento de transi\u00e7\u00e3o, pois ano passado ele era atleta da categoria Cadete (12 a 14 anos) e este ano \u00e9 atleta estreante na categoria Juvenil (15 a 17 anos).<\/span><\/p>\n<p><span style=\"font-weight: 400;\">O atleta Erick Luis (Lavras) se sagrou Campe\u00e3o Brasileiro na categoria Juvenil at\u00e9 55 kg. Erick venceu 4 lutas com larga escala de pontos. O atleta era o atleta favorito ao t\u00edtulo, pois \u00e9 o atual atleta da Sele\u00e7\u00e3o Brasileira Juvenil 2018 e com esse resultado se sagrou Bi Campe\u00e3o Brasileiro (2017 e 2018).<\/span><\/p>\n<p><span style=\"font-weight: 400;\">O atleta David Eduardo (Lavras) se sagrou Vice Campe\u00e3o Brasileiro na categoria Sub 21 at\u00e9 80 kg. David fez bel\u00edssimos combates, vencendo o atleta de Pernambuco por 19 a 5, por desist\u00eancia. Na 2\u00aa luta o placar foi de 24 a 24, David venceu a luta no Ponto de Ouro. A final, foi uma reprise do JUBs, contra o atleta do Paran\u00e1. David come\u00e7ou o combate vencendo por 11 a 5, mas o atleta paranaense empatou a luta e virando para um placar de 21 a 19. Esta foi um das melhores lutas da competi\u00e7\u00e3o. Mesmo ficando com a medalha de prata David vem mostrando que tem muito potencial, pois o atleta tem somente 18 anos.<\/span><\/p>\n<p><span style=\"font-weight: 400;\">O Ms. Valdeci Zampieri ficou muito feliz com o desempenho de sua equipe, pois disputaram de igual para igual com atletas de grandes equipes e com esse resultado, mostra que estamos colhendo bons frutos.<\/span><\/p>\n<p><span style=\"font-weight: 400;\">A equipe lavrense agradece a HBENS Construtora e Incorporadora (Haical Jos\u00e9 Haddad), a Prefeitura Municipal de Lavras (Prefeito Jos\u00e9 Cherem), a Fisioterapia Reabilitar (Bruno Teixeira), ao Restaurante Dallas, a Academia Body Gym, ao Ms. Valdeci Zampieri e a popula\u00e7\u00e3o lavrense por todo apoio e suporte.<\/span><\/p>\n<p>Fonte e foto: Divulga\u00e7\u00e3o<\/p>\n","protected":false},"excerpt":{"rendered":"<p>Aconteceu neste \u00faltimo final de semana, na cidade de Cuiab\u00e1 (MT), o Campeonato Brasileiro Cadete, Juvenil e Sub 21. Esta \u00e9 uma das competi\u00e7\u00f5es mais importantes do ano, pois vale 20 pontos para o Ranking Nacional Brasileiro e \u00e9 competi\u00e7\u00e3o referencia para o Bolsa Atleta do Governo Federal.<\/p>\n","protected":false},"author":2,"featured_media":16624,"comment_status":"closed","ping_status":"open","sticky":false,"template":"","format":"standard","meta":{"advgb_blocks_editor_width":"","advgb_blocks_columns_visual_guide":"","_exactmetrics_skip_tracking":false,"_exactmetrics_sitenote_active":false,"_exactmetrics_sitenote_note":"","_exactmetrics_sitenote_category":0,"footnotes":""},"categories":[7,3],"tags":[4543,34,4030,802,801],"class_list":["post-16623","post","type-post","status-publish","format-standard","has-post-thumbnail","hentry","category-destaques","category-esportes","tag-erick-luis","tag-lavras","tag-taekwon-do","tag-taekwondo","tag-valdeci-zampieri"],"better_featured_image":{"id":16624,"alt_text":"","caption":"","description":"","media_type":"image","media_details":{"width":3264,"height":2448,"file":"2018\/06\/IMG_20180610_185129733.jpg","sizes":{"thumbnail":{"file":"IMG_20180610_185129733-150x113.jpg","width":150,"height":113,"mime-type":"image\/jpeg","source_url":"https:\/\/lavras.tv\/site\/wp-content\/uploads\/2018\/06\/IMG_20180610_185129733-150x113.jpg"},"medium":{"file":"IMG_20180610_185129733-300x225.jpg","width":300,"height":225,"mime-type":"image\/jpeg","source_url":"https:\/\/lavras.tv\/site\/wp-content\/uploads\/2018\/06\/IMG_20180610_185129733-300x225.jpg"},"large":{"file":"IMG_20180610_185129733-1024x768.jpg","width":1024,"height":768,"mime-type":"image\/jpeg","source_url":"https:\/\/lavras.tv\/site\/wp-content\/uploads\/2018\/06\/IMG_20180610_185129733-1024x768.jpg"},"featured-slider-img":{"file":"IMG_20180610_185129733-640x480.jpg","width":640,"height":480,"mime-type":"image\/jpeg","source_url":"https:\/\/lavras.tv\/site\/wp-content\/uploads\/2018\/06\/IMG_20180610_185129733-640x480.jpg"},"featured-post-img":{"file":"IMG_20180610_185129733-480x320.jpg","width":480,"height":320,"mime-type":"image\/jpeg","source_url":"https:\/\/lavras.tv\/site\/wp-content\/uploads\/2018\/06\/IMG_20180610_185129733-480x320.jpg"},"sow-carousel-default":{"file":"IMG_20180610_185129733-272x182.jpg","width":272,"height":182,"mime-type":"image\/jpeg","source_url":"https:\/\/lavras.tv\/site\/wp-content\/uploads\/2018\/06\/IMG_20180610_185129733-272x182.jpg"}},"image_meta":{"aperture":"2","credit":"","camera":"Moto G Play","caption":"","created_timestamp":"1528656690","copyright":"","focal_length":"3.59","iso":"160","shutter_speed":"0.05","title":"","orientation":"0","keywords":[]}},"post":16623,"source_url":"https:\/\/lavras.tv\/site\/wp-content\/uploads\/2018\/06\/IMG_20180610_185129733.jpg"},"author_meta":{"display_name":"Lavras TV","author_link":"https:\/\/lavras.tv\/site\/author\/lavrastv\/"},"featured_img":"https:\/\/lavras.tv\/site\/wp-content\/uploads\/2018\/06\/IMG_20180610_185129733-300x225.jpg","coauthors":[],"tax_additional":{"categories":{"linked":["<a href=\"https:\/\/lavras.tv\/site\/category\/destaques\/\" class=\"advgb-post-tax-term\">Destaques<\/a>","<a href=\"https:\/\/lavras.tv\/site\/category\/esportes\/\" class=\"advgb-post-tax-term\">Esportes<\/a>"],"unlinked":["<span class=\"advgb-post-tax-term\">Destaques<\/span>","<span class=\"advgb-post-tax-term\">Esportes<\/span>"]},"tags":{"linked":["<a href=\"https:\/\/lavras.tv\/site\/category\/esportes\/\" class=\"advgb-post-tax-term\">Erick Luis<\/a>","<a href=\"https:\/\/lavras.tv\/site\/category\/esportes\/\" class=\"advgb-post-tax-term\">lavras<\/a>","<a href=\"https:\/\/lavras.tv\/site\/category\/esportes\/\" class=\"advgb-post-tax-term\">Taekwon do<\/a>","<a href=\"https:\/\/lavras.tv\/site\/category\/esportes\/\" class=\"advgb-post-tax-term\">taekwondo<\/a>","<a href=\"https:\/\/lavras.tv\/site\/category\/esportes\/\" class=\"advgb-post-tax-term\">valdeci zampieri<\/a>"],"unlinked":["<span class=\"advgb-post-tax-term\">Erick Luis<\/span>","<span class=\"advgb-post-tax-term\">lavras<\/span>","<span class=\"advgb-post-tax-term\">Taekwon do<\/span>","<span class=\"advgb-post-tax-term\">taekwondo<\/span>","<span class=\"advgb-post-tax-term\">valdeci zampieri<\/span>"]}},"comment_count":"0","relative_dates":{"created":"Publicado 8 anos atr\u00e1s","modified":"Atualizado 8 anos atr\u00e1s"},"absolute_dates":{"created":"Publicado em 14 de junho de 2018","modified":"Atualizado em 14 de junho de 2018"},"absolute_dates_time":{"created":"Publicado em 14 de junho de 2018 08:29","modified":"Atualizado em 14 de junho de 2018 08:29"},"featured_img_caption":"","series_order":"","_links":{"self":[{"href":"https:\/\/lavras.tv\/site\/wp-json\/wp\/v2\/posts\/16623","targetHints":{"allow":["GET"]}}],"collection":[{"href":"https:\/\/lavras.tv\/site\/wp-json\/wp\/v2\/posts"}],"about":[{"href":"https:\/\/lavras.tv\/site\/wp-json\/wp\/v2\/types\/post"}],"author":[{"embeddable":true,"href":"https:\/\/lavras.tv\/site\/wp-json\/wp\/v2\/users\/2"}],"replies":[{"embeddable":true,"href":"https:\/\/lavras.tv\/site\/wp-json\/wp\/v2\/comments?post=16623"}],"version-history":[{"count":1,"href":"https:\/\/lavras.tv\/site\/wp-json\/wp\/v2\/posts\/16623\/revisions"}],"predecessor-version":[{"id":16625,"href":"https:\/\/lavras.tv\/site\/wp-json\/wp\/v2\/posts\/16623\/revisions\/16625"}],"wp:featuredmedia":[{"embeddable":true,"href":"https:\/\/lavras.tv\/site\/wp-json\/wp\/v2\/media\/16624"}],"wp:attachment":[{"href":"https:\/\/lavras.tv\/site\/wp-json\/wp\/v2\/media?parent=16623"}],"wp:term":[{"taxonomy":"category","embeddable":true,"href":"https:\/\/lavras.tv\/site\/wp-json\/wp\/v2\/categories?post=16623"},{"taxonomy":"post_tag","embeddable":true,"href":"https:\/\/lavras.tv\/site\/wp-json\/wp\/v2\/tags?post=16623"}],"curies":[{"name":"wp","href":"https:\/\/api.w.org\/{rel}","templated":true}]}}