{"id":1667,"date":"2016-08-19T11:02:50","date_gmt":"2016-08-19T11:02:50","guid":{"rendered":"http:\/\/lavras.tv\/site\/?p=1667"},"modified":"2016-08-19T11:02:50","modified_gmt":"2016-08-19T11:02:50","slug":"o-que-nao-perder-na-sexta-feira-marta-bolt-semi-do-volei-e-eua-no-basquete","status":"publish","type":"post","link":"https:\/\/lavras.tv\/site\/2016\/08\/19\/o-que-nao-perder-na-sexta-feira-marta-bolt-semi-do-volei-e-eua-no-basquete\/","title":{"rendered":"O que n\u00e3o perder na sexta-feira: Marta, Bolt, semi do v\u00f4lei e EUA no basquete"},"content":{"rendered":"<div class=\"lavra-antes-do-conteudo_2\" id=\"lavra-3433212748\"><div id=\"lavra-slider-27\" class=\"custom-slider lavra-slider-1176575857 lavra-slider\"><ul><li><div style=\"margin-left: auto;margin-right: auto;text-align: center;\" id=\"lavra-172981730\"><a href=\"https:\/\/sistemas.lavras.mg.gov.br\/portalcidadao\/#df1b1a7c7b2a290bcb31e32771e610784662739a88807c0dacac58ede5f391a7530e299dc302d611ee73cb143fc22eaf93592e53e7b5bdb01b00a0b8d28dae460c141dd2ff83412e4dc1c31b16b25f33144a9e5620ea73b13f5bc1c59411d98439ad226e8af03840603796067d87afe130812cf3de24982d0e306f9e61e764e5\" aria-label=\"Lavras-TV&#8211;720x104px (1) (1)\"><img src=\"https:\/\/lavras.tv\/site\/wp-content\/uploads\/2025\/01\/Lavras-TV-720x104px-1-1.png\" alt=\"\"  srcset=\"https:\/\/lavras.tv\/site\/wp-content\/uploads\/2025\/01\/Lavras-TV-720x104px-1-1.png 720w, https:\/\/lavras.tv\/site\/wp-content\/uploads\/2025\/01\/Lavras-TV-720x104px-1-1-470x68.png 470w, https:\/\/lavras.tv\/site\/wp-content\/uploads\/2025\/01\/Lavras-TV-720x104px-1-1-170x25.png 170w, https:\/\/lavras.tv\/site\/wp-content\/uploads\/2025\/01\/Lavras-TV-720x104px-1-1-200x29.png 200w\" sizes=\"(max-width: 720px) 100vw, 720px\" width=\"720\" height=\"104\"  style=\"display: inline-block;\" \/><\/a><\/div><\/li><li><a href=\"https:\/\/sistemas.lavras.mg.gov.br\/portalcidadao\/#df1b1a7c7b2a290bcb31e32771e610784662739a88807c0dacac58ede5f391a7530e299dc302d611ee73cb143fc22eaf93592e53e7b5bdb01b00a0b8d28dae460c141dd2ff83412e4dc1c31b16b25f33144a9e5620ea73b13f5bc1c59411d98439ad226e8af03840603796067d87afe130812cf3de24982d0e306f9e61e764e5\" aria-label=\"Banner_Emprego_PortallavrasTV\"><img src=\"https:\/\/lavras.tv\/site\/wp-content\/uploads\/2025\/03\/Banner_Emprego_PortallavrasTV.png\" alt=\"\"  srcset=\"https:\/\/lavras.tv\/site\/wp-content\/uploads\/2025\/03\/Banner_Emprego_PortallavrasTV.png 720w, https:\/\/lavras.tv\/site\/wp-content\/uploads\/2025\/03\/Banner_Emprego_PortallavrasTV-470x68.png 470w, https:\/\/lavras.tv\/site\/wp-content\/uploads\/2025\/03\/Banner_Emprego_PortallavrasTV-170x25.png 170w, https:\/\/lavras.tv\/site\/wp-content\/uploads\/2025\/03\/Banner_Emprego_PortallavrasTV-200x29.png 200w\" sizes=\"(max-width: 720px) 100vw, 720px\" width=\"720\" height=\"104\"   \/><\/a><\/li><li><a href=\"https:\/\/sistemas.lavras.mg.gov.br\/portalcidadao\/#df1b1a7c7b2a290bcb31e32771e610784662739a88807c0dacac58ede5f391a7530e299dc302d611ee73cb143fc22eaf93592e53e7b5bdb01b00a0b8d28dae460c141dd2ff83412e4dc1c31b16b25f33144a9e5620ea73b13f5bc1c59411d98439ad226e8af03840603796067d87afe130812cf3de24982d0e306f9e61e764e5\" aria-label=\"Banner_Obras_PortallavrasTV\"><img src=\"https:\/\/lavras.tv\/site\/wp-content\/uploads\/2025\/03\/Banner_Obras_PortallavrasTV.png\" alt=\"\"  srcset=\"https:\/\/lavras.tv\/site\/wp-content\/uploads\/2025\/03\/Banner_Obras_PortallavrasTV.png 720w, https:\/\/lavras.tv\/site\/wp-content\/uploads\/2025\/03\/Banner_Obras_PortallavrasTV-470x68.png 470w, https:\/\/lavras.tv\/site\/wp-content\/uploads\/2025\/03\/Banner_Obras_PortallavrasTV-170x25.png 170w, https:\/\/lavras.tv\/site\/wp-content\/uploads\/2025\/03\/Banner_Obras_PortallavrasTV-200x29.png 200w\" sizes=\"(max-width: 720px) 100vw, 720px\" width=\"720\" height=\"104\"   \/><\/a><\/li><li><div style=\"margin-left: auto;margin-right: auto;text-align: center;\" id=\"lavra-3048462796\"><a href=\"https:\/\/sistemas.lavras.mg.gov.br\/portalcidadao\/#df1b1a7c7b2a290bcb31e32771e610784662739a88807c0dacac58ede5f391a7530e299dc302d611ee73cb143fc22eaf93592e53e7b5bdb01b00a0b8d28dae460c141dd2ff83412e4dc1c31b16b25f33144a9e5620ea73b13f5bc1c59411d98439ad226e8af03840603796067d87afe130812cf3de24982d0e306f9e61e764e5\" aria-label=\"Banner_Educa\u00e7\u00e3o_PortallavrasTV\"><img src=\"https:\/\/lavras.tv\/site\/wp-content\/uploads\/2025\/01\/Banner_Educacao_PortallavrasTV.png\" alt=\"\"  srcset=\"https:\/\/lavras.tv\/site\/wp-content\/uploads\/2025\/01\/Banner_Educacao_PortallavrasTV.png 720w, https:\/\/lavras.tv\/site\/wp-content\/uploads\/2025\/01\/Banner_Educacao_PortallavrasTV-470x68.png 470w, https:\/\/lavras.tv\/site\/wp-content\/uploads\/2025\/01\/Banner_Educacao_PortallavrasTV-170x25.png 170w, https:\/\/lavras.tv\/site\/wp-content\/uploads\/2025\/01\/Banner_Educacao_PortallavrasTV-200x29.png 200w\" sizes=\"(max-width: 720px) 100vw, 720px\" width=\"720\" height=\"104\"  style=\"display: inline-block;\" \/><\/a><\/div><\/li><li><a href=\"https:\/\/sistemas.lavras.mg.gov.br\/portalcidadao\/#df1b1a7c7b2a290bcb31e32771e610784662739a88807c0dacac58ede5f391a7530e299dc302d611ee73cb143fc22eaf93592e53e7b5bdb01b00a0b8d28dae460c141dd2ff83412e4dc1c31b16b25f33144a9e5620ea73b13f5bc1c59411d98439ad226e8af03840603796067d87afe130812cf3de24982d0e306f9e61e764e5\" aria-label=\"Banner_Sa\u00fade_PortallavrasTV\"><img src=\"https:\/\/lavras.tv\/site\/wp-content\/uploads\/2025\/03\/Banner_Saude_PortallavrasTV.png\" alt=\"\"  srcset=\"https:\/\/lavras.tv\/site\/wp-content\/uploads\/2025\/03\/Banner_Saude_PortallavrasTV.png 720w, https:\/\/lavras.tv\/site\/wp-content\/uploads\/2025\/03\/Banner_Saude_PortallavrasTV-470x68.png 470w, https:\/\/lavras.tv\/site\/wp-content\/uploads\/2025\/03\/Banner_Saude_PortallavrasTV-170x25.png 170w, https:\/\/lavras.tv\/site\/wp-content\/uploads\/2025\/03\/Banner_Saude_PortallavrasTV-200x29.png 200w\" sizes=\"(max-width: 720px) 100vw, 720px\" width=\"720\" height=\"104\"   \/><\/a><\/li><li><div id=\"lavra-170778672\" style=\"width:720px;height:104px;background-color:#ddd;overflow:scroll;\">\n\t<strong>Sa\u00edda da depura\u00e7\u00e3o de an\u00fancios<\/strong>\n\t<br><br>\n\tO an\u00fancio n\u00e3o \u00e9 exibido na p\u00e1gina<br><br>post atual: O que n\u00e3o perder na sexta-feira: Marta, Bolt, semi do v\u00f4lei e EUA no basquete, ID: 1667<br><br><span style=\"color: red;\">O post atual n\u00e3o \u00e9 id\u00eantico ao post principal.<\/span><br><br>An\u00fancios: ROXO - TOPO INTERNA - ROTATIVO 2 (197)<br \/>Grupo de an\u00fancios: Princ_Meio01_720x104 (27)<br><br>Condi\u00e7\u00f5es de exibi\u00e7\u00e3o<div style=\"margin-bottom: 20px; white-space: pre-wrap; font-family: monospace; width: 100%; background: #ffe9e9;\"><strong>condi\u00e7\u00f5es gerais<\/strong><table border=\"1\"><thead><tr><th><\/th><th>An\u00fancios<\/th><th>wp_the_query<\/th><\/tr><\/thead><tr><td>is_main_query<\/td><td>1<\/td><td>1<\/td><\/tr><tr><td>is_rest_api<\/td><td>0<\/td><td>1<\/td><\/tr><tr><td>page<\/td><td>0<\/td><td>1<\/td><\/tr><tr><td>numpages<\/td><td>0<\/td><td>1<\/td><\/tr><tr><td>is_archive<\/td><td>1<\/td><td><\/td><\/tr><tr><td>is_search<\/td><td>1<\/td><td><\/td><\/tr><tr><td>is_home<\/td><td>1<\/td><td><\/td><\/tr><tr><td>is_404<\/td><td>1<\/td><td><\/td><\/tr><tr><td>is_attachment<\/td><td>1<\/td><td><\/td><\/tr><tr><td>is_singular<\/td><td>1<\/td><td><\/td><\/tr><tr><td>is_front_page<\/td><td>1<\/td><td><\/td><\/tr><tr><td>is_feed<\/td><td>1<\/td><td><\/td><\/tr><\/table><\/div><br><br><span style=\"color: red;\">Seu site usa HTTPS, mas o c\u00f3digo do an\u00fancio cont\u00e9m HTTP e pode n\u00e3o funcionar.<\/span>\t<br><br>\n\t<a style=\"color: green;\" href=\"https:\/\/wpadvancedads.com\/manual\/ad-debug-mode\/?utm_source=advanced-ads&utm_medium=link&utm_campaign=ad-debug-mode\" target=\"_blank\" rel=\"nofollow\">Encontre solu\u00e7\u00f5es no manual<\/a>\n<\/div>\n<\/li><\/ul><\/div><script>( window.advanced_ads_ready || jQuery( document ).ready ).call( null, function() {var $lavraslider1176575857 = jQuery( \".lavra-slider-1176575857\" );$lavraslider1176575857.on( \"unslider.ready\", function() { jQuery( \"div.custom-slider ul li\" ).css( \"display\", \"block\" ); });$lavraslider1176575857.unslider({ delay:4000, autoplay:true, nav:false, arrows:false, infinite:true });$lavraslider1176575857.on(\"mouseover\", function() {$lavraslider1176575857.unslider(\"stop\");}).on(\"mouseout\", function() {$lavraslider1176575857.unslider(\"start\");});});<\/script><\/div><p>Sexta-feira emocionante. Assim ser\u00e1 o antepen\u00faltimo dia de competi\u00e7\u00f5es dos Jogos do Rio. O revezamento 4x100m do atletismo promete uma briga muito boa entre EUA e Jamaica, com a presen\u00e7a de Usain Bolt. No v\u00f4lei, a sele\u00e7\u00e3o masculina joga a semifinal com a R\u00fassia. No futebol feminino, o time brasileiro busca o bronze contra o Canad\u00e1. Hipismo e marcha atl\u00e9tica podem dar medalhas para o Brasil em eventos n\u00e3o t\u00e3o divulgados por aqui. O Play nos Jogos, canal gratuito do GloboEsporte.com, transmite tudo ao vivo.<img fetchpriority=\"high\" decoding=\"async\" class=\"size-full wp-image-1668 alignright\" src=\"http:\/\/lavras.tv\/site\/wp-content\/uploads\/2016\/08\/bolt-1.jpg\" alt=\"bolt\" width=\"300\" height=\"230\" srcset=\"https:\/\/lavras.tv\/site\/wp-content\/uploads\/2016\/08\/bolt-1.jpg 300w, https:\/\/lavras.tv\/site\/wp-content\/uploads\/2016\/08\/bolt-1-150x115.jpg 150w\" sizes=\"(max-width: 300px) 100vw, 300px\" \/><\/p>\n<p><strong>SUPER SEXTA NO ATLETISMO <\/strong><\/p>\n<p>A noite promete bastante no Engenh\u00e3o. A principal prova \u00e9 o revezamento 4x100m masculino, \u00e0s 22h35. Mais cedo, tem o 4x100m feminino. H\u00e1 tamb\u00e9m a final do lan\u00e7amento do martelo, com a presen\u00e7a do brasileiro Wagner Domingos.<\/p>\n<p><strong>JOGO IMPORTANTE<\/strong><\/p>\n<p>A sele\u00e7\u00e3o masculina de v\u00f4lei enfrenta a R\u00fassia, \u00e0s 22h15, no Maracan\u00e3zinho, por uma vaga na final do v\u00f4lei.<\/p>\n<p><strong>SEMI DO BASQUETE<\/strong><\/p>\n<p>O basquete masculino dos EUA joga, por uma vaga na final, contra a Espanha, \u00e0s 15h30, em uma repeti\u00e7\u00e3o das decis\u00f5es ol\u00edmpicas de 2008 e 2012.<\/p>\n<p><strong>VALE BRONZE<\/strong><\/p>\n<p>A sele\u00e7\u00e3o brasileira feminina de futebol tenta ir ao p\u00f3dio ao tentar o bronze contra o Canad\u00e1. O jogo ser\u00e1 \u00e0s 13h.<\/p>\n<p><strong>VALE OURO<\/strong><\/p>\n<p>A final do futebol feminino ser\u00e1 entre Alemanha e Su\u00e9cia, em duelo marcado para \u00e0s 17h30, no Maracan\u00e3.<\/p>\n<p><strong>OURO NO HIPISMO<\/strong><\/p>\n<p>A prova de hipismo saltos ter\u00e1 a defini\u00e7\u00e3o dos medalhistas da competi\u00e7\u00e3o individual a partir das 10h, em Deodoro. O Brasil tem tr\u00eas conjuntos na disputa.<\/p>\n<p><strong>MARCHA COM CHANCE<\/strong><\/p>\n<p>A marcha atl\u00e9tica ter\u00e1, nesta sexta-feira, a prova dos 20km para mulheres, com boas chances para \u00c9rica Sena, bronze na Copa do Mundo deste ano. A largada ser\u00e1 \u00e0s 14h30.<\/p>\n<p>&nbsp;<\/p>\n<p>Fonte: Globo Esporte<\/p>\n","protected":false},"excerpt":{"rendered":"<p>Sexta-feira emocionante. Assim ser\u00e1 o antepen\u00faltimo dia de competi\u00e7\u00f5es dos Jogos do Rio. O revezamento 4x100m do atletismo promete uma briga muito boa entre EUA e Jamaica, com a presen\u00e7a de Usain Bolt. No v\u00f4lei, a sele\u00e7\u00e3o masculina joga a semifinal com a R\u00fassia. No futebol feminino, o time brasileiro busca o bronze contra o [&hellip;]<\/p>\n","protected":false},"author":2,"featured_media":1668,"comment_status":"closed","ping_status":"open","sticky":false,"template":"","format":"standard","meta":{"advgb_blocks_editor_width":"","advgb_blocks_columns_visual_guide":"","_exactmetrics_skip_tracking":false,"_exactmetrics_sitenote_active":false,"_exactmetrics_sitenote_note":"","_exactmetrics_sitenote_category":0,"footnotes":""},"categories":[3],"tags":[544,545,512,117],"class_list":["post-1667","post","type-post","status-publish","format-standard","has-post-thumbnail","hentry","category-esportes","tag-bolt","tag-marta","tag-olimpiadas-brasil","tag-rio-2016"],"better_featured_image":{"id":1668,"alt_text":"","caption":"","description":"","media_type":"image","media_details":{"width":300,"height":230,"file":"2016\/08\/bolt-1.jpg","sizes":{"thumbnail":{"file":"bolt-1-150x115.jpg","width":150,"height":115,"mime-type":"image\/jpeg","source_url":"https:\/\/lavras.tv\/site\/wp-content\/uploads\/2016\/08\/bolt-1-150x115.jpg"},"medium":{"file":"bolt-1-300x230.jpg","width":300,"height":230,"mime-type":"image\/jpeg","source_url":"https:\/\/lavras.tv\/site\/wp-content\/uploads\/2016\/08\/bolt-1-300x230.jpg"},"sow-carousel-default":{"file":"bolt-1-272x182.jpg","width":272,"height":182,"mime-type":"image\/jpeg","source_url":"https:\/\/lavras.tv\/site\/wp-content\/uploads\/2016\/08\/bolt-1-272x182.jpg"}},"image_meta":{"aperture":"0","credit":"","camera":"","caption":"","created_timestamp":"0","copyright":"","focal_length":"0","iso":"0","shutter_speed":"0","title":"","orientation":"0","keywords":[]}},"post":1667,"source_url":"https:\/\/lavras.tv\/site\/wp-content\/uploads\/2016\/08\/bolt-1.jpg"},"author_meta":{"display_name":"Lavras TV","author_link":"https:\/\/lavras.tv\/site\/author\/lavrastv\/"},"featured_img":"https:\/\/lavras.tv\/site\/wp-content\/uploads\/2016\/08\/bolt-1-300x230.jpg","coauthors":[],"tax_additional":{"categories":{"linked":["<a href=\"https:\/\/lavras.tv\/site\/category\/esportes\/\" class=\"advgb-post-tax-term\">Esportes<\/a>"],"unlinked":["<span class=\"advgb-post-tax-term\">Esportes<\/span>"]},"tags":{"linked":["<a href=\"https:\/\/lavras.tv\/site\/category\/esportes\/\" class=\"advgb-post-tax-term\">bolt<\/a>","<a href=\"https:\/\/lavras.tv\/site\/category\/esportes\/\" class=\"advgb-post-tax-term\">marta<\/a>","<a href=\"https:\/\/lavras.tv\/site\/category\/esportes\/\" class=\"advgb-post-tax-term\">olimp\u00edadas brasil<\/a>","<a href=\"https:\/\/lavras.tv\/site\/category\/esportes\/\" class=\"advgb-post-tax-term\">rio 2016<\/a>"],"unlinked":["<span class=\"advgb-post-tax-term\">bolt<\/span>","<span class=\"advgb-post-tax-term\">marta<\/span>","<span class=\"advgb-post-tax-term\">olimp\u00edadas brasil<\/span>","<span class=\"advgb-post-tax-term\">rio 2016<\/span>"]}},"comment_count":"0","relative_dates":{"created":"Publicado 10 anos atr\u00e1s","modified":"Atualizado 10 anos atr\u00e1s"},"absolute_dates":{"created":"Publicado em 19 de agosto de 2016","modified":"Atualizado em 19 de agosto de 2016"},"absolute_dates_time":{"created":"Publicado em 19 de agosto de 2016 11:02","modified":"Atualizado em 19 de agosto de 2016 11:02"},"featured_img_caption":"","series_order":"","_links":{"self":[{"href":"https:\/\/lavras.tv\/site\/wp-json\/wp\/v2\/posts\/1667","targetHints":{"allow":["GET"]}}],"collection":[{"href":"https:\/\/lavras.tv\/site\/wp-json\/wp\/v2\/posts"}],"about":[{"href":"https:\/\/lavras.tv\/site\/wp-json\/wp\/v2\/types\/post"}],"author":[{"embeddable":true,"href":"https:\/\/lavras.tv\/site\/wp-json\/wp\/v2\/users\/2"}],"replies":[{"embeddable":true,"href":"https:\/\/lavras.tv\/site\/wp-json\/wp\/v2\/comments?post=1667"}],"version-history":[{"count":1,"href":"https:\/\/lavras.tv\/site\/wp-json\/wp\/v2\/posts\/1667\/revisions"}],"predecessor-version":[{"id":1669,"href":"https:\/\/lavras.tv\/site\/wp-json\/wp\/v2\/posts\/1667\/revisions\/1669"}],"wp:featuredmedia":[{"embeddable":true,"href":"https:\/\/lavras.tv\/site\/wp-json\/wp\/v2\/media\/1668"}],"wp:attachment":[{"href":"https:\/\/lavras.tv\/site\/wp-json\/wp\/v2\/media?parent=1667"}],"wp:term":[{"taxonomy":"category","embeddable":true,"href":"https:\/\/lavras.tv\/site\/wp-json\/wp\/v2\/categories?post=1667"},{"taxonomy":"post_tag","embeddable":true,"href":"https:\/\/lavras.tv\/site\/wp-json\/wp\/v2\/tags?post=1667"}],"curies":[{"name":"wp","href":"https:\/\/api.w.org\/{rel}","templated":true}]}}