{"id":16683,"date":"2018-06-19T10:12:57","date_gmt":"2018-06-19T13:12:57","guid":{"rendered":"http:\/\/lavras.tv\/site\/?p=16683"},"modified":"2018-06-19T10:12:57","modified_gmt":"2018-06-19T13:12:57","slug":"casa-da-cultura-apresenta-exposicao-sobre-o-futebol-de-lavras","status":"publish","type":"post","link":"https:\/\/lavras.tv\/site\/2018\/06\/19\/casa-da-cultura-apresenta-exposicao-sobre-o-futebol-de-lavras\/","title":{"rendered":"Casa da Cultura apresenta exposi\u00e7\u00e3o sobre o \u201cFutebol de Lavras\u201d"},"content":{"rendered":"<div class=\"lavra-antes-do-conteudo_2\" id=\"lavra-2675573895\"><div id=\"lavra-slider-27\" class=\"custom-slider lavra-slider-3035631477 lavra-slider\"><ul><li><div style=\"margin-left: auto;margin-right: auto;text-align: center;\" id=\"lavra-3759958772\"><a href=\"https:\/\/sistemas.lavras.mg.gov.br\/portalcidadao\/#df1b1a7c7b2a290bcb31e32771e610784662739a88807c0dacac58ede5f391a7530e299dc302d611ee73cb143fc22eaf93592e53e7b5bdb01b00a0b8d28dae460c141dd2ff83412e4dc1c31b16b25f33144a9e5620ea73b13f5bc1c59411d98439ad226e8af03840603796067d87afe130812cf3de24982d0e306f9e61e764e5\" aria-label=\"Lavras-TV&#8211;720x104px (1) (1)\"><img src=\"https:\/\/lavras.tv\/site\/wp-content\/uploads\/2025\/01\/Lavras-TV-720x104px-1-1.png\" alt=\"\"  srcset=\"https:\/\/lavras.tv\/site\/wp-content\/uploads\/2025\/01\/Lavras-TV-720x104px-1-1.png 720w, https:\/\/lavras.tv\/site\/wp-content\/uploads\/2025\/01\/Lavras-TV-720x104px-1-1-470x68.png 470w, https:\/\/lavras.tv\/site\/wp-content\/uploads\/2025\/01\/Lavras-TV-720x104px-1-1-170x25.png 170w, https:\/\/lavras.tv\/site\/wp-content\/uploads\/2025\/01\/Lavras-TV-720x104px-1-1-200x29.png 200w\" sizes=\"(max-width: 720px) 100vw, 720px\" width=\"720\" height=\"104\"  style=\"display: inline-block;\" \/><\/a><\/div><\/li><li><a href=\"https:\/\/sistemas.lavras.mg.gov.br\/portalcidadao\/#df1b1a7c7b2a290bcb31e32771e610784662739a88807c0dacac58ede5f391a7530e299dc302d611ee73cb143fc22eaf93592e53e7b5bdb01b00a0b8d28dae460c141dd2ff83412e4dc1c31b16b25f33144a9e5620ea73b13f5bc1c59411d98439ad226e8af03840603796067d87afe130812cf3de24982d0e306f9e61e764e5\" aria-label=\"Banner_Emprego_PortallavrasTV\"><img src=\"https:\/\/lavras.tv\/site\/wp-content\/uploads\/2025\/03\/Banner_Emprego_PortallavrasTV.png\" alt=\"\"  srcset=\"https:\/\/lavras.tv\/site\/wp-content\/uploads\/2025\/03\/Banner_Emprego_PortallavrasTV.png 720w, https:\/\/lavras.tv\/site\/wp-content\/uploads\/2025\/03\/Banner_Emprego_PortallavrasTV-470x68.png 470w, https:\/\/lavras.tv\/site\/wp-content\/uploads\/2025\/03\/Banner_Emprego_PortallavrasTV-170x25.png 170w, https:\/\/lavras.tv\/site\/wp-content\/uploads\/2025\/03\/Banner_Emprego_PortallavrasTV-200x29.png 200w\" sizes=\"(max-width: 720px) 100vw, 720px\" width=\"720\" height=\"104\"   \/><\/a><\/li><li><a href=\"https:\/\/sistemas.lavras.mg.gov.br\/portalcidadao\/#df1b1a7c7b2a290bcb31e32771e610784662739a88807c0dacac58ede5f391a7530e299dc302d611ee73cb143fc22eaf93592e53e7b5bdb01b00a0b8d28dae460c141dd2ff83412e4dc1c31b16b25f33144a9e5620ea73b13f5bc1c59411d98439ad226e8af03840603796067d87afe130812cf3de24982d0e306f9e61e764e5\" aria-label=\"Banner_Obras_PortallavrasTV\"><img src=\"https:\/\/lavras.tv\/site\/wp-content\/uploads\/2025\/03\/Banner_Obras_PortallavrasTV.png\" alt=\"\"  srcset=\"https:\/\/lavras.tv\/site\/wp-content\/uploads\/2025\/03\/Banner_Obras_PortallavrasTV.png 720w, https:\/\/lavras.tv\/site\/wp-content\/uploads\/2025\/03\/Banner_Obras_PortallavrasTV-470x68.png 470w, https:\/\/lavras.tv\/site\/wp-content\/uploads\/2025\/03\/Banner_Obras_PortallavrasTV-170x25.png 170w, https:\/\/lavras.tv\/site\/wp-content\/uploads\/2025\/03\/Banner_Obras_PortallavrasTV-200x29.png 200w\" sizes=\"(max-width: 720px) 100vw, 720px\" width=\"720\" height=\"104\"   \/><\/a><\/li><li><div style=\"margin-left: auto;margin-right: auto;text-align: center;\" id=\"lavra-2405320844\"><a href=\"https:\/\/sistemas.lavras.mg.gov.br\/portalcidadao\/#df1b1a7c7b2a290bcb31e32771e610784662739a88807c0dacac58ede5f391a7530e299dc302d611ee73cb143fc22eaf93592e53e7b5bdb01b00a0b8d28dae460c141dd2ff83412e4dc1c31b16b25f33144a9e5620ea73b13f5bc1c59411d98439ad226e8af03840603796067d87afe130812cf3de24982d0e306f9e61e764e5\" aria-label=\"Banner_Educa\u00e7\u00e3o_PortallavrasTV\"><img src=\"https:\/\/lavras.tv\/site\/wp-content\/uploads\/2025\/01\/Banner_Educacao_PortallavrasTV.png\" alt=\"\"  srcset=\"https:\/\/lavras.tv\/site\/wp-content\/uploads\/2025\/01\/Banner_Educacao_PortallavrasTV.png 720w, https:\/\/lavras.tv\/site\/wp-content\/uploads\/2025\/01\/Banner_Educacao_PortallavrasTV-470x68.png 470w, https:\/\/lavras.tv\/site\/wp-content\/uploads\/2025\/01\/Banner_Educacao_PortallavrasTV-170x25.png 170w, https:\/\/lavras.tv\/site\/wp-content\/uploads\/2025\/01\/Banner_Educacao_PortallavrasTV-200x29.png 200w\" sizes=\"(max-width: 720px) 100vw, 720px\" width=\"720\" height=\"104\"  style=\"display: inline-block;\" \/><\/a><\/div><\/li><li><a href=\"https:\/\/sistemas.lavras.mg.gov.br\/portalcidadao\/#df1b1a7c7b2a290bcb31e32771e610784662739a88807c0dacac58ede5f391a7530e299dc302d611ee73cb143fc22eaf93592e53e7b5bdb01b00a0b8d28dae460c141dd2ff83412e4dc1c31b16b25f33144a9e5620ea73b13f5bc1c59411d98439ad226e8af03840603796067d87afe130812cf3de24982d0e306f9e61e764e5\" aria-label=\"Banner_Sa\u00fade_PortallavrasTV\"><img src=\"https:\/\/lavras.tv\/site\/wp-content\/uploads\/2025\/03\/Banner_Saude_PortallavrasTV.png\" alt=\"\"  srcset=\"https:\/\/lavras.tv\/site\/wp-content\/uploads\/2025\/03\/Banner_Saude_PortallavrasTV.png 720w, https:\/\/lavras.tv\/site\/wp-content\/uploads\/2025\/03\/Banner_Saude_PortallavrasTV-470x68.png 470w, https:\/\/lavras.tv\/site\/wp-content\/uploads\/2025\/03\/Banner_Saude_PortallavrasTV-170x25.png 170w, https:\/\/lavras.tv\/site\/wp-content\/uploads\/2025\/03\/Banner_Saude_PortallavrasTV-200x29.png 200w\" sizes=\"(max-width: 720px) 100vw, 720px\" width=\"720\" height=\"104\"   \/><\/a><\/li><li><div id=\"lavra-2551303205\" style=\"width:720px;height:104px;background-color:#ddd;overflow:scroll;\">\n\t<strong>Sa\u00edda da depura\u00e7\u00e3o de an\u00fancios<\/strong>\n\t<br><br>\n\tO an\u00fancio n\u00e3o \u00e9 exibido na p\u00e1gina<br><br>post atual: Casa da Cultura apresenta exposi\u00e7\u00e3o sobre o \u201cFutebol de Lavras\u201d, ID: 16683<br><br><span style=\"color: red;\">O post atual n\u00e3o \u00e9 id\u00eantico ao post principal.<\/span><br><br>An\u00fancios: ROXO - TOPO INTERNA - ROTATIVO 2 (197)<br \/>Grupo de an\u00fancios: Princ_Meio01_720x104 (27)<br><br>Condi\u00e7\u00f5es de exibi\u00e7\u00e3o<div style=\"margin-bottom: 20px; white-space: pre-wrap; font-family: monospace; width: 100%; background: #ffe9e9;\"><strong>condi\u00e7\u00f5es gerais<\/strong><table border=\"1\"><thead><tr><th><\/th><th>An\u00fancios<\/th><th>wp_the_query<\/th><\/tr><\/thead><tr><td>is_main_query<\/td><td>1<\/td><td>1<\/td><\/tr><tr><td>is_rest_api<\/td><td>0<\/td><td>1<\/td><\/tr><tr><td>page<\/td><td>0<\/td><td>1<\/td><\/tr><tr><td>numpages<\/td><td>0<\/td><td>1<\/td><\/tr><tr><td>is_archive<\/td><td>1<\/td><td><\/td><\/tr><tr><td>is_search<\/td><td>1<\/td><td><\/td><\/tr><tr><td>is_home<\/td><td>1<\/td><td><\/td><\/tr><tr><td>is_404<\/td><td>1<\/td><td><\/td><\/tr><tr><td>is_attachment<\/td><td>1<\/td><td><\/td><\/tr><tr><td>is_singular<\/td><td>1<\/td><td><\/td><\/tr><tr><td>is_front_page<\/td><td>1<\/td><td><\/td><\/tr><tr><td>is_feed<\/td><td>1<\/td><td><\/td><\/tr><\/table><\/div><br><br><span style=\"color: red;\">Seu site usa HTTPS, mas o c\u00f3digo do an\u00fancio cont\u00e9m HTTP e pode n\u00e3o funcionar.<\/span>\t<br><br>\n\t<a style=\"color: green;\" href=\"https:\/\/wpadvancedads.com\/manual\/ad-debug-mode\/?utm_source=advanced-ads&utm_medium=link&utm_campaign=ad-debug-mode\" target=\"_blank\" rel=\"nofollow\">Encontre solu\u00e7\u00f5es no manual<\/a>\n<\/div>\n<\/li><\/ul><\/div><script>( window.advanced_ads_ready || jQuery( document ).ready ).call( null, function() {var $lavraslider3035631477 = jQuery( \".lavra-slider-3035631477\" );$lavraslider3035631477.on( \"unslider.ready\", function() { jQuery( \"div.custom-slider ul li\" ).css( \"display\", \"block\" ); });$lavraslider3035631477.unslider({ delay:4000, autoplay:true, nav:false, arrows:false, infinite:true });$lavraslider3035631477.on(\"mouseover\", function() {$lavraslider3035631477.unslider(\"stop\");}).on(\"mouseout\", function() {$lavraslider3035631477.unslider(\"start\");});});<\/script><\/div><p style=\"font-weight: 400;\">A Casa da Cultura apresenta at\u00e9 o dia 13 de julho a Exposi\u00e7\u00e3o sobre o \u201cFutebol de Lavras\u201d, aproveitando o clima de Copa do Mundo, um dos eventos esportivos mais importantes do planeta.<!--more--><\/p>\n<p style=\"font-weight: 400;\">Trata-se de uma oportunidade, a partir dos Jogos da Copa, de resgatar a hist\u00f3ria do nosso futebol e homenagear grandes jogadores do passado e da atualidade.<\/p>\n<p style=\"font-weight: 400;\"><img fetchpriority=\"high\" decoding=\"async\" class=\"alignnone size-full wp-image-16684 aligncenter\" src=\"http:\/\/lavras.tv\/site\/wp-content\/uploads\/2018\/06\/ExposioFuteboldeLavras2.jpeg\" alt=\"ExposioFuteboldeLavras2\" width=\"800\" height=\"600\" srcset=\"https:\/\/lavras.tv\/site\/wp-content\/uploads\/2018\/06\/ExposioFuteboldeLavras2.jpeg 800w, https:\/\/lavras.tv\/site\/wp-content\/uploads\/2018\/06\/ExposioFuteboldeLavras2-150x113.jpeg 150w, https:\/\/lavras.tv\/site\/wp-content\/uploads\/2018\/06\/ExposioFuteboldeLavras2-300x225.jpeg 300w, https:\/\/lavras.tv\/site\/wp-content\/uploads\/2018\/06\/ExposioFuteboldeLavras2-640x480.jpeg 640w\" sizes=\"(max-width: 800px) 100vw, 800px\" \/><\/p>\n<p>As fotos exibir\u00e3o a hist\u00f3ria de times como: Ol\u00edmpica, Associa\u00e7\u00e3o Ferrovi\u00e1ria e Fabril, al\u00e9m de alguns times de pequenos campeonatos municipais e times de escolas de Lavras.<\/p>\n<p style=\"font-weight: 400;\">Os jogadores da atualidade representam Lavras em v\u00e1rios times por todo pa\u00eds e em outros pa\u00edses e trar\u00e3o para Casa da Cultura objetos de seus acervos particulares.<\/p>\n<p style=\"font-weight: 400;\">Visite a exposi\u00e7\u00e3o \u201cFutebol de Lavras\u201d, na Casa da Cultura!<\/p>\n<p style=\"font-weight: 400;\"><b><strong><em>Exposi\u00e7\u00e3o \u201cFutebol de Lavras\u201d<\/em><\/strong><\/b><\/p>\n<p style=\"font-weight: 400;\"><em>Segunda a Sexta das 9h \u00e0s 17h<\/em><\/p>\n<p style=\"font-weight: 400;\"><em>At\u00e9 dia 13 de julho<\/em><\/p>\n<p style=\"font-weight: 400;\"><em>Casa da Cultura<\/em><\/p>\n<p style=\"font-weight: 400;\"><em>Rua Santana, 111, centro<\/em><\/p>\n<p style=\"font-weight: 400;\">Fonte: Prefeitura de Lavras<\/p>\n","protected":false},"excerpt":{"rendered":"<p>A Casa da Cultura apresenta at\u00e9 o dia 13 de julho a Exposi\u00e7\u00e3o sobre o \u201cFutebol de Lavras\u201d, aproveitando o clima de Copa do Mundo, um dos eventos esportivos mais importantes do planeta.<\/p>\n","protected":false},"author":2,"featured_media":16684,"comment_status":"closed","ping_status":"open","sticky":false,"template":"","format":"standard","meta":{"advgb_blocks_editor_width":"","advgb_blocks_columns_visual_guide":"","_exactmetrics_skip_tracking":false,"_exactmetrics_sitenote_active":false,"_exactmetrics_sitenote_note":"","_exactmetrics_sitenote_category":0,"footnotes":""},"categories":[7,3],"tags":[1666,981,1036,34],"class_list":["post-16683","post","type-post","status-publish","format-standard","has-post-thumbnail","hentry","category-destaques","category-esportes","tag-casa-da-cultura","tag-exposicao","tag-futebol","tag-lavras"],"better_featured_image":{"id":16684,"alt_text":"","caption":"","description":"","media_type":"image","media_details":{"width":800,"height":600,"file":"2018\/06\/ExposioFuteboldeLavras2.jpeg","sizes":{"thumbnail":{"file":"ExposioFuteboldeLavras2-150x113.jpeg","width":150,"height":113,"mime-type":"image\/jpeg","source_url":"https:\/\/lavras.tv\/site\/wp-content\/uploads\/2018\/06\/ExposioFuteboldeLavras2-150x113.jpeg"},"medium":{"file":"ExposioFuteboldeLavras2-300x225.jpeg","width":300,"height":225,"mime-type":"image\/jpeg","source_url":"https:\/\/lavras.tv\/site\/wp-content\/uploads\/2018\/06\/ExposioFuteboldeLavras2-300x225.jpeg"},"featured-slider-img":{"file":"ExposioFuteboldeLavras2-640x480.jpeg","width":640,"height":480,"mime-type":"image\/jpeg","source_url":"https:\/\/lavras.tv\/site\/wp-content\/uploads\/2018\/06\/ExposioFuteboldeLavras2-640x480.jpeg"},"featured-post-img":{"file":"ExposioFuteboldeLavras2-480x320.jpeg","width":480,"height":320,"mime-type":"image\/jpeg","source_url":"https:\/\/lavras.tv\/site\/wp-content\/uploads\/2018\/06\/ExposioFuteboldeLavras2-480x320.jpeg"},"sow-carousel-default":{"file":"ExposioFuteboldeLavras2-272x182.jpeg","width":272,"height":182,"mime-type":"image\/jpeg","source_url":"https:\/\/lavras.tv\/site\/wp-content\/uploads\/2018\/06\/ExposioFuteboldeLavras2-272x182.jpeg"}},"image_meta":{"aperture":"0","credit":"","camera":"","caption":"","created_timestamp":"0","copyright":"","focal_length":"0","iso":"0","shutter_speed":"0","title":"","orientation":"0","keywords":[]}},"post":16683,"source_url":"https:\/\/lavras.tv\/site\/wp-content\/uploads\/2018\/06\/ExposioFuteboldeLavras2.jpeg"},"author_meta":{"display_name":"Lavras TV","author_link":"https:\/\/lavras.tv\/site\/author\/lavrastv\/"},"featured_img":"https:\/\/lavras.tv\/site\/wp-content\/uploads\/2018\/06\/ExposioFuteboldeLavras2-300x225.jpeg","coauthors":[],"tax_additional":{"categories":{"linked":["<a href=\"https:\/\/lavras.tv\/site\/category\/destaques\/\" class=\"advgb-post-tax-term\">Destaques<\/a>","<a href=\"https:\/\/lavras.tv\/site\/category\/esportes\/\" class=\"advgb-post-tax-term\">Esportes<\/a>"],"unlinked":["<span class=\"advgb-post-tax-term\">Destaques<\/span>","<span class=\"advgb-post-tax-term\">Esportes<\/span>"]},"tags":{"linked":["<a href=\"https:\/\/lavras.tv\/site\/category\/esportes\/\" class=\"advgb-post-tax-term\">casa da cultura<\/a>","<a href=\"https:\/\/lavras.tv\/site\/category\/esportes\/\" class=\"advgb-post-tax-term\">exposi\u00e7\u00e3o<\/a>","<a href=\"https:\/\/lavras.tv\/site\/category\/esportes\/\" class=\"advgb-post-tax-term\">futebol<\/a>","<a href=\"https:\/\/lavras.tv\/site\/category\/esportes\/\" class=\"advgb-post-tax-term\">lavras<\/a>"],"unlinked":["<span class=\"advgb-post-tax-term\">casa da cultura<\/span>","<span class=\"advgb-post-tax-term\">exposi\u00e7\u00e3o<\/span>","<span class=\"advgb-post-tax-term\">futebol<\/span>","<span class=\"advgb-post-tax-term\">lavras<\/span>"]}},"comment_count":"0","relative_dates":{"created":"Publicado 8 anos atr\u00e1s","modified":"Atualizado 8 anos atr\u00e1s"},"absolute_dates":{"created":"Publicado em 19 de junho de 2018","modified":"Atualizado em 19 de junho de 2018"},"absolute_dates_time":{"created":"Publicado em 19 de junho de 2018 10:12","modified":"Atualizado em 19 de junho de 2018 10:12"},"featured_img_caption":"","series_order":"","_links":{"self":[{"href":"https:\/\/lavras.tv\/site\/wp-json\/wp\/v2\/posts\/16683","targetHints":{"allow":["GET"]}}],"collection":[{"href":"https:\/\/lavras.tv\/site\/wp-json\/wp\/v2\/posts"}],"about":[{"href":"https:\/\/lavras.tv\/site\/wp-json\/wp\/v2\/types\/post"}],"author":[{"embeddable":true,"href":"https:\/\/lavras.tv\/site\/wp-json\/wp\/v2\/users\/2"}],"replies":[{"embeddable":true,"href":"https:\/\/lavras.tv\/site\/wp-json\/wp\/v2\/comments?post=16683"}],"version-history":[{"count":1,"href":"https:\/\/lavras.tv\/site\/wp-json\/wp\/v2\/posts\/16683\/revisions"}],"predecessor-version":[{"id":16685,"href":"https:\/\/lavras.tv\/site\/wp-json\/wp\/v2\/posts\/16683\/revisions\/16685"}],"wp:featuredmedia":[{"embeddable":true,"href":"https:\/\/lavras.tv\/site\/wp-json\/wp\/v2\/media\/16684"}],"wp:attachment":[{"href":"https:\/\/lavras.tv\/site\/wp-json\/wp\/v2\/media?parent=16683"}],"wp:term":[{"taxonomy":"category","embeddable":true,"href":"https:\/\/lavras.tv\/site\/wp-json\/wp\/v2\/categories?post=16683"},{"taxonomy":"post_tag","embeddable":true,"href":"https:\/\/lavras.tv\/site\/wp-json\/wp\/v2\/tags?post=16683"}],"curies":[{"name":"wp","href":"https:\/\/api.w.org\/{rel}","templated":true}]}}