{"id":167000,"date":"2025-04-07T16:17:20","date_gmt":"2025-04-07T19:17:20","guid":{"rendered":"https:\/\/lavras.tv\/site\/?p=167000"},"modified":"2025-04-07T16:17:21","modified_gmt":"2025-04-07T19:17:21","slug":"zema-se-arrisca-ao-tentar-ser-2a-opcao-de-bolsonaro","status":"publish","type":"post","link":"https:\/\/lavras.tv\/site\/2025\/04\/07\/zema-se-arrisca-ao-tentar-ser-2a-opcao-de-bolsonaro\/","title":{"rendered":"Zema se arrisca ao tentar ser 2\u00aa op\u00e7\u00e3o de Bolsonaro"},"content":{"rendered":"<div class=\"lavra-antes-do-conteudo_2\" id=\"lavra-3419262829\"><div id=\"lavra-slider-27\" class=\"custom-slider lavra-slider-2568194805 lavra-slider\"><ul><li><div style=\"margin-left: auto;margin-right: auto;text-align: center;\" id=\"lavra-3077655882\"><a href=\"https:\/\/sistemas.lavras.mg.gov.br\/portalcidadao\/#df1b1a7c7b2a290bcb31e32771e610784662739a88807c0dacac58ede5f391a7530e299dc302d611ee73cb143fc22eaf93592e53e7b5bdb01b00a0b8d28dae460c141dd2ff83412e4dc1c31b16b25f33144a9e5620ea73b13f5bc1c59411d98439ad226e8af03840603796067d87afe130812cf3de24982d0e306f9e61e764e5\" aria-label=\"Lavras-TV&#8211;720x104px (1) (1)\"><img src=\"https:\/\/lavras.tv\/site\/wp-content\/uploads\/2025\/01\/Lavras-TV-720x104px-1-1.png\" alt=\"\"  srcset=\"https:\/\/lavras.tv\/site\/wp-content\/uploads\/2025\/01\/Lavras-TV-720x104px-1-1.png 720w, https:\/\/lavras.tv\/site\/wp-content\/uploads\/2025\/01\/Lavras-TV-720x104px-1-1-470x68.png 470w, https:\/\/lavras.tv\/site\/wp-content\/uploads\/2025\/01\/Lavras-TV-720x104px-1-1-170x25.png 170w, https:\/\/lavras.tv\/site\/wp-content\/uploads\/2025\/01\/Lavras-TV-720x104px-1-1-200x29.png 200w\" sizes=\"(max-width: 720px) 100vw, 720px\" width=\"720\" height=\"104\"  style=\"display: inline-block;\" \/><\/a><\/div><\/li><li><a href=\"https:\/\/sistemas.lavras.mg.gov.br\/portalcidadao\/#df1b1a7c7b2a290bcb31e32771e610784662739a88807c0dacac58ede5f391a7530e299dc302d611ee73cb143fc22eaf93592e53e7b5bdb01b00a0b8d28dae460c141dd2ff83412e4dc1c31b16b25f33144a9e5620ea73b13f5bc1c59411d98439ad226e8af03840603796067d87afe130812cf3de24982d0e306f9e61e764e5\" aria-label=\"Banner_Emprego_PortallavrasTV\"><img src=\"https:\/\/lavras.tv\/site\/wp-content\/uploads\/2025\/03\/Banner_Emprego_PortallavrasTV.png\" alt=\"\"  srcset=\"https:\/\/lavras.tv\/site\/wp-content\/uploads\/2025\/03\/Banner_Emprego_PortallavrasTV.png 720w, https:\/\/lavras.tv\/site\/wp-content\/uploads\/2025\/03\/Banner_Emprego_PortallavrasTV-470x68.png 470w, https:\/\/lavras.tv\/site\/wp-content\/uploads\/2025\/03\/Banner_Emprego_PortallavrasTV-170x25.png 170w, https:\/\/lavras.tv\/site\/wp-content\/uploads\/2025\/03\/Banner_Emprego_PortallavrasTV-200x29.png 200w\" sizes=\"(max-width: 720px) 100vw, 720px\" width=\"720\" height=\"104\"   \/><\/a><\/li><li><a href=\"https:\/\/sistemas.lavras.mg.gov.br\/portalcidadao\/#df1b1a7c7b2a290bcb31e32771e610784662739a88807c0dacac58ede5f391a7530e299dc302d611ee73cb143fc22eaf93592e53e7b5bdb01b00a0b8d28dae460c141dd2ff83412e4dc1c31b16b25f33144a9e5620ea73b13f5bc1c59411d98439ad226e8af03840603796067d87afe130812cf3de24982d0e306f9e61e764e5\" aria-label=\"Banner_Obras_PortallavrasTV\"><img src=\"https:\/\/lavras.tv\/site\/wp-content\/uploads\/2025\/03\/Banner_Obras_PortallavrasTV.png\" alt=\"\"  srcset=\"https:\/\/lavras.tv\/site\/wp-content\/uploads\/2025\/03\/Banner_Obras_PortallavrasTV.png 720w, https:\/\/lavras.tv\/site\/wp-content\/uploads\/2025\/03\/Banner_Obras_PortallavrasTV-470x68.png 470w, https:\/\/lavras.tv\/site\/wp-content\/uploads\/2025\/03\/Banner_Obras_PortallavrasTV-170x25.png 170w, https:\/\/lavras.tv\/site\/wp-content\/uploads\/2025\/03\/Banner_Obras_PortallavrasTV-200x29.png 200w\" sizes=\"(max-width: 720px) 100vw, 720px\" width=\"720\" height=\"104\"   \/><\/a><\/li><li><div style=\"margin-left: auto;margin-right: auto;text-align: center;\" id=\"lavra-3031648894\"><a href=\"https:\/\/sistemas.lavras.mg.gov.br\/portalcidadao\/#df1b1a7c7b2a290bcb31e32771e610784662739a88807c0dacac58ede5f391a7530e299dc302d611ee73cb143fc22eaf93592e53e7b5bdb01b00a0b8d28dae460c141dd2ff83412e4dc1c31b16b25f33144a9e5620ea73b13f5bc1c59411d98439ad226e8af03840603796067d87afe130812cf3de24982d0e306f9e61e764e5\" aria-label=\"Banner_Educa\u00e7\u00e3o_PortallavrasTV\"><img src=\"https:\/\/lavras.tv\/site\/wp-content\/uploads\/2025\/01\/Banner_Educacao_PortallavrasTV.png\" alt=\"\"  srcset=\"https:\/\/lavras.tv\/site\/wp-content\/uploads\/2025\/01\/Banner_Educacao_PortallavrasTV.png 720w, https:\/\/lavras.tv\/site\/wp-content\/uploads\/2025\/01\/Banner_Educacao_PortallavrasTV-470x68.png 470w, https:\/\/lavras.tv\/site\/wp-content\/uploads\/2025\/01\/Banner_Educacao_PortallavrasTV-170x25.png 170w, https:\/\/lavras.tv\/site\/wp-content\/uploads\/2025\/01\/Banner_Educacao_PortallavrasTV-200x29.png 200w\" sizes=\"(max-width: 720px) 100vw, 720px\" width=\"720\" height=\"104\"  style=\"display: inline-block;\" \/><\/a><\/div><\/li><li><a href=\"https:\/\/sistemas.lavras.mg.gov.br\/portalcidadao\/#df1b1a7c7b2a290bcb31e32771e610784662739a88807c0dacac58ede5f391a7530e299dc302d611ee73cb143fc22eaf93592e53e7b5bdb01b00a0b8d28dae460c141dd2ff83412e4dc1c31b16b25f33144a9e5620ea73b13f5bc1c59411d98439ad226e8af03840603796067d87afe130812cf3de24982d0e306f9e61e764e5\" aria-label=\"Banner_Sa\u00fade_PortallavrasTV\"><img src=\"https:\/\/lavras.tv\/site\/wp-content\/uploads\/2025\/03\/Banner_Saude_PortallavrasTV.png\" alt=\"\"  srcset=\"https:\/\/lavras.tv\/site\/wp-content\/uploads\/2025\/03\/Banner_Saude_PortallavrasTV.png 720w, https:\/\/lavras.tv\/site\/wp-content\/uploads\/2025\/03\/Banner_Saude_PortallavrasTV-470x68.png 470w, https:\/\/lavras.tv\/site\/wp-content\/uploads\/2025\/03\/Banner_Saude_PortallavrasTV-170x25.png 170w, https:\/\/lavras.tv\/site\/wp-content\/uploads\/2025\/03\/Banner_Saude_PortallavrasTV-200x29.png 200w\" sizes=\"(max-width: 720px) 100vw, 720px\" width=\"720\" height=\"104\"   \/><\/a><\/li><li><div id=\"lavra-644666633\" style=\"width:720px;height:104px;background-color:#ddd;overflow:scroll;\">\n\t<strong>Sa\u00edda da depura\u00e7\u00e3o de an\u00fancios<\/strong>\n\t<br><br>\n\tO an\u00fancio n\u00e3o \u00e9 exibido na p\u00e1gina<br><br>post atual: Zema se arrisca ao tentar ser 2\u00aa op\u00e7\u00e3o de Bolsonaro, ID: 167000<br><br><span style=\"color: red;\">O post atual n\u00e3o \u00e9 id\u00eantico ao post principal.<\/span><br><br>An\u00fancios: ROXO - TOPO INTERNA - ROTATIVO 2 (197)<br \/>Grupo de an\u00fancios: Princ_Meio01_720x104 (27)<br><br>Condi\u00e7\u00f5es de exibi\u00e7\u00e3o<div style=\"margin-bottom: 20px; white-space: pre-wrap; font-family: monospace; width: 100%; background: #ffe9e9;\"><strong>condi\u00e7\u00f5es gerais<\/strong><table border=\"1\"><thead><tr><th><\/th><th>An\u00fancios<\/th><th>wp_the_query<\/th><\/tr><\/thead><tr><td>is_main_query<\/td><td>1<\/td><td>1<\/td><\/tr><tr><td>is_rest_api<\/td><td>0<\/td><td>1<\/td><\/tr><tr><td>page<\/td><td>0<\/td><td>1<\/td><\/tr><tr><td>numpages<\/td><td>0<\/td><td>1<\/td><\/tr><tr><td>is_archive<\/td><td>1<\/td><td><\/td><\/tr><tr><td>is_search<\/td><td>1<\/td><td><\/td><\/tr><tr><td>is_home<\/td><td>1<\/td><td><\/td><\/tr><tr><td>is_404<\/td><td>1<\/td><td><\/td><\/tr><tr><td>is_attachment<\/td><td>1<\/td><td><\/td><\/tr><tr><td>is_singular<\/td><td>1<\/td><td><\/td><\/tr><tr><td>is_front_page<\/td><td>1<\/td><td><\/td><\/tr><tr><td>is_feed<\/td><td>1<\/td><td><\/td><\/tr><\/table><\/div><br><br><span style=\"color: red;\">Seu site usa HTTPS, mas o c\u00f3digo do an\u00fancio cont\u00e9m HTTP e pode n\u00e3o funcionar.<\/span>\t<br><br>\n\t<a style=\"color: green;\" href=\"https:\/\/wpadvancedads.com\/manual\/ad-debug-mode\/?utm_source=advanced-ads&utm_medium=link&utm_campaign=ad-debug-mode\" target=\"_blank\" rel=\"nofollow\">Encontre solu\u00e7\u00f5es no manual<\/a>\n<\/div>\n<\/li><\/ul><\/div><script>( window.advanced_ads_ready || jQuery( document ).ready ).call( null, function() {var $lavraslider2568194805 = jQuery( \".lavra-slider-2568194805\" );$lavraslider2568194805.on( \"unslider.ready\", function() { jQuery( \"div.custom-slider ul li\" ).css( \"display\", \"block\" ); });$lavraslider2568194805.unslider({ delay:4000, autoplay:true, nav:false, arrows:false, infinite:true });$lavraslider2568194805.on(\"mouseover\", function() {$lavraslider2568194805.unslider(\"stop\");}).on(\"mouseout\", function() {$lavraslider2568194805.unslider(\"start\");});});<\/script><\/div>\n<p>&#8220;Com isso, vai desperdi\u00e7ando o patrim\u00f4nio pol\u00edtico que uma boa gest\u00e3o no governo de Minas poderia lhe trazer&#8221;<\/p>\n\n\n\n<figure class=\"wp-block-image size-large\"><img fetchpriority=\"high\" decoding=\"async\" width=\"970\" height=\"581\" src=\"https:\/\/lavras.tv\/site\/wp-content\/uploads\/2025\/04\/1_bolsonaro_zema-49252994-970x581.jpg\" alt=\"\" class=\"wp-image-167001\" srcset=\"https:\/\/lavras.tv\/site\/wp-content\/uploads\/2025\/04\/1_bolsonaro_zema-49252994-970x581.jpg 970w, https:\/\/lavras.tv\/site\/wp-content\/uploads\/2025\/04\/1_bolsonaro_zema-49252994-470x282.jpg 470w, https:\/\/lavras.tv\/site\/wp-content\/uploads\/2025\/04\/1_bolsonaro_zema-49252994-170x102.jpg 170w, https:\/\/lavras.tv\/site\/wp-content\/uploads\/2025\/04\/1_bolsonaro_zema-49252994-200x120.jpg 200w, https:\/\/lavras.tv\/site\/wp-content\/uploads\/2025\/04\/1_bolsonaro_zema-49252994.jpg 1200w\" sizes=\"(max-width: 970px) 100vw, 970px\" \/><\/figure>\n\n\n\n<p>Por influ\u00eancia de novo marqueteiro, o<a href=\"https:\/\/www.em.com.br\/politica\/2025\/04\/7103012-zema-volta-a-fazer-acenos-a-bolsonaro-com-presenca-em-ato-na-paulista.html\" target=\"_blank\" rel=\"noreferrer noopener\">\u00a0governador Zema (Novo)<\/a>\u00a0desperdi\u00e7a eventuais chances ao deixar de construir um capital pol\u00edtico para se aventurar no mundo bolsonarista. Depois de marcar posi\u00e7\u00e3o como o \u2018maior antipetista do mundo\u2019, Zema agora quer conquistar a confian\u00e7a de Bolsonaro e ser o n\u00famero dois dele na disputa presidencial. At\u00e9 o momento, o n\u00famero 1 \u00e9 o governador paulista, Tarc\u00edsio Freitas (Republicanos), por ser bolsonarista com maiores chances de vencer Lula em 2026 e, se eleito (e se for o caso), tirar Bolsonaro da cadeia.<\/p>\n\n\n\n<p>Ainda assim, o que faz Zema? Atropela regras eleitorais para exibir v\u00eddeo eleitoreiro no qual defende pautas bolsonaristas atuais, entre elas a anistia, dando-lhe at\u00e9 sentido evang\u00e9lico. A iniciativa \u00e9 oportunismo pol\u00edtico de ocasi\u00e3o, apesar de a maioria da popula\u00e7\u00e3o ser contra a anistia (54%, de acordo com a Quaest).<\/p>\n\n\n\n<p>Tanto \u00e9 que Zema nunca fez cr\u00edticas, por exemplo, aos excessos e punitivismo da Lava Jato que o seu marqueteiro conheceu bem. Tamb\u00e9m n\u00e3o se preocupa com os presos provis\u00f3rios, quase a metade do sistema prisional, que ficam detidos mesmo sem julgamento. N\u00e3o fez nenhum projeto de lei nesse sentido, e a \u00faltima a\u00e7\u00e3o com esse objetivo, feita em grande conv\u00eanio com o sistema de Justi\u00e7a, ainda n\u00e3o chegou l\u00e1. Afinal, quem vai ligar para os presos?<\/p>\n\n\n\n<p>Voltando ao bolsonarismo, Zema participou, ontem, de ato na Paulista para defender o ex-presidente. Acredita na for\u00e7a do bolsonarismo, de 30% do eleitorado. Com isso, vai desperdi\u00e7ando o patrim\u00f4nio pol\u00edtico que uma boa gest\u00e3o no governo de Minas poderia lhe trazer. S\u00f3 para lembrar, o \u00faltimo governador mineiro (A\u00e9cio Neves) que virou candidato presidencial, ganhou protagonismo no plano nacional porque buscou alcan\u00e7ar antes os 70% de aprova\u00e7\u00e3o no estado.<\/p>\n\n\n\n<p>Zema acha que esgotou sua miss\u00e3o por aqui e larga a gest\u00e3o com o vice, Mateus Sim\u00f5es (Novo), entendendo ser estrat\u00e9gia acertada para a elei\u00e7\u00e3o dele. Sim\u00f5es, para governador, e Marcelo Aro (secret\u00e1rio de Governo), a senador, s\u00f3 ter\u00e3o sucesso se Zema estiver bem no estado.<\/p>\n\n\n\n<h2 class=\"wp-block-heading\">Esfor\u00e7o do marketing<\/h2>\n\n\n\n<p>Contratado para cuidar das pr\u00e9-candidaturas de Zema, Sim\u00f5es e Marcelo Aro, o marqueteiro Renato Pereira ganhou refor\u00e7o. Sim\u00f5es contratou o marqueteiro Alberto Lage sob a cren\u00e7a de que uma coisa \u00e9 uma coisa e que a outra n\u00e3o \u00e9 a mesma. A palavra final dever\u00e1 ser de Pereira. Pode ser que, agora, o marqueteiro esteja buscando a identidade do governador com o bolsonarismo por entender que os indicadores da gest\u00e3o dele n\u00e3o lhe dariam argumento nacional.<\/p>\n\n\n\n<h2 class=\"wp-block-heading\">Dever de casa<\/h2>\n\n\n\n<p>Governador por duas vezes, o deputado federal A\u00e9cio Neves (PSDB) incentiva aliados a defenderem sua volta ao Governo de Minas. Paralelamente a isso, atuam pela recupera\u00e7\u00e3o de sua imagem e lideran\u00e7a, desconstru\u00edda por den\u00fancias pesadas, e de seu partido, o PSDB. Antes de quaisquer movimenta\u00e7\u00f5es, a primeira iniciativa seria fazer o dever de casa, qual seja, voltar para a casa. Onde ele mora? Em Bras\u00edlia, Rio ou Santa Catarina? Em Minas, \u00e9 sabido que n\u00e3o \u00e9, apesar de ter endere\u00e7os em BH, S\u00e3o Jo\u00e3o del Rey (Vertentes) e Cl\u00e1udio (Oeste).<\/p>\n\n\n\n<h2 class=\"wp-block-heading\">Gesto de confian\u00e7a<\/h2>\n\n\n\n<p>Com apenas uma semana empossado plenamente no cargo, o que faz o prefeito de BH, \u00c1lvaro Dami\u00e3o (Uni\u00e3o)? Vai para o exterior e deixa em seu lugar o sucessor imediato, o presidente da C\u00e2mara de BH, o vereador Juliano Lopes (Podemos). Esse n\u00e3o \u00e9 um aliado, \u00e9 bom que se diga, mas tamb\u00e9m n\u00e3o \u00e9 um inimigo. Diz que est\u00e1 com boa vontade, mas a pol\u00edtica \u00e9 din\u00e2mica e a vaidade \u00e9 trai\u00e7oeira.&nbsp;<a href=\"https:\/\/www.em.com.br\/politica\/2025\/04\/7101064-damiao-viajara-ao-peru-e-juliano-lopes-assumira-a-pbh-na-proxima-semana.html\" target=\"_blank\" rel=\"noreferrer noopener\">Dami\u00e3o viaja para a capital peruana<\/a>&nbsp;e, com essa agenda, faz gesto de confian\u00e7a na recupera\u00e7\u00e3o da boa rela\u00e7\u00e3o com Juliano e a C\u00e2mara, onde o ambiente pol\u00edtico n\u00e3o lhe \u00e9 favor\u00e1vel. O que Juliano ir\u00e1 fazer, Dami\u00e3o n\u00e3o sabe, talvez, n\u00e3o fa\u00e7a nada. Ele n\u00e3o pode esquecer a li\u00e7\u00e3o de Fuad Noman, que nunca viajou porque n\u00e3o confiava no sucessor imediato, Gabriel Azevedo (ent\u00e3o presidente da C\u00e2mara).<\/p>\n\n\n\n<h2 class=\"wp-block-heading\">Testes pol\u00edticos para Aro<\/h2>\n\n\n\n<p>Apontado como um dos derrotados na elei\u00e7\u00e3o da Associa\u00e7\u00e3o de Munic\u00edpios Mineiros (AMM), o secret\u00e1rio de Governo, Marcelo Aro (PP), contesta a narrativa e a de que esse tenha sido o 1\u00ba teste pol\u00edtico no cargo. Diz que n\u00e3o entrou na campanha de um ou de outro porque tanto Marcos Vinicius, atual presidente da entidade, e Lu\u00eds Eduardo Falc\u00e3o, prefeito de Patos de Minas (Alto Parana\u00edba), seriam aliados. Falc\u00e3o venceu por mais de 70 votos. Ainda assim, Aro ter\u00e1 que lidar com a vers\u00e3o do meio pol\u00edtico. Teste pra valer, o secret\u00e1rio ter\u00e1 nesta semana, se a oposi\u00e7\u00e3o permitir, na vota\u00e7\u00e3o de 5 dos 6 vetos do governador, j\u00e1 que o governo desistiu de um (sobre a cria\u00e7\u00e3o de c\u00e3es e gatos de ra\u00e7a).<\/p>\n\n\n\n<h2 class=\"wp-block-heading\">Sem reelei\u00e7\u00e3o na AMM<\/h2>\n\n\n\n<p>Falc\u00e3o tomar\u00e1 posse na Associa\u00e7\u00e3o em 7 de maio e, em seu primeiro ato, dever\u00e1 cumprir uma das promessas de campanha. Ou seja, retirar do regimento interno o direito de ex-prefeito ser candidato a presidente da entidade. Esse foi um de seus lemas de sua campanha contra o concorrente, Marcos Vinicius, atual presidente, que disputou a reelei\u00e7\u00e3o na condi\u00e7\u00e3o de ex-prefeito (Coronel Fabriciano, no Leste). Sendo assim, o futuro presidente da AMM encerrar\u00e1 seu mandato em 2027, e sem direito \u00e0 reelei\u00e7\u00e3o, j\u00e1 que ter\u00e1 cumprido o 2\u00ba mandato de prefeito.<\/p>\n","protected":false},"excerpt":{"rendered":"<p>&#8220;Com isso, vai desperdi\u00e7ando o patrim\u00f4nio pol\u00edtico que uma boa gest\u00e3o no governo de Minas poderia lhe trazer&#8221; Por influ\u00eancia de novo marqueteiro, o\u00a0governador Zema (Novo)\u00a0desperdi\u00e7a eventuais chances ao deixar de construir um capital pol\u00edtico para se aventurar no mundo bolsonarista. Depois de marcar posi\u00e7\u00e3o como o \u2018maior antipetista do mundo\u2019, Zema agora quer conquistar [&hellip;]<\/p>\n","protected":false},"author":5,"featured_media":167001,"comment_status":"closed","ping_status":"open","sticky":false,"template":"","format":"standard","meta":{"advgb_blocks_editor_width":"","advgb_blocks_columns_visual_guide":"","_exactmetrics_skip_tracking":false,"_exactmetrics_sitenote_active":false,"_exactmetrics_sitenote_note":"","_exactmetrics_sitenote_category":0,"footnotes":""},"categories":[7,2,12],"tags":[],"class_list":["post-167000","post","type-post","status-publish","format-standard","has-post-thumbnail","hentry","category-destaques","category-noticias","category-politica"],"better_featured_image":{"id":167001,"alt_text":"","caption":"","description":"","media_type":"image","media_details":{"width":1200,"height":719,"file":"2025\/04\/1_bolsonaro_zema-49252994.jpg","filesize":119149,"sizes":{"medium":{"file":"1_bolsonaro_zema-49252994-470x282.jpg","width":470,"height":282,"mime-type":"image\/jpeg","filesize":21339,"source_url":"https:\/\/lavras.tv\/site\/wp-content\/uploads\/2025\/04\/1_bolsonaro_zema-49252994-470x282.jpg"},"large":{"file":"1_bolsonaro_zema-49252994-970x581.jpg","width":970,"height":581,"mime-type":"image\/jpeg","filesize":59558,"source_url":"https:\/\/lavras.tv\/site\/wp-content\/uploads\/2025\/04\/1_bolsonaro_zema-49252994-970x581.jpg"},"thumbnail":{"file":"1_bolsonaro_zema-49252994-170x102.jpg","width":170,"height":102,"mime-type":"image\/jpeg","filesize":4909,"source_url":"https:\/\/lavras.tv\/site\/wp-content\/uploads\/2025\/04\/1_bolsonaro_zema-49252994-170x102.jpg"},"lshowcase-thumb":{"file":"1_bolsonaro_zema-49252994-200x120.jpg","width":200,"height":120,"mime-type":"image\/jpeg","filesize":6075,"source_url":"https:\/\/lavras.tv\/site\/wp-content\/uploads\/2025\/04\/1_bolsonaro_zema-49252994-200x120.jpg"},"alm-thumbnail":{"file":"1_bolsonaro_zema-49252994-150x150.jpg","width":150,"height":150,"mime-type":"image\/jpeg","filesize":5563,"source_url":"https:\/\/lavras.tv\/site\/wp-content\/uploads\/2025\/04\/1_bolsonaro_zema-49252994-150x150.jpg"}},"image_meta":{"aperture":"0","credit":"","camera":"","caption":"","created_timestamp":"0","copyright":"","focal_length":"0","iso":"0","shutter_speed":"0","title":"","orientation":"0","keywords":[]}},"post":167000,"source_url":"https:\/\/lavras.tv\/site\/wp-content\/uploads\/2025\/04\/1_bolsonaro_zema-49252994.jpg"},"author_meta":{"display_name":"Vinicius Bustamante","author_link":"https:\/\/lavras.tv\/site\/author\/vinicius-bustamante\/"},"featured_img":"https:\/\/lavras.tv\/site\/wp-content\/uploads\/2025\/04\/1_bolsonaro_zema-49252994-470x282.jpg","coauthors":[],"tax_additional":{"categories":{"linked":["<a href=\"https:\/\/lavras.tv\/site\/category\/destaques\/\" class=\"advgb-post-tax-term\">Destaques<\/a>","<a href=\"https:\/\/lavras.tv\/site\/category\/noticias\/\" class=\"advgb-post-tax-term\">Not\u00edcias<\/a>","<a href=\"https:\/\/lavras.tv\/site\/category\/politica\/\" class=\"advgb-post-tax-term\">Pol\u00edtica<\/a>"],"unlinked":["<span class=\"advgb-post-tax-term\">Destaques<\/span>","<span class=\"advgb-post-tax-term\">Not\u00edcias<\/span>","<span class=\"advgb-post-tax-term\">Pol\u00edtica<\/span>"]}},"comment_count":"0","relative_dates":{"created":"Publicado 1 ano atr\u00e1s","modified":"Atualizado 1 ano atr\u00e1s"},"absolute_dates":{"created":"Publicado em 7 de abril de 2025","modified":"Atualizado em 7 de abril de 2025"},"absolute_dates_time":{"created":"Publicado em 7 de abril de 2025 16:17","modified":"Atualizado em 7 de abril de 2025 16:17"},"featured_img_caption":"","series_order":"","_links":{"self":[{"href":"https:\/\/lavras.tv\/site\/wp-json\/wp\/v2\/posts\/167000","targetHints":{"allow":["GET"]}}],"collection":[{"href":"https:\/\/lavras.tv\/site\/wp-json\/wp\/v2\/posts"}],"about":[{"href":"https:\/\/lavras.tv\/site\/wp-json\/wp\/v2\/types\/post"}],"author":[{"embeddable":true,"href":"https:\/\/lavras.tv\/site\/wp-json\/wp\/v2\/users\/5"}],"replies":[{"embeddable":true,"href":"https:\/\/lavras.tv\/site\/wp-json\/wp\/v2\/comments?post=167000"}],"version-history":[{"count":1,"href":"https:\/\/lavras.tv\/site\/wp-json\/wp\/v2\/posts\/167000\/revisions"}],"predecessor-version":[{"id":167002,"href":"https:\/\/lavras.tv\/site\/wp-json\/wp\/v2\/posts\/167000\/revisions\/167002"}],"wp:featuredmedia":[{"embeddable":true,"href":"https:\/\/lavras.tv\/site\/wp-json\/wp\/v2\/media\/167001"}],"wp:attachment":[{"href":"https:\/\/lavras.tv\/site\/wp-json\/wp\/v2\/media?parent=167000"}],"wp:term":[{"taxonomy":"category","embeddable":true,"href":"https:\/\/lavras.tv\/site\/wp-json\/wp\/v2\/categories?post=167000"},{"taxonomy":"post_tag","embeddable":true,"href":"https:\/\/lavras.tv\/site\/wp-json\/wp\/v2\/tags?post=167000"}],"curies":[{"name":"wp","href":"https:\/\/api.w.org\/{rel}","templated":true}]}}