{"id":167003,"date":"2025-04-07T16:24:25","date_gmt":"2025-04-07T19:24:25","guid":{"rendered":"https:\/\/lavras.tv\/site\/?p=167003"},"modified":"2025-04-07T16:24:26","modified_gmt":"2025-04-07T19:24:26","slug":"lula-volta-neste-segunda-7-a-minas-para-terceira-visita-em-um-mes","status":"publish","type":"post","link":"https:\/\/lavras.tv\/site\/2025\/04\/07\/lula-volta-neste-segunda-7-a-minas-para-terceira-visita-em-um-mes\/","title":{"rendered":"Lula volta neste segunda (7) a Minas para terceira visita em um m\u00eas"},"content":{"rendered":"<div class=\"lavra-antes-do-conteudo_2\" id=\"lavra-1517776896\"><div id=\"lavra-slider-27\" class=\"custom-slider lavra-slider-1145865035 lavra-slider\"><ul><li><div style=\"margin-left: auto;margin-right: auto;text-align: center;\" id=\"lavra-2374486736\"><a href=\"https:\/\/sistemas.lavras.mg.gov.br\/portalcidadao\/#df1b1a7c7b2a290bcb31e32771e610784662739a88807c0dacac58ede5f391a7530e299dc302d611ee73cb143fc22eaf93592e53e7b5bdb01b00a0b8d28dae460c141dd2ff83412e4dc1c31b16b25f33144a9e5620ea73b13f5bc1c59411d98439ad226e8af03840603796067d87afe130812cf3de24982d0e306f9e61e764e5\" aria-label=\"Lavras-TV&#8211;720x104px (1) (1)\"><img src=\"https:\/\/lavras.tv\/site\/wp-content\/uploads\/2025\/01\/Lavras-TV-720x104px-1-1.png\" alt=\"\"  srcset=\"https:\/\/lavras.tv\/site\/wp-content\/uploads\/2025\/01\/Lavras-TV-720x104px-1-1.png 720w, https:\/\/lavras.tv\/site\/wp-content\/uploads\/2025\/01\/Lavras-TV-720x104px-1-1-470x68.png 470w, https:\/\/lavras.tv\/site\/wp-content\/uploads\/2025\/01\/Lavras-TV-720x104px-1-1-170x25.png 170w, https:\/\/lavras.tv\/site\/wp-content\/uploads\/2025\/01\/Lavras-TV-720x104px-1-1-200x29.png 200w\" sizes=\"(max-width: 720px) 100vw, 720px\" width=\"720\" height=\"104\"  style=\"display: inline-block;\" \/><\/a><\/div><\/li><li><a href=\"https:\/\/sistemas.lavras.mg.gov.br\/portalcidadao\/#df1b1a7c7b2a290bcb31e32771e610784662739a88807c0dacac58ede5f391a7530e299dc302d611ee73cb143fc22eaf93592e53e7b5bdb01b00a0b8d28dae460c141dd2ff83412e4dc1c31b16b25f33144a9e5620ea73b13f5bc1c59411d98439ad226e8af03840603796067d87afe130812cf3de24982d0e306f9e61e764e5\" aria-label=\"Banner_Emprego_PortallavrasTV\"><img src=\"https:\/\/lavras.tv\/site\/wp-content\/uploads\/2025\/03\/Banner_Emprego_PortallavrasTV.png\" alt=\"\"  srcset=\"https:\/\/lavras.tv\/site\/wp-content\/uploads\/2025\/03\/Banner_Emprego_PortallavrasTV.png 720w, https:\/\/lavras.tv\/site\/wp-content\/uploads\/2025\/03\/Banner_Emprego_PortallavrasTV-470x68.png 470w, https:\/\/lavras.tv\/site\/wp-content\/uploads\/2025\/03\/Banner_Emprego_PortallavrasTV-170x25.png 170w, https:\/\/lavras.tv\/site\/wp-content\/uploads\/2025\/03\/Banner_Emprego_PortallavrasTV-200x29.png 200w\" sizes=\"(max-width: 720px) 100vw, 720px\" width=\"720\" height=\"104\"   \/><\/a><\/li><li><a href=\"https:\/\/sistemas.lavras.mg.gov.br\/portalcidadao\/#df1b1a7c7b2a290bcb31e32771e610784662739a88807c0dacac58ede5f391a7530e299dc302d611ee73cb143fc22eaf93592e53e7b5bdb01b00a0b8d28dae460c141dd2ff83412e4dc1c31b16b25f33144a9e5620ea73b13f5bc1c59411d98439ad226e8af03840603796067d87afe130812cf3de24982d0e306f9e61e764e5\" aria-label=\"Banner_Obras_PortallavrasTV\"><img src=\"https:\/\/lavras.tv\/site\/wp-content\/uploads\/2025\/03\/Banner_Obras_PortallavrasTV.png\" alt=\"\"  srcset=\"https:\/\/lavras.tv\/site\/wp-content\/uploads\/2025\/03\/Banner_Obras_PortallavrasTV.png 720w, https:\/\/lavras.tv\/site\/wp-content\/uploads\/2025\/03\/Banner_Obras_PortallavrasTV-470x68.png 470w, https:\/\/lavras.tv\/site\/wp-content\/uploads\/2025\/03\/Banner_Obras_PortallavrasTV-170x25.png 170w, https:\/\/lavras.tv\/site\/wp-content\/uploads\/2025\/03\/Banner_Obras_PortallavrasTV-200x29.png 200w\" sizes=\"(max-width: 720px) 100vw, 720px\" width=\"720\" height=\"104\"   \/><\/a><\/li><li><div style=\"margin-left: auto;margin-right: auto;text-align: center;\" id=\"lavra-1118450214\"><a href=\"https:\/\/sistemas.lavras.mg.gov.br\/portalcidadao\/#df1b1a7c7b2a290bcb31e32771e610784662739a88807c0dacac58ede5f391a7530e299dc302d611ee73cb143fc22eaf93592e53e7b5bdb01b00a0b8d28dae460c141dd2ff83412e4dc1c31b16b25f33144a9e5620ea73b13f5bc1c59411d98439ad226e8af03840603796067d87afe130812cf3de24982d0e306f9e61e764e5\" aria-label=\"Banner_Educa\u00e7\u00e3o_PortallavrasTV\"><img src=\"https:\/\/lavras.tv\/site\/wp-content\/uploads\/2025\/01\/Banner_Educacao_PortallavrasTV.png\" alt=\"\"  srcset=\"https:\/\/lavras.tv\/site\/wp-content\/uploads\/2025\/01\/Banner_Educacao_PortallavrasTV.png 720w, https:\/\/lavras.tv\/site\/wp-content\/uploads\/2025\/01\/Banner_Educacao_PortallavrasTV-470x68.png 470w, https:\/\/lavras.tv\/site\/wp-content\/uploads\/2025\/01\/Banner_Educacao_PortallavrasTV-170x25.png 170w, https:\/\/lavras.tv\/site\/wp-content\/uploads\/2025\/01\/Banner_Educacao_PortallavrasTV-200x29.png 200w\" sizes=\"(max-width: 720px) 100vw, 720px\" width=\"720\" height=\"104\"  style=\"display: inline-block;\" \/><\/a><\/div><\/li><li><a href=\"https:\/\/sistemas.lavras.mg.gov.br\/portalcidadao\/#df1b1a7c7b2a290bcb31e32771e610784662739a88807c0dacac58ede5f391a7530e299dc302d611ee73cb143fc22eaf93592e53e7b5bdb01b00a0b8d28dae460c141dd2ff83412e4dc1c31b16b25f33144a9e5620ea73b13f5bc1c59411d98439ad226e8af03840603796067d87afe130812cf3de24982d0e306f9e61e764e5\" aria-label=\"Banner_Sa\u00fade_PortallavrasTV\"><img src=\"https:\/\/lavras.tv\/site\/wp-content\/uploads\/2025\/03\/Banner_Saude_PortallavrasTV.png\" alt=\"\"  srcset=\"https:\/\/lavras.tv\/site\/wp-content\/uploads\/2025\/03\/Banner_Saude_PortallavrasTV.png 720w, https:\/\/lavras.tv\/site\/wp-content\/uploads\/2025\/03\/Banner_Saude_PortallavrasTV-470x68.png 470w, https:\/\/lavras.tv\/site\/wp-content\/uploads\/2025\/03\/Banner_Saude_PortallavrasTV-170x25.png 170w, https:\/\/lavras.tv\/site\/wp-content\/uploads\/2025\/03\/Banner_Saude_PortallavrasTV-200x29.png 200w\" sizes=\"(max-width: 720px) 100vw, 720px\" width=\"720\" height=\"104\"   \/><\/a><\/li><li><div id=\"lavra-877351451\" style=\"width:720px;height:104px;background-color:#ddd;overflow:scroll;\">\n\t<strong>Sa\u00edda da depura\u00e7\u00e3o de an\u00fancios<\/strong>\n\t<br><br>\n\tO an\u00fancio n\u00e3o \u00e9 exibido na p\u00e1gina<br><br>post atual: Lula volta neste segunda (7) a Minas para terceira visita em um m\u00eas, ID: 167003<br><br><span style=\"color: red;\">O post atual n\u00e3o \u00e9 id\u00eantico ao post principal.<\/span><br><br>An\u00fancios: ROXO - TOPO INTERNA - ROTATIVO 2 (197)<br \/>Grupo de an\u00fancios: Princ_Meio01_720x104 (27)<br><br>Condi\u00e7\u00f5es de exibi\u00e7\u00e3o<div style=\"margin-bottom: 20px; white-space: pre-wrap; font-family: monospace; width: 100%; background: #ffe9e9;\"><strong>condi\u00e7\u00f5es gerais<\/strong><table border=\"1\"><thead><tr><th><\/th><th>An\u00fancios<\/th><th>wp_the_query<\/th><\/tr><\/thead><tr><td>is_main_query<\/td><td>1<\/td><td>1<\/td><\/tr><tr><td>is_rest_api<\/td><td>0<\/td><td>1<\/td><\/tr><tr><td>page<\/td><td>0<\/td><td>1<\/td><\/tr><tr><td>numpages<\/td><td>0<\/td><td>1<\/td><\/tr><tr><td>is_archive<\/td><td>1<\/td><td><\/td><\/tr><tr><td>is_search<\/td><td>1<\/td><td><\/td><\/tr><tr><td>is_home<\/td><td>1<\/td><td><\/td><\/tr><tr><td>is_404<\/td><td>1<\/td><td><\/td><\/tr><tr><td>is_attachment<\/td><td>1<\/td><td><\/td><\/tr><tr><td>is_singular<\/td><td>1<\/td><td><\/td><\/tr><tr><td>is_front_page<\/td><td>1<\/td><td><\/td><\/tr><tr><td>is_feed<\/td><td>1<\/td><td><\/td><\/tr><\/table><\/div><br><br><span style=\"color: red;\">Seu site usa HTTPS, mas o c\u00f3digo do an\u00fancio cont\u00e9m HTTP e pode n\u00e3o funcionar.<\/span>\t<br><br>\n\t<a style=\"color: green;\" href=\"https:\/\/wpadvancedads.com\/manual\/ad-debug-mode\/?utm_source=advanced-ads&utm_medium=link&utm_campaign=ad-debug-mode\" target=\"_blank\" rel=\"nofollow\">Encontre solu\u00e7\u00f5es no manual<\/a>\n<\/div>\n<\/li><\/ul><\/div><script>( window.advanced_ads_ready || jQuery( document ).ready ).call( null, function() {var $lavraslider1145865035 = jQuery( \".lavra-slider-1145865035\" );$lavraslider1145865035.on( \"unslider.ready\", function() { jQuery( \"div.custom-slider ul li\" ).css( \"display\", \"block\" ); });$lavraslider1145865035.unslider({ delay:4000, autoplay:true, nav:false, arrows:false, infinite:true });$lavraslider1145865035.on(\"mouseover\", function() {$lavraslider1145865035.unslider(\"stop\");}).on(\"mouseout\", function() {$lavraslider1145865035.unslider(\"start\");});});<\/script><\/div>\n<p>Presidente, que esteve no estado em mar\u00e7o para eventos em acampamento do MST, em montadora e em sider\u00fargica, desta vez vai a multinacional de medicamentos<\/p>\n\n\n\n<figure class=\"wp-block-image size-large\"><img fetchpriority=\"high\" decoding=\"async\" width=\"970\" height=\"581\" src=\"https:\/\/lavras.tv\/site\/wp-content\/uploads\/2025\/04\/1_lula_minas-49247953-970x581.jpg\" alt=\"\" class=\"wp-image-167004\" srcset=\"https:\/\/lavras.tv\/site\/wp-content\/uploads\/2025\/04\/1_lula_minas-49247953-970x581.jpg 970w, https:\/\/lavras.tv\/site\/wp-content\/uploads\/2025\/04\/1_lula_minas-49247953-470x282.jpg 470w, https:\/\/lavras.tv\/site\/wp-content\/uploads\/2025\/04\/1_lula_minas-49247953-170x102.jpg 170w, https:\/\/lavras.tv\/site\/wp-content\/uploads\/2025\/04\/1_lula_minas-49247953-200x120.jpg 200w, https:\/\/lavras.tv\/site\/wp-content\/uploads\/2025\/04\/1_lula_minas-49247953.jpg 1200w\" sizes=\"(max-width: 970px) 100vw, 970px\" \/><\/figure>\n\n\n\n<p>O presidente Luiz In\u00e1cio\u00a0<a href=\"https:\/\/www.em.com.br\/politica\/2025\/04\/7103189-lula-defende-indicacao-de-uma-mulher-para-cargo-de-secretario-geral-da-onu.html\"><strong>Lula<\/strong>\u00a0<\/a>da Silva (PT) retorna hoje (7\/4) a Minas Gerais em\u00a0<a href=\"https:\/\/www.em.com.br\/politica\/2025\/04\/7101184-lula-retorna-a-minas-na-proxima-segunda.html\"><strong>visita a Montes Claros<\/strong><\/a>, onde\u00a0<a href=\"https:\/\/www.em.com.br\/politica\/2025\/03\/7095814-lula-pode-fazer-mais-uma-visita-a-minas-gerais.html\"><strong>vai participar do an\u00fancio de investiment<\/strong><\/a>o da empresa farmac\u00eautica dinamarquesa Novo Nordiks na amplia\u00e7\u00e3o de sua f\u00e1brica na cidade do Norte de Minas. A cerim\u00f4nia tamb\u00e9m deve contar com a presen\u00e7a do presidente da Federa\u00e7\u00e3o das Ind\u00fastrias do Estado de Minas Gerais (Fiemg), Fl\u00e1vio Roscoe.<\/p>\n\n\n\n<p>Ser\u00e1 a terceira viagem do presidente da Rep\u00fablica ao estado num intervalo de um m\u00eas. O presidente dever\u00e1 estar acompanhado dos ministros de Minas e Energia,\u00a0<a href=\"https:\/\/www.em.com.br\/politica\/2025\/03\/7081843-silveira-diz-que-lula-gosta-de-comer-banana-sem-casca-e-descascar-abacaxi.html\"><strong>Alexandre Silveira<\/strong><\/a>; da Sa\u00fade,\u00a0<a href=\"https:\/\/www.em.com.br\/politica\/2025\/03\/7096993-padilha-diz-que-zema-deveria-focar-em-minas-nao-em-conflitos-com-lula.html\"><strong>Alexandre Padilha<\/strong><\/a>; e do presidente do Banco Nacional do Desenvolvimento Social e Econ\u00f4mico (BNDES), Aloizio Mercadante. Existe, ainda, a possibilidade da presen\u00e7a do vice-presidente\u00a0<a href=\"https:\/\/www.em.com.br\/politica\/2025\/03\/7093996-alckmin-lamenta-morte-de-fuad-noman-partiu-dedicando-se-ao-povo-de-bh.html\"><strong>Geraldo Alckmin<\/strong><\/a>, j\u00e1 que o evento \u00e9 ligado ao Minist\u00e9rio do Desenvolvimento, Ind\u00fastria, Com\u00e9rcio e Servi\u00e7os, comandado por ele.<\/p>\n\n\n\n<p>Em\u00a0<strong><a href=\"http:\/\/www.em.com.br\/politica\/2025\/03\/7078811-lula-com-mst-e-preciso-que-se-faca-justica-pela-reforma-agraria.html\" target=\"_blank\" rel=\"noreferrer noopener\">7 de mar\u00e7o, o presidente Lula<\/a><\/strong>\u00a0visitou o assentamento do Movimento dos Nacional dos Trabalhadores Sem-Terra (<a href=\"https:\/\/www.em.com.br\/politica\/2025\/03\/7098166-em-tom-de-critica-ao-mst-zema-dispara-abril-vermelho-aqui-nao.html\"><strong>MST<\/strong><\/a>) no munic\u00edpio de Campo do Meio, no Sul de Minas, onde anunciou pacote de medidas para a implementa\u00e7\u00e3o da reforma agr\u00e1ria. Poucos depois, no dia 11, o presidente retornou ao estado para inaugura\u00e7\u00e3o de\u00a0<strong><a href=\"https:\/\/www.em.com.br\/politica\/2025\/03\/7081376-zema-e-lula-trocam-indiretas-em-evento-na-grande-bh.html\" target=\"_blank\" rel=\"noreferrer noopener\">centro de desenvolvimento da Fiat<\/a><\/strong>, em Betim, na Grande BH, e para an\u00fancio de expans\u00e3o da unidade da\u00a0<strong><a href=\"https:\/\/www.em.com.br\/politica\/2025\/03\/7081365-lula-visita-as-obras-de-expansao-da-gerdau-em-ouro-branco.html\" target=\"_blank\" rel=\"noreferrer noopener\">Gerdau em Ouro Branco<\/a><\/strong>, na Regi\u00e3o Central.<\/p>\n\n\n\n<p>Minas, segundo maior col\u00e9gio eleitoral do pa\u00eds, atr\u00e1s apenas de S\u00e3o Paulo, \u00e9 essencial para os planos do PT para as elei\u00e7\u00f5es do ano que vem. O partido n\u00e3o aponta, at\u00e9 o momento, um substituto para o presidente Lula e aposta em uma campanha de reelei\u00e7\u00e3o em 2026. At\u00e9 l\u00e1, integrantes do partido falam em reestrutura\u00e7\u00e3o e devem contar com o novo presidente nacional da legenda, que ser\u00e1 eleito este ano, para comandar as articula\u00e7\u00f5es da empreitada. Ontem (6\/4), o ex-prefeito de Araraquara (SP), Edinho Silva (PT), lan\u00e7ou sua\u00a0<strong><a href=\"https:\/\/www.em.com.br\/politica\/2025\/04\/7103403-em-meio-a-divergencias-internas-pt-fala-em-renovacao-e-lula-4-0.html\" target=\"_blank\" rel=\"noreferrer noopener\">pr\u00e9-candidatura ao cargo em Contagem<\/a><\/strong>, na Grande BH.<\/p>\n\n\n\n<p>A crise comunicacional do governo federal \u00e9 considerada \u2013 dentro e fora da legenda \u2013 um dos grandes desafios. Para o deputado federal Reginaldo Lopes (PT), o pr\u00f3ximo presidente do partido precisa \u201cconduzir as narrativas\u201d. \u201cLula j\u00e1 come\u00e7a a recuperar a sua popularidade porque ele come\u00e7a a acertar na narrativa. Para quem governa, n\u00e3o interessa fazer ru\u00eddos, n\u00e3o pode ter ru\u00eddos. \u00c9 importante um presidente que n\u00e3o erre no di\u00e1logo, que tenha uma linha de comunica\u00e7\u00e3o\u201d, destacou ontem no evento em Contagem.<\/p>\n\n\n\n<p>\u201cPT precisa, e tem obriga\u00e7\u00e3o hist\u00f3rica de reeleger o presidente Lula, e o Edinho precisa construir essa reelei\u00e7\u00e3o do presidente e, ao mesmo tempo, o mandato dele precisa ser de transi\u00e7\u00e3o. Ao fim do seu mandato, ele precisa eleger um conjunto de novos atores da pol\u00edtica para continuar a obra do partido e a obra do presidente Lula\u201d, afirmou Lopes.<\/p>\n\n\n\n<p>De acordo com fonte ligada ao governo federal, o investimento a ser anunciado pela Novo Nordisk deve superar R$ 6 bilh\u00f5es, com parte financiada pelo BNDES. No entanto, a ind\u00fastria farmac\u00eautica mant\u00e9m em sigilo a informa\u00e7\u00e3o sobre o valor, da mesma forma que n\u00e3o adiantou nada sobre alguma mudan\u00e7a na linha de produ\u00e7\u00e3o em Montes Claros, onde mant\u00e9m, at\u00e9 ent\u00e3o, a maior f\u00e1brica de insulina da Am\u00e9rica Latina. O n\u00famero de empregos que poder\u00e3o ser criados tamb\u00e9m n\u00e3o foi informado com antenced\u00eancia.<\/p>\n\n\n\n<p>A Novo Nordisk \u00e9 a fabricante do&nbsp;<a href=\"https:\/\/www.em.com.br\/saude\/2025\/02\/7059531-ozempic-reduz-desejo-por-bebidas-alcoolicas-mostra-estudo.html\"><strong>Ozempic<\/strong><\/a>, medicamento indicado para diabetes, mas que se popularizou pelo uso para emagrecer. A patente dele ser\u00e1 quebrada no Brasil em 2026.<\/p>\n\n\n\n<p>Na divulga\u00e7\u00e3o da viagem de Lula para o an\u00fancio de investimentos da Novo Nordisk, a assessoria da Presid\u00eancia da Rep\u00fablica diz que a multinacional \u201c\u00e9 importante fornecedora de insulina para o Sistema \u00danico de Sa\u00fade (SUS). Neste momento, gera 2,65 mil empregos diretos e indiretos na cidade (Montes Claros)\u201d.<\/p>\n\n\n\n<h2 class=\"wp-block-heading\">Sem encontros pol\u00edticos<\/h2>\n\n\n\n<p>A chegada do presidente da Rep\u00fablica ao aeroporto de Montes Claros est\u00e1 marcada para \u00e0s 10h. De l\u00e1, a comitiva seguir\u00e1 direto para a sede da Novo Nordisk, no Distrito Industrial de Montes Claros, onde foi montado um palco para o evento. L\u00edderes do PT tentaram aproveitar a visita de Lula para que ele participasse de um evento pol\u00edtico na cidade, a fim de anunciar a\u00e7\u00f5es do governo, al\u00e9m de se encontrar com prefeitos, vereadores, representantes de movimentos sociais e filiados ao partido no Norte de Minas, regi\u00e3o onde Lula liderou os votos em todas as elei\u00e7\u00f5es que disputou.<\/p>\n\n\n\n<p>No entanto, segundo o deputado federal Paulo Guedes (PT), que tem base no Norte de Minas, n\u00e3o foi poss\u00edvel marcar um outro encontro por causa da falta de espa\u00e7o na agenda presidencial. \u201cO cerimonial da Presid\u00eancia comunicou que o presidente Lula s\u00f3 vir\u00e1 a Montes Claros para o an\u00fancio de investimento na Novo Nordisk e, logo depois, vai embarcar para S\u00e3o Paulo, onde ter\u00e1 um compromisso \u00e0 tarde\u201d, afirmou Guedes.<\/p>\n\n\n\n<p>Por outro lado, o parlamentar do PT afirmou que mesmo com o aperto na agenda, \u00e9 poss\u00edvel que o presidente Lula aproveite a visita a Montes Claros para fazer an\u00fancios de a\u00e7\u00f5es e investimentos do governo federal em obras e amplia\u00e7\u00e3o de programas como o Minha Casa, Minha Vida e Servi\u00e7o de Atendimento M\u00f3vel de Urg\u00eancia e Emerg\u00eancia (Samu).<\/p>\n\n\n\n<p><\/p>\n","protected":false},"excerpt":{"rendered":"<p>Presidente, que esteve no estado em mar\u00e7o para eventos em acampamento do MST, em montadora e em sider\u00fargica, desta vez vai a multinacional de medicamentos O presidente Luiz In\u00e1cio\u00a0Lula\u00a0da Silva (PT) retorna hoje (7\/4) a Minas Gerais em\u00a0visita a Montes Claros, onde\u00a0vai participar do an\u00fancio de investimento da empresa farmac\u00eautica dinamarquesa Novo Nordiks na amplia\u00e7\u00e3o [&hellip;]<\/p>\n","protected":false},"author":5,"featured_media":167004,"comment_status":"closed","ping_status":"open","sticky":false,"template":"","format":"standard","meta":{"advgb_blocks_editor_width":"","advgb_blocks_columns_visual_guide":"","_exactmetrics_skip_tracking":false,"_exactmetrics_sitenote_active":false,"_exactmetrics_sitenote_note":"","_exactmetrics_sitenote_category":0,"footnotes":""},"categories":[7,2,12],"tags":[],"class_list":["post-167003","post","type-post","status-publish","format-standard","has-post-thumbnail","hentry","category-destaques","category-noticias","category-politica"],"better_featured_image":{"id":167004,"alt_text":"","caption":"","description":"","media_type":"image","media_details":{"width":1200,"height":719,"file":"2025\/04\/1_lula_minas-49247953.jpg","filesize":122631,"sizes":{"medium":{"file":"1_lula_minas-49247953-470x282.jpg","width":470,"height":282,"mime-type":"image\/jpeg","filesize":19700,"source_url":"https:\/\/lavras.tv\/site\/wp-content\/uploads\/2025\/04\/1_lula_minas-49247953-470x282.jpg"},"large":{"file":"1_lula_minas-49247953-970x581.jpg","width":970,"height":581,"mime-type":"image\/jpeg","filesize":57116,"source_url":"https:\/\/lavras.tv\/site\/wp-content\/uploads\/2025\/04\/1_lula_minas-49247953-970x581.jpg"},"thumbnail":{"file":"1_lula_minas-49247953-170x102.jpg","width":170,"height":102,"mime-type":"image\/jpeg","filesize":4891,"source_url":"https:\/\/lavras.tv\/site\/wp-content\/uploads\/2025\/04\/1_lula_minas-49247953-170x102.jpg"},"lshowcase-thumb":{"file":"1_lula_minas-49247953-200x120.jpg","width":200,"height":120,"mime-type":"image\/jpeg","filesize":5937,"source_url":"https:\/\/lavras.tv\/site\/wp-content\/uploads\/2025\/04\/1_lula_minas-49247953-200x120.jpg"},"alm-thumbnail":{"file":"1_lula_minas-49247953-150x150.jpg","width":150,"height":150,"mime-type":"image\/jpeg","filesize":5198,"source_url":"https:\/\/lavras.tv\/site\/wp-content\/uploads\/2025\/04\/1_lula_minas-49247953-150x150.jpg"}},"image_meta":{"aperture":"0","credit":"","camera":"","caption":"","created_timestamp":"0","copyright":"","focal_length":"0","iso":"0","shutter_speed":"0","title":"","orientation":"0","keywords":[]}},"post":167003,"source_url":"https:\/\/lavras.tv\/site\/wp-content\/uploads\/2025\/04\/1_lula_minas-49247953.jpg"},"author_meta":{"display_name":"Vinicius Bustamante","author_link":"https:\/\/lavras.tv\/site\/author\/vinicius-bustamante\/"},"featured_img":"https:\/\/lavras.tv\/site\/wp-content\/uploads\/2025\/04\/1_lula_minas-49247953-470x282.jpg","coauthors":[],"tax_additional":{"categories":{"linked":["<a href=\"https:\/\/lavras.tv\/site\/category\/destaques\/\" class=\"advgb-post-tax-term\">Destaques<\/a>","<a href=\"https:\/\/lavras.tv\/site\/category\/noticias\/\" class=\"advgb-post-tax-term\">Not\u00edcias<\/a>","<a href=\"https:\/\/lavras.tv\/site\/category\/politica\/\" class=\"advgb-post-tax-term\">Pol\u00edtica<\/a>"],"unlinked":["<span class=\"advgb-post-tax-term\">Destaques<\/span>","<span class=\"advgb-post-tax-term\">Not\u00edcias<\/span>","<span class=\"advgb-post-tax-term\">Pol\u00edtica<\/span>"]}},"comment_count":"0","relative_dates":{"created":"Publicado 1 ano atr\u00e1s","modified":"Atualizado 1 ano atr\u00e1s"},"absolute_dates":{"created":"Publicado em 7 de abril de 2025","modified":"Atualizado em 7 de abril de 2025"},"absolute_dates_time":{"created":"Publicado em 7 de abril de 2025 16:24","modified":"Atualizado em 7 de abril de 2025 16:24"},"featured_img_caption":"","series_order":"","_links":{"self":[{"href":"https:\/\/lavras.tv\/site\/wp-json\/wp\/v2\/posts\/167003","targetHints":{"allow":["GET"]}}],"collection":[{"href":"https:\/\/lavras.tv\/site\/wp-json\/wp\/v2\/posts"}],"about":[{"href":"https:\/\/lavras.tv\/site\/wp-json\/wp\/v2\/types\/post"}],"author":[{"embeddable":true,"href":"https:\/\/lavras.tv\/site\/wp-json\/wp\/v2\/users\/5"}],"replies":[{"embeddable":true,"href":"https:\/\/lavras.tv\/site\/wp-json\/wp\/v2\/comments?post=167003"}],"version-history":[{"count":1,"href":"https:\/\/lavras.tv\/site\/wp-json\/wp\/v2\/posts\/167003\/revisions"}],"predecessor-version":[{"id":167005,"href":"https:\/\/lavras.tv\/site\/wp-json\/wp\/v2\/posts\/167003\/revisions\/167005"}],"wp:featuredmedia":[{"embeddable":true,"href":"https:\/\/lavras.tv\/site\/wp-json\/wp\/v2\/media\/167004"}],"wp:attachment":[{"href":"https:\/\/lavras.tv\/site\/wp-json\/wp\/v2\/media?parent=167003"}],"wp:term":[{"taxonomy":"category","embeddable":true,"href":"https:\/\/lavras.tv\/site\/wp-json\/wp\/v2\/categories?post=167003"},{"taxonomy":"post_tag","embeddable":true,"href":"https:\/\/lavras.tv\/site\/wp-json\/wp\/v2\/tags?post=167003"}],"curies":[{"name":"wp","href":"https:\/\/api.w.org\/{rel}","templated":true}]}}