{"id":167006,"date":"2025-04-07T16:31:37","date_gmt":"2025-04-07T19:31:37","guid":{"rendered":"https:\/\/lavras.tv\/site\/?p=167006"},"modified":"2025-04-07T16:31:38","modified_gmt":"2025-04-07T19:31:38","slug":"netflix-quer-bancar-cinemas-em-instituicoes-de-ensino-e-acoes-pro-turismo","status":"publish","type":"post","link":"https:\/\/lavras.tv\/site\/2025\/04\/07\/netflix-quer-bancar-cinemas-em-instituicoes-de-ensino-e-acoes-pro-turismo\/","title":{"rendered":"Netflix quer bancar cinemas em institui\u00e7\u00f5es de ensino e a\u00e7\u00f5es pr\u00f3-turismo"},"content":{"rendered":"<div class=\"lavra-antes-do-conteudo_2\" id=\"lavra-340547618\"><div id=\"lavra-slider-27\" class=\"custom-slider lavra-slider-778760591 lavra-slider\"><ul><li><div style=\"margin-left: auto;margin-right: auto;text-align: center;\" id=\"lavra-3911146287\"><a href=\"https:\/\/sistemas.lavras.mg.gov.br\/portalcidadao\/#df1b1a7c7b2a290bcb31e32771e610784662739a88807c0dacac58ede5f391a7530e299dc302d611ee73cb143fc22eaf93592e53e7b5bdb01b00a0b8d28dae460c141dd2ff83412e4dc1c31b16b25f33144a9e5620ea73b13f5bc1c59411d98439ad226e8af03840603796067d87afe130812cf3de24982d0e306f9e61e764e5\" aria-label=\"Lavras-TV&#8211;720x104px (1) (1)\"><img src=\"https:\/\/lavras.tv\/site\/wp-content\/uploads\/2025\/01\/Lavras-TV-720x104px-1-1.png\" alt=\"\"  srcset=\"https:\/\/lavras.tv\/site\/wp-content\/uploads\/2025\/01\/Lavras-TV-720x104px-1-1.png 720w, https:\/\/lavras.tv\/site\/wp-content\/uploads\/2025\/01\/Lavras-TV-720x104px-1-1-470x68.png 470w, https:\/\/lavras.tv\/site\/wp-content\/uploads\/2025\/01\/Lavras-TV-720x104px-1-1-170x25.png 170w, https:\/\/lavras.tv\/site\/wp-content\/uploads\/2025\/01\/Lavras-TV-720x104px-1-1-200x29.png 200w\" sizes=\"(max-width: 720px) 100vw, 720px\" width=\"720\" height=\"104\"  style=\"display: inline-block;\" \/><\/a><\/div><\/li><li><a href=\"https:\/\/sistemas.lavras.mg.gov.br\/portalcidadao\/#df1b1a7c7b2a290bcb31e32771e610784662739a88807c0dacac58ede5f391a7530e299dc302d611ee73cb143fc22eaf93592e53e7b5bdb01b00a0b8d28dae460c141dd2ff83412e4dc1c31b16b25f33144a9e5620ea73b13f5bc1c59411d98439ad226e8af03840603796067d87afe130812cf3de24982d0e306f9e61e764e5\" aria-label=\"Banner_Emprego_PortallavrasTV\"><img src=\"https:\/\/lavras.tv\/site\/wp-content\/uploads\/2025\/03\/Banner_Emprego_PortallavrasTV.png\" alt=\"\"  srcset=\"https:\/\/lavras.tv\/site\/wp-content\/uploads\/2025\/03\/Banner_Emprego_PortallavrasTV.png 720w, https:\/\/lavras.tv\/site\/wp-content\/uploads\/2025\/03\/Banner_Emprego_PortallavrasTV-470x68.png 470w, https:\/\/lavras.tv\/site\/wp-content\/uploads\/2025\/03\/Banner_Emprego_PortallavrasTV-170x25.png 170w, https:\/\/lavras.tv\/site\/wp-content\/uploads\/2025\/03\/Banner_Emprego_PortallavrasTV-200x29.png 200w\" sizes=\"(max-width: 720px) 100vw, 720px\" width=\"720\" height=\"104\"   \/><\/a><\/li><li><a href=\"https:\/\/sistemas.lavras.mg.gov.br\/portalcidadao\/#df1b1a7c7b2a290bcb31e32771e610784662739a88807c0dacac58ede5f391a7530e299dc302d611ee73cb143fc22eaf93592e53e7b5bdb01b00a0b8d28dae460c141dd2ff83412e4dc1c31b16b25f33144a9e5620ea73b13f5bc1c59411d98439ad226e8af03840603796067d87afe130812cf3de24982d0e306f9e61e764e5\" aria-label=\"Banner_Obras_PortallavrasTV\"><img src=\"https:\/\/lavras.tv\/site\/wp-content\/uploads\/2025\/03\/Banner_Obras_PortallavrasTV.png\" alt=\"\"  srcset=\"https:\/\/lavras.tv\/site\/wp-content\/uploads\/2025\/03\/Banner_Obras_PortallavrasTV.png 720w, https:\/\/lavras.tv\/site\/wp-content\/uploads\/2025\/03\/Banner_Obras_PortallavrasTV-470x68.png 470w, https:\/\/lavras.tv\/site\/wp-content\/uploads\/2025\/03\/Banner_Obras_PortallavrasTV-170x25.png 170w, https:\/\/lavras.tv\/site\/wp-content\/uploads\/2025\/03\/Banner_Obras_PortallavrasTV-200x29.png 200w\" sizes=\"(max-width: 720px) 100vw, 720px\" width=\"720\" height=\"104\"   \/><\/a><\/li><li><div style=\"margin-left: auto;margin-right: auto;text-align: center;\" id=\"lavra-2783560249\"><a href=\"https:\/\/sistemas.lavras.mg.gov.br\/portalcidadao\/#df1b1a7c7b2a290bcb31e32771e610784662739a88807c0dacac58ede5f391a7530e299dc302d611ee73cb143fc22eaf93592e53e7b5bdb01b00a0b8d28dae460c141dd2ff83412e4dc1c31b16b25f33144a9e5620ea73b13f5bc1c59411d98439ad226e8af03840603796067d87afe130812cf3de24982d0e306f9e61e764e5\" aria-label=\"Banner_Educa\u00e7\u00e3o_PortallavrasTV\"><img src=\"https:\/\/lavras.tv\/site\/wp-content\/uploads\/2025\/01\/Banner_Educacao_PortallavrasTV.png\" alt=\"\"  srcset=\"https:\/\/lavras.tv\/site\/wp-content\/uploads\/2025\/01\/Banner_Educacao_PortallavrasTV.png 720w, https:\/\/lavras.tv\/site\/wp-content\/uploads\/2025\/01\/Banner_Educacao_PortallavrasTV-470x68.png 470w, https:\/\/lavras.tv\/site\/wp-content\/uploads\/2025\/01\/Banner_Educacao_PortallavrasTV-170x25.png 170w, https:\/\/lavras.tv\/site\/wp-content\/uploads\/2025\/01\/Banner_Educacao_PortallavrasTV-200x29.png 200w\" sizes=\"(max-width: 720px) 100vw, 720px\" width=\"720\" height=\"104\"  style=\"display: inline-block;\" \/><\/a><\/div><\/li><li><a href=\"https:\/\/sistemas.lavras.mg.gov.br\/portalcidadao\/#df1b1a7c7b2a290bcb31e32771e610784662739a88807c0dacac58ede5f391a7530e299dc302d611ee73cb143fc22eaf93592e53e7b5bdb01b00a0b8d28dae460c141dd2ff83412e4dc1c31b16b25f33144a9e5620ea73b13f5bc1c59411d98439ad226e8af03840603796067d87afe130812cf3de24982d0e306f9e61e764e5\" aria-label=\"Banner_Sa\u00fade_PortallavrasTV\"><img src=\"https:\/\/lavras.tv\/site\/wp-content\/uploads\/2025\/03\/Banner_Saude_PortallavrasTV.png\" alt=\"\"  srcset=\"https:\/\/lavras.tv\/site\/wp-content\/uploads\/2025\/03\/Banner_Saude_PortallavrasTV.png 720w, https:\/\/lavras.tv\/site\/wp-content\/uploads\/2025\/03\/Banner_Saude_PortallavrasTV-470x68.png 470w, https:\/\/lavras.tv\/site\/wp-content\/uploads\/2025\/03\/Banner_Saude_PortallavrasTV-170x25.png 170w, https:\/\/lavras.tv\/site\/wp-content\/uploads\/2025\/03\/Banner_Saude_PortallavrasTV-200x29.png 200w\" sizes=\"(max-width: 720px) 100vw, 720px\" width=\"720\" height=\"104\"   \/><\/a><\/li><li><div id=\"lavra-1680616304\" style=\"width:720px;height:104px;background-color:#ddd;overflow:scroll;\">\n\t<strong>Sa\u00edda da depura\u00e7\u00e3o de an\u00fancios<\/strong>\n\t<br><br>\n\tO an\u00fancio n\u00e3o \u00e9 exibido na p\u00e1gina<br><br>post atual: Netflix quer bancar cinemas em institui\u00e7\u00f5es de ensino e a\u00e7\u00f5es pr\u00f3-turismo, ID: 167006<br><br><span style=\"color: red;\">O post atual n\u00e3o \u00e9 id\u00eantico ao post principal.<\/span><br><br>An\u00fancios: ROXO - TOPO INTERNA - ROTATIVO 2 (197)<br \/>Grupo de an\u00fancios: Princ_Meio01_720x104 (27)<br><br>Condi\u00e7\u00f5es de exibi\u00e7\u00e3o<div style=\"margin-bottom: 20px; white-space: pre-wrap; font-family: monospace; width: 100%; background: #ffe9e9;\"><strong>condi\u00e7\u00f5es gerais<\/strong><table border=\"1\"><thead><tr><th><\/th><th>An\u00fancios<\/th><th>wp_the_query<\/th><\/tr><\/thead><tr><td>is_main_query<\/td><td>1<\/td><td>1<\/td><\/tr><tr><td>is_rest_api<\/td><td>0<\/td><td>1<\/td><\/tr><tr><td>page<\/td><td>0<\/td><td>1<\/td><\/tr><tr><td>numpages<\/td><td>0<\/td><td>1<\/td><\/tr><tr><td>is_archive<\/td><td>1<\/td><td><\/td><\/tr><tr><td>is_search<\/td><td>1<\/td><td><\/td><\/tr><tr><td>is_home<\/td><td>1<\/td><td><\/td><\/tr><tr><td>is_404<\/td><td>1<\/td><td><\/td><\/tr><tr><td>is_attachment<\/td><td>1<\/td><td><\/td><\/tr><tr><td>is_singular<\/td><td>1<\/td><td><\/td><\/tr><tr><td>is_front_page<\/td><td>1<\/td><td><\/td><\/tr><tr><td>is_feed<\/td><td>1<\/td><td><\/td><\/tr><\/table><\/div><br><br><span style=\"color: red;\">Seu site usa HTTPS, mas o c\u00f3digo do an\u00fancio cont\u00e9m HTTP e pode n\u00e3o funcionar.<\/span>\t<br><br>\n\t<a style=\"color: green;\" href=\"https:\/\/wpadvancedads.com\/manual\/ad-debug-mode\/?utm_source=advanced-ads&utm_medium=link&utm_campaign=ad-debug-mode\" target=\"_blank\" rel=\"nofollow\">Encontre solu\u00e7\u00f5es no manual<\/a>\n<\/div>\n<\/li><\/ul><\/div><script>( window.advanced_ads_ready || jQuery( document ).ready ).call( null, function() {var $lavraslider778760591 = jQuery( \".lavra-slider-778760591\" );$lavraslider778760591.on( \"unslider.ready\", function() { jQuery( \"div.custom-slider ul li\" ).css( \"display\", \"block\" ); });$lavraslider778760591.unslider({ delay:4000, autoplay:true, nav:false, arrows:false, infinite:true });$lavraslider778760591.on(\"mouseover\", function() {$lavraslider778760591.unslider(\"stop\");}).on(\"mouseout\", function() {$lavraslider778760591.unslider(\"start\");});});<\/script><\/div>\n<p>Negocia\u00e7\u00e3o acontece num contexto de aproxima\u00e7\u00e3o da gigante americana do governo federal e em paralelo \u00e0 discuss\u00e3o, no Congresso, da regulamenta\u00e7\u00e3o do streaming<\/p>\n\n\n\n<figure class=\"wp-block-image size-large\"><img fetchpriority=\"high\" decoding=\"async\" width=\"970\" height=\"582\" src=\"https:\/\/lavras.tv\/site\/wp-content\/uploads\/2025\/04\/1_netflix_edicase-46888134-970x582.jpg\" alt=\"\" class=\"wp-image-167007\" srcset=\"https:\/\/lavras.tv\/site\/wp-content\/uploads\/2025\/04\/1_netflix_edicase-46888134-970x582.jpg 970w, https:\/\/lavras.tv\/site\/wp-content\/uploads\/2025\/04\/1_netflix_edicase-46888134-470x282.jpg 470w, https:\/\/lavras.tv\/site\/wp-content\/uploads\/2025\/04\/1_netflix_edicase-46888134-170x102.jpg 170w, https:\/\/lavras.tv\/site\/wp-content\/uploads\/2025\/04\/1_netflix_edicase-46888134-200x120.jpg 200w, https:\/\/lavras.tv\/site\/wp-content\/uploads\/2025\/04\/1_netflix_edicase-46888134.jpg 1200w\" sizes=\"(max-width: 970px) 100vw, 970px\" \/><\/figure>\n\n\n\n<p>S\u00c3O PAULO, SP (FOLHAPRESS0 &#8211; A&nbsp;<a href=\"https:\/\/www.em.com.br\/cultura\/2025\/03\/7089206-diretor-e-preso-por-roubar-rs-62-milhoes-da-netflix.html\"><strong>Netflix<\/strong><\/a>&nbsp;atualmente negocia com os minist\u00e9rios da Educa\u00e7\u00e3o e do Turismo um aporte para a constru\u00e7\u00e3o de salas de cinema em institui\u00e7\u00f5es federais de ensino e para a realiza\u00e7\u00e3o de uma campanha de&nbsp;<a href=\"https:\/\/www.em.com.br\/turismo\/2025\/03\/7093196-nao-va-para-disney-visite-as-cataratas-do-iguacu.html\"><strong>atra\u00e7\u00e3o de turistas<\/strong>&nbsp;<\/a>a partir de personagens e cen\u00e1rios de suas produ\u00e7\u00f5es brasileiras.&nbsp;<\/p>\n\n\n\n<p>A reportagem apurou que as negocia\u00e7\u00f5es n\u00e3o foram finalizadas, mas se arrastam h\u00e1 meses &#8211; desde o primeiro semestre de 2024, no caso das salas, e h\u00e1 dois anos, no da campanha &#8211; e d\u00e3o sinais de que v\u00e3o, enfim, sair do papel.<\/p>\n\n\n\n<p>Elas acontecem num contexto de aproxima\u00e7\u00e3o da gigante americana do governo federal e em paralelo \u00e0 discuss\u00e3o, no Congresso, da&nbsp;<a href=\"https:\/\/www.em.com.br\/cultura\/2025\/03\/7075102-walter-salles-cinema-depende-da-regulacao-do-streaming.html\"><strong>regulamenta\u00e7\u00e3o do streaming<\/strong><\/a>. Nesta semana, a Netflix anunciou ainda que usar\u00e1 a Lei Rouanet pela primeira vez para destinar R$ 5 milh\u00f5es \u00e0 Cinemateca Brasileira.&nbsp;<\/p>\n\n\n\n<p>Nas conversas iniciais com o Minist\u00e9rio da Educa\u00e7\u00e3o, cinco institutos com cursos t\u00e9cnicos de cinema ganhariam salas de exibi\u00e7\u00e3o bancadas pela Netflix. Seriam eles os de S\u00e3o Paulo, Paran\u00e1, Rio Grande do Sul, Goi\u00e1s e Bras\u00edlia &#8211; nos campi S\u00e3o Miguel Paulista, Alvorada, Recanto das Emas, Cidade de Goi\u00e1s e Curitiba, respectivamente.<\/p>\n\n\n\n<p>Devido a problemas de log\u00edstica e estrutura, por\u00e9m, apenas um deles servir\u00e1 de piloto, num primeiro momento. A adapta\u00e7\u00e3o de audit\u00f3rios pr\u00e9-existentes seria feita nos moldes dos CEUs que integram o Circuito Spcine, rede de salas p\u00fablicas da Prefeitura de S\u00e3o Paulo, e integraria o Fundo Netflix pela Equidade Criativa, que promove forma\u00e7\u00e3o no audiovisual nos pa\u00edses onde est\u00e1 presente &#8211; recentemente, o M\u00e9xico passou pela experi\u00eancia, ap\u00f3s uma parceria com seu Minist\u00e9rio da Cultura.&nbsp;<\/p>\n\n\n\n<p>J\u00e1 com o Minist\u00e9rio do Turismo e a Embratur, a reportagem apurou que a gigante estuda encabe\u00e7ar uma campanha de promo\u00e7\u00e3o do turismo a partir de personagens e cen\u00e1rios de produ\u00e7\u00f5es da plataforma. A iniciativa toma como molde algo semelhante feito em pa\u00edses como a Fran\u00e7a, que tem um guia de viagens estrelado pelos protagonistas de&nbsp;<a href=\"https:\/\/www.em.com.br\/cultura\/2024\/08\/6916587-emily-em-paris-tem-nova-temporada-lancada-em-duas-etapas-veja-datas.html\"><strong>&#8220;Emily em Paris&#8221;<\/strong><\/a>&nbsp;e &#8220;Lupin&#8221;, entre outros.<\/p>\n\n\n\n<p>Procurado, o Minist\u00e9rio da Educa\u00e7\u00e3o afirma, via assessoria de imprensa, que o projeto est\u00e1 &#8220;em fase de estudos e debates no \u00e2mbito da Secretaria de Educa\u00e7\u00e3o Profissional e Tecnol\u00f3gica&#8221;. A Netflix n\u00e3o se manifestou sobre as iniciativas.&nbsp;<\/p>\n\n\n\n<p>A Embratur, Ag\u00eancia Brasileira de Promo\u00e7\u00e3o Internacional do Turismo vinculada ao Minist\u00e9rio do Turismo, diz que n\u00e3o fechou contrato para realiza\u00e7\u00e3o de campanha, mas que mant\u00e9m di\u00e1logo institucional com plataformas, para firmar parcerias que promovam a cultura e os destinos tur\u00edsticos do Brasil.<\/p>\n\n\n\n<p>Atualmente, h\u00e1 dois projetos de lei que tratam da regulamenta\u00e7\u00e3o do streaming tramitando no Congresso Nacional. Um deles corre no Senado, e prop\u00f5e uma al\u00edquota de 3% da receita operacional bruta. O outro, que teve o regime de urg\u00eancia aprovado em 2023 na C\u00e2mara dos Deputados, sugere uma taxa de 6% da receita bruta das plataformas.&nbsp;<\/p>\n\n\n\n<p>O PL do streaming tenta sair do papel h\u00e1 anos, sem sucesso. Mas a \u00faltima semana mostrou que surge uma nova onda de discuss\u00f5es sobre o tema em Bras\u00edlia. Uma s\u00e9rie de reuni\u00f5es, com nomes como Geraldo Alckmin, Jandira Feghali (PCdoB-RJ) e entidades do setor audiovisual, aconteceram em Bras\u00edlia.<\/p>\n","protected":false},"excerpt":{"rendered":"<p>Negocia\u00e7\u00e3o acontece num contexto de aproxima\u00e7\u00e3o da gigante americana do governo federal e em paralelo \u00e0 discuss\u00e3o, no Congresso, da regulamenta\u00e7\u00e3o do streaming S\u00c3O PAULO, SP (FOLHAPRESS0 &#8211; A&nbsp;Netflix&nbsp;atualmente negocia com os minist\u00e9rios da Educa\u00e7\u00e3o e do Turismo um aporte para a constru\u00e7\u00e3o de salas de cinema em institui\u00e7\u00f5es federais de ensino e para a [&hellip;]<\/p>\n","protected":false},"author":5,"featured_media":167007,"comment_status":"closed","ping_status":"open","sticky":false,"template":"","format":"standard","meta":{"advgb_blocks_editor_width":"","advgb_blocks_columns_visual_guide":"","_exactmetrics_skip_tracking":false,"_exactmetrics_sitenote_active":false,"_exactmetrics_sitenote_note":"","_exactmetrics_sitenote_category":0,"footnotes":""},"categories":[7,2],"tags":[],"class_list":["post-167006","post","type-post","status-publish","format-standard","has-post-thumbnail","hentry","category-destaques","category-noticias"],"better_featured_image":{"id":167007,"alt_text":"","caption":"","description":"","media_type":"image","media_details":{"width":1200,"height":720,"file":"2025\/04\/1_netflix_edicase-46888134.jpg","filesize":145086,"sizes":{"medium":{"file":"1_netflix_edicase-46888134-470x282.jpg","width":470,"height":282,"mime-type":"image\/jpeg","filesize":23329,"source_url":"https:\/\/lavras.tv\/site\/wp-content\/uploads\/2025\/04\/1_netflix_edicase-46888134-470x282.jpg"},"large":{"file":"1_netflix_edicase-46888134-970x582.jpg","width":970,"height":582,"mime-type":"image\/jpeg","filesize":77895,"source_url":"https:\/\/lavras.tv\/site\/wp-content\/uploads\/2025\/04\/1_netflix_edicase-46888134-970x582.jpg"},"thumbnail":{"file":"1_netflix_edicase-46888134-170x102.jpg","width":170,"height":102,"mime-type":"image\/jpeg","filesize":4475,"source_url":"https:\/\/lavras.tv\/site\/wp-content\/uploads\/2025\/04\/1_netflix_edicase-46888134-170x102.jpg"},"lshowcase-thumb":{"file":"1_netflix_edicase-46888134-200x120.jpg","width":200,"height":120,"mime-type":"image\/jpeg","filesize":5484,"source_url":"https:\/\/lavras.tv\/site\/wp-content\/uploads\/2025\/04\/1_netflix_edicase-46888134-200x120.jpg"},"alm-thumbnail":{"file":"1_netflix_edicase-46888134-150x150.jpg","width":150,"height":150,"mime-type":"image\/jpeg","filesize":5342,"source_url":"https:\/\/lavras.tv\/site\/wp-content\/uploads\/2025\/04\/1_netflix_edicase-46888134-150x150.jpg"}},"image_meta":{"aperture":"0","credit":"","camera":"","caption":"","created_timestamp":"0","copyright":"","focal_length":"0","iso":"0","shutter_speed":"0","title":"","orientation":"0","keywords":[]}},"post":167006,"source_url":"https:\/\/lavras.tv\/site\/wp-content\/uploads\/2025\/04\/1_netflix_edicase-46888134.jpg"},"author_meta":{"display_name":"Vinicius Bustamante","author_link":"https:\/\/lavras.tv\/site\/author\/vinicius-bustamante\/"},"featured_img":"https:\/\/lavras.tv\/site\/wp-content\/uploads\/2025\/04\/1_netflix_edicase-46888134-470x282.jpg","coauthors":[],"tax_additional":{"categories":{"linked":["<a href=\"https:\/\/lavras.tv\/site\/category\/destaques\/\" class=\"advgb-post-tax-term\">Destaques<\/a>","<a href=\"https:\/\/lavras.tv\/site\/category\/noticias\/\" class=\"advgb-post-tax-term\">Not\u00edcias<\/a>"],"unlinked":["<span class=\"advgb-post-tax-term\">Destaques<\/span>","<span class=\"advgb-post-tax-term\">Not\u00edcias<\/span>"]}},"comment_count":"0","relative_dates":{"created":"Publicado 1 ano atr\u00e1s","modified":"Atualizado 1 ano atr\u00e1s"},"absolute_dates":{"created":"Publicado em 7 de abril de 2025","modified":"Atualizado em 7 de abril de 2025"},"absolute_dates_time":{"created":"Publicado em 7 de abril de 2025 16:31","modified":"Atualizado em 7 de abril de 2025 16:31"},"featured_img_caption":"","series_order":"","_links":{"self":[{"href":"https:\/\/lavras.tv\/site\/wp-json\/wp\/v2\/posts\/167006","targetHints":{"allow":["GET"]}}],"collection":[{"href":"https:\/\/lavras.tv\/site\/wp-json\/wp\/v2\/posts"}],"about":[{"href":"https:\/\/lavras.tv\/site\/wp-json\/wp\/v2\/types\/post"}],"author":[{"embeddable":true,"href":"https:\/\/lavras.tv\/site\/wp-json\/wp\/v2\/users\/5"}],"replies":[{"embeddable":true,"href":"https:\/\/lavras.tv\/site\/wp-json\/wp\/v2\/comments?post=167006"}],"version-history":[{"count":1,"href":"https:\/\/lavras.tv\/site\/wp-json\/wp\/v2\/posts\/167006\/revisions"}],"predecessor-version":[{"id":167008,"href":"https:\/\/lavras.tv\/site\/wp-json\/wp\/v2\/posts\/167006\/revisions\/167008"}],"wp:featuredmedia":[{"embeddable":true,"href":"https:\/\/lavras.tv\/site\/wp-json\/wp\/v2\/media\/167007"}],"wp:attachment":[{"href":"https:\/\/lavras.tv\/site\/wp-json\/wp\/v2\/media?parent=167006"}],"wp:term":[{"taxonomy":"category","embeddable":true,"href":"https:\/\/lavras.tv\/site\/wp-json\/wp\/v2\/categories?post=167006"},{"taxonomy":"post_tag","embeddable":true,"href":"https:\/\/lavras.tv\/site\/wp-json\/wp\/v2\/tags?post=167006"}],"curies":[{"name":"wp","href":"https:\/\/api.w.org\/{rel}","templated":true}]}}