{"id":167009,"date":"2025-04-07T16:36:48","date_gmt":"2025-04-07T19:36:48","guid":{"rendered":"https:\/\/lavras.tv\/site\/?p=167009"},"modified":"2025-04-07T16:36:49","modified_gmt":"2025-04-07T19:36:49","slug":"idoso-morre-29-horas-apos-consumir-agua-de-coco-estragada","status":"publish","type":"post","link":"https:\/\/lavras.tv\/site\/2025\/04\/07\/idoso-morre-29-horas-apos-consumir-agua-de-coco-estragada\/","title":{"rendered":"Idoso morre 29 horas ap\u00f3s consumir \u00e1gua de coco estragada"},"content":{"rendered":"<div class=\"lavra-antes-do-conteudo_2\" id=\"lavra-331855879\"><div id=\"lavra-slider-27\" class=\"custom-slider lavra-slider-1690336417 lavra-slider\"><ul><li><div style=\"margin-left: auto;margin-right: auto;text-align: center;\" id=\"lavra-852792103\"><a href=\"https:\/\/sistemas.lavras.mg.gov.br\/portalcidadao\/#df1b1a7c7b2a290bcb31e32771e610784662739a88807c0dacac58ede5f391a7530e299dc302d611ee73cb143fc22eaf93592e53e7b5bdb01b00a0b8d28dae460c141dd2ff83412e4dc1c31b16b25f33144a9e5620ea73b13f5bc1c59411d98439ad226e8af03840603796067d87afe130812cf3de24982d0e306f9e61e764e5\" aria-label=\"Lavras-TV&#8211;720x104px (1) (1)\"><img src=\"https:\/\/lavras.tv\/site\/wp-content\/uploads\/2025\/01\/Lavras-TV-720x104px-1-1.png\" alt=\"\"  srcset=\"https:\/\/lavras.tv\/site\/wp-content\/uploads\/2025\/01\/Lavras-TV-720x104px-1-1.png 720w, https:\/\/lavras.tv\/site\/wp-content\/uploads\/2025\/01\/Lavras-TV-720x104px-1-1-470x68.png 470w, https:\/\/lavras.tv\/site\/wp-content\/uploads\/2025\/01\/Lavras-TV-720x104px-1-1-170x25.png 170w, https:\/\/lavras.tv\/site\/wp-content\/uploads\/2025\/01\/Lavras-TV-720x104px-1-1-200x29.png 200w\" sizes=\"(max-width: 720px) 100vw, 720px\" width=\"720\" height=\"104\"  style=\"display: inline-block;\" \/><\/a><\/div><\/li><li><a href=\"https:\/\/sistemas.lavras.mg.gov.br\/portalcidadao\/#df1b1a7c7b2a290bcb31e32771e610784662739a88807c0dacac58ede5f391a7530e299dc302d611ee73cb143fc22eaf93592e53e7b5bdb01b00a0b8d28dae460c141dd2ff83412e4dc1c31b16b25f33144a9e5620ea73b13f5bc1c59411d98439ad226e8af03840603796067d87afe130812cf3de24982d0e306f9e61e764e5\" aria-label=\"Banner_Emprego_PortallavrasTV\"><img src=\"https:\/\/lavras.tv\/site\/wp-content\/uploads\/2025\/03\/Banner_Emprego_PortallavrasTV.png\" alt=\"\"  srcset=\"https:\/\/lavras.tv\/site\/wp-content\/uploads\/2025\/03\/Banner_Emprego_PortallavrasTV.png 720w, https:\/\/lavras.tv\/site\/wp-content\/uploads\/2025\/03\/Banner_Emprego_PortallavrasTV-470x68.png 470w, https:\/\/lavras.tv\/site\/wp-content\/uploads\/2025\/03\/Banner_Emprego_PortallavrasTV-170x25.png 170w, https:\/\/lavras.tv\/site\/wp-content\/uploads\/2025\/03\/Banner_Emprego_PortallavrasTV-200x29.png 200w\" sizes=\"(max-width: 720px) 100vw, 720px\" width=\"720\" height=\"104\"   \/><\/a><\/li><li><a href=\"https:\/\/sistemas.lavras.mg.gov.br\/portalcidadao\/#df1b1a7c7b2a290bcb31e32771e610784662739a88807c0dacac58ede5f391a7530e299dc302d611ee73cb143fc22eaf93592e53e7b5bdb01b00a0b8d28dae460c141dd2ff83412e4dc1c31b16b25f33144a9e5620ea73b13f5bc1c59411d98439ad226e8af03840603796067d87afe130812cf3de24982d0e306f9e61e764e5\" aria-label=\"Banner_Obras_PortallavrasTV\"><img src=\"https:\/\/lavras.tv\/site\/wp-content\/uploads\/2025\/03\/Banner_Obras_PortallavrasTV.png\" alt=\"\"  srcset=\"https:\/\/lavras.tv\/site\/wp-content\/uploads\/2025\/03\/Banner_Obras_PortallavrasTV.png 720w, https:\/\/lavras.tv\/site\/wp-content\/uploads\/2025\/03\/Banner_Obras_PortallavrasTV-470x68.png 470w, https:\/\/lavras.tv\/site\/wp-content\/uploads\/2025\/03\/Banner_Obras_PortallavrasTV-170x25.png 170w, https:\/\/lavras.tv\/site\/wp-content\/uploads\/2025\/03\/Banner_Obras_PortallavrasTV-200x29.png 200w\" sizes=\"(max-width: 720px) 100vw, 720px\" width=\"720\" height=\"104\"   \/><\/a><\/li><li><div style=\"margin-left: auto;margin-right: auto;text-align: center;\" id=\"lavra-3614438394\"><a href=\"https:\/\/sistemas.lavras.mg.gov.br\/portalcidadao\/#df1b1a7c7b2a290bcb31e32771e610784662739a88807c0dacac58ede5f391a7530e299dc302d611ee73cb143fc22eaf93592e53e7b5bdb01b00a0b8d28dae460c141dd2ff83412e4dc1c31b16b25f33144a9e5620ea73b13f5bc1c59411d98439ad226e8af03840603796067d87afe130812cf3de24982d0e306f9e61e764e5\" aria-label=\"Banner_Educa\u00e7\u00e3o_PortallavrasTV\"><img src=\"https:\/\/lavras.tv\/site\/wp-content\/uploads\/2025\/01\/Banner_Educacao_PortallavrasTV.png\" alt=\"\"  srcset=\"https:\/\/lavras.tv\/site\/wp-content\/uploads\/2025\/01\/Banner_Educacao_PortallavrasTV.png 720w, https:\/\/lavras.tv\/site\/wp-content\/uploads\/2025\/01\/Banner_Educacao_PortallavrasTV-470x68.png 470w, https:\/\/lavras.tv\/site\/wp-content\/uploads\/2025\/01\/Banner_Educacao_PortallavrasTV-170x25.png 170w, https:\/\/lavras.tv\/site\/wp-content\/uploads\/2025\/01\/Banner_Educacao_PortallavrasTV-200x29.png 200w\" sizes=\"(max-width: 720px) 100vw, 720px\" width=\"720\" height=\"104\"  style=\"display: inline-block;\" \/><\/a><\/div><\/li><li><a href=\"https:\/\/sistemas.lavras.mg.gov.br\/portalcidadao\/#df1b1a7c7b2a290bcb31e32771e610784662739a88807c0dacac58ede5f391a7530e299dc302d611ee73cb143fc22eaf93592e53e7b5bdb01b00a0b8d28dae460c141dd2ff83412e4dc1c31b16b25f33144a9e5620ea73b13f5bc1c59411d98439ad226e8af03840603796067d87afe130812cf3de24982d0e306f9e61e764e5\" aria-label=\"Banner_Sa\u00fade_PortallavrasTV\"><img src=\"https:\/\/lavras.tv\/site\/wp-content\/uploads\/2025\/03\/Banner_Saude_PortallavrasTV.png\" alt=\"\"  srcset=\"https:\/\/lavras.tv\/site\/wp-content\/uploads\/2025\/03\/Banner_Saude_PortallavrasTV.png 720w, https:\/\/lavras.tv\/site\/wp-content\/uploads\/2025\/03\/Banner_Saude_PortallavrasTV-470x68.png 470w, https:\/\/lavras.tv\/site\/wp-content\/uploads\/2025\/03\/Banner_Saude_PortallavrasTV-170x25.png 170w, https:\/\/lavras.tv\/site\/wp-content\/uploads\/2025\/03\/Banner_Saude_PortallavrasTV-200x29.png 200w\" sizes=\"(max-width: 720px) 100vw, 720px\" width=\"720\" height=\"104\"   \/><\/a><\/li><li><div id=\"lavra-4166636751\" style=\"width:720px;height:104px;background-color:#ddd;overflow:scroll;\">\n\t<strong>Sa\u00edda da depura\u00e7\u00e3o de an\u00fancios<\/strong>\n\t<br><br>\n\tO an\u00fancio n\u00e3o \u00e9 exibido na p\u00e1gina<br><br>post atual: Idoso morre 29 horas ap\u00f3s consumir \u00e1gua de coco estragada, ID: 167009<br><br><span style=\"color: red;\">O post atual n\u00e3o \u00e9 id\u00eantico ao post principal.<\/span><br><br>An\u00fancios: ROXO - TOPO INTERNA - ROTATIVO 2 (197)<br \/>Grupo de an\u00fancios: Princ_Meio01_720x104 (27)<br><br>Condi\u00e7\u00f5es de exibi\u00e7\u00e3o<div style=\"margin-bottom: 20px; white-space: pre-wrap; font-family: monospace; width: 100%; background: #ffe9e9;\"><strong>condi\u00e7\u00f5es gerais<\/strong><table border=\"1\"><thead><tr><th><\/th><th>An\u00fancios<\/th><th>wp_the_query<\/th><\/tr><\/thead><tr><td>is_main_query<\/td><td>1<\/td><td>1<\/td><\/tr><tr><td>is_rest_api<\/td><td>0<\/td><td>1<\/td><\/tr><tr><td>page<\/td><td>0<\/td><td>1<\/td><\/tr><tr><td>numpages<\/td><td>0<\/td><td>1<\/td><\/tr><tr><td>is_archive<\/td><td>1<\/td><td><\/td><\/tr><tr><td>is_search<\/td><td>1<\/td><td><\/td><\/tr><tr><td>is_home<\/td><td>1<\/td><td><\/td><\/tr><tr><td>is_404<\/td><td>1<\/td><td><\/td><\/tr><tr><td>is_attachment<\/td><td>1<\/td><td><\/td><\/tr><tr><td>is_singular<\/td><td>1<\/td><td><\/td><\/tr><tr><td>is_front_page<\/td><td>1<\/td><td><\/td><\/tr><tr><td>is_feed<\/td><td>1<\/td><td><\/td><\/tr><\/table><\/div><br><br><span style=\"color: red;\">Seu site usa HTTPS, mas o c\u00f3digo do an\u00fancio cont\u00e9m HTTP e pode n\u00e3o funcionar.<\/span>\t<br><br>\n\t<a style=\"color: green;\" href=\"https:\/\/wpadvancedads.com\/manual\/ad-debug-mode\/?utm_source=advanced-ads&utm_medium=link&utm_campaign=ad-debug-mode\" target=\"_blank\" rel=\"nofollow\">Encontre solu\u00e7\u00f5es no manual<\/a>\n<\/div>\n<\/li><\/ul><\/div><script>( window.advanced_ads_ready || jQuery( document ).ready ).call( null, function() {var $lavraslider1690336417 = jQuery( \".lavra-slider-1690336417\" );$lavraslider1690336417.on( \"unslider.ready\", function() { jQuery( \"div.custom-slider ul li\" ).css( \"display\", \"block\" ); });$lavraslider1690336417.unslider({ delay:4000, autoplay:true, nav:false, arrows:false, infinite:true });$lavraslider1690336417.on(\"mouseover\", function() {$lavraslider1690336417.unslider(\"stop\");}).on(\"mouseout\", function() {$lavraslider1690336417.unslider(\"start\");});});<\/script><\/div>\n<p>Tr\u00eas horas ap\u00f3s a pequena ingest\u00e3o, o homem come\u00e7ou a apresentar sintomas como n\u00e1useas, v\u00f4mitos, suor excessivo, confus\u00e3o mental e perda de equil\u00edbrio<\/p>\n\n\n\n<figure class=\"wp-block-image size-full\"><img fetchpriority=\"high\" decoding=\"async\" width=\"740\" height=\"493\" src=\"https:\/\/lavras.tv\/site\/wp-content\/uploads\/2025\/04\/Agua-de-coco.jpg\" alt=\"\" class=\"wp-image-167010\" srcset=\"https:\/\/lavras.tv\/site\/wp-content\/uploads\/2025\/04\/Agua-de-coco.jpg 740w, https:\/\/lavras.tv\/site\/wp-content\/uploads\/2025\/04\/Agua-de-coco-450x300.jpg 450w, https:\/\/lavras.tv\/site\/wp-content\/uploads\/2025\/04\/Agua-de-coco-170x113.jpg 170w, https:\/\/lavras.tv\/site\/wp-content\/uploads\/2025\/04\/Agua-de-coco-200x133.jpg 200w\" sizes=\"(max-width: 740px) 100vw, 740px\" \/><\/figure>\n\n\n\n<p>Um homem de 69 anos morreu ap\u00f3s consumir \u00e1gua de coco podre, que havia sido armazenada fora da geladeira por cerca de um m\u00eas. O caso aconteceu na Dinamarca e foi divulgado em um artigo publicado na revista cient\u00edfica\u00a0<em>Emerging Infectious Diseases.<\/em><\/p>\n\n\n\n<h2 class=\"wp-block-heading\" id=\"h-como-aconteceu\">Como aconteceu?<\/h2>\n\n\n\n<p>A \u00e1gua de coco foi consumida diretamente da fruta com um canudo, mas como o sabor estava ruim, o homem ingeriu apenas um gole. Ao abrir o coco, ent\u00e3o, o paciente notou que o interior estava viscoso e com apar\u00eancia de estragada.<\/p>\n\n\n\n<p>Segundo o relato, tr\u00eas horas ap\u00f3s o consumo, o homem come\u00e7ou a apresentar sintomas como n\u00e1useas, v\u00f4mitos, suor excessivo, confus\u00e3o mental, perda de equil\u00edbrio e palidez.<\/p>\n\n\n\n<p>Ao ser encaminhado ao hospital e realizar exames de imagem, foi constatado que ele estava sofrendo de incha\u00e7o cerebral severo. Ainda sem identificar do que se tratava, o paciente recebeu tratamento intensivo para encefalopatia metab\u00f3lica. No entanto, cerca de 26 horas ap\u00f3s a interna\u00e7\u00e3o, ele foi diagnosticado com morte cerebral.<\/p>\n\n\n\n<h2 class=\"wp-block-heading\">Diagn\u00f3stico<\/h2>\n\n\n\n<p>A causa da morte foi confirmada por meio de aut\u00f3psia, que detectou fungos na traqueia do paciente. An\u00e1lises laboratoriais ainda identificaram a presen\u00e7a do fungo&nbsp;<em>Arthrinium saccharicola<\/em>&nbsp;na fruta, respons\u00e1vel pela produ\u00e7\u00e3o do \u00e1cido 3-nitropropi\u00f4nico, uma toxina que pode causar danos cerebrais graves.<\/p>\n","protected":false},"excerpt":{"rendered":"<p>Tr\u00eas horas ap\u00f3s a pequena ingest\u00e3o, o homem come\u00e7ou a apresentar sintomas como n\u00e1useas, v\u00f4mitos, suor excessivo, confus\u00e3o mental e perda de equil\u00edbrio Um homem de 69 anos morreu ap\u00f3s consumir \u00e1gua de coco podre, que havia sido armazenada fora da geladeira por cerca de um m\u00eas. O caso aconteceu na Dinamarca e foi divulgado [&hellip;]<\/p>\n","protected":false},"author":5,"featured_media":167010,"comment_status":"closed","ping_status":"open","sticky":false,"template":"","format":"standard","meta":{"advgb_blocks_editor_width":"","advgb_blocks_columns_visual_guide":"","_exactmetrics_skip_tracking":false,"_exactmetrics_sitenote_active":false,"_exactmetrics_sitenote_note":"","_exactmetrics_sitenote_category":0,"footnotes":""},"categories":[7,2],"tags":[],"class_list":["post-167009","post","type-post","status-publish","format-standard","has-post-thumbnail","hentry","category-destaques","category-noticias"],"better_featured_image":{"id":167010,"alt_text":"","caption":"","description":"","media_type":"image","media_details":{"width":740,"height":493,"file":"2025\/04\/Agua-de-coco.jpg","filesize":33874,"sizes":{"medium":{"file":"Agua-de-coco-450x300.jpg","width":450,"height":300,"mime-type":"image\/jpeg","filesize":17859,"source_url":"https:\/\/lavras.tv\/site\/wp-content\/uploads\/2025\/04\/Agua-de-coco-450x300.jpg"},"thumbnail":{"file":"Agua-de-coco-170x113.jpg","width":170,"height":113,"mime-type":"image\/jpeg","filesize":4027,"source_url":"https:\/\/lavras.tv\/site\/wp-content\/uploads\/2025\/04\/Agua-de-coco-170x113.jpg"},"lshowcase-thumb":{"file":"Agua-de-coco-200x133.jpg","width":200,"height":133,"mime-type":"image\/jpeg","filesize":5034,"source_url":"https:\/\/lavras.tv\/site\/wp-content\/uploads\/2025\/04\/Agua-de-coco-200x133.jpg"},"alm-thumbnail":{"file":"Agua-de-coco-150x150.jpg","width":150,"height":150,"mime-type":"image\/jpeg","filesize":4723,"source_url":"https:\/\/lavras.tv\/site\/wp-content\/uploads\/2025\/04\/Agua-de-coco-150x150.jpg"}},"image_meta":{"aperture":"0","credit":"","camera":"","caption":"","created_timestamp":"0","copyright":"","focal_length":"0","iso":"0","shutter_speed":"0","title":"","orientation":"0","keywords":[]}},"post":167009,"source_url":"https:\/\/lavras.tv\/site\/wp-content\/uploads\/2025\/04\/Agua-de-coco.jpg"},"author_meta":{"display_name":"Vinicius Bustamante","author_link":"https:\/\/lavras.tv\/site\/author\/vinicius-bustamante\/"},"featured_img":"https:\/\/lavras.tv\/site\/wp-content\/uploads\/2025\/04\/Agua-de-coco-450x300.jpg","coauthors":[],"tax_additional":{"categories":{"linked":["<a href=\"https:\/\/lavras.tv\/site\/category\/destaques\/\" class=\"advgb-post-tax-term\">Destaques<\/a>","<a href=\"https:\/\/lavras.tv\/site\/category\/noticias\/\" class=\"advgb-post-tax-term\">Not\u00edcias<\/a>"],"unlinked":["<span class=\"advgb-post-tax-term\">Destaques<\/span>","<span class=\"advgb-post-tax-term\">Not\u00edcias<\/span>"]}},"comment_count":"0","relative_dates":{"created":"Publicado 1 ano atr\u00e1s","modified":"Atualizado 1 ano atr\u00e1s"},"absolute_dates":{"created":"Publicado em 7 de abril de 2025","modified":"Atualizado em 7 de abril de 2025"},"absolute_dates_time":{"created":"Publicado em 7 de abril de 2025 16:36","modified":"Atualizado em 7 de abril de 2025 16:36"},"featured_img_caption":"","series_order":"","_links":{"self":[{"href":"https:\/\/lavras.tv\/site\/wp-json\/wp\/v2\/posts\/167009","targetHints":{"allow":["GET"]}}],"collection":[{"href":"https:\/\/lavras.tv\/site\/wp-json\/wp\/v2\/posts"}],"about":[{"href":"https:\/\/lavras.tv\/site\/wp-json\/wp\/v2\/types\/post"}],"author":[{"embeddable":true,"href":"https:\/\/lavras.tv\/site\/wp-json\/wp\/v2\/users\/5"}],"replies":[{"embeddable":true,"href":"https:\/\/lavras.tv\/site\/wp-json\/wp\/v2\/comments?post=167009"}],"version-history":[{"count":1,"href":"https:\/\/lavras.tv\/site\/wp-json\/wp\/v2\/posts\/167009\/revisions"}],"predecessor-version":[{"id":167011,"href":"https:\/\/lavras.tv\/site\/wp-json\/wp\/v2\/posts\/167009\/revisions\/167011"}],"wp:featuredmedia":[{"embeddable":true,"href":"https:\/\/lavras.tv\/site\/wp-json\/wp\/v2\/media\/167010"}],"wp:attachment":[{"href":"https:\/\/lavras.tv\/site\/wp-json\/wp\/v2\/media?parent=167009"}],"wp:term":[{"taxonomy":"category","embeddable":true,"href":"https:\/\/lavras.tv\/site\/wp-json\/wp\/v2\/categories?post=167009"},{"taxonomy":"post_tag","embeddable":true,"href":"https:\/\/lavras.tv\/site\/wp-json\/wp\/v2\/tags?post=167009"}],"curies":[{"name":"wp","href":"https:\/\/api.w.org\/{rel}","templated":true}]}}