{"id":167012,"date":"2025-04-07T16:41:55","date_gmt":"2025-04-07T19:41:55","guid":{"rendered":"https:\/\/lavras.tv\/site\/?p=167012"},"modified":"2025-04-07T16:41:56","modified_gmt":"2025-04-07T19:41:56","slug":"sbt-surpreende-publico-com-exibicao-de-episodios-ineditos-de-chaves","status":"publish","type":"post","link":"https:\/\/lavras.tv\/site\/2025\/04\/07\/sbt-surpreende-publico-com-exibicao-de-episodios-ineditos-de-chaves\/","title":{"rendered":"SBT surpreende p\u00fablico com exibi\u00e7\u00e3o de epis\u00f3dios in\u00e9ditos de Chaves"},"content":{"rendered":"<div class=\"lavra-antes-do-conteudo_2\" id=\"lavra-3819520871\"><div id=\"lavra-slider-27\" class=\"custom-slider lavra-slider-2848186625 lavra-slider\"><ul><li><div style=\"margin-left: auto;margin-right: auto;text-align: center;\" id=\"lavra-2707639888\"><a href=\"https:\/\/sistemas.lavras.mg.gov.br\/portalcidadao\/#df1b1a7c7b2a290bcb31e32771e610784662739a88807c0dacac58ede5f391a7530e299dc302d611ee73cb143fc22eaf93592e53e7b5bdb01b00a0b8d28dae460c141dd2ff83412e4dc1c31b16b25f33144a9e5620ea73b13f5bc1c59411d98439ad226e8af03840603796067d87afe130812cf3de24982d0e306f9e61e764e5\" aria-label=\"Lavras-TV&#8211;720x104px (1) (1)\"><img src=\"https:\/\/lavras.tv\/site\/wp-content\/uploads\/2025\/01\/Lavras-TV-720x104px-1-1.png\" alt=\"\"  srcset=\"https:\/\/lavras.tv\/site\/wp-content\/uploads\/2025\/01\/Lavras-TV-720x104px-1-1.png 720w, https:\/\/lavras.tv\/site\/wp-content\/uploads\/2025\/01\/Lavras-TV-720x104px-1-1-470x68.png 470w, https:\/\/lavras.tv\/site\/wp-content\/uploads\/2025\/01\/Lavras-TV-720x104px-1-1-170x25.png 170w, https:\/\/lavras.tv\/site\/wp-content\/uploads\/2025\/01\/Lavras-TV-720x104px-1-1-200x29.png 200w\" sizes=\"(max-width: 720px) 100vw, 720px\" width=\"720\" height=\"104\"  style=\"display: inline-block;\" \/><\/a><\/div><\/li><li><a href=\"https:\/\/sistemas.lavras.mg.gov.br\/portalcidadao\/#df1b1a7c7b2a290bcb31e32771e610784662739a88807c0dacac58ede5f391a7530e299dc302d611ee73cb143fc22eaf93592e53e7b5bdb01b00a0b8d28dae460c141dd2ff83412e4dc1c31b16b25f33144a9e5620ea73b13f5bc1c59411d98439ad226e8af03840603796067d87afe130812cf3de24982d0e306f9e61e764e5\" aria-label=\"Banner_Emprego_PortallavrasTV\"><img src=\"https:\/\/lavras.tv\/site\/wp-content\/uploads\/2025\/03\/Banner_Emprego_PortallavrasTV.png\" alt=\"\"  srcset=\"https:\/\/lavras.tv\/site\/wp-content\/uploads\/2025\/03\/Banner_Emprego_PortallavrasTV.png 720w, https:\/\/lavras.tv\/site\/wp-content\/uploads\/2025\/03\/Banner_Emprego_PortallavrasTV-470x68.png 470w, https:\/\/lavras.tv\/site\/wp-content\/uploads\/2025\/03\/Banner_Emprego_PortallavrasTV-170x25.png 170w, https:\/\/lavras.tv\/site\/wp-content\/uploads\/2025\/03\/Banner_Emprego_PortallavrasTV-200x29.png 200w\" sizes=\"(max-width: 720px) 100vw, 720px\" width=\"720\" height=\"104\"   \/><\/a><\/li><li><a href=\"https:\/\/sistemas.lavras.mg.gov.br\/portalcidadao\/#df1b1a7c7b2a290bcb31e32771e610784662739a88807c0dacac58ede5f391a7530e299dc302d611ee73cb143fc22eaf93592e53e7b5bdb01b00a0b8d28dae460c141dd2ff83412e4dc1c31b16b25f33144a9e5620ea73b13f5bc1c59411d98439ad226e8af03840603796067d87afe130812cf3de24982d0e306f9e61e764e5\" aria-label=\"Banner_Obras_PortallavrasTV\"><img src=\"https:\/\/lavras.tv\/site\/wp-content\/uploads\/2025\/03\/Banner_Obras_PortallavrasTV.png\" alt=\"\"  srcset=\"https:\/\/lavras.tv\/site\/wp-content\/uploads\/2025\/03\/Banner_Obras_PortallavrasTV.png 720w, https:\/\/lavras.tv\/site\/wp-content\/uploads\/2025\/03\/Banner_Obras_PortallavrasTV-470x68.png 470w, https:\/\/lavras.tv\/site\/wp-content\/uploads\/2025\/03\/Banner_Obras_PortallavrasTV-170x25.png 170w, https:\/\/lavras.tv\/site\/wp-content\/uploads\/2025\/03\/Banner_Obras_PortallavrasTV-200x29.png 200w\" sizes=\"(max-width: 720px) 100vw, 720px\" width=\"720\" height=\"104\"   \/><\/a><\/li><li><div style=\"margin-left: auto;margin-right: auto;text-align: center;\" id=\"lavra-879497799\"><a href=\"https:\/\/sistemas.lavras.mg.gov.br\/portalcidadao\/#df1b1a7c7b2a290bcb31e32771e610784662739a88807c0dacac58ede5f391a7530e299dc302d611ee73cb143fc22eaf93592e53e7b5bdb01b00a0b8d28dae460c141dd2ff83412e4dc1c31b16b25f33144a9e5620ea73b13f5bc1c59411d98439ad226e8af03840603796067d87afe130812cf3de24982d0e306f9e61e764e5\" aria-label=\"Banner_Educa\u00e7\u00e3o_PortallavrasTV\"><img src=\"https:\/\/lavras.tv\/site\/wp-content\/uploads\/2025\/01\/Banner_Educacao_PortallavrasTV.png\" alt=\"\"  srcset=\"https:\/\/lavras.tv\/site\/wp-content\/uploads\/2025\/01\/Banner_Educacao_PortallavrasTV.png 720w, https:\/\/lavras.tv\/site\/wp-content\/uploads\/2025\/01\/Banner_Educacao_PortallavrasTV-470x68.png 470w, https:\/\/lavras.tv\/site\/wp-content\/uploads\/2025\/01\/Banner_Educacao_PortallavrasTV-170x25.png 170w, https:\/\/lavras.tv\/site\/wp-content\/uploads\/2025\/01\/Banner_Educacao_PortallavrasTV-200x29.png 200w\" sizes=\"(max-width: 720px) 100vw, 720px\" width=\"720\" height=\"104\"  style=\"display: inline-block;\" \/><\/a><\/div><\/li><li><a href=\"https:\/\/sistemas.lavras.mg.gov.br\/portalcidadao\/#df1b1a7c7b2a290bcb31e32771e610784662739a88807c0dacac58ede5f391a7530e299dc302d611ee73cb143fc22eaf93592e53e7b5bdb01b00a0b8d28dae460c141dd2ff83412e4dc1c31b16b25f33144a9e5620ea73b13f5bc1c59411d98439ad226e8af03840603796067d87afe130812cf3de24982d0e306f9e61e764e5\" aria-label=\"Banner_Sa\u00fade_PortallavrasTV\"><img src=\"https:\/\/lavras.tv\/site\/wp-content\/uploads\/2025\/03\/Banner_Saude_PortallavrasTV.png\" alt=\"\"  srcset=\"https:\/\/lavras.tv\/site\/wp-content\/uploads\/2025\/03\/Banner_Saude_PortallavrasTV.png 720w, https:\/\/lavras.tv\/site\/wp-content\/uploads\/2025\/03\/Banner_Saude_PortallavrasTV-470x68.png 470w, https:\/\/lavras.tv\/site\/wp-content\/uploads\/2025\/03\/Banner_Saude_PortallavrasTV-170x25.png 170w, https:\/\/lavras.tv\/site\/wp-content\/uploads\/2025\/03\/Banner_Saude_PortallavrasTV-200x29.png 200w\" sizes=\"(max-width: 720px) 100vw, 720px\" width=\"720\" height=\"104\"   \/><\/a><\/li><li><div id=\"lavra-2789022818\" style=\"width:720px;height:104px;background-color:#ddd;overflow:scroll;\">\n\t<strong>Sa\u00edda da depura\u00e7\u00e3o de an\u00fancios<\/strong>\n\t<br><br>\n\tO an\u00fancio n\u00e3o \u00e9 exibido na p\u00e1gina<br><br>post atual: SBT surpreende p\u00fablico com exibi\u00e7\u00e3o de epis\u00f3dios in\u00e9ditos de Chaves, ID: 167012<br><br><span style=\"color: red;\">O post atual n\u00e3o \u00e9 id\u00eantico ao post principal.<\/span><br><br>An\u00fancios: ROXO - TOPO INTERNA - ROTATIVO 2 (197)<br \/>Grupo de an\u00fancios: Princ_Meio01_720x104 (27)<br><br>Condi\u00e7\u00f5es de exibi\u00e7\u00e3o<div style=\"margin-bottom: 20px; white-space: pre-wrap; font-family: monospace; width: 100%; background: #ffe9e9;\"><strong>condi\u00e7\u00f5es gerais<\/strong><table border=\"1\"><thead><tr><th><\/th><th>An\u00fancios<\/th><th>wp_the_query<\/th><\/tr><\/thead><tr><td>is_main_query<\/td><td>1<\/td><td>1<\/td><\/tr><tr><td>is_rest_api<\/td><td>0<\/td><td>1<\/td><\/tr><tr><td>page<\/td><td>0<\/td><td>1<\/td><\/tr><tr><td>numpages<\/td><td>0<\/td><td>1<\/td><\/tr><tr><td>is_archive<\/td><td>1<\/td><td><\/td><\/tr><tr><td>is_search<\/td><td>1<\/td><td><\/td><\/tr><tr><td>is_home<\/td><td>1<\/td><td><\/td><\/tr><tr><td>is_404<\/td><td>1<\/td><td><\/td><\/tr><tr><td>is_attachment<\/td><td>1<\/td><td><\/td><\/tr><tr><td>is_singular<\/td><td>1<\/td><td><\/td><\/tr><tr><td>is_front_page<\/td><td>1<\/td><td><\/td><\/tr><tr><td>is_feed<\/td><td>1<\/td><td><\/td><\/tr><\/table><\/div><br><br><span style=\"color: red;\">Seu site usa HTTPS, mas o c\u00f3digo do an\u00fancio cont\u00e9m HTTP e pode n\u00e3o funcionar.<\/span>\t<br><br>\n\t<a style=\"color: green;\" href=\"https:\/\/wpadvancedads.com\/manual\/ad-debug-mode\/?utm_source=advanced-ads&utm_medium=link&utm_campaign=ad-debug-mode\" target=\"_blank\" rel=\"nofollow\">Encontre solu\u00e7\u00f5es no manual<\/a>\n<\/div>\n<\/li><\/ul><\/div><script>( window.advanced_ads_ready || jQuery( document ).ready ).call( null, function() {var $lavraslider2848186625 = jQuery( \".lavra-slider-2848186625\" );$lavraslider2848186625.on( \"unslider.ready\", function() { jQuery( \"div.custom-slider ul li\" ).css( \"display\", \"block\" ); });$lavraslider2848186625.unslider({ delay:4000, autoplay:true, nav:false, arrows:false, infinite:true });$lavraslider2848186625.on(\"mouseover\", function() {$lavraslider2848186625.unslider(\"stop\");}).on(\"mouseout\", function() {$lavraslider2848186625.unslider(\"start\");});});<\/script><\/div>\n<p>A partir desta segunda-feira (7), a emissora promete trazer de volta momentos especiais do humor\u00edstico<\/p>\n\n\n\n<figure class=\"wp-block-image size-full\"><img fetchpriority=\"high\" decoding=\"async\" width=\"750\" height=\"501\" src=\"https:\/\/lavras.tv\/site\/wp-content\/uploads\/2025\/04\/chaves-em-programa_1_46369.webp\" alt=\"\" class=\"wp-image-167013\" srcset=\"https:\/\/lavras.tv\/site\/wp-content\/uploads\/2025\/04\/chaves-em-programa_1_46369.webp 750w, https:\/\/lavras.tv\/site\/wp-content\/uploads\/2025\/04\/chaves-em-programa_1_46369-449x300.webp 449w, https:\/\/lavras.tv\/site\/wp-content\/uploads\/2025\/04\/chaves-em-programa_1_46369-170x114.webp 170w, https:\/\/lavras.tv\/site\/wp-content\/uploads\/2025\/04\/chaves-em-programa_1_46369-200x134.webp 200w\" sizes=\"(max-width: 750px) 100vw, 750px\" \/><\/figure>\n\n\n\n<p>O SBT surpreendeu os f\u00e3s do ic\u00f4nico seriado &#8220;Chaves&#8221; ao anunciar a exibi\u00e7\u00e3o de epis\u00f3dios raros, muitos dos quais quase nunca foram vistos na televis\u00e3o brasileira. A not\u00edcia foi divulgada durante a programa\u00e7\u00e3o televisiva do \u00faltimo domingo, gerando grande expectativa entre os telespectadores nost\u00e1lgicos. A partir desta segunda-feira, a emissora promete trazer de volta momentos especiais do humor\u00edstico, com exibi\u00e7\u00f5es programadas para o hor\u00e1rio nobre.<\/p>\n\n\n\n<p>O an\u00fancio, feito atrav\u00e9s de uma vinheta especial, destacou o esfor\u00e7o do SBT em resgatar imagens quase in\u00e9ditas de seu vasto arquivo. A emissora incentivou os f\u00e3s a anotarem a data e o hor\u00e1rio para n\u00e3o perderem a oportunidade de assistir a esses epis\u00f3dios \u00fanicos. Este movimento \u00e9 parte de uma estrat\u00e9gia para revitalizar a programa\u00e7\u00e3o e atrair um p\u00fablico fiel que cresceu assistindo \u00e0s aventuras de Chaves e sua turma.<\/p>\n\n\n\n<p><strong>Por que &#8220;Chaves&#8221; \u00e9 t\u00e3o querido pelo p\u00fablico brasileiro?<\/strong><\/p>\n\n\n\n<p>&#8220;Chaves&#8221; \u00e9 um fen\u00f4meno cultural no Brasil, tendo marcado gera\u00e7\u00f5es desde sua estreia na televis\u00e3o brasileira. Criado por Roberto G\u00f3mez Bola\u00f1os, o seriado conquistou o p\u00fablico com seu humor simples e personagens carism\u00e1ticos. A s\u00e9rie foi transmitida ininterruptamente por mais de tr\u00eas d\u00e9cadas no SBT, tornando-se parte da rotina de muitos lares brasileiros.<\/p>\n\n\n\n<p>O apelo de &#8220;Chaves&#8221; reside em sua capacidade de abordar temas universais, como amizade, honestidade e perseveran\u00e7a, de maneira leve e divertida. Os personagens, como Chaves, Seu Madruga e Dona Florinda, tornaram-se \u00edcones culturais, e suas frases e situa\u00e7\u00f5es s\u00e3o frequentemente lembradas e citadas at\u00e9 hoje.<\/p>\n\n\n\n<p><strong>Qual foi o impacto do imbr\u00f3glio jur\u00eddico nos direitos de &#8220;Chaves&#8221;?<\/strong><\/p>\n\n\n\n<p>Em 2020, &#8220;Chaves&#8221; foi retirado da programa\u00e7\u00e3o do SBT devido a um impasse jur\u00eddico envolvendo os direitos autorais entre a Televisa e o Grupo Chespirito, que representa os herdeiros de Roberto G\u00f3mez Bola\u00f1os. Esse conflito resultou em uma pausa de quatro anos na exibi\u00e7\u00e3o do seriado no Brasil, deixando muitos f\u00e3s desapontados.<\/p>\n\n\n\n<p>Com a resolu\u00e7\u00e3o do impasse no final de 2024, o caminho foi reaberto para que &#8220;Chaves&#8221; e &#8220;Chapolin&#8221; retornassem \u00e0 grade do SBT. Desde ent\u00e3o, os epis\u00f3dios t\u00eam sido exibidos em hor\u00e1rio nobre, alcan\u00e7ando boas audi\u00eancias e reafirmando a popularidade duradoura do programa.<\/p>\n\n\n\n<p><strong>O que esperar dos epis\u00f3dios raros de &#8220;Chaves&#8221;?<\/strong><\/p>\n\n\n\n<p>Os epis\u00f3dios raros de &#8220;Chaves&#8221; prometem trazer novas risadas e momentos emocionantes para os f\u00e3s. Embora muitos desses epis\u00f3dios sejam desconhecidos do p\u00fablico, eles mant\u00eam o mesmo charme e humor caracter\u00edsticos que tornaram a s\u00e9rie um sucesso. A exibi\u00e7\u00e3o desses cap\u00edtulos \u00e9 uma oportunidade \u00fanica para os espectadores redescobrirem o seriado e apreciarem a genialidade de Roberto G\u00f3mez Bola\u00f1os.<\/p>\n\n\n\n<p>O retorno de &#8220;Chaves&#8221; ao SBT com epis\u00f3dios raros \u00e9 um presente para os f\u00e3s e uma celebra\u00e7\u00e3o do legado duradouro do seriado. Com sua simplicidade e humor atemporal, &#8220;Chaves&#8221; continua a encantar novas gera\u00e7\u00f5es, provando que algumas hist\u00f3rias nunca perdem seu encanto.<\/p>\n","protected":false},"excerpt":{"rendered":"<p>A partir desta segunda-feira (7), a emissora promete trazer de volta momentos especiais do humor\u00edstico O SBT surpreendeu os f\u00e3s do ic\u00f4nico seriado &#8220;Chaves&#8221; ao anunciar a exibi\u00e7\u00e3o de epis\u00f3dios raros, muitos dos quais quase nunca foram vistos na televis\u00e3o brasileira. A not\u00edcia foi divulgada durante a programa\u00e7\u00e3o televisiva do \u00faltimo domingo, gerando grande expectativa [&hellip;]<\/p>\n","protected":false},"author":5,"featured_media":167013,"comment_status":"closed","ping_status":"open","sticky":false,"template":"","format":"standard","meta":{"advgb_blocks_editor_width":"","advgb_blocks_columns_visual_guide":"","_exactmetrics_skip_tracking":false,"_exactmetrics_sitenote_active":false,"_exactmetrics_sitenote_note":"","_exactmetrics_sitenote_category":0,"footnotes":""},"categories":[7,4,2],"tags":[],"class_list":["post-167012","post","type-post","status-publish","format-standard","has-post-thumbnail","hentry","category-destaques","category-entretenimento","category-noticias"],"better_featured_image":{"id":167013,"alt_text":"","caption":"","description":"","media_type":"image","media_details":{"width":750,"height":501,"file":"2025\/04\/chaves-em-programa_1_46369.webp","filesize":31782,"sizes":{"medium":{"file":"chaves-em-programa_1_46369-449x300.webp","width":449,"height":300,"mime-type":"image\/webp","filesize":21988,"source_url":"https:\/\/lavras.tv\/site\/wp-content\/uploads\/2025\/04\/chaves-em-programa_1_46369-449x300.webp"},"thumbnail":{"file":"chaves-em-programa_1_46369-170x114.webp","width":170,"height":114,"mime-type":"image\/webp","filesize":6012,"source_url":"https:\/\/lavras.tv\/site\/wp-content\/uploads\/2025\/04\/chaves-em-programa_1_46369-170x114.webp"},"lshowcase-thumb":{"file":"chaves-em-programa_1_46369-200x134.webp","width":200,"height":134,"mime-type":"image\/webp","filesize":7652,"source_url":"https:\/\/lavras.tv\/site\/wp-content\/uploads\/2025\/04\/chaves-em-programa_1_46369-200x134.webp"},"alm-thumbnail":{"file":"chaves-em-programa_1_46369-150x150.webp","width":150,"height":150,"mime-type":"image\/webp","filesize":6738,"source_url":"https:\/\/lavras.tv\/site\/wp-content\/uploads\/2025\/04\/chaves-em-programa_1_46369-150x150.webp"}},"image_meta":{"aperture":"0","credit":"","camera":"","caption":"","created_timestamp":"0","copyright":"","focal_length":"0","iso":"0","shutter_speed":"0","title":"","orientation":"0","keywords":[]}},"post":167012,"source_url":"https:\/\/lavras.tv\/site\/wp-content\/uploads\/2025\/04\/chaves-em-programa_1_46369.webp"},"author_meta":{"display_name":"Vinicius Bustamante","author_link":"https:\/\/lavras.tv\/site\/author\/vinicius-bustamante\/"},"featured_img":"https:\/\/lavras.tv\/site\/wp-content\/uploads\/2025\/04\/chaves-em-programa_1_46369-449x300.webp","coauthors":[],"tax_additional":{"categories":{"linked":["<a href=\"https:\/\/lavras.tv\/site\/category\/destaques\/\" class=\"advgb-post-tax-term\">Destaques<\/a>","<a href=\"https:\/\/lavras.tv\/site\/category\/entretenimento\/\" class=\"advgb-post-tax-term\">Entretenimento<\/a>","<a href=\"https:\/\/lavras.tv\/site\/category\/noticias\/\" class=\"advgb-post-tax-term\">Not\u00edcias<\/a>"],"unlinked":["<span class=\"advgb-post-tax-term\">Destaques<\/span>","<span class=\"advgb-post-tax-term\">Entretenimento<\/span>","<span class=\"advgb-post-tax-term\">Not\u00edcias<\/span>"]}},"comment_count":"0","relative_dates":{"created":"Publicado 1 ano atr\u00e1s","modified":"Atualizado 1 ano atr\u00e1s"},"absolute_dates":{"created":"Publicado em 7 de abril de 2025","modified":"Atualizado em 7 de abril de 2025"},"absolute_dates_time":{"created":"Publicado em 7 de abril de 2025 16:41","modified":"Atualizado em 7 de abril de 2025 16:41"},"featured_img_caption":"","series_order":"","_links":{"self":[{"href":"https:\/\/lavras.tv\/site\/wp-json\/wp\/v2\/posts\/167012","targetHints":{"allow":["GET"]}}],"collection":[{"href":"https:\/\/lavras.tv\/site\/wp-json\/wp\/v2\/posts"}],"about":[{"href":"https:\/\/lavras.tv\/site\/wp-json\/wp\/v2\/types\/post"}],"author":[{"embeddable":true,"href":"https:\/\/lavras.tv\/site\/wp-json\/wp\/v2\/users\/5"}],"replies":[{"embeddable":true,"href":"https:\/\/lavras.tv\/site\/wp-json\/wp\/v2\/comments?post=167012"}],"version-history":[{"count":1,"href":"https:\/\/lavras.tv\/site\/wp-json\/wp\/v2\/posts\/167012\/revisions"}],"predecessor-version":[{"id":167014,"href":"https:\/\/lavras.tv\/site\/wp-json\/wp\/v2\/posts\/167012\/revisions\/167014"}],"wp:featuredmedia":[{"embeddable":true,"href":"https:\/\/lavras.tv\/site\/wp-json\/wp\/v2\/media\/167013"}],"wp:attachment":[{"href":"https:\/\/lavras.tv\/site\/wp-json\/wp\/v2\/media?parent=167012"}],"wp:term":[{"taxonomy":"category","embeddable":true,"href":"https:\/\/lavras.tv\/site\/wp-json\/wp\/v2\/categories?post=167012"},{"taxonomy":"post_tag","embeddable":true,"href":"https:\/\/lavras.tv\/site\/wp-json\/wp\/v2\/tags?post=167012"}],"curies":[{"name":"wp","href":"https:\/\/api.w.org\/{rel}","templated":true}]}}