{"id":167238,"date":"2025-04-08T15:29:18","date_gmt":"2025-04-08T18:29:18","guid":{"rendered":"https:\/\/lavras.tv\/site\/?p=167238"},"modified":"2025-04-08T15:29:19","modified_gmt":"2025-04-08T18:29:19","slug":"seu-quarto-esta-sabotando-seu-sono-7-itens-que-estao-te-fazendo-dormir-mal","status":"publish","type":"post","link":"https:\/\/lavras.tv\/site\/2025\/04\/08\/seu-quarto-esta-sabotando-seu-sono-7-itens-que-estao-te-fazendo-dormir-mal\/","title":{"rendered":"Seu quarto est\u00e1 sabotando seu sono: 7 itens que est\u00e3o te fazendo dormir mal"},"content":{"rendered":"<div class=\"lavra-antes-do-conteudo_2\" id=\"lavra-1256658732\"><div id=\"lavra-slider-27\" class=\"custom-slider lavra-slider-2991428305 lavra-slider\"><ul><li><div style=\"margin-left: auto;margin-right: auto;text-align: center;\" id=\"lavra-1624747654\"><a href=\"https:\/\/sistemas.lavras.mg.gov.br\/portalcidadao\/#df1b1a7c7b2a290bcb31e32771e610784662739a88807c0dacac58ede5f391a7530e299dc302d611ee73cb143fc22eaf93592e53e7b5bdb01b00a0b8d28dae460c141dd2ff83412e4dc1c31b16b25f33144a9e5620ea73b13f5bc1c59411d98439ad226e8af03840603796067d87afe130812cf3de24982d0e306f9e61e764e5\" aria-label=\"Lavras-TV&#8211;720x104px (1) (1)\"><img src=\"https:\/\/lavras.tv\/site\/wp-content\/uploads\/2025\/01\/Lavras-TV-720x104px-1-1.png\" alt=\"\"  srcset=\"https:\/\/lavras.tv\/site\/wp-content\/uploads\/2025\/01\/Lavras-TV-720x104px-1-1.png 720w, https:\/\/lavras.tv\/site\/wp-content\/uploads\/2025\/01\/Lavras-TV-720x104px-1-1-470x68.png 470w, https:\/\/lavras.tv\/site\/wp-content\/uploads\/2025\/01\/Lavras-TV-720x104px-1-1-170x25.png 170w, https:\/\/lavras.tv\/site\/wp-content\/uploads\/2025\/01\/Lavras-TV-720x104px-1-1-200x29.png 200w\" sizes=\"(max-width: 720px) 100vw, 720px\" width=\"720\" height=\"104\"  style=\"display: inline-block;\" \/><\/a><\/div><\/li><li><a href=\"https:\/\/sistemas.lavras.mg.gov.br\/portalcidadao\/#df1b1a7c7b2a290bcb31e32771e610784662739a88807c0dacac58ede5f391a7530e299dc302d611ee73cb143fc22eaf93592e53e7b5bdb01b00a0b8d28dae460c141dd2ff83412e4dc1c31b16b25f33144a9e5620ea73b13f5bc1c59411d98439ad226e8af03840603796067d87afe130812cf3de24982d0e306f9e61e764e5\" aria-label=\"Banner_Emprego_PortallavrasTV\"><img src=\"https:\/\/lavras.tv\/site\/wp-content\/uploads\/2025\/03\/Banner_Emprego_PortallavrasTV.png\" alt=\"\"  srcset=\"https:\/\/lavras.tv\/site\/wp-content\/uploads\/2025\/03\/Banner_Emprego_PortallavrasTV.png 720w, https:\/\/lavras.tv\/site\/wp-content\/uploads\/2025\/03\/Banner_Emprego_PortallavrasTV-470x68.png 470w, https:\/\/lavras.tv\/site\/wp-content\/uploads\/2025\/03\/Banner_Emprego_PortallavrasTV-170x25.png 170w, https:\/\/lavras.tv\/site\/wp-content\/uploads\/2025\/03\/Banner_Emprego_PortallavrasTV-200x29.png 200w\" sizes=\"(max-width: 720px) 100vw, 720px\" width=\"720\" height=\"104\"   \/><\/a><\/li><li><a href=\"https:\/\/sistemas.lavras.mg.gov.br\/portalcidadao\/#df1b1a7c7b2a290bcb31e32771e610784662739a88807c0dacac58ede5f391a7530e299dc302d611ee73cb143fc22eaf93592e53e7b5bdb01b00a0b8d28dae460c141dd2ff83412e4dc1c31b16b25f33144a9e5620ea73b13f5bc1c59411d98439ad226e8af03840603796067d87afe130812cf3de24982d0e306f9e61e764e5\" aria-label=\"Banner_Obras_PortallavrasTV\"><img src=\"https:\/\/lavras.tv\/site\/wp-content\/uploads\/2025\/03\/Banner_Obras_PortallavrasTV.png\" alt=\"\"  srcset=\"https:\/\/lavras.tv\/site\/wp-content\/uploads\/2025\/03\/Banner_Obras_PortallavrasTV.png 720w, https:\/\/lavras.tv\/site\/wp-content\/uploads\/2025\/03\/Banner_Obras_PortallavrasTV-470x68.png 470w, https:\/\/lavras.tv\/site\/wp-content\/uploads\/2025\/03\/Banner_Obras_PortallavrasTV-170x25.png 170w, https:\/\/lavras.tv\/site\/wp-content\/uploads\/2025\/03\/Banner_Obras_PortallavrasTV-200x29.png 200w\" sizes=\"(max-width: 720px) 100vw, 720px\" width=\"720\" height=\"104\"   \/><\/a><\/li><li><div style=\"margin-left: auto;margin-right: auto;text-align: center;\" id=\"lavra-1966537183\"><a href=\"https:\/\/sistemas.lavras.mg.gov.br\/portalcidadao\/#df1b1a7c7b2a290bcb31e32771e610784662739a88807c0dacac58ede5f391a7530e299dc302d611ee73cb143fc22eaf93592e53e7b5bdb01b00a0b8d28dae460c141dd2ff83412e4dc1c31b16b25f33144a9e5620ea73b13f5bc1c59411d98439ad226e8af03840603796067d87afe130812cf3de24982d0e306f9e61e764e5\" aria-label=\"Banner_Educa\u00e7\u00e3o_PortallavrasTV\"><img src=\"https:\/\/lavras.tv\/site\/wp-content\/uploads\/2025\/01\/Banner_Educacao_PortallavrasTV.png\" alt=\"\"  srcset=\"https:\/\/lavras.tv\/site\/wp-content\/uploads\/2025\/01\/Banner_Educacao_PortallavrasTV.png 720w, https:\/\/lavras.tv\/site\/wp-content\/uploads\/2025\/01\/Banner_Educacao_PortallavrasTV-470x68.png 470w, https:\/\/lavras.tv\/site\/wp-content\/uploads\/2025\/01\/Banner_Educacao_PortallavrasTV-170x25.png 170w, https:\/\/lavras.tv\/site\/wp-content\/uploads\/2025\/01\/Banner_Educacao_PortallavrasTV-200x29.png 200w\" sizes=\"(max-width: 720px) 100vw, 720px\" width=\"720\" height=\"104\"  style=\"display: inline-block;\" \/><\/a><\/div><\/li><li><a href=\"https:\/\/sistemas.lavras.mg.gov.br\/portalcidadao\/#df1b1a7c7b2a290bcb31e32771e610784662739a88807c0dacac58ede5f391a7530e299dc302d611ee73cb143fc22eaf93592e53e7b5bdb01b00a0b8d28dae460c141dd2ff83412e4dc1c31b16b25f33144a9e5620ea73b13f5bc1c59411d98439ad226e8af03840603796067d87afe130812cf3de24982d0e306f9e61e764e5\" aria-label=\"Banner_Sa\u00fade_PortallavrasTV\"><img src=\"https:\/\/lavras.tv\/site\/wp-content\/uploads\/2025\/03\/Banner_Saude_PortallavrasTV.png\" alt=\"\"  srcset=\"https:\/\/lavras.tv\/site\/wp-content\/uploads\/2025\/03\/Banner_Saude_PortallavrasTV.png 720w, https:\/\/lavras.tv\/site\/wp-content\/uploads\/2025\/03\/Banner_Saude_PortallavrasTV-470x68.png 470w, https:\/\/lavras.tv\/site\/wp-content\/uploads\/2025\/03\/Banner_Saude_PortallavrasTV-170x25.png 170w, https:\/\/lavras.tv\/site\/wp-content\/uploads\/2025\/03\/Banner_Saude_PortallavrasTV-200x29.png 200w\" sizes=\"(max-width: 720px) 100vw, 720px\" width=\"720\" height=\"104\"   \/><\/a><\/li><li><div id=\"lavra-943122381\" style=\"width:720px;height:104px;background-color:#ddd;overflow:scroll;\">\n\t<strong>Sa\u00edda da depura\u00e7\u00e3o de an\u00fancios<\/strong>\n\t<br><br>\n\tO an\u00fancio n\u00e3o \u00e9 exibido na p\u00e1gina<br><br>post atual: Seu quarto est\u00e1 sabotando seu sono: 7 itens que est\u00e3o te fazendo dormir mal, ID: 167238<br><br><span style=\"color: red;\">O post atual n\u00e3o \u00e9 id\u00eantico ao post principal.<\/span><br><br>An\u00fancios: ROXO - TOPO INTERNA - ROTATIVO 2 (197)<br \/>Grupo de an\u00fancios: Princ_Meio01_720x104 (27)<br><br>Condi\u00e7\u00f5es de exibi\u00e7\u00e3o<div style=\"margin-bottom: 20px; white-space: pre-wrap; font-family: monospace; width: 100%; background: #ffe9e9;\"><strong>condi\u00e7\u00f5es gerais<\/strong><table border=\"1\"><thead><tr><th><\/th><th>An\u00fancios<\/th><th>wp_the_query<\/th><\/tr><\/thead><tr><td>is_main_query<\/td><td>1<\/td><td>1<\/td><\/tr><tr><td>is_rest_api<\/td><td>0<\/td><td>1<\/td><\/tr><tr><td>page<\/td><td>0<\/td><td>1<\/td><\/tr><tr><td>numpages<\/td><td>0<\/td><td>1<\/td><\/tr><tr><td>is_archive<\/td><td>1<\/td><td><\/td><\/tr><tr><td>is_search<\/td><td>1<\/td><td><\/td><\/tr><tr><td>is_home<\/td><td>1<\/td><td><\/td><\/tr><tr><td>is_404<\/td><td>1<\/td><td><\/td><\/tr><tr><td>is_attachment<\/td><td>1<\/td><td><\/td><\/tr><tr><td>is_singular<\/td><td>1<\/td><td><\/td><\/tr><tr><td>is_front_page<\/td><td>1<\/td><td><\/td><\/tr><tr><td>is_feed<\/td><td>1<\/td><td><\/td><\/tr><\/table><\/div><br><br><span style=\"color: red;\">Seu site usa HTTPS, mas o c\u00f3digo do an\u00fancio cont\u00e9m HTTP e pode n\u00e3o funcionar.<\/span>\t<br><br>\n\t<a style=\"color: green;\" href=\"https:\/\/wpadvancedads.com\/manual\/ad-debug-mode\/?utm_source=advanced-ads&utm_medium=link&utm_campaign=ad-debug-mode\" target=\"_blank\" rel=\"nofollow\">Encontre solu\u00e7\u00f5es no manual<\/a>\n<\/div>\n<\/li><\/ul><\/div><script>( window.advanced_ads_ready || jQuery( document ).ready ).call( null, function() {var $lavraslider2991428305 = jQuery( \".lavra-slider-2991428305\" );$lavraslider2991428305.on( \"unslider.ready\", function() { jQuery( \"div.custom-slider ul li\" ).css( \"display\", \"block\" ); });$lavraslider2991428305.unslider({ delay:4000, autoplay:true, nav:false, arrows:false, infinite:true });$lavraslider2991428305.on(\"mouseover\", function() {$lavraslider2991428305.unslider(\"stop\");}).on(\"mouseout\", function() {$lavraslider2991428305.unslider(\"start\");});});<\/script><\/div>\n<p>Alguns elementos aparentemente inofensivos no ambiente podem estar possibilitando voc\u00ea a dormir mal e at\u00e9 causando dores; saiba quais s\u00e3o<\/p>\n\n\n\n<figure class=\"wp-block-image size-large\"><img fetchpriority=\"high\" decoding=\"async\" width=\"970\" height=\"582\" src=\"https:\/\/lavras.tv\/site\/wp-content\/uploads\/2025\/04\/1_1-49294196-970x582.jpg\" alt=\"\" class=\"wp-image-167239\" srcset=\"https:\/\/lavras.tv\/site\/wp-content\/uploads\/2025\/04\/1_1-49294196-970x582.jpg 970w, https:\/\/lavras.tv\/site\/wp-content\/uploads\/2025\/04\/1_1-49294196-470x282.jpg 470w, https:\/\/lavras.tv\/site\/wp-content\/uploads\/2025\/04\/1_1-49294196-170x102.jpg 170w, https:\/\/lavras.tv\/site\/wp-content\/uploads\/2025\/04\/1_1-49294196-200x120.jpg 200w, https:\/\/lavras.tv\/site\/wp-content\/uploads\/2025\/04\/1_1-49294196.jpg 1200w\" sizes=\"(max-width: 970px) 100vw, 970px\" \/><\/figure>\n\n\n\n<p>Voc\u00ea j\u00e1 trocou o colch\u00e3o, tentou tomar ch\u00e1 antes de dormir, colocou m\u00fasica relaxante&#8230; mas ainda assim acorda cansado(a), com dor nas costas ou sentindo que dormiu mal? Talvez o problema esteja mais perto (e mais simples) do que parece: no pr\u00f3prio quarto.<\/p>\n\n\n\n<p>Alguns itens comuns, desde a escolha da roupa de cama at\u00e9 a posi\u00e7\u00e3o do espelho ou o uso do celular antes de dormir, podem estar interferindo diretamente na qualidade do seu sono.<\/p>\n\n\n\n<p>A seguir, listamos os principais vil\u00f5es do descanso e, claro, o que fazer para reverter esse cen\u00e1rio e transformar o quarto em um ambiente relaxante<\/p>\n\n\n\n<h2 class=\"wp-block-heading\">7 itens no quarto que fazem voc\u00ea dormir mal e como corrigir<\/h2>\n\n\n\n<p>A seguir veja a lista com os 7 elementos que podem estar prejudicando seu sono:<\/p>\n\n\n\n<h3 class=\"wp-block-heading\">1. Colch\u00e3o velho ou inadequado<\/h3>\n\n\n\n<p>Se voc\u00ea acorda com dores na lombar ou pesco\u00e7o, pode ser hora de trocar o colch\u00e3o. O ideal \u00e9 substituir a cada 8 a 10 anos, ou antes, se ele estiver afundando ou causando desconforto.<\/p>\n\n\n\n<p>Como alternativa prefira colch\u00f5es com suporte firme e espuma de qualidade. Se poss\u00edvel, teste antes de comprar.<\/p>\n\n\n\n<h3 class=\"wp-block-heading\">2. Travesseiro errado<\/h3>\n\n\n\n<p>Altura e densidade do travesseiro fazem toda a diferen\u00e7a. Um modelo muito alto ou muito baixo pode gerar dores cervicais e prejudicar a postura. Escolha o travesseiro de acordo com sua posi\u00e7\u00e3o ao dormir (costas, lado ou barriga) e troque a cada 2 anos.<\/p>\n\n\n\n<h3 class=\"wp-block-heading\">3. Ilumina\u00e7\u00e3o artificial ou luzes de stand-by<\/h3>\n\n\n\n<p>Luzes de abajures mal posicionados, LEDs de eletr\u00f4nicos e at\u00e9 o visor digital do despertador podem interferir na produ\u00e7\u00e3o de melatonina, o horm\u00f4nio do sono.<\/p>\n\n\n\n<p>Como solu\u00e7\u00e3o, mantenha o ambiente o mais escuro poss\u00edvel e evite qualquer tipo de luz direta na altura dos olhos.<\/p>\n\n\n\n<h3 class=\"wp-block-heading\">4. Celular, tablet e TV no quarto<\/h3>\n\n\n\n<p>A luz azul das telas atrasa o sono e reduz a qualidade do descanso. Al\u00e9m disso, ficar rolando feed na cama estimula o c\u00e9rebro em vez de acalm\u00e1-lo. Desligue os aparelhos pelo menos 1 hora antes de dormir e mantenha-os longe da cama.<\/p>\n\n\n\n<h3 class=\"wp-block-heading\">5. Cortinas que n\u00e3o bloqueiam a luz<\/h3>\n\n\n\n<p>Cortinas leves demais ou sem blackout deixam o ambiente claro logo ao amanhecer, interrompendo fases importantes do sono. Aposte em tecidos mais espessos ou instale persianas com bloqueio de luz.<\/p>\n\n\n\n<h3 class=\"wp-block-heading\">6. Ambientes desorganizados<\/h3>\n\n\n\n<p>O excesso de est\u00edmulo visual (roupas empilhadas, objetos espalhados, papelada) pode gerar sensa\u00e7\u00e3o de alerta e dificultar o relaxamento. Mantenha o quarto o mais clean poss\u00edvel. A organiza\u00e7\u00e3o visual tamb\u00e9m contribui para o bem-estar mental.<\/p>\n\n\n\n<h3 class=\"wp-block-heading\">7. Aromas fortes<\/h3>\n\n\n\n<p>Certos cheiros podem causar dor de cabe\u00e7a, alergias ou simplesmente dificultar o relaxamento. Use \u00f3leos essenciais calmantes (como lavanda ou camomila) e evite produtos muito perfumados no ambiente.<\/p>\n\n\n\n<h2 class=\"wp-block-heading\">Dormir mal afeta muito mais do que o humor<\/h2>\n\n\n\n<p>Uma noite de sono ruim n\u00e3o afeta s\u00f3 o n\u00edvel de energia no dia seguinte. A priva\u00e7\u00e3o do sono pode impactar:<\/p>\n\n\n\n<ul class=\"wp-block-list\">\n<li>concentra\u00e7\u00e3o e mem\u00f3ria;<\/li>\n\n\n\n<li>sistema imunol\u00f3gico;<\/li>\n\n\n\n<li>metabolismo e controle de peso;<\/li>\n\n\n\n<li>humor, ansiedade e irritabilidade;<\/li>\n\n\n\n<li>sa\u00fade cardiovascular.<\/li>\n<\/ul>\n\n\n\n<h2 class=\"wp-block-heading\">Como montar um quarto que favorece o sono em 5 passos<\/h2>\n\n\n\n<p>Al\u00e9m de corrigir os erros, vale adotar pr\u00e1ticas e escolhas conscientes para transformar o quarto em um espa\u00e7o verdadeiramente de descanso..<\/p>\n\n\n\n<ol class=\"wp-block-list\">\n<li>mantenha uma paleta de cores suaves, como azul claro, bege e tons terrosos;<\/li>\n\n\n\n<li>invista em roupa de cama confort\u00e1vel, de tecidos naturais como algod\u00e3o ou linho;<\/li>\n\n\n\n<li>use ilumina\u00e7\u00e3o indireta e morna no per\u00edodo da noite;<\/li>\n\n\n\n<li>deixe o ambiente ventilado e com temperatura agrad\u00e1vel.<\/li>\n\n\n\n<li>crie um ritual pr\u00e9-sono, como ler um livro f\u00edsico, ouvir m\u00fasica relaxante ou meditar por alguns minutos.<\/li>\n<\/ol>\n","protected":false},"excerpt":{"rendered":"<p>Alguns elementos aparentemente inofensivos no ambiente podem estar possibilitando voc\u00ea a dormir mal e at\u00e9 causando dores; saiba quais s\u00e3o Voc\u00ea j\u00e1 trocou o colch\u00e3o, tentou tomar ch\u00e1 antes de dormir, colocou m\u00fasica relaxante&#8230; mas ainda assim acorda cansado(a), com dor nas costas ou sentindo que dormiu mal? Talvez o problema esteja mais perto (e [&hellip;]<\/p>\n","protected":false},"author":5,"featured_media":167239,"comment_status":"closed","ping_status":"open","sticky":false,"template":"","format":"standard","meta":{"advgb_blocks_editor_width":"","advgb_blocks_columns_visual_guide":"","_exactmetrics_skip_tracking":false,"_exactmetrics_sitenote_active":false,"_exactmetrics_sitenote_note":"","_exactmetrics_sitenote_category":0,"footnotes":""},"categories":[7,2],"tags":[],"class_list":["post-167238","post","type-post","status-publish","format-standard","has-post-thumbnail","hentry","category-destaques","category-noticias"],"better_featured_image":{"id":167239,"alt_text":"","caption":"","description":"","media_type":"image","media_details":{"width":1200,"height":720,"file":"2025\/04\/1_1-49294196.jpg","filesize":107119,"sizes":{"medium":{"file":"1_1-49294196-470x282.jpg","width":470,"height":282,"mime-type":"image\/jpeg","filesize":20021,"source_url":"https:\/\/lavras.tv\/site\/wp-content\/uploads\/2025\/04\/1_1-49294196-470x282.jpg"},"large":{"file":"1_1-49294196-970x582.jpg","width":970,"height":582,"mime-type":"image\/jpeg","filesize":58823,"source_url":"https:\/\/lavras.tv\/site\/wp-content\/uploads\/2025\/04\/1_1-49294196-970x582.jpg"},"thumbnail":{"file":"1_1-49294196-170x102.jpg","width":170,"height":102,"mime-type":"image\/jpeg","filesize":4576,"source_url":"https:\/\/lavras.tv\/site\/wp-content\/uploads\/2025\/04\/1_1-49294196-170x102.jpg"},"lshowcase-thumb":{"file":"1_1-49294196-200x120.jpg","width":200,"height":120,"mime-type":"image\/jpeg","filesize":5701,"source_url":"https:\/\/lavras.tv\/site\/wp-content\/uploads\/2025\/04\/1_1-49294196-200x120.jpg"},"alm-thumbnail":{"file":"1_1-49294196-150x150.jpg","width":150,"height":150,"mime-type":"image\/jpeg","filesize":5198,"source_url":"https:\/\/lavras.tv\/site\/wp-content\/uploads\/2025\/04\/1_1-49294196-150x150.jpg"}},"image_meta":{"aperture":"0","credit":"","camera":"","caption":"","created_timestamp":"0","copyright":"","focal_length":"0","iso":"0","shutter_speed":"0","title":"","orientation":"0","keywords":[]}},"post":167238,"source_url":"https:\/\/lavras.tv\/site\/wp-content\/uploads\/2025\/04\/1_1-49294196.jpg"},"author_meta":{"display_name":"Vinicius Bustamante","author_link":"https:\/\/lavras.tv\/site\/author\/vinicius-bustamante\/"},"featured_img":"https:\/\/lavras.tv\/site\/wp-content\/uploads\/2025\/04\/1_1-49294196-470x282.jpg","coauthors":[],"tax_additional":{"categories":{"linked":["<a href=\"https:\/\/lavras.tv\/site\/category\/destaques\/\" class=\"advgb-post-tax-term\">Destaques<\/a>","<a href=\"https:\/\/lavras.tv\/site\/category\/noticias\/\" class=\"advgb-post-tax-term\">Not\u00edcias<\/a>"],"unlinked":["<span class=\"advgb-post-tax-term\">Destaques<\/span>","<span class=\"advgb-post-tax-term\">Not\u00edcias<\/span>"]}},"comment_count":"0","relative_dates":{"created":"Publicado 1 ano atr\u00e1s","modified":"Atualizado 1 ano atr\u00e1s"},"absolute_dates":{"created":"Publicado em 8 de abril de 2025","modified":"Atualizado em 8 de abril de 2025"},"absolute_dates_time":{"created":"Publicado em 8 de abril de 2025 15:29","modified":"Atualizado em 8 de abril de 2025 15:29"},"featured_img_caption":"","series_order":"","_links":{"self":[{"href":"https:\/\/lavras.tv\/site\/wp-json\/wp\/v2\/posts\/167238","targetHints":{"allow":["GET"]}}],"collection":[{"href":"https:\/\/lavras.tv\/site\/wp-json\/wp\/v2\/posts"}],"about":[{"href":"https:\/\/lavras.tv\/site\/wp-json\/wp\/v2\/types\/post"}],"author":[{"embeddable":true,"href":"https:\/\/lavras.tv\/site\/wp-json\/wp\/v2\/users\/5"}],"replies":[{"embeddable":true,"href":"https:\/\/lavras.tv\/site\/wp-json\/wp\/v2\/comments?post=167238"}],"version-history":[{"count":1,"href":"https:\/\/lavras.tv\/site\/wp-json\/wp\/v2\/posts\/167238\/revisions"}],"predecessor-version":[{"id":167240,"href":"https:\/\/lavras.tv\/site\/wp-json\/wp\/v2\/posts\/167238\/revisions\/167240"}],"wp:featuredmedia":[{"embeddable":true,"href":"https:\/\/lavras.tv\/site\/wp-json\/wp\/v2\/media\/167239"}],"wp:attachment":[{"href":"https:\/\/lavras.tv\/site\/wp-json\/wp\/v2\/media?parent=167238"}],"wp:term":[{"taxonomy":"category","embeddable":true,"href":"https:\/\/lavras.tv\/site\/wp-json\/wp\/v2\/categories?post=167238"},{"taxonomy":"post_tag","embeddable":true,"href":"https:\/\/lavras.tv\/site\/wp-json\/wp\/v2\/tags?post=167238"}],"curies":[{"name":"wp","href":"https:\/\/api.w.org\/{rel}","templated":true}]}}